{"id":10011,"date":"2018-04-16T03:44:36","date_gmt":"2018-04-16T01:44:36","guid":{"rendered":"http:\/\/www.naturparkmagazin.de\/vdn\/?p=10011"},"modified":"2018-04-25T11:36:01","modified_gmt":"2018-04-25T09:36:01","slug":"neues-netzwerk-erste-naturpark-kita-in-nrw-ausgezeichnet","status":"publish","type":"post","link":"https:\/\/www.naturparkmagazin.de\/vdn\/neues-netzwerk-erste-naturpark-kita-in-nrw-ausgezeichnet\/","title":{"rendered":"\u201eNeues Netzwerk\u201c \u2013 Erste Naturpark-Kita in NRW ausgezeichnet"},"content":{"rendered":"<p><a href=\"https:\/\/www.naturparkmagazin.de\/vdn\/wp-content\/uploads\/sites\/3\/Naturpark-Kita-5b.jpg\"><img decoding=\"async\" loading=\"lazy\" class=\"alignnone size-medium wp-image-10018\" src=\"https:\/\/www.naturparkmagazin.de\/vdn\/wp-content\/uploads\/sites\/3\/Naturpark-Kita-5b.jpg\" alt=\"Naturpark-Kita (5)b\" width=\"500\" height=\"300\" srcset=\"https:\/\/www.naturparkmagazin.de\/vdn\/wp-content\/uploads\/sites\/3\/Naturpark-Kita-5b.jpg 500w, https:\/\/www.naturparkmagazin.de\/vdn\/wp-content\/uploads\/sites\/3\/Naturpark-Kita-5b-300x180.jpg 300w, https:\/\/www.naturparkmagazin.de\/vdn\/wp-content\/uploads\/sites\/3\/Naturpark-Kita-5b-200x120.jpg 200w\" sizes=\"(max-width: 500px) 100vw, 500px\" \/><\/a><\/p>\n<p>Die neue Plakette \u201eNaturpark-Kita\u201c schm\u00fcckt ab sofort den Eingangsbereich des Familienzentrums Hoppetosse in Kempen. Dr. Michael Arndt, Pr\u00e4sident des Verbands Deutscher Naturparke (VDN), und Dr. Andreas Coenen, Verbandsvorsteher des Naturparks Schwalm-Nette, \u00fcberreichten das neue Zertifikat jetzt bundesweit erstmals an eine Kita in Nordrhein-Westfalen. Hubert Kaiser, Leiter der Forst- und Naturschutzabteilung im NRW-Umweltministerium und Dr. Ulrich Witte, Abteilungsleiter Umweltkommunikation und Kulturg\u00fcterschutz der Deutschen Bundesstiftung Umwelt (DBU), gratulierten Kita-Leiterin Angela Haller zur Auszeichnung.<\/p>\n<div id=\"attachment_10016\" style=\"width: 510px\" class=\"wp-caption alignnone\"><a href=\"https:\/\/www.naturparkmagazin.de\/vdn\/wp-content\/uploads\/sites\/3\/Naturpark-Kita-13b.jpg\"><img aria-describedby=\"caption-attachment-10016\" decoding=\"async\" loading=\"lazy\" class=\"size-full wp-image-10016\" src=\"https:\/\/www.naturparkmagazin.de\/vdn\/wp-content\/uploads\/sites\/3\/Naturpark-Kita-13b.jpg\" alt=\"\u00a9 Naturpark Schwalm-Nette\" width=\"500\" height=\"300\" srcset=\"https:\/\/www.naturparkmagazin.de\/vdn\/wp-content\/uploads\/sites\/3\/Naturpark-Kita-13b.jpg 500w, https:\/\/www.naturparkmagazin.de\/vdn\/wp-content\/uploads\/sites\/3\/Naturpark-Kita-13b-300x180.jpg 300w, https:\/\/www.naturparkmagazin.de\/vdn\/wp-content\/uploads\/sites\/3\/Naturpark-Kita-13b-200x120.jpg 200w\" sizes=\"(max-width: 500px) 100vw, 500px\" \/><\/a><p id=\"caption-attachment-10016\" class=\"wp-caption-text\">\u00a9 Naturpark Schwalm-Nette<\/p><\/div>\n<p>Die Hoppetosse baut k\u00fcnftig Themen wie Pflanzen und Tiere, Lebensr\u00e4ume, Lebensmittel, Kreisl\u00e4ufe und nachhaltige Entwicklung in die p\u00e4dagogische Arbeit ein. \u201eWie kommt der Apfelsaft in die Flasche\u201c \u2013 kindgerechte Fragen wie diese stehen im Kindergartenalltag, bei Projekttagen oder Exkursionen im Mittelpunkt. Coenen ist sich sicher, dass die Kooperation zwischen Kita und Naturpark erfolgreich wird: \u201eMit ihrer kindlichen Neugier und ihrem nat\u00fcrlichen Bewegungsdrang werden die Kinder von der Natur in ihren Bann gezogen.\u201c<\/p>\n<p>\u201eMit der Zusammenarbeit der Naturparke mit Kitas wird unsere Arbeit im Bereich der Umweltbildung und der Bildung f\u00fcr nachhaltige Entwicklung weiter ausgebaut. Wir danken der BDU f\u00fcr die F\u00f6rderung des Projektes\u201c, betonte Arndt. Ziel ist der Aufbau einer festen, dauerhaften Zusammenarbeit zwischen Naturparken und Kitas. Die Rahmenbedingungen sind in einer Kooperationsvereinbarung festgelegt.<\/p>\n<p>&nbsp;<\/p>\n<p>&gt;&gt; <a href=\"https:\/\/www.naturparke.de\/service\/presse\/pressemitteilungen\/nachricht\/familienzentrum-hoppetosse-wird-naturpark-kita.html\">Hier k\u00f6nnen Sie die Pressemitteilung downloaden<\/a><\/p>\n<p>&nbsp;<\/p>\n<p>&nbsp;<\/p>\n","protected":false},"excerpt":{"rendered":"<p>Die neue Plakette \u201eNaturpark-Kita\u201c schm\u00fcckt ab sofort den Eingangsbereich des Familienzentrums Hoppetosse in Kempen am Niederrhein. <\/p>\n","protected":false},"author":73,"featured_media":10014,"comment_status":"open","ping_status":"open","sticky":false,"template":"","format":"standard","meta":{"_links_to":"","_links_to_target":""},"categories":[7],"tags":[638,1140,501],"yoast_head":"<!-- This site is optimized with the Yoast SEO plugin v19.10 - https:\/\/yoast.com\/wordpress\/plugins\/seo\/ -->\n<title>\u201eNeues Netzwerk\u201c \u2013 Erste Naturpark-Kita in NRW ausgezeichnet<\/title>\n<meta name=\"description\" content=\"Die neue Plakette \u201eNaturpark-Kita\u201c schm\u00fcckt ab sofort den Eingangsbereich des Familienzentrums Hoppetosse in Kempen am Niederrhein.\" \/>\n<meta name=\"robots\" content=\"index, follow, max-snippet:-1, max-image-preview:large, max-video-preview:-1\" \/>\n<link rel=\"canonical\" href=\"https:\/\/www.naturparkmagazin.de\/vdn\/neues-netzwerk-erste-naturpark-kita-in-nrw-ausgezeichnet\/\" \/>\n<meta property=\"og:locale\" content=\"de_DE\" \/>\n<meta property=\"og:type\" content=\"article\" \/>\n<meta property=\"og:title\" content=\"\u201eNeues Netzwerk\u201c \u2013 Erste Naturpark-Kita in NRW ausgezeichnet\" \/>\n<meta property=\"og:description\" content=\"Die neue Plakette \u201eNaturpark-Kita\u201c schm\u00fcckt ab sofort den Eingangsbereich des Familienzentrums Hoppetosse in Kempen am Niederrhein.\" \/>\n<meta property=\"og:url\" content=\"https:\/\/www.naturparkmagazin.de\/vdn\/neues-netzwerk-erste-naturpark-kita-in-nrw-ausgezeichnet\/\" \/>\n<meta property=\"og:site_name\" content=\"Verband Deutscher Naturparke\" \/>\n<meta property=\"article:published_time\" content=\"2018-04-16T01:44:36+00:00\" \/>\n<meta property=\"article:modified_time\" content=\"2018-04-25T09:36:01+00:00\" \/>\n<meta property=\"og:image\" content=\"https:\/\/www.naturparkmagazin.de\/vdn\/wp-content\/uploads\/sites\/3\/Naturpark-Kita-bf3.jpg\" \/>\n\t<meta property=\"og:image:width\" content=\"200\" \/>\n\t<meta property=\"og:image:height\" content=\"200\" \/>\n\t<meta property=\"og:image:type\" content=\"image\/jpeg\" \/>\n<meta name=\"author\" content=\"manuelamerz\" \/>\n<meta name=\"twitter:label1\" content=\"Verfasst von\" \/>\n\t<meta name=\"twitter:data1\" content=\"manuelamerz\" \/>\n\t<meta name=\"twitter:label2\" content=\"Gesch\u00e4tzte Lesezeit\" \/>\n\t<meta name=\"twitter:data2\" content=\"1\u00a0Minute\" \/>\n<script type=\"application\/ld+json\" class=\"yoast-schema-graph\">{\"@context\":\"https:\/\/schema.org\",\"@graph\":[{\"@type\":\"WebPage\",\"@id\":\"https:\/\/www.naturparkmagazin.de\/vdn\/neues-netzwerk-erste-naturpark-kita-in-nrw-ausgezeichnet\/\",\"url\":\"https:\/\/www.naturparkmagazin.de\/vdn\/neues-netzwerk-erste-naturpark-kita-in-nrw-ausgezeichnet\/\",\"name\":\"\u201eNeues Netzwerk\u201c \u2013 Erste Naturpark-Kita in NRW ausgezeichnet\",\"isPartOf\":{\"@id\":\"https:\/\/www.naturparkmagazin.de\/vdn\/#website\"},\"datePublished\":\"2018-04-16T01:44:36+00:00\",\"dateModified\":\"2018-04-25T09:36:01+00:00\",\"author\":{\"@id\":\"https:\/\/www.naturparkmagazin.de\/vdn\/#\/schema\/person\/3cff9b8773ed55f0189255fa9adfd57c\"},\"description\":\"Die neue Plakette \u201eNaturpark-Kita\u201c schm\u00fcckt ab sofort den Eingangsbereich des Familienzentrums Hoppetosse in Kempen am Niederrhein.\",\"breadcrumb\":{\"@id\":\"https:\/\/www.naturparkmagazin.de\/vdn\/neues-netzwerk-erste-naturpark-kita-in-nrw-ausgezeichnet\/#breadcrumb\"},\"inLanguage\":\"de\",\"potentialAction\":[{\"@type\":\"ReadAction\",\"target\":[\"https:\/\/www.naturparkmagazin.de\/vdn\/neues-netzwerk-erste-naturpark-kita-in-nrw-ausgezeichnet\/\"]}]},{\"@type\":\"BreadcrumbList\",\"@id\":\"https:\/\/www.naturparkmagazin.de\/vdn\/neues-netzwerk-erste-naturpark-kita-in-nrw-ausgezeichnet\/#breadcrumb\",\"itemListElement\":[{\"@type\":\"ListItem\",\"position\":1,\"name\":\"Home\",\"item\":\"https:\/\/www.naturparkmagazin.de\/vdn\/\"},{\"@type\":\"ListItem\",\"position\":2,\"name\":\"\u201eNeues Netzwerk\u201c \u2013 Erste Naturpark-Kita in NRW ausgezeichnet\"}]},{\"@type\":\"WebSite\",\"@id\":\"https:\/\/www.naturparkmagazin.de\/vdn\/#website\",\"url\":\"https:\/\/www.naturparkmagazin.de\/vdn\/\",\"name\":\"Verband Deutscher Naturparke\",\"description\":\"Eine weitere Naturparkmagazin.de Netzwerk Seite\",\"potentialAction\":[{\"@type\":\"SearchAction\",\"target\":{\"@type\":\"EntryPoint\",\"urlTemplate\":\"https:\/\/www.naturparkmagazin.de\/vdn\/?s={search_term_string}\"},\"query-input\":\"required name=search_term_string\"}],\"inLanguage\":\"de\"},{\"@type\":\"Person\",\"@id\":\"https:\/\/www.naturparkmagazin.de\/vdn\/#\/schema\/person\/3cff9b8773ed55f0189255fa9adfd57c\",\"name\":\"manuelamerz\",\"url\":\"https:\/\/www.naturparkmagazin.de\/vdn\/author\/manuelamerz\/\"}]}<\/script>\n<!-- \/ Yoast SEO plugin. -->","yoast_head_json":{"title":"\u201eNeues Netzwerk\u201c \u2013 Erste Naturpark-Kita in NRW ausgezeichnet","description":"Die neue Plakette \u201eNaturpark-Kita\u201c schm\u00fcckt ab sofort den Eingangsbereich des Familienzentrums Hoppetosse in Kempen am Niederrhein.","robots":{"index":"index","follow":"follow","max-snippet":"max-snippet:-1","max-image-preview":"max-image-preview:large","max-video-preview":"max-video-preview:-1"},"canonical":"https:\/\/www.naturparkmagazin.de\/vdn\/neues-netzwerk-erste-naturpark-kita-in-nrw-ausgezeichnet\/","og_locale":"de_DE","og_type":"article","og_title":"\u201eNeues Netzwerk\u201c \u2013 Erste Naturpark-Kita in NRW ausgezeichnet","og_description":"Die neue Plakette \u201eNaturpark-Kita\u201c schm\u00fcckt ab sofort den Eingangsbereich des Familienzentrums Hoppetosse in Kempen am Niederrhein.","og_url":"https:\/\/www.naturparkmagazin.de\/vdn\/neues-netzwerk-erste-naturpark-kita-in-nrw-ausgezeichnet\/","og_site_name":"Verband Deutscher Naturparke","article_published_time":"2018-04-16T01:44:36+00:00","article_modified_time":"2018-04-25T09:36:01+00:00","og_image":[{"width":200,"height":200,"url":"https:\/\/www.naturparkmagazin.de\/vdn\/wp-content\/uploads\/sites\/3\/Naturpark-Kita-bf3.jpg","type":"image\/jpeg"}],"author":"manuelamerz","twitter_misc":{"Verfasst von":"manuelamerz","Gesch\u00e4tzte Lesezeit":"1\u00a0Minute"},"schema":{"@context":"https:\/\/schema.org","@graph":[{"@type":"WebPage","@id":"https:\/\/www.naturparkmagazin.de\/vdn\/neues-netzwerk-erste-naturpark-kita-in-nrw-ausgezeichnet\/","url":"https:\/\/www.naturparkmagazin.de\/vdn\/neues-netzwerk-erste-naturpark-kita-in-nrw-ausgezeichnet\/","name":"\u201eNeues Netzwerk\u201c \u2013 Erste Naturpark-Kita in NRW ausgezeichnet","isPartOf":{"@id":"https:\/\/www.naturparkmagazin.de\/vdn\/#website"},"datePublished":"2018-04-16T01:44:36+00:00","dateModified":"2018-04-25T09:36:01+00:00","author":{"@id":"https:\/\/www.naturparkmagazin.de\/vdn\/#\/schema\/person\/3cff9b8773ed55f0189255fa9adfd57c"},"description":"Die neue Plakette \u201eNaturpark-Kita\u201c schm\u00fcckt ab sofort den Eingangsbereich des Familienzentrums Hoppetosse in Kempen am Niederrhein.","breadcrumb":{"@id":"https:\/\/www.naturparkmagazin.de\/vdn\/neues-netzwerk-erste-naturpark-kita-in-nrw-ausgezeichnet\/#breadcrumb"},"inLanguage":"de","potentialAction":[{"@type":"ReadAction","target":["https:\/\/www.naturparkmagazin.de\/vdn\/neues-netzwerk-erste-naturpark-kita-in-nrw-ausgezeichnet\/"]}]},{"@type":"BreadcrumbList","@id":"https:\/\/www.naturparkmagazin.de\/vdn\/neues-netzwerk-erste-naturpark-kita-in-nrw-ausgezeichnet\/#breadcrumb","itemListElement":[{"@type":"ListItem","position":1,"name":"Home","item":"https:\/\/www.naturparkmagazin.de\/vdn\/"},{"@type":"ListItem","position":2,"name":"\u201eNeues Netzwerk\u201c \u2013 Erste Naturpark-Kita in NRW ausgezeichnet"}]},{"@type":"WebSite","@id":"https:\/\/www.naturparkmagazin.de\/vdn\/#website","url":"https:\/\/www.naturparkmagazin.de\/vdn\/","name":"Verband Deutscher Naturparke","description":"Eine weitere Naturparkmagazin.de Netzwerk Seite","potentialAction":[{"@type":"SearchAction","target":{"@type":"EntryPoint","urlTemplate":"https:\/\/www.naturparkmagazin.de\/vdn\/?s={search_term_string}"},"query-input":"required name=search_term_string"}],"inLanguage":"de"},{"@type":"Person","@id":"https:\/\/www.naturparkmagazin.de\/vdn\/#\/schema\/person\/3cff9b8773ed55f0189255fa9adfd57c","name":"manuelamerz","url":"https:\/\/www.naturparkmagazin.de\/vdn\/author\/manuelamerz\/"}]}},"_links":{"self":[{"href":"https:\/\/www.naturparkmagazin.de\/vdn\/wp-json\/wp\/v2\/posts\/10011"}],"collection":[{"href":"https:\/\/www.naturparkmagazin.de\/vdn\/wp-json\/wp\/v2\/posts"}],"about":[{"href":"https:\/\/www.naturparkmagazin.de\/vdn\/wp-json\/wp\/v2\/types\/post"}],"author":[{"embeddable":true,"href":"https:\/\/www.naturparkmagazin.de\/vdn\/wp-json\/wp\/v2\/users\/73"}],"replies":[{"embeddable":true,"href":"https:\/\/www.naturparkmagazin.de\/vdn\/wp-json\/wp\/v2\/comments?post=10011"}],"version-history":[{"count":1,"href":"https:\/\/www.naturparkmagazin.de\/vdn\/wp-json\/wp\/v2\/posts\/10011\/revisions"}],"predecessor-version":[{"id":10021,"href":"https:\/\/www.naturparkmagazin.de\/vdn\/wp-json\/wp\/v2\/posts\/10011\/revisions\/10021"}],"wp:featuredmedia":[{"embeddable":true,"href":"https:\/\/www.naturparkmagazin.de\/vdn\/wp-json\/wp\/v2\/media\/10014"}],"wp:attachment":[{"href":"https:\/\/www.naturparkmagazin.de\/vdn\/wp-json\/wp\/v2\/media?parent=10011"}],"wp:term":[{"taxonomy":"category","embeddable":true,"href":"https:\/\/www.naturparkmagazin.de\/vdn\/wp-json\/wp\/v2\/categories?post=10011"},{"taxonomy":"post_tag","embeddable":true,"href":"https:\/\/www.naturparkmagazin.de\/vdn\/wp-json\/wp\/v2\/tags?post=10011"}],"curies":[{"name":"wp","href":"https:\/\/api.w.org\/{rel}","templated":true}]}}