{"id":10013,"date":"2018-04-16T01:49:37","date_gmt":"2018-04-15T23:49:37","guid":{"rendered":"http:\/\/www.naturparkmagazin.de\/vdn\/?p=10013"},"modified":"2018-04-25T11:35:45","modified_gmt":"2018-04-25T09:35:45","slug":"ab-in-die-natur-naturpark-wandertag-2018","status":"publish","type":"post","link":"https:\/\/www.naturparkmagazin.de\/vdn\/ab-in-die-natur-naturpark-wandertag-2018\/","title":{"rendered":"\u201eAb in die Natur\u201c \u2013 Naturpark-Wandertag 2018"},"content":{"rendered":"<div id=\"attachment_10017\" style=\"width: 510px\" class=\"wp-caption aligncenter\"><a href=\"https:\/\/www.naturparkmagazin.de\/vdn\/wp-content\/uploads\/sites\/3\/\u00d6lberg-Ulrike-Sobick_beitrag.jpg\"><img aria-describedby=\"caption-attachment-10017\" decoding=\"async\" loading=\"lazy\" class=\"size-full wp-image-10017\" src=\"https:\/\/www.naturparkmagazin.de\/vdn\/wp-content\/uploads\/sites\/3\/\u00d6lberg-Ulrike-Sobick_beitrag.jpg\" alt=\"Wandertag auf dem \u00d6lberg im Naturpark Siebengebirge - Copyright: VDN\/Ulrike Sobick\" width=\"500\" height=\"300\" srcset=\"https:\/\/www.naturparkmagazin.de\/vdn\/wp-content\/uploads\/sites\/3\/\u00d6lberg-Ulrike-Sobick_beitrag.jpg 500w, https:\/\/www.naturparkmagazin.de\/vdn\/wp-content\/uploads\/sites\/3\/\u00d6lberg-Ulrike-Sobick_beitrag-300x180.jpg 300w, https:\/\/www.naturparkmagazin.de\/vdn\/wp-content\/uploads\/sites\/3\/\u00d6lberg-Ulrike-Sobick_beitrag-200x120.jpg 200w\" sizes=\"(max-width: 500px) 100vw, 500px\" \/><\/a><p id=\"caption-attachment-10017\" class=\"wp-caption-text\">Wandertag auf dem \u00d6lberg im Naturpark Siebengebirge &#8211; Copyright: VDN\/Ulrike Sobick<\/p><\/div>\n<p>Die sch\u00f6nen Landschaften Deutschlands in ihrer ganzen Vielfalt erleben \u2013 das k\u00f6nnen Sie beim Wandertag der Deutschen Naturparke, der in diesem Jahr am 27. Mai stattfindet. Vom Naturpark Schlei im Norden bis zum Naturpark S\u00fcdschwarzwald im S\u00fcden und vom Deutsch-Belgischen Naturpark Hohes Venn &#8211; Eifel im Westen bis zum Naturpark Niederlausitzer Landr\u00fccken im Osten finden an diesem Maiwochenende ganz besondere Veranstaltungen statt.<\/p>\n<p>Im Mittelpunkt der Wanderungen steht das gemeinsame\u00a0 Naturerlebnis. Die Teilnehmer sollen aber auch neue Entdeckungen machen und die Sch\u00f6nheit der Deutschen Naturlandschaften kennen lernen. Dazu werden die Wanderungen von fachkundigen F\u00fchrern begleitet. Ob Fahrradwanderung, Vogelstimmentour oder fantastische Reise zu Mythen und Sagen \u2013 au\u00dfergew\u00f6hnliche Erlebnisse sind am Naturpark-Wandertag 2018 garantiert.<\/p>\n<p>Der Naturpark-Wandertag findet statt aus Anlass des Europ\u00e4ischen Tag der Parke, der in ganz Europa am 24. Mai gefeiert wird.<\/p>\n<p><a href=\"https:\/\/www.naturparke.de\/naturparke-erleben\/naturpark-wandertag-2018.html\" target=\"_blank\">&gt;&gt; Hier geht\u00b4s zu den Veranstaltungsterminen der Naturparke<\/a><\/p>\n<p><a href=\"https:\/\/www.naturparkmagazin.de\/vdn\/wp-content\/uploads\/sites\/3\/Button-Wandertag_2018.jpg\"><img decoding=\"async\" loading=\"lazy\" class=\"alignnone size-full wp-image-10026\" src=\"https:\/\/www.naturparkmagazin.de\/vdn\/wp-content\/uploads\/sites\/3\/Button-Wandertag_2018.jpg\" alt=\"Button Wandertag_2018\" width=\"198\" height=\"198\" srcset=\"https:\/\/www.naturparkmagazin.de\/vdn\/wp-content\/uploads\/sites\/3\/Button-Wandertag_2018.jpg 198w, https:\/\/www.naturparkmagazin.de\/vdn\/wp-content\/uploads\/sites\/3\/Button-Wandertag_2018-30x30.jpg 30w\" sizes=\"(max-width: 198px) 100vw, 198px\" \/><\/a><\/p>\n<p>&nbsp;<\/p>\n<p>&nbsp;<\/p>\n<p>&nbsp;<\/p>\n","protected":false},"excerpt":{"rendered":"<p>Die sch\u00f6nen Landschaften Deutschlands in ihrer ganzen Vielfalt erleben \u2013 das k\u00f6nnen Sie beim Wandertag der Deutschen Naturparke, der in diesem Jahr am 27. Mai stattfindet.<\/p>\n","protected":false},"author":51,"featured_media":10019,"comment_status":"open","ping_status":"open","sticky":false,"template":"","format":"standard","meta":{"_links_to":"","_links_to_target":""},"categories":[7],"tags":[1143,539,1141,1142,501],"yoast_head":"<!-- This site is optimized with the Yoast SEO plugin v19.10 - https:\/\/yoast.com\/wordpress\/plugins\/seo\/ -->\n<title>\u201eAb in die Natur\u201c \u2013 Naturpark-Wandertag 2018<\/title>\n<meta name=\"description\" content=\"Die sch\u00f6nen Landschaften Deutschlands in ihrer ganzen Vielfalt erleben \u2013 das k\u00f6nnen Sie beim Wandertag der Deutschen Naturparke, der in diesem Jahr am 27. Mai stattfindet.\" \/>\n<meta name=\"robots\" content=\"index, follow, max-snippet:-1, max-image-preview:large, max-video-preview:-1\" \/>\n<link rel=\"canonical\" href=\"https:\/\/www.naturparkmagazin.de\/vdn\/ab-in-die-natur-naturpark-wandertag-2018\/\" \/>\n<meta property=\"og:locale\" content=\"de_DE\" \/>\n<meta property=\"og:type\" content=\"article\" \/>\n<meta property=\"og:title\" content=\"\u201eAb in die Natur\u201c \u2013 Naturpark-Wandertag 2018\" \/>\n<meta property=\"og:description\" content=\"Die sch\u00f6nen Landschaften Deutschlands in ihrer ganzen Vielfalt erleben \u2013 das k\u00f6nnen Sie beim Wandertag der Deutschen Naturparke, der in diesem Jahr am 27. Mai stattfindet.\" \/>\n<meta property=\"og:url\" content=\"https:\/\/www.naturparkmagazin.de\/vdn\/ab-in-die-natur-naturpark-wandertag-2018\/\" \/>\n<meta property=\"og:site_name\" content=\"Verband Deutscher Naturparke\" \/>\n<meta property=\"article:published_time\" content=\"2018-04-15T23:49:37+00:00\" \/>\n<meta property=\"article:modified_time\" content=\"2018-04-25T09:35:45+00:00\" \/>\n<meta property=\"og:image\" content=\"https:\/\/www.naturparkmagazin.de\/vdn\/wp-content\/uploads\/sites\/3\/\u00d6lberg-Ulrike-Sobick_beitragsbild.jpg\" \/>\n\t<meta property=\"og:image:width\" content=\"200\" \/>\n\t<meta property=\"og:image:height\" content=\"200\" \/>\n\t<meta property=\"og:image:type\" content=\"image\/jpeg\" \/>\n<meta name=\"author\" content=\"beatrixlosem\" \/>\n<meta name=\"twitter:label1\" content=\"Verfasst von\" \/>\n\t<meta name=\"twitter:data1\" content=\"beatrixlosem\" \/>\n\t<meta name=\"twitter:label2\" content=\"Gesch\u00e4tzte Lesezeit\" \/>\n\t<meta name=\"twitter:data2\" content=\"1\u00a0Minute\" \/>\n<script type=\"application\/ld+json\" class=\"yoast-schema-graph\">{\"@context\":\"https:\/\/schema.org\",\"@graph\":[{\"@type\":\"WebPage\",\"@id\":\"https:\/\/www.naturparkmagazin.de\/vdn\/ab-in-die-natur-naturpark-wandertag-2018\/\",\"url\":\"https:\/\/www.naturparkmagazin.de\/vdn\/ab-in-die-natur-naturpark-wandertag-2018\/\",\"name\":\"\u201eAb in die Natur\u201c \u2013 Naturpark-Wandertag 2018\",\"isPartOf\":{\"@id\":\"https:\/\/www.naturparkmagazin.de\/vdn\/#website\"},\"datePublished\":\"2018-04-15T23:49:37+00:00\",\"dateModified\":\"2018-04-25T09:35:45+00:00\",\"author\":{\"@id\":\"https:\/\/www.naturparkmagazin.de\/vdn\/#\/schema\/person\/d71357578c318b6db03be60b1f60396b\"},\"description\":\"Die sch\u00f6nen Landschaften Deutschlands in ihrer ganzen Vielfalt erleben \u2013 das k\u00f6nnen Sie beim Wandertag der Deutschen Naturparke, der in diesem Jahr am 27. Mai stattfindet.\",\"breadcrumb\":{\"@id\":\"https:\/\/www.naturparkmagazin.de\/vdn\/ab-in-die-natur-naturpark-wandertag-2018\/#breadcrumb\"},\"inLanguage\":\"de\",\"potentialAction\":[{\"@type\":\"ReadAction\",\"target\":[\"https:\/\/www.naturparkmagazin.de\/vdn\/ab-in-die-natur-naturpark-wandertag-2018\/\"]}]},{\"@type\":\"BreadcrumbList\",\"@id\":\"https:\/\/www.naturparkmagazin.de\/vdn\/ab-in-die-natur-naturpark-wandertag-2018\/#breadcrumb\",\"itemListElement\":[{\"@type\":\"ListItem\",\"position\":1,\"name\":\"Home\",\"item\":\"https:\/\/www.naturparkmagazin.de\/vdn\/\"},{\"@type\":\"ListItem\",\"position\":2,\"name\":\"\u201eAb in die Natur\u201c \u2013 Naturpark-Wandertag 2018\"}]},{\"@type\":\"WebSite\",\"@id\":\"https:\/\/www.naturparkmagazin.de\/vdn\/#website\",\"url\":\"https:\/\/www.naturparkmagazin.de\/vdn\/\",\"name\":\"Verband Deutscher Naturparke\",\"description\":\"Eine weitere Naturparkmagazin.de Netzwerk Seite\",\"potentialAction\":[{\"@type\":\"SearchAction\",\"target\":{\"@type\":\"EntryPoint\",\"urlTemplate\":\"https:\/\/www.naturparkmagazin.de\/vdn\/?s={search_term_string}\"},\"query-input\":\"required name=search_term_string\"}],\"inLanguage\":\"de\"},{\"@type\":\"Person\",\"@id\":\"https:\/\/www.naturparkmagazin.de\/vdn\/#\/schema\/person\/d71357578c318b6db03be60b1f60396b\",\"name\":\"beatrixlosem\",\"url\":\"https:\/\/www.naturparkmagazin.de\/vdn\/author\/beatrixlosem\/\"}]}<\/script>\n<!-- \/ Yoast SEO plugin. -->","yoast_head_json":{"title":"\u201eAb in die Natur\u201c \u2013 Naturpark-Wandertag 2018","description":"Die sch\u00f6nen Landschaften Deutschlands in ihrer ganzen Vielfalt erleben \u2013 das k\u00f6nnen Sie beim Wandertag der Deutschen Naturparke, der in diesem Jahr am 27. Mai stattfindet.","robots":{"index":"index","follow":"follow","max-snippet":"max-snippet:-1","max-image-preview":"max-image-preview:large","max-video-preview":"max-video-preview:-1"},"canonical":"https:\/\/www.naturparkmagazin.de\/vdn\/ab-in-die-natur-naturpark-wandertag-2018\/","og_locale":"de_DE","og_type":"article","og_title":"\u201eAb in die Natur\u201c \u2013 Naturpark-Wandertag 2018","og_description":"Die sch\u00f6nen Landschaften Deutschlands in ihrer ganzen Vielfalt erleben \u2013 das k\u00f6nnen Sie beim Wandertag der Deutschen Naturparke, der in diesem Jahr am 27. Mai stattfindet.","og_url":"https:\/\/www.naturparkmagazin.de\/vdn\/ab-in-die-natur-naturpark-wandertag-2018\/","og_site_name":"Verband Deutscher Naturparke","article_published_time":"2018-04-15T23:49:37+00:00","article_modified_time":"2018-04-25T09:35:45+00:00","og_image":[{"width":200,"height":200,"url":"https:\/\/www.naturparkmagazin.de\/vdn\/wp-content\/uploads\/sites\/3\/\u00d6lberg-Ulrike-Sobick_beitragsbild.jpg","type":"image\/jpeg"}],"author":"beatrixlosem","twitter_misc":{"Verfasst von":"beatrixlosem","Gesch\u00e4tzte Lesezeit":"1\u00a0Minute"},"schema":{"@context":"https:\/\/schema.org","@graph":[{"@type":"WebPage","@id":"https:\/\/www.naturparkmagazin.de\/vdn\/ab-in-die-natur-naturpark-wandertag-2018\/","url":"https:\/\/www.naturparkmagazin.de\/vdn\/ab-in-die-natur-naturpark-wandertag-2018\/","name":"\u201eAb in die Natur\u201c \u2013 Naturpark-Wandertag 2018","isPartOf":{"@id":"https:\/\/www.naturparkmagazin.de\/vdn\/#website"},"datePublished":"2018-04-15T23:49:37+00:00","dateModified":"2018-04-25T09:35:45+00:00","author":{"@id":"https:\/\/www.naturparkmagazin.de\/vdn\/#\/schema\/person\/d71357578c318b6db03be60b1f60396b"},"description":"Die sch\u00f6nen Landschaften Deutschlands in ihrer ganzen Vielfalt erleben \u2013 das k\u00f6nnen Sie beim Wandertag der Deutschen Naturparke, der in diesem Jahr am 27. Mai stattfindet.","breadcrumb":{"@id":"https:\/\/www.naturparkmagazin.de\/vdn\/ab-in-die-natur-naturpark-wandertag-2018\/#breadcrumb"},"inLanguage":"de","potentialAction":[{"@type":"ReadAction","target":["https:\/\/www.naturparkmagazin.de\/vdn\/ab-in-die-natur-naturpark-wandertag-2018\/"]}]},{"@type":"BreadcrumbList","@id":"https:\/\/www.naturparkmagazin.de\/vdn\/ab-in-die-natur-naturpark-wandertag-2018\/#breadcrumb","itemListElement":[{"@type":"ListItem","position":1,"name":"Home","item":"https:\/\/www.naturparkmagazin.de\/vdn\/"},{"@type":"ListItem","position":2,"name":"\u201eAb in die Natur\u201c \u2013 Naturpark-Wandertag 2018"}]},{"@type":"WebSite","@id":"https:\/\/www.naturparkmagazin.de\/vdn\/#website","url":"https:\/\/www.naturparkmagazin.de\/vdn\/","name":"Verband Deutscher Naturparke","description":"Eine weitere Naturparkmagazin.de Netzwerk Seite","potentialAction":[{"@type":"SearchAction","target":{"@type":"EntryPoint","urlTemplate":"https:\/\/www.naturparkmagazin.de\/vdn\/?s={search_term_string}"},"query-input":"required name=search_term_string"}],"inLanguage":"de"},{"@type":"Person","@id":"https:\/\/www.naturparkmagazin.de\/vdn\/#\/schema\/person\/d71357578c318b6db03be60b1f60396b","name":"beatrixlosem","url":"https:\/\/www.naturparkmagazin.de\/vdn\/author\/beatrixlosem\/"}]}},"_links":{"self":[{"href":"https:\/\/www.naturparkmagazin.de\/vdn\/wp-json\/wp\/v2\/posts\/10013"}],"collection":[{"href":"https:\/\/www.naturparkmagazin.de\/vdn\/wp-json\/wp\/v2\/posts"}],"about":[{"href":"https:\/\/www.naturparkmagazin.de\/vdn\/wp-json\/wp\/v2\/types\/post"}],"author":[{"embeddable":true,"href":"https:\/\/www.naturparkmagazin.de\/vdn\/wp-json\/wp\/v2\/users\/51"}],"replies":[{"embeddable":true,"href":"https:\/\/www.naturparkmagazin.de\/vdn\/wp-json\/wp\/v2\/comments?post=10013"}],"version-history":[{"count":6,"href":"https:\/\/www.naturparkmagazin.de\/vdn\/wp-json\/wp\/v2\/posts\/10013\/revisions"}],"predecessor-version":[{"id":10027,"href":"https:\/\/www.naturparkmagazin.de\/vdn\/wp-json\/wp\/v2\/posts\/10013\/revisions\/10027"}],"wp:featuredmedia":[{"embeddable":true,"href":"https:\/\/www.naturparkmagazin.de\/vdn\/wp-json\/wp\/v2\/media\/10019"}],"wp:attachment":[{"href":"https:\/\/www.naturparkmagazin.de\/vdn\/wp-json\/wp\/v2\/media?parent=10013"}],"wp:term":[{"taxonomy":"category","embeddable":true,"href":"https:\/\/www.naturparkmagazin.de\/vdn\/wp-json\/wp\/v2\/categories?post=10013"},{"taxonomy":"post_tag","embeddable":true,"href":"https:\/\/www.naturparkmagazin.de\/vdn\/wp-json\/wp\/v2\/tags?post=10013"}],"curies":[{"name":"wp","href":"https:\/\/api.w.org\/{rel}","templated":true}]}}