{"id":10030,"date":"2018-04-16T11:26:49","date_gmt":"2018-04-16T09:26:49","guid":{"rendered":"http:\/\/www.naturparkmagazin.de\/vdn\/?p=10030"},"modified":"2018-04-30T13:22:13","modified_gmt":"2018-04-30T11:22:13","slug":"zukunftsperspektiven-verband-deutscher-naturparke-fordert-staerkung-der-naturparke","status":"publish","type":"post","link":"https:\/\/www.naturparkmagazin.de\/vdn\/zukunftsperspektiven-verband-deutscher-naturparke-fordert-staerkung-der-naturparke\/","title":{"rendered":"\u201eZukunftsperspektiven\u201c Verband Deutscher Naturparke fordert St\u00e4rkung der Naturparke"},"content":{"rendered":"<div id=\"attachment_10032\" style=\"width: 510px\" class=\"wp-caption alignnone\"><a href=\"https:\/\/www.naturparkmagazin.de\/vdn\/wp-content\/uploads\/sites\/3\/MG_1897-copyb.jpg\"><img aria-describedby=\"caption-attachment-10032\" decoding=\"async\" loading=\"lazy\" class=\"wp-image-10032 size-full\" src=\"https:\/\/www.naturparkmagazin.de\/vdn\/wp-content\/uploads\/sites\/3\/MG_1897-copyb.jpg\" alt=\"Bildunterschrift: Vertreter aus \u00fcber 50 Naturparken in Deutschland haben gestern Abend in Berlin mit Abgeordneten des Deutschen Bundestags \u00fcber die Zukunftsperspektiven der Naturparkarbeit diskutiert, darunter (v.l.): Christian Haase (MdB CDU\/CSU-Fraktion), J\u00f6rg Vogels\u00e4nger (Minister f\u00fcr L\u00e4ndliche Entwicklung, Umwelt und Landwirtschaft des Landes Brandenburg), Dr. J\u00fcrgen Buchwald (Staatssekret\u00e4r im Ministerium f\u00fcr Landwirtschaft und Umwelt des Landes Mecklenburg-Vorpommern), Moderatorin Anja Kohl, Carsten Tr\u00e4ger (MdB SPD-Fraktion), Michael Brand (MdB CDU\/CSU-Fraktion), Stefan Schmidt (MdB Fraktion B\u00fcndnis 90\/Die Gr\u00fcnen), Kees de Vries (MdB CDU\/CSU-Fraktion), Artur Auernhammer (MdB CDU\/CSU-Fraktion), Sepp M\u00fcller (MdB CDU\/CSU-Fraktion), Eckhard Pols (MdB CDU\/CSU-Fraktion), Michael Donth (MdB CDU\/CSU-Fraktion), Hilke Feddersen (Gesch\u00e4ftsf\u00fchrerin Naturpark L\u00fcneburger Heide), Kerstin Vieregge (MdB CDU\/CSU-Fraktion), Roland Sch\u00f6ttle (Gesch\u00e4ftsf\u00fchrer Naturpark S\u00fcdschwarzwald), Dr. Michael Arndt (Pr\u00e4sident VDN) und Antje Lezius (MdB CDU\/CSU-Fraktion).\" width=\"500\" height=\"300\" srcset=\"https:\/\/www.naturparkmagazin.de\/vdn\/wp-content\/uploads\/sites\/3\/MG_1897-copyb.jpg 500w, https:\/\/www.naturparkmagazin.de\/vdn\/wp-content\/uploads\/sites\/3\/MG_1897-copyb-300x180.jpg 300w, https:\/\/www.naturparkmagazin.de\/vdn\/wp-content\/uploads\/sites\/3\/MG_1897-copyb-200x120.jpg 200w\" sizes=\"(max-width: 500px) 100vw, 500px\" \/><\/a><p id=\"caption-attachment-10032\" class=\"wp-caption-text\">(v.l.): Christian Haase (MdB CDU\/CSU-Fraktion), J\u00f6rg Vogels\u00e4nger (Minister f\u00fcr L\u00e4ndliche Entwicklung, Umwelt und Landwirtschaft des Landes Brandenburg), Dr. J\u00fcrgen Buchwald (Staatssekret\u00e4r im Ministerium f\u00fcr Landwirtschaft und Umwelt des Landes Mecklenburg-Vorpommern), Moderatorin Anja Kohl, Carsten Tr\u00e4ger (MdB SPD-Fraktion), Michael Brand (MdB CDU\/CSU-Fraktion), Stefan Schmidt (MdB Fraktion B\u00fcndnis 90\/Die Gr\u00fcnen), Kees de Vries (MdB CDU\/CSU-Fraktion), Artur Auernhammer (MdB CDU\/CSU-Fraktion), Sepp M\u00fcller (MdB CDU\/CSU-Fraktion), Eckhard Pols (MdB CDU\/CSU-Fraktion), Michael Donth (MdB CDU\/CSU-Fraktion), Hilke Feddersen (Gesch\u00e4ftsf\u00fchrerin Naturpark L\u00fcneburger Heide), Kerstin Vieregge (MdB CDU\/CSU-Fraktion), Roland Sch\u00f6ttle (Gesch\u00e4ftsf\u00fchrer Naturpark S\u00fcdschwarzwald), Dr. Michael Arndt (Pr\u00e4sident VDN) und Antje Lezius (MdB CDU\/CSU-Fraktion). \u00a9 Holger Gro\u00df<\/p><\/div>\n<p><strong><em>Berlin\/Bonn, 25. April 2018.<\/em><\/strong> Vertreter aus \u00fcber 50 Naturparken in Deutschland haben in Berlin auf einem Parlamentarischen Abend des Verbandes Deutscher Naturparke (VDN) mit Abgeordneten des Deutschen Bundestags \u00fcber die Zukunftsperspektiven der Naturparke in Deutschland diskutiert. An der Veranstaltung in der Vertretung der Bundesl\u00e4nder Brandenburg und Mecklenburg-Vorpommern beim Bund haben 120 Personen teilgenommen, darunter 20 Bundestagsabgeordnete.<\/p>\n<p>&nbsp;<\/p>\n<p>Die Leistungen und Bedeutung der Naturparke f\u00fcr Naturschutz und Regionalentwicklung in ihren Bundesl\u00e4ndern haben J\u00f6rg Vogels\u00e4nger, Minister f\u00fcr L\u00e4ndliche Entwicklung, Umwelt und Landwirtschaft des Landes Brandenburg, und Dr. J\u00fcrgen Buchwald, Staatssekret\u00e4r im Ministerium f\u00fcr Landwirtschaft und Umwelt des Landes Mecklenburg-Vorpommern, in ihren Gru\u00dfworten hervorgehoben.<\/p>\n<p>&nbsp;<\/p>\n<p>Bei der Veranstaltung pr\u00e4sentierte der VDN Ergebnisse der ersten umfassenden Studie \u00fcber die Naturparke in Europa. Es gibt insgesamt ca. 900 Regionale Naturparke in 20 Mitgliedstaaten der EU sowie in der Schweiz und Norwegen. Zusammen nehmen sie acht Prozent der Fl\u00e4che der gesamten Europ\u00e4ischen Union ein. Deutlich wurde in der Studie, dass die Naturparke in Deutschland im Vergleich mit anderen europ\u00e4ischen Staaten keine ausreichende F\u00f6rderung erhalten, um die m\u00f6glichen Leistungen f\u00fcr Mensch und Natur in vollem Umfang erbringen zu k\u00f6nnen.<\/p>\n<p>&nbsp;<\/p>\n<p>Die Studie wurde gef\u00f6rdert vom Bundesamt f\u00fcr Naturschutz aus Mitteln des Bundesumweltministeriums. Inka Gnittke, Referatsleiterin Gebietsschutz, Natura 2000 im Bundesministerium f\u00fcr Umwelt, Naturschutz und nukleare Sicherheit, w\u00fcrdigte in ihrem Gru\u00dfwort die Pionierarbeit, die der VDN in diesem Projekt f\u00fcr die Naturparke auf europ\u00e4ischer Ebene geleistet hat.<\/p>\n<p>&nbsp;<\/p>\n<p>\u201eNaturparke sind Modellregionen f\u00fcr eine innovative und nachhaltige Entwicklung l\u00e4ndlicher R\u00e4ume\u201c, betonte VDN-Pr\u00e4sident Dr. Michael Arndt. \u201eDurch ihre Arbeit und ihre gro\u00dfe Erfahrung sind sie wichtige Partner der Bundesl\u00e4nder und Kommunen und sollten deshalb in zuk\u00fcnftige Programme zur l\u00e4ndlichen Entwicklung st\u00e4rker einbezogen werden.\u201c<\/p>\n<p>&nbsp;<\/p>\n<p>Auch im Bereich Bildung f\u00fcr nachhaltige Entwicklung sind Naturparke richtungsweisend und wichtige Partner f\u00fcr Schulen und andere Bildungsinstitutionen. Ihre Leistungen als integrative Schutzgebiete sollten gest\u00e4rkt werden. Da sie den Erhalt der biologischen Vielfalt mit nachhaltiger regionaler Entwicklung verbinden, k\u00f6nnen sie das R\u00fcckgrat f\u00fcr den Erhalt der vielf\u00e4ltigen Kulturlandschaften in Deutschland bilden.<\/p>\n<p>&nbsp;<\/p>\n<p>Der VDN sieht es als wichtig an, dass Naturparke in wichtige Naturschutz- und Schutzgebietskonzepte wie den \u201eAktionsplan Schutzgebiete\u201c und Natura 2000 st\u00e4rker einbezogen werden. Damit die Naturparke ihre m\u00f6glichen Leistungen f\u00fcr Mensch, Natur und Gesellschaft umsetzen k\u00f6nnen, ben\u00f6tigen sie nach Einsch\u00e4tzung des VDN bis 2030 Personal im Stundenumfang von mindestens sechs Vollzeitstellen sowie eine Koordinierungsstelle f\u00fcr die Naturparkarbeit in den einzelnen Bundesl\u00e4ndern. In Frankreich arbeiten in den regionalen Naturparken im Durchschnitt 35 Personen.<\/p>\n<p>&nbsp;<\/p>\n<p>Diese Punkte wurden im Rahmen einer Podiumsdiskussion diskutiert, an der die Bundestagsabgeordneten Artur Auernhammer MdB (CDU\/CSU-Fraktion), Carsten Tr\u00e4ger MdB (SPD Fraktion) und Stefan Schmidt MdB (Fraktion B\u00fcndnis 90\/Die Gr\u00fcnen) teilgenommen haben.<\/p>\n<p>&nbsp;<\/p>\n<p>Als Ergebnisse der Studie zu den Naturparken in Europa k\u00f6nnen das Buch \u201eLiving Landscapes\u201c sowie die Brosch\u00fcre \u201eLandschaften voller Leben\u201c mit den Projektergebnissen unter <a href=\"http:\/\/www.naturparke.de\/naturparke\/europa.html\">www.naturparke.de\/naturparke\/europa.html<\/a> heruntergeladen werden.<\/p>\n<p><a href=\"https:\/\/www.naturparke.de\/service\/presse\/pressemitteilungen\/nachricht\/zukunftsperspektiven-verband-deutscher-naturparke-fordert-staerkung-der-naturparke.html\" target=\"_blank\">Hier k\u00f6nnen Sie die Pressemitteilung downloaden.<\/a><\/p>\n<p>&nbsp;<\/p>\n<p>&nbsp;<\/p>\n","protected":false},"excerpt":{"rendered":"<p>TV-Journalistin Anja Kohl f\u00fchrte die \u00fcber 100 Teilnehmerinnen und Teilnehmer am 24. April durch das Programm des hochkar\u00e4tig besetzten Parlamentarischen Abends in Berlin. <\/p>\n","protected":false},"author":73,"featured_media":10031,"comment_status":"open","ping_status":"open","sticky":false,"template":"","format":"standard","meta":{"_links_to":"","_links_to_target":""},"categories":[7],"tags":[998,1160,674,1161,1150,665,1155,1154,1146,1158,1149,1153,1152,1147,1157,431,3154,1144,1156,528,1159,1151,1162,1148,1054,1145],"yoast_head":"<!-- This site is optimized with the Yoast SEO plugin v19.10 - https:\/\/yoast.com\/wordpress\/plugins\/seo\/ -->\n<title>\u201eZukunftsperspektiven\u201c Verband Deutscher Naturparke fordert St\u00e4rkung der Naturparke<\/title>\n<meta name=\"description\" content=\"TV-Journalistin Anja Kohl f\u00fchrte die \u00fcber 100 Teilnehmerinnen und Teilnehmer am 24. April durch das Programm des hochkar\u00e4tig besetzten Parlamentarischen Abends in Berlin.\" \/>\n<meta name=\"robots\" content=\"index, follow, max-snippet:-1, max-image-preview:large, max-video-preview:-1\" \/>\n<link rel=\"canonical\" href=\"https:\/\/www.naturparkmagazin.de\/vdn\/zukunftsperspektiven-verband-deutscher-naturparke-fordert-staerkung-der-naturparke\/\" \/>\n<meta property=\"og:locale\" content=\"de_DE\" \/>\n<meta property=\"og:type\" content=\"article\" \/>\n<meta property=\"og:title\" content=\"\u201eZukunftsperspektiven\u201c Verband Deutscher Naturparke fordert St\u00e4rkung der Naturparke\" \/>\n<meta property=\"og:description\" content=\"TV-Journalistin Anja Kohl f\u00fchrte die \u00fcber 100 Teilnehmerinnen und Teilnehmer am 24. April durch das Programm des hochkar\u00e4tig besetzten Parlamentarischen Abends in Berlin.\" \/>\n<meta property=\"og:url\" content=\"https:\/\/www.naturparkmagazin.de\/vdn\/zukunftsperspektiven-verband-deutscher-naturparke-fordert-staerkung-der-naturparke\/\" \/>\n<meta property=\"og:site_name\" content=\"Verband Deutscher Naturparke\" \/>\n<meta property=\"article:published_time\" content=\"2018-04-16T09:26:49+00:00\" \/>\n<meta property=\"article:modified_time\" content=\"2018-04-30T11:22:13+00:00\" \/>\n<meta property=\"og:image\" content=\"https:\/\/www.naturparkmagazin.de\/vdn\/wp-content\/uploads\/sites\/3\/MG_1703-bfcopy.jpg\" \/>\n\t<meta property=\"og:image:width\" content=\"200\" \/>\n\t<meta property=\"og:image:height\" content=\"200\" \/>\n\t<meta property=\"og:image:type\" content=\"image\/jpeg\" \/>\n<meta name=\"author\" content=\"manuelamerz\" \/>\n<meta name=\"twitter:label1\" content=\"Verfasst von\" \/>\n\t<meta name=\"twitter:data1\" content=\"manuelamerz\" \/>\n\t<meta name=\"twitter:label2\" content=\"Gesch\u00e4tzte Lesezeit\" \/>\n\t<meta name=\"twitter:data2\" content=\"3\u00a0Minuten\" \/>\n<script type=\"application\/ld+json\" class=\"yoast-schema-graph\">{\"@context\":\"https:\/\/schema.org\",\"@graph\":[{\"@type\":\"WebPage\",\"@id\":\"https:\/\/www.naturparkmagazin.de\/vdn\/zukunftsperspektiven-verband-deutscher-naturparke-fordert-staerkung-der-naturparke\/\",\"url\":\"https:\/\/www.naturparkmagazin.de\/vdn\/zukunftsperspektiven-verband-deutscher-naturparke-fordert-staerkung-der-naturparke\/\",\"name\":\"\u201eZukunftsperspektiven\u201c Verband Deutscher Naturparke fordert St\u00e4rkung der Naturparke\",\"isPartOf\":{\"@id\":\"https:\/\/www.naturparkmagazin.de\/vdn\/#website\"},\"datePublished\":\"2018-04-16T09:26:49+00:00\",\"dateModified\":\"2018-04-30T11:22:13+00:00\",\"author\":{\"@id\":\"https:\/\/www.naturparkmagazin.de\/vdn\/#\/schema\/person\/3cff9b8773ed55f0189255fa9adfd57c\"},\"description\":\"TV-Journalistin Anja Kohl f\u00fchrte die \u00fcber 100 Teilnehmerinnen und Teilnehmer am 24. April durch das Programm des hochkar\u00e4tig besetzten Parlamentarischen Abends in Berlin.\",\"breadcrumb\":{\"@id\":\"https:\/\/www.naturparkmagazin.de\/vdn\/zukunftsperspektiven-verband-deutscher-naturparke-fordert-staerkung-der-naturparke\/#breadcrumb\"},\"inLanguage\":\"de\",\"potentialAction\":[{\"@type\":\"ReadAction\",\"target\":[\"https:\/\/www.naturparkmagazin.de\/vdn\/zukunftsperspektiven-verband-deutscher-naturparke-fordert-staerkung-der-naturparke\/\"]}]},{\"@type\":\"BreadcrumbList\",\"@id\":\"https:\/\/www.naturparkmagazin.de\/vdn\/zukunftsperspektiven-verband-deutscher-naturparke-fordert-staerkung-der-naturparke\/#breadcrumb\",\"itemListElement\":[{\"@type\":\"ListItem\",\"position\":1,\"name\":\"Home\",\"item\":\"https:\/\/www.naturparkmagazin.de\/vdn\/\"},{\"@type\":\"ListItem\",\"position\":2,\"name\":\"\u201eZukunftsperspektiven\u201c Verband Deutscher Naturparke fordert St\u00e4rkung der Naturparke\"}]},{\"@type\":\"WebSite\",\"@id\":\"https:\/\/www.naturparkmagazin.de\/vdn\/#website\",\"url\":\"https:\/\/www.naturparkmagazin.de\/vdn\/\",\"name\":\"Verband Deutscher Naturparke\",\"description\":\"Eine weitere Naturparkmagazin.de Netzwerk Seite\",\"potentialAction\":[{\"@type\":\"SearchAction\",\"target\":{\"@type\":\"EntryPoint\",\"urlTemplate\":\"https:\/\/www.naturparkmagazin.de\/vdn\/?s={search_term_string}\"},\"query-input\":\"required name=search_term_string\"}],\"inLanguage\":\"de\"},{\"@type\":\"Person\",\"@id\":\"https:\/\/www.naturparkmagazin.de\/vdn\/#\/schema\/person\/3cff9b8773ed55f0189255fa9adfd57c\",\"name\":\"manuelamerz\",\"url\":\"https:\/\/www.naturparkmagazin.de\/vdn\/author\/manuelamerz\/\"}]}<\/script>\n<!-- \/ Yoast SEO plugin. -->","yoast_head_json":{"title":"\u201eZukunftsperspektiven\u201c Verband Deutscher Naturparke fordert St\u00e4rkung der Naturparke","description":"TV-Journalistin Anja Kohl f\u00fchrte die \u00fcber 100 Teilnehmerinnen und Teilnehmer am 24. April durch das Programm des hochkar\u00e4tig besetzten Parlamentarischen Abends in Berlin.","robots":{"index":"index","follow":"follow","max-snippet":"max-snippet:-1","max-image-preview":"max-image-preview:large","max-video-preview":"max-video-preview:-1"},"canonical":"https:\/\/www.naturparkmagazin.de\/vdn\/zukunftsperspektiven-verband-deutscher-naturparke-fordert-staerkung-der-naturparke\/","og_locale":"de_DE","og_type":"article","og_title":"\u201eZukunftsperspektiven\u201c Verband Deutscher Naturparke fordert St\u00e4rkung der Naturparke","og_description":"TV-Journalistin Anja Kohl f\u00fchrte die \u00fcber 100 Teilnehmerinnen und Teilnehmer am 24. April durch das Programm des hochkar\u00e4tig besetzten Parlamentarischen Abends in Berlin.","og_url":"https:\/\/www.naturparkmagazin.de\/vdn\/zukunftsperspektiven-verband-deutscher-naturparke-fordert-staerkung-der-naturparke\/","og_site_name":"Verband Deutscher Naturparke","article_published_time":"2018-04-16T09:26:49+00:00","article_modified_time":"2018-04-30T11:22:13+00:00","og_image":[{"width":200,"height":200,"url":"https:\/\/www.naturparkmagazin.de\/vdn\/wp-content\/uploads\/sites\/3\/MG_1703-bfcopy.jpg","type":"image\/jpeg"}],"author":"manuelamerz","twitter_misc":{"Verfasst von":"manuelamerz","Gesch\u00e4tzte Lesezeit":"3\u00a0Minuten"},"schema":{"@context":"https:\/\/schema.org","@graph":[{"@type":"WebPage","@id":"https:\/\/www.naturparkmagazin.de\/vdn\/zukunftsperspektiven-verband-deutscher-naturparke-fordert-staerkung-der-naturparke\/","url":"https:\/\/www.naturparkmagazin.de\/vdn\/zukunftsperspektiven-verband-deutscher-naturparke-fordert-staerkung-der-naturparke\/","name":"\u201eZukunftsperspektiven\u201c Verband Deutscher Naturparke fordert St\u00e4rkung der Naturparke","isPartOf":{"@id":"https:\/\/www.naturparkmagazin.de\/vdn\/#website"},"datePublished":"2018-04-16T09:26:49+00:00","dateModified":"2018-04-30T11:22:13+00:00","author":{"@id":"https:\/\/www.naturparkmagazin.de\/vdn\/#\/schema\/person\/3cff9b8773ed55f0189255fa9adfd57c"},"description":"TV-Journalistin Anja Kohl f\u00fchrte die \u00fcber 100 Teilnehmerinnen und Teilnehmer am 24. April durch das Programm des hochkar\u00e4tig besetzten Parlamentarischen Abends in Berlin.","breadcrumb":{"@id":"https:\/\/www.naturparkmagazin.de\/vdn\/zukunftsperspektiven-verband-deutscher-naturparke-fordert-staerkung-der-naturparke\/#breadcrumb"},"inLanguage":"de","potentialAction":[{"@type":"ReadAction","target":["https:\/\/www.naturparkmagazin.de\/vdn\/zukunftsperspektiven-verband-deutscher-naturparke-fordert-staerkung-der-naturparke\/"]}]},{"@type":"BreadcrumbList","@id":"https:\/\/www.naturparkmagazin.de\/vdn\/zukunftsperspektiven-verband-deutscher-naturparke-fordert-staerkung-der-naturparke\/#breadcrumb","itemListElement":[{"@type":"ListItem","position":1,"name":"Home","item":"https:\/\/www.naturparkmagazin.de\/vdn\/"},{"@type":"ListItem","position":2,"name":"\u201eZukunftsperspektiven\u201c Verband Deutscher Naturparke fordert St\u00e4rkung der Naturparke"}]},{"@type":"WebSite","@id":"https:\/\/www.naturparkmagazin.de\/vdn\/#website","url":"https:\/\/www.naturparkmagazin.de\/vdn\/","name":"Verband Deutscher Naturparke","description":"Eine weitere Naturparkmagazin.de Netzwerk Seite","potentialAction":[{"@type":"SearchAction","target":{"@type":"EntryPoint","urlTemplate":"https:\/\/www.naturparkmagazin.de\/vdn\/?s={search_term_string}"},"query-input":"required name=search_term_string"}],"inLanguage":"de"},{"@type":"Person","@id":"https:\/\/www.naturparkmagazin.de\/vdn\/#\/schema\/person\/3cff9b8773ed55f0189255fa9adfd57c","name":"manuelamerz","url":"https:\/\/www.naturparkmagazin.de\/vdn\/author\/manuelamerz\/"}]}},"_links":{"self":[{"href":"https:\/\/www.naturparkmagazin.de\/vdn\/wp-json\/wp\/v2\/posts\/10030"}],"collection":[{"href":"https:\/\/www.naturparkmagazin.de\/vdn\/wp-json\/wp\/v2\/posts"}],"about":[{"href":"https:\/\/www.naturparkmagazin.de\/vdn\/wp-json\/wp\/v2\/types\/post"}],"author":[{"embeddable":true,"href":"https:\/\/www.naturparkmagazin.de\/vdn\/wp-json\/wp\/v2\/users\/73"}],"replies":[{"embeddable":true,"href":"https:\/\/www.naturparkmagazin.de\/vdn\/wp-json\/wp\/v2\/comments?post=10030"}],"version-history":[{"count":5,"href":"https:\/\/www.naturparkmagazin.de\/vdn\/wp-json\/wp\/v2\/posts\/10030\/revisions"}],"predecessor-version":[{"id":10041,"href":"https:\/\/www.naturparkmagazin.de\/vdn\/wp-json\/wp\/v2\/posts\/10030\/revisions\/10041"}],"wp:featuredmedia":[{"embeddable":true,"href":"https:\/\/www.naturparkmagazin.de\/vdn\/wp-json\/wp\/v2\/media\/10031"}],"wp:attachment":[{"href":"https:\/\/www.naturparkmagazin.de\/vdn\/wp-json\/wp\/v2\/media?parent=10030"}],"wp:term":[{"taxonomy":"category","embeddable":true,"href":"https:\/\/www.naturparkmagazin.de\/vdn\/wp-json\/wp\/v2\/categories?post=10030"},{"taxonomy":"post_tag","embeddable":true,"href":"https:\/\/www.naturparkmagazin.de\/vdn\/wp-json\/wp\/v2\/tags?post=10030"}],"curies":[{"name":"wp","href":"https:\/\/api.w.org\/{rel}","templated":true}]}}