{"id":10061,"date":"2018-05-15T19:00:28","date_gmt":"2018-05-15T17:00:28","guid":{"rendered":"http:\/\/www.naturparkmagazin.de\/vdn\/?p=10061"},"modified":"2018-05-17T12:21:34","modified_gmt":"2018-05-17T10:21:34","slug":"erfolgreiches-engagement-20-jahre-naturpark-barnim","status":"publish","type":"post","link":"https:\/\/www.naturparkmagazin.de\/vdn\/erfolgreiches-engagement-20-jahre-naturpark-barnim\/","title":{"rendered":"\u201eErfolgreiches Engagement\u201c \u2013 20 Jahre Naturpark Barnim"},"content":{"rendered":"<div id=\"attachment_10064\" style=\"width: 510px\" class=\"wp-caption alignnone\"><a href=\"https:\/\/www.naturparkmagazin.de\/vdn\/wp-content\/uploads\/sites\/3\/IMG-20180425-WA0003b.jpg\"><img aria-describedby=\"caption-attachment-10064\" decoding=\"async\" loading=\"lazy\" class=\"size-full wp-image-10064\" src=\"https:\/\/www.naturparkmagazin.de\/vdn\/wp-content\/uploads\/sites\/3\/IMG-20180425-WA0003b.jpg\" alt=\"\u00a9 VDN\" width=\"500\" height=\"300\" srcset=\"https:\/\/www.naturparkmagazin.de\/vdn\/wp-content\/uploads\/sites\/3\/IMG-20180425-WA0003b.jpg 500w, https:\/\/www.naturparkmagazin.de\/vdn\/wp-content\/uploads\/sites\/3\/IMG-20180425-WA0003b-300x180.jpg 300w, https:\/\/www.naturparkmagazin.de\/vdn\/wp-content\/uploads\/sites\/3\/IMG-20180425-WA0003b-200x120.jpg 200w\" sizes=\"(max-width: 500px) 100vw, 500px\" \/><\/a><p id=\"caption-attachment-10064\" class=\"wp-caption-text\">\u00a9 VDN<\/p><\/div>\n<p>Auf der Jubil\u00e4umsveranstaltung \u201e20 Jahre Naturpark Barnim\u201c hat der Pr\u00e4sident des Verbandes Deutscher Naturparke (VDN), Dr. Michael Arndt, dem Naturpark zum 20j\u00e4hrigen Bestehen gratuliert. In Anwesenheit des Berliner Staatssekret\u00e4rs f\u00fcr Umwelt, Verkehr und Klimaschutz Stefan Tidow und des brandenburgischen Pr\u00e4sidenten des Landesamtes f\u00fcr Umwelt Dirk Illgenstein w\u00fcrdigte Arndt die langj\u00e4hrige erfolgreiche Arbeit des Naturparks Barnim f\u00fcr Mensch und Natur und das Engagement der vielen Aktiven vor Ort. Als besonderes Geschenk \u00fcberreichte er dem Leiter des Naturparks Dr. Peter G\u00e4rtner f\u00fcr die Dauerausstellung des BARNIM PANORAMA das auf 105 Naturparke aktualisierte und \u00fcberarbeitete Kunstwerk der brandenburgischen K\u00fcnstlerin Annelie Grund. 2013 war das Kunstwerk zum 50sten Jubil\u00e4um des VDN mit dem Ziel geschaffen worden, um die W\u00fcnsche und Visionen der Naturparke f\u00fcr das Jahr 2063 zu dokumentieren.<\/p>\n<p><a href=\"https:\/\/www.naturparke.de\/fileadmin\/files\/public\/Aktuelles\/Pressemitteilungen_pdf\/PM_04-2018-GFT_Barnim_final.pdf\" target=\"_blank\">&gt;&gt; Hier k\u00f6nnen Sie die Pressemitteilung downloaden<\/a><\/p>\n<p>&nbsp;<\/p>\n","protected":false},"excerpt":{"rendered":"<p>Auf der Jubil\u00e4umsveranstaltung \u201e20 Jahre Naturpark Barnim\u201c \u00fcberreichte VDN-Pr\u00e4sident Dr. Michael Arndt dem Naturpark das auf 105 Naturparke aktualisierte und \u00fcberarbeitete Kunstwerk \u201eVision 2063\u201c.<\/p>\n","protected":false},"author":73,"featured_media":10062,"comment_status":"open","ping_status":"open","sticky":false,"template":"","format":"standard","meta":{"_links_to":"","_links_to_target":""},"categories":[7],"tags":[1179,1178,1180,1182,1183,665,792,1184,691,1177,41,1054,1181],"yoast_head":"<!-- This site is optimized with the Yoast SEO plugin v19.10 - https:\/\/yoast.com\/wordpress\/plugins\/seo\/ -->\n<title>\u201eErfolgreiches Engagement\u201c \u2013 20 Jahre Naturpark Barnim<\/title>\n<meta name=\"description\" content=\"Auf der Jubil\u00e4umsveranstaltung \u201e20 Jahre Naturpark Barnim\u201c \u00fcberreichte VDN-Pr\u00e4sident Dr. Michael Arndt dem Naturpark das auf 105 Naturparke aktualisierte und \u00fcberarbeitete Kunstwerk \u201eVision 2063\u201c.\" \/>\n<meta name=\"robots\" content=\"index, follow, max-snippet:-1, max-image-preview:large, max-video-preview:-1\" \/>\n<link rel=\"canonical\" href=\"https:\/\/www.naturparkmagazin.de\/vdn\/erfolgreiches-engagement-20-jahre-naturpark-barnim\/\" \/>\n<meta property=\"og:locale\" content=\"de_DE\" \/>\n<meta property=\"og:type\" content=\"article\" \/>\n<meta property=\"og:title\" content=\"\u201eErfolgreiches Engagement\u201c \u2013 20 Jahre Naturpark Barnim\" \/>\n<meta property=\"og:description\" content=\"Auf der Jubil\u00e4umsveranstaltung \u201e20 Jahre Naturpark Barnim\u201c \u00fcberreichte VDN-Pr\u00e4sident Dr. Michael Arndt dem Naturpark das auf 105 Naturparke aktualisierte und \u00fcberarbeitete Kunstwerk \u201eVision 2063\u201c.\" \/>\n<meta property=\"og:url\" content=\"https:\/\/www.naturparkmagazin.de\/vdn\/erfolgreiches-engagement-20-jahre-naturpark-barnim\/\" \/>\n<meta property=\"og:site_name\" content=\"Verband Deutscher Naturparke\" \/>\n<meta property=\"article:published_time\" content=\"2018-05-15T17:00:28+00:00\" \/>\n<meta property=\"article:modified_time\" content=\"2018-05-17T10:21:34+00:00\" \/>\n<meta property=\"og:image\" content=\"https:\/\/www.naturparkmagazin.de\/vdn\/wp-content\/uploads\/sites\/3\/IMG-20180425-WA0002bf.jpg\" \/>\n\t<meta property=\"og:image:width\" content=\"200\" \/>\n\t<meta property=\"og:image:height\" content=\"200\" \/>\n\t<meta property=\"og:image:type\" content=\"image\/jpeg\" \/>\n<meta name=\"author\" content=\"manuelamerz\" \/>\n<meta name=\"twitter:label1\" content=\"Verfasst von\" \/>\n\t<meta name=\"twitter:data1\" content=\"manuelamerz\" \/>\n\t<meta name=\"twitter:label2\" content=\"Gesch\u00e4tzte Lesezeit\" \/>\n\t<meta name=\"twitter:data2\" content=\"1\u00a0Minute\" \/>\n<script type=\"application\/ld+json\" class=\"yoast-schema-graph\">{\"@context\":\"https:\/\/schema.org\",\"@graph\":[{\"@type\":\"WebPage\",\"@id\":\"https:\/\/www.naturparkmagazin.de\/vdn\/erfolgreiches-engagement-20-jahre-naturpark-barnim\/\",\"url\":\"https:\/\/www.naturparkmagazin.de\/vdn\/erfolgreiches-engagement-20-jahre-naturpark-barnim\/\",\"name\":\"\u201eErfolgreiches Engagement\u201c \u2013 20 Jahre Naturpark Barnim\",\"isPartOf\":{\"@id\":\"https:\/\/www.naturparkmagazin.de\/vdn\/#website\"},\"datePublished\":\"2018-05-15T17:00:28+00:00\",\"dateModified\":\"2018-05-17T10:21:34+00:00\",\"author\":{\"@id\":\"https:\/\/www.naturparkmagazin.de\/vdn\/#\/schema\/person\/3cff9b8773ed55f0189255fa9adfd57c\"},\"description\":\"Auf der Jubil\u00e4umsveranstaltung \u201e20 Jahre Naturpark Barnim\u201c \u00fcberreichte VDN-Pr\u00e4sident Dr. Michael Arndt dem Naturpark das auf 105 Naturparke aktualisierte und \u00fcberarbeitete Kunstwerk \u201eVision 2063\u201c.\",\"breadcrumb\":{\"@id\":\"https:\/\/www.naturparkmagazin.de\/vdn\/erfolgreiches-engagement-20-jahre-naturpark-barnim\/#breadcrumb\"},\"inLanguage\":\"de\",\"potentialAction\":[{\"@type\":\"ReadAction\",\"target\":[\"https:\/\/www.naturparkmagazin.de\/vdn\/erfolgreiches-engagement-20-jahre-naturpark-barnim\/\"]}]},{\"@type\":\"BreadcrumbList\",\"@id\":\"https:\/\/www.naturparkmagazin.de\/vdn\/erfolgreiches-engagement-20-jahre-naturpark-barnim\/#breadcrumb\",\"itemListElement\":[{\"@type\":\"ListItem\",\"position\":1,\"name\":\"Home\",\"item\":\"https:\/\/www.naturparkmagazin.de\/vdn\/\"},{\"@type\":\"ListItem\",\"position\":2,\"name\":\"\u201eErfolgreiches Engagement\u201c \u2013 20 Jahre Naturpark Barnim\"}]},{\"@type\":\"WebSite\",\"@id\":\"https:\/\/www.naturparkmagazin.de\/vdn\/#website\",\"url\":\"https:\/\/www.naturparkmagazin.de\/vdn\/\",\"name\":\"Verband Deutscher Naturparke\",\"description\":\"Eine weitere Naturparkmagazin.de Netzwerk Seite\",\"potentialAction\":[{\"@type\":\"SearchAction\",\"target\":{\"@type\":\"EntryPoint\",\"urlTemplate\":\"https:\/\/www.naturparkmagazin.de\/vdn\/?s={search_term_string}\"},\"query-input\":\"required name=search_term_string\"}],\"inLanguage\":\"de\"},{\"@type\":\"Person\",\"@id\":\"https:\/\/www.naturparkmagazin.de\/vdn\/#\/schema\/person\/3cff9b8773ed55f0189255fa9adfd57c\",\"name\":\"manuelamerz\",\"url\":\"https:\/\/www.naturparkmagazin.de\/vdn\/author\/manuelamerz\/\"}]}<\/script>\n<!-- \/ Yoast SEO plugin. -->","yoast_head_json":{"title":"\u201eErfolgreiches Engagement\u201c \u2013 20 Jahre Naturpark Barnim","description":"Auf der Jubil\u00e4umsveranstaltung \u201e20 Jahre Naturpark Barnim\u201c \u00fcberreichte VDN-Pr\u00e4sident Dr. Michael Arndt dem Naturpark das auf 105 Naturparke aktualisierte und \u00fcberarbeitete Kunstwerk \u201eVision 2063\u201c.","robots":{"index":"index","follow":"follow","max-snippet":"max-snippet:-1","max-image-preview":"max-image-preview:large","max-video-preview":"max-video-preview:-1"},"canonical":"https:\/\/www.naturparkmagazin.de\/vdn\/erfolgreiches-engagement-20-jahre-naturpark-barnim\/","og_locale":"de_DE","og_type":"article","og_title":"\u201eErfolgreiches Engagement\u201c \u2013 20 Jahre Naturpark Barnim","og_description":"Auf der Jubil\u00e4umsveranstaltung \u201e20 Jahre Naturpark Barnim\u201c \u00fcberreichte VDN-Pr\u00e4sident Dr. Michael Arndt dem Naturpark das auf 105 Naturparke aktualisierte und \u00fcberarbeitete Kunstwerk \u201eVision 2063\u201c.","og_url":"https:\/\/www.naturparkmagazin.de\/vdn\/erfolgreiches-engagement-20-jahre-naturpark-barnim\/","og_site_name":"Verband Deutscher Naturparke","article_published_time":"2018-05-15T17:00:28+00:00","article_modified_time":"2018-05-17T10:21:34+00:00","og_image":[{"width":200,"height":200,"url":"https:\/\/www.naturparkmagazin.de\/vdn\/wp-content\/uploads\/sites\/3\/IMG-20180425-WA0002bf.jpg","type":"image\/jpeg"}],"author":"manuelamerz","twitter_misc":{"Verfasst von":"manuelamerz","Gesch\u00e4tzte Lesezeit":"1\u00a0Minute"},"schema":{"@context":"https:\/\/schema.org","@graph":[{"@type":"WebPage","@id":"https:\/\/www.naturparkmagazin.de\/vdn\/erfolgreiches-engagement-20-jahre-naturpark-barnim\/","url":"https:\/\/www.naturparkmagazin.de\/vdn\/erfolgreiches-engagement-20-jahre-naturpark-barnim\/","name":"\u201eErfolgreiches Engagement\u201c \u2013 20 Jahre Naturpark Barnim","isPartOf":{"@id":"https:\/\/www.naturparkmagazin.de\/vdn\/#website"},"datePublished":"2018-05-15T17:00:28+00:00","dateModified":"2018-05-17T10:21:34+00:00","author":{"@id":"https:\/\/www.naturparkmagazin.de\/vdn\/#\/schema\/person\/3cff9b8773ed55f0189255fa9adfd57c"},"description":"Auf der Jubil\u00e4umsveranstaltung \u201e20 Jahre Naturpark Barnim\u201c \u00fcberreichte VDN-Pr\u00e4sident Dr. Michael Arndt dem Naturpark das auf 105 Naturparke aktualisierte und \u00fcberarbeitete Kunstwerk \u201eVision 2063\u201c.","breadcrumb":{"@id":"https:\/\/www.naturparkmagazin.de\/vdn\/erfolgreiches-engagement-20-jahre-naturpark-barnim\/#breadcrumb"},"inLanguage":"de","potentialAction":[{"@type":"ReadAction","target":["https:\/\/www.naturparkmagazin.de\/vdn\/erfolgreiches-engagement-20-jahre-naturpark-barnim\/"]}]},{"@type":"BreadcrumbList","@id":"https:\/\/www.naturparkmagazin.de\/vdn\/erfolgreiches-engagement-20-jahre-naturpark-barnim\/#breadcrumb","itemListElement":[{"@type":"ListItem","position":1,"name":"Home","item":"https:\/\/www.naturparkmagazin.de\/vdn\/"},{"@type":"ListItem","position":2,"name":"\u201eErfolgreiches Engagement\u201c \u2013 20 Jahre Naturpark Barnim"}]},{"@type":"WebSite","@id":"https:\/\/www.naturparkmagazin.de\/vdn\/#website","url":"https:\/\/www.naturparkmagazin.de\/vdn\/","name":"Verband Deutscher Naturparke","description":"Eine weitere Naturparkmagazin.de Netzwerk Seite","potentialAction":[{"@type":"SearchAction","target":{"@type":"EntryPoint","urlTemplate":"https:\/\/www.naturparkmagazin.de\/vdn\/?s={search_term_string}"},"query-input":"required name=search_term_string"}],"inLanguage":"de"},{"@type":"Person","@id":"https:\/\/www.naturparkmagazin.de\/vdn\/#\/schema\/person\/3cff9b8773ed55f0189255fa9adfd57c","name":"manuelamerz","url":"https:\/\/www.naturparkmagazin.de\/vdn\/author\/manuelamerz\/"}]}},"_links":{"self":[{"href":"https:\/\/www.naturparkmagazin.de\/vdn\/wp-json\/wp\/v2\/posts\/10061"}],"collection":[{"href":"https:\/\/www.naturparkmagazin.de\/vdn\/wp-json\/wp\/v2\/posts"}],"about":[{"href":"https:\/\/www.naturparkmagazin.de\/vdn\/wp-json\/wp\/v2\/types\/post"}],"author":[{"embeddable":true,"href":"https:\/\/www.naturparkmagazin.de\/vdn\/wp-json\/wp\/v2\/users\/73"}],"replies":[{"embeddable":true,"href":"https:\/\/www.naturparkmagazin.de\/vdn\/wp-json\/wp\/v2\/comments?post=10061"}],"version-history":[{"count":4,"href":"https:\/\/www.naturparkmagazin.de\/vdn\/wp-json\/wp\/v2\/posts\/10061\/revisions"}],"predecessor-version":[{"id":10135,"href":"https:\/\/www.naturparkmagazin.de\/vdn\/wp-json\/wp\/v2\/posts\/10061\/revisions\/10135"}],"wp:featuredmedia":[{"embeddable":true,"href":"https:\/\/www.naturparkmagazin.de\/vdn\/wp-json\/wp\/v2\/media\/10062"}],"wp:attachment":[{"href":"https:\/\/www.naturparkmagazin.de\/vdn\/wp-json\/wp\/v2\/media?parent=10061"}],"wp:term":[{"taxonomy":"category","embeddable":true,"href":"https:\/\/www.naturparkmagazin.de\/vdn\/wp-json\/wp\/v2\/categories?post=10061"},{"taxonomy":"post_tag","embeddable":true,"href":"https:\/\/www.naturparkmagazin.de\/vdn\/wp-json\/wp\/v2\/tags?post=10061"}],"curies":[{"name":"wp","href":"https:\/\/api.w.org\/{rel}","templated":true}]}}