{"id":10079,"date":"2018-05-16T18:00:22","date_gmt":"2018-05-16T16:00:22","guid":{"rendered":"http:\/\/www.naturparkmagazin.de\/vdn\/?p=10079"},"modified":"2018-06-20T12:51:37","modified_gmt":"2018-06-20T10:51:37","slug":"die-bechsteinfledermaus-im-steigerwald","status":"publish","type":"post","link":"https:\/\/www.naturparkmagazin.de\/vdn\/die-bechsteinfledermaus-im-steigerwald\/","title":{"rendered":"Die Bechsteinfledermaus im Steigerwald"},"content":{"rendered":"<div id=\"attachment_10080\" style=\"width: 510px\" class=\"wp-caption alignnone\"><a href=\"https:\/\/www.naturparkmagazin.de\/vdn\/wp-content\/uploads\/sites\/3\/Bechsteinfledermaus_C_S\u00c3\u2013DERb.jpg\"><img aria-describedby=\"caption-attachment-10080\" decoding=\"async\" loading=\"lazy\" class=\"size-full wp-image-10080\" src=\"https:\/\/www.naturparkmagazin.de\/vdn\/wp-content\/uploads\/sites\/3\/Bechsteinfledermaus_C_S\u00c3\u2013DERb.jpg\" alt=\"Bechsteinfledermaus im Fledermauskasten \u00a9 C. S\u00f6der\" width=\"500\" height=\"300\" srcset=\"https:\/\/www.naturparkmagazin.de\/vdn\/wp-content\/uploads\/sites\/3\/Bechsteinfledermaus_C_S\u00c3\u2013DERb.jpg 500w, https:\/\/www.naturparkmagazin.de\/vdn\/wp-content\/uploads\/sites\/3\/Bechsteinfledermaus_C_S\u00c3\u2013DERb-300x180.jpg 300w, https:\/\/www.naturparkmagazin.de\/vdn\/wp-content\/uploads\/sites\/3\/Bechsteinfledermaus_C_S\u00c3\u2013DERb-200x120.jpg 200w\" sizes=\"(max-width: 500px) 100vw, 500px\" \/><\/a><p id=\"caption-attachment-10080\" class=\"wp-caption-text\">Bechsteinfledermaus im Fledermauskasten \u00a9 C. S\u00f6der<\/p><\/div>\n<p><em>\u201eAls Bechsteinfledermaus ben\u00f6tige ich viele alte Baumh\u00f6hlen als Unterschlupf und finde diese in den alten Laubb\u00e4umen des Steigerwaldes. Dort bin ich Nachmieter in den alten H\u00f6hlen des Schwarzspechtes. Mit meinen gro\u00dfen Ohren finde ich Insekten und Spinnen selbst in dunkler Nacht.\u201c<\/em><\/p>\n<p>&nbsp;<\/p>\n<p>Flederm\u00e4use kann man vielerorts im Steigerwald nach Einbruch der Dunkelheit oder am fr\u00fchen Morgen, wenn sie in ihre Quartiere zur\u00fcckkehren, beobachten. Wissenswertes \u00fcber die \u201eFlattertiere\u201c vermittelt ein Besuch im \u201eFlatterhaus\u201c in Iphofen-Hellmitzheim (<a href=\"http:\/\/www.flatterhaus.lbv.de\">www.flatterhaus.lbv.de<\/a>).<\/p>\n<p>Am Samstag, 11. August 2018, um 19:30 Uhr veranstaltet der Naturpark Steigerwald e.V. eine F\u00fchrung durch das Flatterhaus mit anschlie\u00dfender Fledermausbeobachtung. Anmeldung unter <a href=\"mailto:info@steigerwald-naturpark.de\">info@steigerwald-naturpark.de<\/a>.<\/p>\n<p>&nbsp;<\/p>\n","protected":false},"excerpt":{"rendered":"<p>Die Bechsteinfledermaus ist ein typischer Bewohner des Naturparks Steigerwald. In den naturbelassenen Laubw\u00e4ldern f\u00fchlt sie sich besonders wohl.<\/p>\n","protected":false},"author":73,"featured_media":10081,"comment_status":"open","ping_status":"open","sticky":false,"template":"","format":"standard","meta":{"_links_to":"","_links_to_target":""},"categories":[8],"tags":[1211,1212,1213,1191],"yoast_head":"<!-- This site is optimized with the Yoast SEO plugin v19.10 - https:\/\/yoast.com\/wordpress\/plugins\/seo\/ -->\n<title>Die Bechsteinfledermaus im Steigerwald<\/title>\n<meta name=\"description\" content=\"Die Bechsteinfledermaus ist ein typischer Bewohner des Naturparks Steigerwald. In den naturbelassenen Laubw\u00e4ldern f\u00fchlt sie sich besonders wohl.\" \/>\n<meta name=\"robots\" content=\"index, follow, max-snippet:-1, max-image-preview:large, max-video-preview:-1\" \/>\n<link rel=\"canonical\" href=\"https:\/\/www.naturparkmagazin.de\/vdn\/die-bechsteinfledermaus-im-steigerwald\/\" \/>\n<meta property=\"og:locale\" content=\"de_DE\" \/>\n<meta property=\"og:type\" content=\"article\" \/>\n<meta property=\"og:title\" content=\"Die Bechsteinfledermaus im Steigerwald\" \/>\n<meta property=\"og:description\" content=\"Die Bechsteinfledermaus ist ein typischer Bewohner des Naturparks Steigerwald. In den naturbelassenen Laubw\u00e4ldern f\u00fchlt sie sich besonders wohl.\" \/>\n<meta property=\"og:url\" content=\"https:\/\/www.naturparkmagazin.de\/vdn\/die-bechsteinfledermaus-im-steigerwald\/\" \/>\n<meta property=\"og:site_name\" content=\"Verband Deutscher Naturparke\" \/>\n<meta property=\"article:published_time\" content=\"2018-05-16T16:00:22+00:00\" \/>\n<meta property=\"article:modified_time\" content=\"2018-06-20T10:51:37+00:00\" \/>\n<meta property=\"og:image\" content=\"https:\/\/www.naturparkmagazin.de\/vdn\/wp-content\/uploads\/sites\/3\/Bechsteinfledermaus_C_S\u00c3\u2013DERbf.jpg\" \/>\n\t<meta property=\"og:image:width\" content=\"200\" \/>\n\t<meta property=\"og:image:height\" content=\"200\" \/>\n\t<meta property=\"og:image:type\" content=\"image\/jpeg\" \/>\n<meta name=\"author\" content=\"manuelamerz\" \/>\n<meta name=\"twitter:label1\" content=\"Verfasst von\" \/>\n\t<meta name=\"twitter:data1\" content=\"manuelamerz\" \/>\n\t<meta name=\"twitter:label2\" content=\"Gesch\u00e4tzte Lesezeit\" \/>\n\t<meta name=\"twitter:data2\" content=\"1\u00a0Minute\" \/>\n<script type=\"application\/ld+json\" class=\"yoast-schema-graph\">{\"@context\":\"https:\/\/schema.org\",\"@graph\":[{\"@type\":\"WebPage\",\"@id\":\"https:\/\/www.naturparkmagazin.de\/vdn\/die-bechsteinfledermaus-im-steigerwald\/\",\"url\":\"https:\/\/www.naturparkmagazin.de\/vdn\/die-bechsteinfledermaus-im-steigerwald\/\",\"name\":\"Die Bechsteinfledermaus im Steigerwald\",\"isPartOf\":{\"@id\":\"https:\/\/www.naturparkmagazin.de\/vdn\/#website\"},\"datePublished\":\"2018-05-16T16:00:22+00:00\",\"dateModified\":\"2018-06-20T10:51:37+00:00\",\"author\":{\"@id\":\"https:\/\/www.naturparkmagazin.de\/vdn\/#\/schema\/person\/3cff9b8773ed55f0189255fa9adfd57c\"},\"description\":\"Die Bechsteinfledermaus ist ein typischer Bewohner des Naturparks Steigerwald. In den naturbelassenen Laubw\u00e4ldern f\u00fchlt sie sich besonders wohl.\",\"breadcrumb\":{\"@id\":\"https:\/\/www.naturparkmagazin.de\/vdn\/die-bechsteinfledermaus-im-steigerwald\/#breadcrumb\"},\"inLanguage\":\"de\",\"potentialAction\":[{\"@type\":\"ReadAction\",\"target\":[\"https:\/\/www.naturparkmagazin.de\/vdn\/die-bechsteinfledermaus-im-steigerwald\/\"]}]},{\"@type\":\"BreadcrumbList\",\"@id\":\"https:\/\/www.naturparkmagazin.de\/vdn\/die-bechsteinfledermaus-im-steigerwald\/#breadcrumb\",\"itemListElement\":[{\"@type\":\"ListItem\",\"position\":1,\"name\":\"Home\",\"item\":\"https:\/\/www.naturparkmagazin.de\/vdn\/\"},{\"@type\":\"ListItem\",\"position\":2,\"name\":\"Die Bechsteinfledermaus im Steigerwald\"}]},{\"@type\":\"WebSite\",\"@id\":\"https:\/\/www.naturparkmagazin.de\/vdn\/#website\",\"url\":\"https:\/\/www.naturparkmagazin.de\/vdn\/\",\"name\":\"Verband Deutscher Naturparke\",\"description\":\"Eine weitere Naturparkmagazin.de Netzwerk Seite\",\"potentialAction\":[{\"@type\":\"SearchAction\",\"target\":{\"@type\":\"EntryPoint\",\"urlTemplate\":\"https:\/\/www.naturparkmagazin.de\/vdn\/?s={search_term_string}\"},\"query-input\":\"required name=search_term_string\"}],\"inLanguage\":\"de\"},{\"@type\":\"Person\",\"@id\":\"https:\/\/www.naturparkmagazin.de\/vdn\/#\/schema\/person\/3cff9b8773ed55f0189255fa9adfd57c\",\"name\":\"manuelamerz\",\"url\":\"https:\/\/www.naturparkmagazin.de\/vdn\/author\/manuelamerz\/\"}]}<\/script>\n<!-- \/ Yoast SEO plugin. -->","yoast_head_json":{"title":"Die Bechsteinfledermaus im Steigerwald","description":"Die Bechsteinfledermaus ist ein typischer Bewohner des Naturparks Steigerwald. In den naturbelassenen Laubw\u00e4ldern f\u00fchlt sie sich besonders wohl.","robots":{"index":"index","follow":"follow","max-snippet":"max-snippet:-1","max-image-preview":"max-image-preview:large","max-video-preview":"max-video-preview:-1"},"canonical":"https:\/\/www.naturparkmagazin.de\/vdn\/die-bechsteinfledermaus-im-steigerwald\/","og_locale":"de_DE","og_type":"article","og_title":"Die Bechsteinfledermaus im Steigerwald","og_description":"Die Bechsteinfledermaus ist ein typischer Bewohner des Naturparks Steigerwald. In den naturbelassenen Laubw\u00e4ldern f\u00fchlt sie sich besonders wohl.","og_url":"https:\/\/www.naturparkmagazin.de\/vdn\/die-bechsteinfledermaus-im-steigerwald\/","og_site_name":"Verband Deutscher Naturparke","article_published_time":"2018-05-16T16:00:22+00:00","article_modified_time":"2018-06-20T10:51:37+00:00","og_image":[{"width":200,"height":200,"url":"https:\/\/www.naturparkmagazin.de\/vdn\/wp-content\/uploads\/sites\/3\/Bechsteinfledermaus_C_S\u00c3\u2013DERbf.jpg","type":"image\/jpeg"}],"author":"manuelamerz","twitter_misc":{"Verfasst von":"manuelamerz","Gesch\u00e4tzte Lesezeit":"1\u00a0Minute"},"schema":{"@context":"https:\/\/schema.org","@graph":[{"@type":"WebPage","@id":"https:\/\/www.naturparkmagazin.de\/vdn\/die-bechsteinfledermaus-im-steigerwald\/","url":"https:\/\/www.naturparkmagazin.de\/vdn\/die-bechsteinfledermaus-im-steigerwald\/","name":"Die Bechsteinfledermaus im Steigerwald","isPartOf":{"@id":"https:\/\/www.naturparkmagazin.de\/vdn\/#website"},"datePublished":"2018-05-16T16:00:22+00:00","dateModified":"2018-06-20T10:51:37+00:00","author":{"@id":"https:\/\/www.naturparkmagazin.de\/vdn\/#\/schema\/person\/3cff9b8773ed55f0189255fa9adfd57c"},"description":"Die Bechsteinfledermaus ist ein typischer Bewohner des Naturparks Steigerwald. In den naturbelassenen Laubw\u00e4ldern f\u00fchlt sie sich besonders wohl.","breadcrumb":{"@id":"https:\/\/www.naturparkmagazin.de\/vdn\/die-bechsteinfledermaus-im-steigerwald\/#breadcrumb"},"inLanguage":"de","potentialAction":[{"@type":"ReadAction","target":["https:\/\/www.naturparkmagazin.de\/vdn\/die-bechsteinfledermaus-im-steigerwald\/"]}]},{"@type":"BreadcrumbList","@id":"https:\/\/www.naturparkmagazin.de\/vdn\/die-bechsteinfledermaus-im-steigerwald\/#breadcrumb","itemListElement":[{"@type":"ListItem","position":1,"name":"Home","item":"https:\/\/www.naturparkmagazin.de\/vdn\/"},{"@type":"ListItem","position":2,"name":"Die Bechsteinfledermaus im Steigerwald"}]},{"@type":"WebSite","@id":"https:\/\/www.naturparkmagazin.de\/vdn\/#website","url":"https:\/\/www.naturparkmagazin.de\/vdn\/","name":"Verband Deutscher Naturparke","description":"Eine weitere Naturparkmagazin.de Netzwerk Seite","potentialAction":[{"@type":"SearchAction","target":{"@type":"EntryPoint","urlTemplate":"https:\/\/www.naturparkmagazin.de\/vdn\/?s={search_term_string}"},"query-input":"required name=search_term_string"}],"inLanguage":"de"},{"@type":"Person","@id":"https:\/\/www.naturparkmagazin.de\/vdn\/#\/schema\/person\/3cff9b8773ed55f0189255fa9adfd57c","name":"manuelamerz","url":"https:\/\/www.naturparkmagazin.de\/vdn\/author\/manuelamerz\/"}]}},"_links":{"self":[{"href":"https:\/\/www.naturparkmagazin.de\/vdn\/wp-json\/wp\/v2\/posts\/10079"}],"collection":[{"href":"https:\/\/www.naturparkmagazin.de\/vdn\/wp-json\/wp\/v2\/posts"}],"about":[{"href":"https:\/\/www.naturparkmagazin.de\/vdn\/wp-json\/wp\/v2\/types\/post"}],"author":[{"embeddable":true,"href":"https:\/\/www.naturparkmagazin.de\/vdn\/wp-json\/wp\/v2\/users\/73"}],"replies":[{"embeddable":true,"href":"https:\/\/www.naturparkmagazin.de\/vdn\/wp-json\/wp\/v2\/comments?post=10079"}],"version-history":[{"count":3,"href":"https:\/\/www.naturparkmagazin.de\/vdn\/wp-json\/wp\/v2\/posts\/10079\/revisions"}],"predecessor-version":[{"id":10103,"href":"https:\/\/www.naturparkmagazin.de\/vdn\/wp-json\/wp\/v2\/posts\/10079\/revisions\/10103"}],"wp:featuredmedia":[{"embeddable":true,"href":"https:\/\/www.naturparkmagazin.de\/vdn\/wp-json\/wp\/v2\/media\/10081"}],"wp:attachment":[{"href":"https:\/\/www.naturparkmagazin.de\/vdn\/wp-json\/wp\/v2\/media?parent=10079"}],"wp:term":[{"taxonomy":"category","embeddable":true,"href":"https:\/\/www.naturparkmagazin.de\/vdn\/wp-json\/wp\/v2\/categories?post=10079"},{"taxonomy":"post_tag","embeddable":true,"href":"https:\/\/www.naturparkmagazin.de\/vdn\/wp-json\/wp\/v2\/tags?post=10079"}],"curies":[{"name":"wp","href":"https:\/\/api.w.org\/{rel}","templated":true}]}}