{"id":10082,"date":"2018-05-16T18:18:04","date_gmt":"2018-05-16T16:18:04","guid":{"rendered":"http:\/\/www.naturparkmagazin.de\/vdn\/?p=10082"},"modified":"2018-06-20T14:25:57","modified_gmt":"2018-06-20T12:25:57","slug":"naturpark-steigerwald","status":"publish","type":"post","link":"https:\/\/www.naturparkmagazin.de\/vdn\/naturpark-steigerwald\/","title":{"rendered":"Naturpark Steigerwald"},"content":{"rendered":"<div id=\"attachment_10083\" style=\"width: 510px\" class=\"wp-caption alignnone\"><a href=\"https:\/\/www.naturparkmagazin.de\/vdn\/wp-content\/uploads\/sites\/3\/03_dsc1481b.jpg\"><img aria-describedby=\"caption-attachment-10083\" decoding=\"async\" loading=\"lazy\" class=\"size-full wp-image-10083\" src=\"https:\/\/www.naturparkmagazin.de\/vdn\/wp-content\/uploads\/sites\/3\/03_dsc1481b.jpg\" alt=\"\u00a9 TVF\/TV Steigerwald\/Hub\" width=\"500\" height=\"300\" srcset=\"https:\/\/www.naturparkmagazin.de\/vdn\/wp-content\/uploads\/sites\/3\/03_dsc1481b.jpg 500w, https:\/\/www.naturparkmagazin.de\/vdn\/wp-content\/uploads\/sites\/3\/03_dsc1481b-300x180.jpg 300w, https:\/\/www.naturparkmagazin.de\/vdn\/wp-content\/uploads\/sites\/3\/03_dsc1481b-200x120.jpg 200w\" sizes=\"(max-width: 500px) 100vw, 500px\" \/><\/a><p id=\"caption-attachment-10083\" class=\"wp-caption-text\">\u00a9 TVF\/TV Steigerwald\/Hub<\/p><\/div>\n<p>Der Steigerwald ist das Herzst\u00fcck des fr\u00e4nkischen Keuperlandes, das sich von den Ha\u00dfbergen n\u00f6rdlich des Mains bis hin zur Frankenh\u00f6he im S\u00fcden zieht. Auf 128.000 ha erstreckt sich das Gebiet des Naturparkes, dessen H\u00f6henz\u00fcge bis zu 500 Meter aufragen. Der Sonne zugewandt wachsen am West- und S\u00fcdtrauf die fruchtigen Trauben f\u00fcr den Frankenwein, der seinen Geschmack aus diesen sonnenverw\u00f6hnten H\u00e4ngen zieht. Auf dem Steigerwald-Panoramaweg, einem zertifizierten Qualit\u00e4tswanderweg , der auf 160 von Bad Windsheim nach Bamberg f\u00fchrt, kann man diese Landschaft mit herrlichen Aussichtspunkten weit ins Maintal genie\u00dfen.<\/p>\n<p>Der Norden des Steigerwaldes ist gepr\u00e4gt von ausgedehnten Buchenw\u00e4ldern. Mehr als dreihundert Jahresringe verbirgt die Rinde dieser uralten B\u00e4ume, die \u00fcber 40 Meter in den fr\u00e4nkischen Himmel ragen.<\/p>\n<div id=\"attachment_10086\" style=\"width: 510px\" class=\"wp-caption alignnone\"><a href=\"https:\/\/www.naturparkmagazin.de\/vdn\/wp-content\/uploads\/sites\/3\/15T3934b.jpg\"><img aria-describedby=\"caption-attachment-10086\" decoding=\"async\" loading=\"lazy\" class=\"size-full wp-image-10086\" src=\"https:\/\/www.naturparkmagazin.de\/vdn\/wp-content\/uploads\/sites\/3\/15T3934b.jpg\" alt=\"Mittelfr\u00e4nkische Bocksbeutelstra\u00dfe \u00a9 Trykowski\" width=\"500\" height=\"300\" srcset=\"https:\/\/www.naturparkmagazin.de\/vdn\/wp-content\/uploads\/sites\/3\/15T3934b.jpg 500w, https:\/\/www.naturparkmagazin.de\/vdn\/wp-content\/uploads\/sites\/3\/15T3934b-300x180.jpg 300w, https:\/\/www.naturparkmagazin.de\/vdn\/wp-content\/uploads\/sites\/3\/15T3934b-200x120.jpg 200w\" sizes=\"(max-width: 500px) 100vw, 500px\" \/><\/a><p id=\"caption-attachment-10086\" class=\"wp-caption-text\">\u00a0\u00a9 Trykowski<\/p><\/div>\n<p>In den w\u00e4hrend des Sommers dicht geschlossenen, lichtarmen Buchenw\u00e4ldern bl\u00fchen schon im ersten Vorfr\u00fchling Seidelbast, Buschwindr\u00f6schen, Leberbl\u00fcmchen und Immergr\u00fcn. Nur an feuchten Hangf\u00fc\u00dfen und entlang der Rinnsale und B\u00e4che entfaltet sich auch sp\u00e4ter im Jahr eine \u00fcppige Flora mit T\u00fcrkenbund, Waldgei\u00dfbart, Aronstab, Salomonssiegel und vielen anderen Arten mehr.<\/p>\n<p>Die W\u00e4lder beherbergen mit Schwarz- Gr\u00fcn-, und Grau-, und Buntspecht, Waldkauz, Trauer-, Halsbandschn\u00e4pper und mit dem winzigen Zwergschn\u00e4pper eine eigene Vogelwelt, die in dieser Artenzusammensetzung und H\u00e4ufigkeit anderswo bereits verschwunden ist. Besonders die Spechte finden hier noch ausreichend Gelegenheit, in uralten Baumriesen an anbr\u00fcchigen Stellen oder von Faul\u00e4sten aus ihre kunstvollen H\u00f6hlen zu zimmern.<\/p>\n<div id=\"attachment_10087\" style=\"width: 310px\" class=\"wp-caption alignnone\"><a href=\"https:\/\/www.naturparkmagazin.de\/vdn\/wp-content\/uploads\/sites\/3\/kopie-von-nachschubb.jpg\"><img aria-describedby=\"caption-attachment-10087\" decoding=\"async\" loading=\"lazy\" class=\"size-full wp-image-10087\" src=\"https:\/\/www.naturparkmagazin.de\/vdn\/wp-content\/uploads\/sites\/3\/kopie-von-nachschubb.jpg\" alt=\"Nachschub \u00a9 VDN\/Werner\" width=\"300\" height=\"500\" srcset=\"https:\/\/www.naturparkmagazin.de\/vdn\/wp-content\/uploads\/sites\/3\/kopie-von-nachschubb.jpg 300w, https:\/\/www.naturparkmagazin.de\/vdn\/wp-content\/uploads\/sites\/3\/kopie-von-nachschubb-200x333.jpg 200w\" sizes=\"(max-width: 300px) 100vw, 300px\" \/><\/a><p id=\"caption-attachment-10087\" class=\"wp-caption-text\">Nachschub \u00a9 VDN\/Werner<\/p><\/div>\n<p>Weiter im S\u00fcden \u00f6ffnet sich die Landschaft. Wiesen, Felder und weite Talauen bilden hier ein harmonisches Landschaftsbild. Im Aischtal, das im Osten an den Naturpark angrenzt, reihen sich tausende von Karpfenweihern wie Perlen aneinander. Der Aischgr\u00fcnder Karpfen wird als Regionalprodukt par excellence jedes Jahr von September bis April in den typisch fr\u00e4nkischen Gastwirtschaften serviert<\/p>\n<p>&nbsp;<\/p>\n<div id=\"attachment_10085\" style=\"width: 510px\" class=\"wp-caption alignnone\"><a href=\"https:\/\/www.naturparkmagazin.de\/vdn\/wp-content\/uploads\/sites\/3\/Hub_Eltmann_Steigerwald_Kulturlandschaft_DSC5544b.jpg\"><img aria-describedby=\"caption-attachment-10085\" decoding=\"async\" loading=\"lazy\" class=\"size-full wp-image-10085\" src=\"https:\/\/www.naturparkmagazin.de\/vdn\/wp-content\/uploads\/sites\/3\/Hub_Eltmann_Steigerwald_Kulturlandschaft_DSC5544b.jpg\" alt=\"\u00a9 TV Steigerwald\/Hub\/Flussparadies Franken\" width=\"500\" height=\"300\" srcset=\"https:\/\/www.naturparkmagazin.de\/vdn\/wp-content\/uploads\/sites\/3\/Hub_Eltmann_Steigerwald_Kulturlandschaft_DSC5544b.jpg 500w, https:\/\/www.naturparkmagazin.de\/vdn\/wp-content\/uploads\/sites\/3\/Hub_Eltmann_Steigerwald_Kulturlandschaft_DSC5544b-300x180.jpg 300w, https:\/\/www.naturparkmagazin.de\/vdn\/wp-content\/uploads\/sites\/3\/Hub_Eltmann_Steigerwald_Kulturlandschaft_DSC5544b-200x120.jpg 200w\" sizes=\"(max-width: 500px) 100vw, 500px\" \/><\/a><p id=\"caption-attachment-10085\" class=\"wp-caption-text\">\u00a9 TV Steigerwald\/Hub\/Flussparadies Franken<\/p><\/div>\n<p>Herrliche Fachwerkbauten, historische Altst\u00e4dte, blumengeschm\u00fcckte D\u00f6rfer und dann gleich wieder bl\u00fchende Natur geben sich im Steigerwald st\u00e4ndig die Hand. Museen, Kl\u00f6ster, Burgen und Schl\u00f6sser lassen spannende Geschichte hautnah sp\u00fcren. Die Kurstadt Bad Windsheim ist mittelalterliche Reichsstadt, hier ergie\u00dft aber auch eine Solequelle ihr Wasser. Im Salzsee mit einem Solegehalt von 24 bis 26 % kann man sich in der Franken-Therme ein Bad f\u00fcr Gesundheit g\u00f6nnen und vor einer Landschaft von unverwechselbarer Eigenart entspannen.<\/p>\n<p><strong>\n<\/strong><\/p>\n<p><strong><a href=\"http:\/\/www.steigerwald-naturpark.de\" target=\"_blank\">Weitere Infos finden Sie hier<\/a><\/strong><\/p>\n<p>&nbsp;<\/p>\n<p>&nbsp;<\/p>\n<p>&nbsp;<\/p>\n<p>&nbsp;<\/p>\n","protected":false},"excerpt":{"rendered":"<p>Das sanfte, waldreiche Mittelgebirge des Naturparks Steigerwald liegt zwischen W\u00fcrzburg, Bamberg und N\u00fcrnberg und \u00fcberrascht mit seiner Vielfalt: Uralte W\u00e4lder, sonnige Weinberge, historische St\u00e4dtchen, Fl\u00fcsse und Teiche, H\u00f6hen und Weite. Eine Natur, die anregt zum Haltmachen und Genie\u00dfen. <\/p>\n","protected":false},"author":73,"featured_media":10084,"comment_status":"open","ping_status":"open","sticky":false,"template":"","format":"standard","meta":{"_links_to":"","_links_to_target":""},"categories":[15],"tags":[1208,1199,1200,1205,1210,1195,1196,1192,1204,1203,1207,1193,1194,1201,1191,1202,1209,1197,1206,1198],"yoast_head":"<!-- This site is optimized with the Yoast SEO plugin v19.10 - https:\/\/yoast.com\/wordpress\/plugins\/seo\/ -->\n<title>Naturpark Steigerwald<\/title>\n<meta name=\"description\" content=\"Das sanfte, waldreiche Mittelgebirge des Naturparks Steigerwald liegt zwischen W\u00fcrzburg, Bamberg und N\u00fcrnberg und \u00fcberrascht mit seiner Vielfalt: Uralte W\u00e4lder, sonnige Weinberge, historische St\u00e4dtchen, Fl\u00fcsse und Teiche, H\u00f6hen und Weite. Eine Natur, die anregt zum Haltmachen und Genie\u00dfen.\" \/>\n<meta name=\"robots\" content=\"index, follow, max-snippet:-1, max-image-preview:large, max-video-preview:-1\" \/>\n<link rel=\"canonical\" href=\"https:\/\/www.naturparkmagazin.de\/vdn\/naturpark-steigerwald\/\" \/>\n<meta property=\"og:locale\" content=\"de_DE\" \/>\n<meta property=\"og:type\" content=\"article\" \/>\n<meta property=\"og:title\" content=\"Naturpark Steigerwald\" \/>\n<meta property=\"og:description\" content=\"Das sanfte, waldreiche Mittelgebirge des Naturparks Steigerwald liegt zwischen W\u00fcrzburg, Bamberg und N\u00fcrnberg und \u00fcberrascht mit seiner Vielfalt: Uralte W\u00e4lder, sonnige Weinberge, historische St\u00e4dtchen, Fl\u00fcsse und Teiche, H\u00f6hen und Weite. Eine Natur, die anregt zum Haltmachen und Genie\u00dfen.\" \/>\n<meta property=\"og:url\" content=\"https:\/\/www.naturparkmagazin.de\/vdn\/naturpark-steigerwald\/\" \/>\n<meta property=\"og:site_name\" content=\"Verband Deutscher Naturparke\" \/>\n<meta property=\"article:published_time\" content=\"2018-05-16T16:18:04+00:00\" \/>\n<meta property=\"article:modified_time\" content=\"2018-06-20T12:25:57+00:00\" \/>\n<meta property=\"og:image\" content=\"https:\/\/www.naturparkmagazin.de\/vdn\/wp-content\/uploads\/sites\/3\/03_dsc1481bf.jpg\" \/>\n\t<meta property=\"og:image:width\" content=\"200\" \/>\n\t<meta property=\"og:image:height\" content=\"200\" \/>\n\t<meta property=\"og:image:type\" content=\"image\/jpeg\" \/>\n<meta name=\"author\" content=\"manuelamerz\" \/>\n<meta name=\"twitter:label1\" content=\"Verfasst von\" \/>\n\t<meta name=\"twitter:data1\" content=\"manuelamerz\" \/>\n\t<meta name=\"twitter:label2\" content=\"Gesch\u00e4tzte Lesezeit\" \/>\n\t<meta name=\"twitter:data2\" content=\"2\u00a0Minuten\" \/>\n<script type=\"application\/ld+json\" class=\"yoast-schema-graph\">{\"@context\":\"https:\/\/schema.org\",\"@graph\":[{\"@type\":\"WebPage\",\"@id\":\"https:\/\/www.naturparkmagazin.de\/vdn\/naturpark-steigerwald\/\",\"url\":\"https:\/\/www.naturparkmagazin.de\/vdn\/naturpark-steigerwald\/\",\"name\":\"Naturpark Steigerwald\",\"isPartOf\":{\"@id\":\"https:\/\/www.naturparkmagazin.de\/vdn\/#website\"},\"datePublished\":\"2018-05-16T16:18:04+00:00\",\"dateModified\":\"2018-06-20T12:25:57+00:00\",\"author\":{\"@id\":\"https:\/\/www.naturparkmagazin.de\/vdn\/#\/schema\/person\/3cff9b8773ed55f0189255fa9adfd57c\"},\"description\":\"Das sanfte, waldreiche Mittelgebirge des Naturparks Steigerwald liegt zwischen W\u00fcrzburg, Bamberg und N\u00fcrnberg und \u00fcberrascht mit seiner Vielfalt: Uralte W\u00e4lder, sonnige Weinberge, historische St\u00e4dtchen, Fl\u00fcsse und Teiche, H\u00f6hen und Weite. Eine Natur, die anregt zum Haltmachen und Genie\u00dfen.\",\"breadcrumb\":{\"@id\":\"https:\/\/www.naturparkmagazin.de\/vdn\/naturpark-steigerwald\/#breadcrumb\"},\"inLanguage\":\"de\",\"potentialAction\":[{\"@type\":\"ReadAction\",\"target\":[\"https:\/\/www.naturparkmagazin.de\/vdn\/naturpark-steigerwald\/\"]}]},{\"@type\":\"BreadcrumbList\",\"@id\":\"https:\/\/www.naturparkmagazin.de\/vdn\/naturpark-steigerwald\/#breadcrumb\",\"itemListElement\":[{\"@type\":\"ListItem\",\"position\":1,\"name\":\"Home\",\"item\":\"https:\/\/www.naturparkmagazin.de\/vdn\/\"},{\"@type\":\"ListItem\",\"position\":2,\"name\":\"Naturpark Steigerwald\"}]},{\"@type\":\"WebSite\",\"@id\":\"https:\/\/www.naturparkmagazin.de\/vdn\/#website\",\"url\":\"https:\/\/www.naturparkmagazin.de\/vdn\/\",\"name\":\"Verband Deutscher Naturparke\",\"description\":\"Eine weitere Naturparkmagazin.de Netzwerk Seite\",\"potentialAction\":[{\"@type\":\"SearchAction\",\"target\":{\"@type\":\"EntryPoint\",\"urlTemplate\":\"https:\/\/www.naturparkmagazin.de\/vdn\/?s={search_term_string}\"},\"query-input\":\"required name=search_term_string\"}],\"inLanguage\":\"de\"},{\"@type\":\"Person\",\"@id\":\"https:\/\/www.naturparkmagazin.de\/vdn\/#\/schema\/person\/3cff9b8773ed55f0189255fa9adfd57c\",\"name\":\"manuelamerz\",\"url\":\"https:\/\/www.naturparkmagazin.de\/vdn\/author\/manuelamerz\/\"}]}<\/script>\n<!-- \/ Yoast SEO plugin. -->","yoast_head_json":{"title":"Naturpark Steigerwald","description":"Das sanfte, waldreiche Mittelgebirge des Naturparks Steigerwald liegt zwischen W\u00fcrzburg, Bamberg und N\u00fcrnberg und \u00fcberrascht mit seiner Vielfalt: Uralte W\u00e4lder, sonnige Weinberge, historische St\u00e4dtchen, Fl\u00fcsse und Teiche, H\u00f6hen und Weite. Eine Natur, die anregt zum Haltmachen und Genie\u00dfen.","robots":{"index":"index","follow":"follow","max-snippet":"max-snippet:-1","max-image-preview":"max-image-preview:large","max-video-preview":"max-video-preview:-1"},"canonical":"https:\/\/www.naturparkmagazin.de\/vdn\/naturpark-steigerwald\/","og_locale":"de_DE","og_type":"article","og_title":"Naturpark Steigerwald","og_description":"Das sanfte, waldreiche Mittelgebirge des Naturparks Steigerwald liegt zwischen W\u00fcrzburg, Bamberg und N\u00fcrnberg und \u00fcberrascht mit seiner Vielfalt: Uralte W\u00e4lder, sonnige Weinberge, historische St\u00e4dtchen, Fl\u00fcsse und Teiche, H\u00f6hen und Weite. Eine Natur, die anregt zum Haltmachen und Genie\u00dfen.","og_url":"https:\/\/www.naturparkmagazin.de\/vdn\/naturpark-steigerwald\/","og_site_name":"Verband Deutscher Naturparke","article_published_time":"2018-05-16T16:18:04+00:00","article_modified_time":"2018-06-20T12:25:57+00:00","og_image":[{"width":200,"height":200,"url":"https:\/\/www.naturparkmagazin.de\/vdn\/wp-content\/uploads\/sites\/3\/03_dsc1481bf.jpg","type":"image\/jpeg"}],"author":"manuelamerz","twitter_misc":{"Verfasst von":"manuelamerz","Gesch\u00e4tzte Lesezeit":"2\u00a0Minuten"},"schema":{"@context":"https:\/\/schema.org","@graph":[{"@type":"WebPage","@id":"https:\/\/www.naturparkmagazin.de\/vdn\/naturpark-steigerwald\/","url":"https:\/\/www.naturparkmagazin.de\/vdn\/naturpark-steigerwald\/","name":"Naturpark Steigerwald","isPartOf":{"@id":"https:\/\/www.naturparkmagazin.de\/vdn\/#website"},"datePublished":"2018-05-16T16:18:04+00:00","dateModified":"2018-06-20T12:25:57+00:00","author":{"@id":"https:\/\/www.naturparkmagazin.de\/vdn\/#\/schema\/person\/3cff9b8773ed55f0189255fa9adfd57c"},"description":"Das sanfte, waldreiche Mittelgebirge des Naturparks Steigerwald liegt zwischen W\u00fcrzburg, Bamberg und N\u00fcrnberg und \u00fcberrascht mit seiner Vielfalt: Uralte W\u00e4lder, sonnige Weinberge, historische St\u00e4dtchen, Fl\u00fcsse und Teiche, H\u00f6hen und Weite. Eine Natur, die anregt zum Haltmachen und Genie\u00dfen.","breadcrumb":{"@id":"https:\/\/www.naturparkmagazin.de\/vdn\/naturpark-steigerwald\/#breadcrumb"},"inLanguage":"de","potentialAction":[{"@type":"ReadAction","target":["https:\/\/www.naturparkmagazin.de\/vdn\/naturpark-steigerwald\/"]}]},{"@type":"BreadcrumbList","@id":"https:\/\/www.naturparkmagazin.de\/vdn\/naturpark-steigerwald\/#breadcrumb","itemListElement":[{"@type":"ListItem","position":1,"name":"Home","item":"https:\/\/www.naturparkmagazin.de\/vdn\/"},{"@type":"ListItem","position":2,"name":"Naturpark Steigerwald"}]},{"@type":"WebSite","@id":"https:\/\/www.naturparkmagazin.de\/vdn\/#website","url":"https:\/\/www.naturparkmagazin.de\/vdn\/","name":"Verband Deutscher Naturparke","description":"Eine weitere Naturparkmagazin.de Netzwerk Seite","potentialAction":[{"@type":"SearchAction","target":{"@type":"EntryPoint","urlTemplate":"https:\/\/www.naturparkmagazin.de\/vdn\/?s={search_term_string}"},"query-input":"required name=search_term_string"}],"inLanguage":"de"},{"@type":"Person","@id":"https:\/\/www.naturparkmagazin.de\/vdn\/#\/schema\/person\/3cff9b8773ed55f0189255fa9adfd57c","name":"manuelamerz","url":"https:\/\/www.naturparkmagazin.de\/vdn\/author\/manuelamerz\/"}]}},"_links":{"self":[{"href":"https:\/\/www.naturparkmagazin.de\/vdn\/wp-json\/wp\/v2\/posts\/10082"}],"collection":[{"href":"https:\/\/www.naturparkmagazin.de\/vdn\/wp-json\/wp\/v2\/posts"}],"about":[{"href":"https:\/\/www.naturparkmagazin.de\/vdn\/wp-json\/wp\/v2\/types\/post"}],"author":[{"embeddable":true,"href":"https:\/\/www.naturparkmagazin.de\/vdn\/wp-json\/wp\/v2\/users\/73"}],"replies":[{"embeddable":true,"href":"https:\/\/www.naturparkmagazin.de\/vdn\/wp-json\/wp\/v2\/comments?post=10082"}],"version-history":[{"count":4,"href":"https:\/\/www.naturparkmagazin.de\/vdn\/wp-json\/wp\/v2\/posts\/10082\/revisions"}],"predecessor-version":[{"id":10156,"href":"https:\/\/www.naturparkmagazin.de\/vdn\/wp-json\/wp\/v2\/posts\/10082\/revisions\/10156"}],"wp:featuredmedia":[{"embeddable":true,"href":"https:\/\/www.naturparkmagazin.de\/vdn\/wp-json\/wp\/v2\/media\/10084"}],"wp:attachment":[{"href":"https:\/\/www.naturparkmagazin.de\/vdn\/wp-json\/wp\/v2\/media?parent=10082"}],"wp:term":[{"taxonomy":"category","embeddable":true,"href":"https:\/\/www.naturparkmagazin.de\/vdn\/wp-json\/wp\/v2\/categories?post=10082"},{"taxonomy":"post_tag","embeddable":true,"href":"https:\/\/www.naturparkmagazin.de\/vdn\/wp-json\/wp\/v2\/tags?post=10082"}],"curies":[{"name":"wp","href":"https:\/\/api.w.org\/{rel}","templated":true}]}}