{"id":10108,"date":"2018-05-18T13:06:37","date_gmt":"2018-05-18T11:06:37","guid":{"rendered":"http:\/\/www.naturparkmagazin.de\/vdn\/?p=10108"},"modified":"2018-06-20T15:15:49","modified_gmt":"2018-06-20T13:15:49","slug":"weine-aus-dem-naturpark-steigerwald","status":"publish","type":"post","link":"https:\/\/www.naturparkmagazin.de\/vdn\/weine-aus-dem-naturpark-steigerwald\/","title":{"rendered":"Weine aus dem Naturpark Steigerwald"},"content":{"rendered":"<div id=\"attachment_10110\" style=\"width: 510px\" class=\"wp-caption alignnone\"><a href=\"https:\/\/www.naturparkmagazin.de\/vdn\/wp-content\/uploads\/sites\/3\/15T2635b.jpg\"><img aria-describedby=\"caption-attachment-10110\" decoding=\"async\" loading=\"lazy\" class=\"size-full wp-image-10110\" src=\"https:\/\/www.naturparkmagazin.de\/vdn\/wp-content\/uploads\/sites\/3\/15T2635b.jpg\" alt=\"Mittelfr\u00e4nkische Bocksbeutelstra\u00dfe \u00a9 Trykowski\" width=\"500\" height=\"300\" srcset=\"https:\/\/www.naturparkmagazin.de\/vdn\/wp-content\/uploads\/sites\/3\/15T2635b.jpg 500w, https:\/\/www.naturparkmagazin.de\/vdn\/wp-content\/uploads\/sites\/3\/15T2635b-300x180.jpg 300w, https:\/\/www.naturparkmagazin.de\/vdn\/wp-content\/uploads\/sites\/3\/15T2635b-200x120.jpg 200w\" sizes=\"(max-width: 500px) 100vw, 500px\" \/><\/a><p id=\"caption-attachment-10110\" class=\"wp-caption-text\">Mittelfr\u00e4nkische Bocksbeutelstra\u00dfe \u00a9 Trykowski<\/p><\/div>\n<p>Die sonnenverw\u00f6hnten H\u00e4nge und die Keuperb\u00f6den des Steigerwaldes bringen hervorragende Weine hervor, denn sie haben ein gutes Wasserhalteverm\u00f6gen. Hauptrebsorten sind Silvaner, M\u00fcller-Thurgau und Bacchus. Zu leichten Spargelgerichten oder Pfifferlingen ist ein trockener, feinfruchtiger Silvaner ein wahrer Hochgenuss.<\/p>\n<p>N\u00e4here Informationen zum Vertrieb finden Sie auf <a href=\"https:\/\/www.steigerwald-info.de\/\" target=\"_blank\">www.steigerwald-info.de<\/a><\/p>\n","protected":false},"excerpt":{"rendered":"<p>Auf den sonnenverw\u00f6hnten H\u00e4ngen des Steigerwaldes wachsen blumige Weine mit bukettbetontem Sortencharakter. <\/p>\n","protected":false},"author":73,"featured_media":10109,"comment_status":"open","ping_status":"open","sticky":false,"template":"","format":"standard","meta":{"_links_to":"","_links_to_target":""},"categories":[13],"tags":[1214,1191,1215,288],"yoast_head":"<!-- This site is optimized with the Yoast SEO plugin v19.10 - https:\/\/yoast.com\/wordpress\/plugins\/seo\/ -->\n<title>Weine aus dem Naturpark Steigerwald<\/title>\n<meta name=\"description\" content=\"Auf den sonnenverw\u00f6hnten H\u00e4ngen des Steigerwaldes wachsen blumige Weine mit bukettbetontem Sortencharakter.\" \/>\n<meta name=\"robots\" content=\"index, follow, max-snippet:-1, max-image-preview:large, max-video-preview:-1\" \/>\n<link rel=\"canonical\" href=\"https:\/\/www.naturparkmagazin.de\/vdn\/weine-aus-dem-naturpark-steigerwald\/\" \/>\n<meta property=\"og:locale\" content=\"de_DE\" \/>\n<meta property=\"og:type\" content=\"article\" \/>\n<meta property=\"og:title\" content=\"Weine aus dem Naturpark Steigerwald\" \/>\n<meta property=\"og:description\" content=\"Auf den sonnenverw\u00f6hnten H\u00e4ngen des Steigerwaldes wachsen blumige Weine mit bukettbetontem Sortencharakter.\" \/>\n<meta property=\"og:url\" content=\"https:\/\/www.naturparkmagazin.de\/vdn\/weine-aus-dem-naturpark-steigerwald\/\" \/>\n<meta property=\"og:site_name\" content=\"Verband Deutscher Naturparke\" \/>\n<meta property=\"article:published_time\" content=\"2018-05-18T11:06:37+00:00\" \/>\n<meta property=\"article:modified_time\" content=\"2018-06-20T13:15:49+00:00\" \/>\n<meta property=\"og:image\" content=\"https:\/\/www.naturparkmagazin.de\/vdn\/wp-content\/uploads\/sites\/3\/15T2635bf.jpg\" \/>\n\t<meta property=\"og:image:width\" content=\"200\" \/>\n\t<meta property=\"og:image:height\" content=\"200\" \/>\n\t<meta property=\"og:image:type\" content=\"image\/jpeg\" \/>\n<meta name=\"author\" content=\"manuelamerz\" \/>\n<meta name=\"twitter:label1\" content=\"Verfasst von\" \/>\n\t<meta name=\"twitter:data1\" content=\"manuelamerz\" \/>\n<script type=\"application\/ld+json\" class=\"yoast-schema-graph\">{\"@context\":\"https:\/\/schema.org\",\"@graph\":[{\"@type\":\"WebPage\",\"@id\":\"https:\/\/www.naturparkmagazin.de\/vdn\/weine-aus-dem-naturpark-steigerwald\/\",\"url\":\"https:\/\/www.naturparkmagazin.de\/vdn\/weine-aus-dem-naturpark-steigerwald\/\",\"name\":\"Weine aus dem Naturpark Steigerwald\",\"isPartOf\":{\"@id\":\"https:\/\/www.naturparkmagazin.de\/vdn\/#website\"},\"datePublished\":\"2018-05-18T11:06:37+00:00\",\"dateModified\":\"2018-06-20T13:15:49+00:00\",\"author\":{\"@id\":\"https:\/\/www.naturparkmagazin.de\/vdn\/#\/schema\/person\/3cff9b8773ed55f0189255fa9adfd57c\"},\"description\":\"Auf den sonnenverw\u00f6hnten H\u00e4ngen des Steigerwaldes wachsen blumige Weine mit bukettbetontem Sortencharakter.\",\"breadcrumb\":{\"@id\":\"https:\/\/www.naturparkmagazin.de\/vdn\/weine-aus-dem-naturpark-steigerwald\/#breadcrumb\"},\"inLanguage\":\"de\",\"potentialAction\":[{\"@type\":\"ReadAction\",\"target\":[\"https:\/\/www.naturparkmagazin.de\/vdn\/weine-aus-dem-naturpark-steigerwald\/\"]}]},{\"@type\":\"BreadcrumbList\",\"@id\":\"https:\/\/www.naturparkmagazin.de\/vdn\/weine-aus-dem-naturpark-steigerwald\/#breadcrumb\",\"itemListElement\":[{\"@type\":\"ListItem\",\"position\":1,\"name\":\"Home\",\"item\":\"https:\/\/www.naturparkmagazin.de\/vdn\/\"},{\"@type\":\"ListItem\",\"position\":2,\"name\":\"Weine aus dem Naturpark Steigerwald\"}]},{\"@type\":\"WebSite\",\"@id\":\"https:\/\/www.naturparkmagazin.de\/vdn\/#website\",\"url\":\"https:\/\/www.naturparkmagazin.de\/vdn\/\",\"name\":\"Verband Deutscher Naturparke\",\"description\":\"Eine weitere Naturparkmagazin.de Netzwerk Seite\",\"potentialAction\":[{\"@type\":\"SearchAction\",\"target\":{\"@type\":\"EntryPoint\",\"urlTemplate\":\"https:\/\/www.naturparkmagazin.de\/vdn\/?s={search_term_string}\"},\"query-input\":\"required name=search_term_string\"}],\"inLanguage\":\"de\"},{\"@type\":\"Person\",\"@id\":\"https:\/\/www.naturparkmagazin.de\/vdn\/#\/schema\/person\/3cff9b8773ed55f0189255fa9adfd57c\",\"name\":\"manuelamerz\",\"url\":\"https:\/\/www.naturparkmagazin.de\/vdn\/author\/manuelamerz\/\"}]}<\/script>\n<!-- \/ Yoast SEO plugin. -->","yoast_head_json":{"title":"Weine aus dem Naturpark Steigerwald","description":"Auf den sonnenverw\u00f6hnten H\u00e4ngen des Steigerwaldes wachsen blumige Weine mit bukettbetontem Sortencharakter.","robots":{"index":"index","follow":"follow","max-snippet":"max-snippet:-1","max-image-preview":"max-image-preview:large","max-video-preview":"max-video-preview:-1"},"canonical":"https:\/\/www.naturparkmagazin.de\/vdn\/weine-aus-dem-naturpark-steigerwald\/","og_locale":"de_DE","og_type":"article","og_title":"Weine aus dem Naturpark Steigerwald","og_description":"Auf den sonnenverw\u00f6hnten H\u00e4ngen des Steigerwaldes wachsen blumige Weine mit bukettbetontem Sortencharakter.","og_url":"https:\/\/www.naturparkmagazin.de\/vdn\/weine-aus-dem-naturpark-steigerwald\/","og_site_name":"Verband Deutscher Naturparke","article_published_time":"2018-05-18T11:06:37+00:00","article_modified_time":"2018-06-20T13:15:49+00:00","og_image":[{"width":200,"height":200,"url":"https:\/\/www.naturparkmagazin.de\/vdn\/wp-content\/uploads\/sites\/3\/15T2635bf.jpg","type":"image\/jpeg"}],"author":"manuelamerz","twitter_misc":{"Verfasst von":"manuelamerz"},"schema":{"@context":"https:\/\/schema.org","@graph":[{"@type":"WebPage","@id":"https:\/\/www.naturparkmagazin.de\/vdn\/weine-aus-dem-naturpark-steigerwald\/","url":"https:\/\/www.naturparkmagazin.de\/vdn\/weine-aus-dem-naturpark-steigerwald\/","name":"Weine aus dem Naturpark Steigerwald","isPartOf":{"@id":"https:\/\/www.naturparkmagazin.de\/vdn\/#website"},"datePublished":"2018-05-18T11:06:37+00:00","dateModified":"2018-06-20T13:15:49+00:00","author":{"@id":"https:\/\/www.naturparkmagazin.de\/vdn\/#\/schema\/person\/3cff9b8773ed55f0189255fa9adfd57c"},"description":"Auf den sonnenverw\u00f6hnten H\u00e4ngen des Steigerwaldes wachsen blumige Weine mit bukettbetontem Sortencharakter.","breadcrumb":{"@id":"https:\/\/www.naturparkmagazin.de\/vdn\/weine-aus-dem-naturpark-steigerwald\/#breadcrumb"},"inLanguage":"de","potentialAction":[{"@type":"ReadAction","target":["https:\/\/www.naturparkmagazin.de\/vdn\/weine-aus-dem-naturpark-steigerwald\/"]}]},{"@type":"BreadcrumbList","@id":"https:\/\/www.naturparkmagazin.de\/vdn\/weine-aus-dem-naturpark-steigerwald\/#breadcrumb","itemListElement":[{"@type":"ListItem","position":1,"name":"Home","item":"https:\/\/www.naturparkmagazin.de\/vdn\/"},{"@type":"ListItem","position":2,"name":"Weine aus dem Naturpark Steigerwald"}]},{"@type":"WebSite","@id":"https:\/\/www.naturparkmagazin.de\/vdn\/#website","url":"https:\/\/www.naturparkmagazin.de\/vdn\/","name":"Verband Deutscher Naturparke","description":"Eine weitere Naturparkmagazin.de Netzwerk Seite","potentialAction":[{"@type":"SearchAction","target":{"@type":"EntryPoint","urlTemplate":"https:\/\/www.naturparkmagazin.de\/vdn\/?s={search_term_string}"},"query-input":"required name=search_term_string"}],"inLanguage":"de"},{"@type":"Person","@id":"https:\/\/www.naturparkmagazin.de\/vdn\/#\/schema\/person\/3cff9b8773ed55f0189255fa9adfd57c","name":"manuelamerz","url":"https:\/\/www.naturparkmagazin.de\/vdn\/author\/manuelamerz\/"}]}},"_links":{"self":[{"href":"https:\/\/www.naturparkmagazin.de\/vdn\/wp-json\/wp\/v2\/posts\/10108"}],"collection":[{"href":"https:\/\/www.naturparkmagazin.de\/vdn\/wp-json\/wp\/v2\/posts"}],"about":[{"href":"https:\/\/www.naturparkmagazin.de\/vdn\/wp-json\/wp\/v2\/types\/post"}],"author":[{"embeddable":true,"href":"https:\/\/www.naturparkmagazin.de\/vdn\/wp-json\/wp\/v2\/users\/73"}],"replies":[{"embeddable":true,"href":"https:\/\/www.naturparkmagazin.de\/vdn\/wp-json\/wp\/v2\/comments?post=10108"}],"version-history":[{"count":3,"href":"https:\/\/www.naturparkmagazin.de\/vdn\/wp-json\/wp\/v2\/posts\/10108\/revisions"}],"predecessor-version":[{"id":10161,"href":"https:\/\/www.naturparkmagazin.de\/vdn\/wp-json\/wp\/v2\/posts\/10108\/revisions\/10161"}],"wp:featuredmedia":[{"embeddable":true,"href":"https:\/\/www.naturparkmagazin.de\/vdn\/wp-json\/wp\/v2\/media\/10109"}],"wp:attachment":[{"href":"https:\/\/www.naturparkmagazin.de\/vdn\/wp-json\/wp\/v2\/media?parent=10108"}],"wp:term":[{"taxonomy":"category","embeddable":true,"href":"https:\/\/www.naturparkmagazin.de\/vdn\/wp-json\/wp\/v2\/categories?post=10108"},{"taxonomy":"post_tag","embeddable":true,"href":"https:\/\/www.naturparkmagazin.de\/vdn\/wp-json\/wp\/v2\/tags?post=10108"}],"curies":[{"name":"wp","href":"https:\/\/api.w.org\/{rel}","templated":true}]}}