{"id":10176,"date":"2018-06-17T11:56:58","date_gmt":"2018-06-17T09:56:58","guid":{"rendered":"https:\/\/www.naturparkmagazin.de\/vdn\/?p=10176"},"modified":"2018-06-28T15:09:21","modified_gmt":"2018-06-28T13:09:21","slug":"runde-sache-70-naturpark-schule-ausgezeichnet","status":"publish","type":"post","link":"https:\/\/www.naturparkmagazin.de\/vdn\/runde-sache-70-naturpark-schule-ausgezeichnet\/","title":{"rendered":"Runde Sache &#8211; 70. Naturpark-Schule ausgezeichnet"},"content":{"rendered":"<div id=\"attachment_10300\" style=\"width: 510px\" class=\"wp-caption aligncenter\"><a href=\"https:\/\/www.naturparkmagazin.de\/vdn\/wp-content\/uploads\/sites\/3\/180622_GS_Hohenstadt_Zertify-h75b.jpg\"><img aria-describedby=\"caption-attachment-10300\" decoding=\"async\" loading=\"lazy\" class=\"size-full wp-image-10300\" src=\"https:\/\/www.naturparkmagazin.de\/vdn\/wp-content\/uploads\/sites\/3\/180622_GS_Hohenstadt_Zertify-h75b.jpg\" alt=\"Zertifizierungsfeier der Grundschule Hohenstadt - Copyright: w. Winter\" width=\"500\" height=\"300\" srcset=\"https:\/\/www.naturparkmagazin.de\/vdn\/wp-content\/uploads\/sites\/3\/180622_GS_Hohenstadt_Zertify-h75b.jpg 500w, https:\/\/www.naturparkmagazin.de\/vdn\/wp-content\/uploads\/sites\/3\/180622_GS_Hohenstadt_Zertify-h75b-300x180.jpg 300w, https:\/\/www.naturparkmagazin.de\/vdn\/wp-content\/uploads\/sites\/3\/180622_GS_Hohenstadt_Zertify-h75b-200x120.jpg 200w\" sizes=\"(max-width: 500px) 100vw, 500px\" \/><\/a><p id=\"caption-attachment-10300\" class=\"wp-caption-text\">Zertifizierungsfeier der Grundschule Hohenstadt &#8211; Copyright: w. Winter<\/p><\/div>\n<p>Eine neue Plakette wird ab sofort den Eingangsbereich der Grundschule Hohenstadt schm\u00fccken, denn diese Schule darf sich ab jetzt \u201eNaturpark-Schule\u201c nennen. Sie ist damit bundesweit die 70. Naturpark-Schule! Im <a href=\"http:\/\/Naturpark Schw\u00e4bisch-Fr\u00e4nkischer Wald\" target=\"_blank\">Naturpark Schw\u00e4bisch-Fr\u00e4nkischer Wald<\/a> ist es die siebte und im Ostalbkreis die erste Naturpark-Schule, die dieses bundesweite Zertifikat vom Verband Deutscher Naturparke (VDN) erh\u00e4lt.<\/p>\n<div id=\"attachment_10301\" style=\"width: 510px\" class=\"wp-caption aligncenter\"><a href=\"https:\/\/www.naturparkmagazin.de\/vdn\/wp-content\/uploads\/sites\/3\/180622_GS_Hohenstadt_Drixler-k2b.jpg\"><img aria-describedby=\"caption-attachment-10301\" decoding=\"async\" loading=\"lazy\" class=\"size-full wp-image-10301\" src=\"https:\/\/www.naturparkmagazin.de\/vdn\/wp-content\/uploads\/sites\/3\/180622_GS_Hohenstadt_Drixler-k2b.jpg\" alt=\" Zertifizierungsfeier der Grundschule Hohenstadt - Copyright: B. Drixler\" width=\"500\" height=\"300\" srcset=\"https:\/\/www.naturparkmagazin.de\/vdn\/wp-content\/uploads\/sites\/3\/180622_GS_Hohenstadt_Drixler-k2b.jpg 500w, https:\/\/www.naturparkmagazin.de\/vdn\/wp-content\/uploads\/sites\/3\/180622_GS_Hohenstadt_Drixler-k2b-300x180.jpg 300w, https:\/\/www.naturparkmagazin.de\/vdn\/wp-content\/uploads\/sites\/3\/180622_GS_Hohenstadt_Drixler-k2b-200x120.jpg 200w\" sizes=\"(max-width: 500px) 100vw, 500px\" \/><\/a><p id=\"caption-attachment-10301\" class=\"wp-caption-text\">Zertifizierungsfeier der Grundschule Hohenstadt &#8211; Copyright: B. Drixler<\/p><\/div>\n<p>Die Urkunde und die Plakette wurden heute im Rahmen einer Feierstunde von Naturparkgesch\u00e4ftsf\u00fchrer Bernhard Drixler und Christian Meinzinger vom Staatlichen Schulamt G\u00f6ppingen an die Schulleiterin Heike Brost und an den Schultr\u00e4ger Gemeinde Abtsgm\u00fcnd; B\u00fcrgermeister Armin Kiemel \u00fcberreicht.<\/p>\n<p>Ziel des bundesweiten VDN-Projektes ist der Aufbau einer festen, dauerhaften (nachhaltigen) Zusammenarbeit zwischen Naturparken und Schulen, deren Rahmenbedingungen in einer Kooperationsvereinbarung festgelegt sind. Die Schulen gew\u00e4hrleisten im Schulplan, Naturpark- und Umweltthemen unter Ber\u00fccksichtigung des Aspekts \u201eBildung f\u00fcr nachhaltige Entwicklung\u201c regelm\u00e4\u00dfig im Unterricht zu verankern. Seit dem 1. April 2018 ist &#8222;Bildung f\u00fcr nachhaltige Entwicklung&#8220; eine weitere gesetzliche Aufgabe der 105 Naturparke in Deutschland, welche nun im \u00a7 27 des Bundesnaturschutzgesetzes neu formuliert ist. \u201eDie Zusammenarbeit mit Schulen ist eine wichtige Aufgabe der Naturparke und ein wichtiger Beitrag f\u00fcr eine nachhaltige Entwicklung in Deutschland\u201c so VDN-Pr\u00e4sident Dr. Michael Arndt.<\/p>\n<div id=\"attachment_10302\" style=\"width: 510px\" class=\"wp-caption aligncenter\"><a href=\"https:\/\/www.naturparkmagazin.de\/vdn\/wp-content\/uploads\/sites\/3\/180622_GS_Hohenstadt_Zertify-k24b.jpg\"><img aria-describedby=\"caption-attachment-10302\" decoding=\"async\" loading=\"lazy\" class=\"size-full wp-image-10302\" src=\"https:\/\/www.naturparkmagazin.de\/vdn\/wp-content\/uploads\/sites\/3\/180622_GS_Hohenstadt_Zertify-k24b.jpg\" alt=\"Zertifizierungsfeier der Grundschule Hohenstadt - Copyright: B. Drixler\" width=\"500\" height=\"300\" srcset=\"https:\/\/www.naturparkmagazin.de\/vdn\/wp-content\/uploads\/sites\/3\/180622_GS_Hohenstadt_Zertify-k24b.jpg 500w, https:\/\/www.naturparkmagazin.de\/vdn\/wp-content\/uploads\/sites\/3\/180622_GS_Hohenstadt_Zertify-k24b-300x180.jpg 300w, https:\/\/www.naturparkmagazin.de\/vdn\/wp-content\/uploads\/sites\/3\/180622_GS_Hohenstadt_Zertify-k24b-200x120.jpg 200w\" sizes=\"(max-width: 500px) 100vw, 500px\" \/><\/a><p id=\"caption-attachment-10302\" class=\"wp-caption-text\">Zertifizierungsfeier der Grundschule Hohenstadt &#8211; Copyright: B. Drixler<\/p><\/div>\n<p>Die Zertifizierung der Grundschule Hohenstadt wird im Naturpark sicher weitere Gemeinden ermutigen das Konzept der Naturpark-Schulen ebenfalls umzusetzen, da sie wie wertvoll das neue Netzwerk der Naturpark-Schulen f\u00fcr alle Beteiligten ist.\u201c betonte Naturparkgesch\u00e4ftsf\u00fchrer Drixler.<\/p>\n<p>Das Konzept und die Kriterien f\u00fcr eine \u201eNaturpark-Schule\u201c sind im bundesweiten Projekt \u201eNetzwerk Naturpark-Schulen\u201c des VDN entstanden, das Drixler mit entwickelt hat. Gef\u00f6rdert wurde das Projekt von der Deutschen Bundesstiftung Umwelt (DBU) mit Sitz in Osnabr\u00fcck. \u201eDurch Erlebnisse in heimischen Feldern und W\u00e4ldern\u201c so DBU-Generalsekret\u00e4r Alexander Bonde, \u201ek\u00f6nnen junge Menschen Kontakt zur Natur herstellen, heimische Tier- und Pflanzenarten kennen lernen, sich Wissen \u00fcber \u00f6kologische und naturr\u00e4umliche Zusammenh\u00e4nge aneignen und motiviert werden, sich f\u00fcr den Schutz der Natur einzusetzen.\u201c<\/p>\n<p>Das Zertifikat \u201eNaturpark-Schule\u201c ist f\u00fcr f\u00fcnf Jahre g\u00fcltig und kann dann nach dem f\u00e4lligen Qualit\u00e4tscheck entsprechend der VDN-Kriterien erneut vergeben werden.<\/p>\n<p>Die Deutsche UNESCO-Kommission hat das Projekt \u201eNetzwerk Naturpark-Schule\u201c als offizielles Projekt der Dekade \u201eBildung f\u00fcr nachhaltige Entwicklung\u201c sowie als offizielles Projekt der Dekade \u201eBiologische Vielfalt\u201c ausgezeichnet.<\/p>\n<p><a href=\"http:\/\/www.naturpark-sfw.de\/der-naturpark\/naturpark-schule\" target=\"_blank\"><strong>Hier<\/strong><\/a> erhalten Sie weitere Informationen<\/p>\n<p>&nbsp;<\/p>\n","protected":false},"excerpt":{"rendered":"<p>Die Grundschule Hohenstadt darf sich an jetzt als bundesweit 70. Schule \u201eNaturpark-Schule\u201c nennen. <\/p>\n","protected":false},"author":73,"featured_media":10299,"comment_status":"open","ping_status":"open","sticky":false,"template":"","format":"standard","meta":{"_links_to":"","_links_to_target":""},"categories":[7],"tags":[674,1229,1094,3154,397,327,1057,1230,1054],"yoast_head":"<!-- This site is optimized with the Yoast SEO plugin v19.10 - https:\/\/yoast.com\/wordpress\/plugins\/seo\/ -->\n<title>Runde Sache - 70. Naturpark-Schule ausgezeichnet<\/title>\n<meta name=\"description\" content=\"Die Grundschule Hohenstadt darf sich an jetzt als bundesweit 70. Schule \u201eNaturpark-Schule\u201c nennen.\" \/>\n<meta name=\"robots\" content=\"index, follow, max-snippet:-1, max-image-preview:large, max-video-preview:-1\" \/>\n<link rel=\"canonical\" href=\"https:\/\/www.naturparkmagazin.de\/vdn\/runde-sache-70-naturpark-schule-ausgezeichnet\/\" \/>\n<meta property=\"og:locale\" content=\"de_DE\" \/>\n<meta property=\"og:type\" content=\"article\" \/>\n<meta property=\"og:title\" content=\"Runde Sache - 70. Naturpark-Schule ausgezeichnet\" \/>\n<meta property=\"og:description\" content=\"Die Grundschule Hohenstadt darf sich an jetzt als bundesweit 70. Schule \u201eNaturpark-Schule\u201c nennen.\" \/>\n<meta property=\"og:url\" content=\"https:\/\/www.naturparkmagazin.de\/vdn\/runde-sache-70-naturpark-schule-ausgezeichnet\/\" \/>\n<meta property=\"og:site_name\" content=\"Verband Deutscher Naturparke\" \/>\n<meta property=\"article:published_time\" content=\"2018-06-17T09:56:58+00:00\" \/>\n<meta property=\"article:modified_time\" content=\"2018-06-28T13:09:21+00:00\" \/>\n<meta property=\"og:image\" content=\"https:\/\/www.naturparkmagazin.de\/vdn\/wp-content\/uploads\/sites\/3\/180622_Grundschule_Hoehenstadt_Zertify_Naturpark_Schule_200bf.jpg\" \/>\n\t<meta property=\"og:image:width\" content=\"200\" \/>\n\t<meta property=\"og:image:height\" content=\"200\" \/>\n\t<meta property=\"og:image:type\" content=\"image\/jpeg\" \/>\n<meta name=\"author\" content=\"manuelamerz\" \/>\n<meta name=\"twitter:label1\" content=\"Verfasst von\" \/>\n\t<meta name=\"twitter:data1\" content=\"manuelamerz\" \/>\n\t<meta name=\"twitter:label2\" content=\"Gesch\u00e4tzte Lesezeit\" \/>\n\t<meta name=\"twitter:data2\" content=\"2\u00a0Minuten\" \/>\n<script type=\"application\/ld+json\" class=\"yoast-schema-graph\">{\"@context\":\"https:\/\/schema.org\",\"@graph\":[{\"@type\":\"WebPage\",\"@id\":\"https:\/\/www.naturparkmagazin.de\/vdn\/runde-sache-70-naturpark-schule-ausgezeichnet\/\",\"url\":\"https:\/\/www.naturparkmagazin.de\/vdn\/runde-sache-70-naturpark-schule-ausgezeichnet\/\",\"name\":\"Runde Sache - 70. Naturpark-Schule ausgezeichnet\",\"isPartOf\":{\"@id\":\"https:\/\/www.naturparkmagazin.de\/vdn\/#website\"},\"datePublished\":\"2018-06-17T09:56:58+00:00\",\"dateModified\":\"2018-06-28T13:09:21+00:00\",\"author\":{\"@id\":\"https:\/\/www.naturparkmagazin.de\/vdn\/#\/schema\/person\/3cff9b8773ed55f0189255fa9adfd57c\"},\"description\":\"Die Grundschule Hohenstadt darf sich an jetzt als bundesweit 70. Schule \u201eNaturpark-Schule\u201c nennen.\",\"breadcrumb\":{\"@id\":\"https:\/\/www.naturparkmagazin.de\/vdn\/runde-sache-70-naturpark-schule-ausgezeichnet\/#breadcrumb\"},\"inLanguage\":\"de\",\"potentialAction\":[{\"@type\":\"ReadAction\",\"target\":[\"https:\/\/www.naturparkmagazin.de\/vdn\/runde-sache-70-naturpark-schule-ausgezeichnet\/\"]}]},{\"@type\":\"BreadcrumbList\",\"@id\":\"https:\/\/www.naturparkmagazin.de\/vdn\/runde-sache-70-naturpark-schule-ausgezeichnet\/#breadcrumb\",\"itemListElement\":[{\"@type\":\"ListItem\",\"position\":1,\"name\":\"Home\",\"item\":\"https:\/\/www.naturparkmagazin.de\/vdn\/\"},{\"@type\":\"ListItem\",\"position\":2,\"name\":\"Runde Sache &#8211; 70. Naturpark-Schule ausgezeichnet\"}]},{\"@type\":\"WebSite\",\"@id\":\"https:\/\/www.naturparkmagazin.de\/vdn\/#website\",\"url\":\"https:\/\/www.naturparkmagazin.de\/vdn\/\",\"name\":\"Verband Deutscher Naturparke\",\"description\":\"Eine weitere Naturparkmagazin.de Netzwerk Seite\",\"potentialAction\":[{\"@type\":\"SearchAction\",\"target\":{\"@type\":\"EntryPoint\",\"urlTemplate\":\"https:\/\/www.naturparkmagazin.de\/vdn\/?s={search_term_string}\"},\"query-input\":\"required name=search_term_string\"}],\"inLanguage\":\"de\"},{\"@type\":\"Person\",\"@id\":\"https:\/\/www.naturparkmagazin.de\/vdn\/#\/schema\/person\/3cff9b8773ed55f0189255fa9adfd57c\",\"name\":\"manuelamerz\",\"url\":\"https:\/\/www.naturparkmagazin.de\/vdn\/author\/manuelamerz\/\"}]}<\/script>\n<!-- \/ Yoast SEO plugin. -->","yoast_head_json":{"title":"Runde Sache - 70. Naturpark-Schule ausgezeichnet","description":"Die Grundschule Hohenstadt darf sich an jetzt als bundesweit 70. Schule \u201eNaturpark-Schule\u201c nennen.","robots":{"index":"index","follow":"follow","max-snippet":"max-snippet:-1","max-image-preview":"max-image-preview:large","max-video-preview":"max-video-preview:-1"},"canonical":"https:\/\/www.naturparkmagazin.de\/vdn\/runde-sache-70-naturpark-schule-ausgezeichnet\/","og_locale":"de_DE","og_type":"article","og_title":"Runde Sache - 70. Naturpark-Schule ausgezeichnet","og_description":"Die Grundschule Hohenstadt darf sich an jetzt als bundesweit 70. Schule \u201eNaturpark-Schule\u201c nennen.","og_url":"https:\/\/www.naturparkmagazin.de\/vdn\/runde-sache-70-naturpark-schule-ausgezeichnet\/","og_site_name":"Verband Deutscher Naturparke","article_published_time":"2018-06-17T09:56:58+00:00","article_modified_time":"2018-06-28T13:09:21+00:00","og_image":[{"width":200,"height":200,"url":"https:\/\/www.naturparkmagazin.de\/vdn\/wp-content\/uploads\/sites\/3\/180622_Grundschule_Hoehenstadt_Zertify_Naturpark_Schule_200bf.jpg","type":"image\/jpeg"}],"author":"manuelamerz","twitter_misc":{"Verfasst von":"manuelamerz","Gesch\u00e4tzte Lesezeit":"2\u00a0Minuten"},"schema":{"@context":"https:\/\/schema.org","@graph":[{"@type":"WebPage","@id":"https:\/\/www.naturparkmagazin.de\/vdn\/runde-sache-70-naturpark-schule-ausgezeichnet\/","url":"https:\/\/www.naturparkmagazin.de\/vdn\/runde-sache-70-naturpark-schule-ausgezeichnet\/","name":"Runde Sache - 70. Naturpark-Schule ausgezeichnet","isPartOf":{"@id":"https:\/\/www.naturparkmagazin.de\/vdn\/#website"},"datePublished":"2018-06-17T09:56:58+00:00","dateModified":"2018-06-28T13:09:21+00:00","author":{"@id":"https:\/\/www.naturparkmagazin.de\/vdn\/#\/schema\/person\/3cff9b8773ed55f0189255fa9adfd57c"},"description":"Die Grundschule Hohenstadt darf sich an jetzt als bundesweit 70. Schule \u201eNaturpark-Schule\u201c nennen.","breadcrumb":{"@id":"https:\/\/www.naturparkmagazin.de\/vdn\/runde-sache-70-naturpark-schule-ausgezeichnet\/#breadcrumb"},"inLanguage":"de","potentialAction":[{"@type":"ReadAction","target":["https:\/\/www.naturparkmagazin.de\/vdn\/runde-sache-70-naturpark-schule-ausgezeichnet\/"]}]},{"@type":"BreadcrumbList","@id":"https:\/\/www.naturparkmagazin.de\/vdn\/runde-sache-70-naturpark-schule-ausgezeichnet\/#breadcrumb","itemListElement":[{"@type":"ListItem","position":1,"name":"Home","item":"https:\/\/www.naturparkmagazin.de\/vdn\/"},{"@type":"ListItem","position":2,"name":"Runde Sache &#8211; 70. Naturpark-Schule ausgezeichnet"}]},{"@type":"WebSite","@id":"https:\/\/www.naturparkmagazin.de\/vdn\/#website","url":"https:\/\/www.naturparkmagazin.de\/vdn\/","name":"Verband Deutscher Naturparke","description":"Eine weitere Naturparkmagazin.de Netzwerk Seite","potentialAction":[{"@type":"SearchAction","target":{"@type":"EntryPoint","urlTemplate":"https:\/\/www.naturparkmagazin.de\/vdn\/?s={search_term_string}"},"query-input":"required name=search_term_string"}],"inLanguage":"de"},{"@type":"Person","@id":"https:\/\/www.naturparkmagazin.de\/vdn\/#\/schema\/person\/3cff9b8773ed55f0189255fa9adfd57c","name":"manuelamerz","url":"https:\/\/www.naturparkmagazin.de\/vdn\/author\/manuelamerz\/"}]}},"_links":{"self":[{"href":"https:\/\/www.naturparkmagazin.de\/vdn\/wp-json\/wp\/v2\/posts\/10176"}],"collection":[{"href":"https:\/\/www.naturparkmagazin.de\/vdn\/wp-json\/wp\/v2\/posts"}],"about":[{"href":"https:\/\/www.naturparkmagazin.de\/vdn\/wp-json\/wp\/v2\/types\/post"}],"author":[{"embeddable":true,"href":"https:\/\/www.naturparkmagazin.de\/vdn\/wp-json\/wp\/v2\/users\/73"}],"replies":[{"embeddable":true,"href":"https:\/\/www.naturparkmagazin.de\/vdn\/wp-json\/wp\/v2\/comments?post=10176"}],"version-history":[{"count":12,"href":"https:\/\/www.naturparkmagazin.de\/vdn\/wp-json\/wp\/v2\/posts\/10176\/revisions"}],"predecessor-version":[{"id":10311,"href":"https:\/\/www.naturparkmagazin.de\/vdn\/wp-json\/wp\/v2\/posts\/10176\/revisions\/10311"}],"wp:featuredmedia":[{"embeddable":true,"href":"https:\/\/www.naturparkmagazin.de\/vdn\/wp-json\/wp\/v2\/media\/10299"}],"wp:attachment":[{"href":"https:\/\/www.naturparkmagazin.de\/vdn\/wp-json\/wp\/v2\/media?parent=10176"}],"wp:term":[{"taxonomy":"category","embeddable":true,"href":"https:\/\/www.naturparkmagazin.de\/vdn\/wp-json\/wp\/v2\/categories?post=10176"},{"taxonomy":"post_tag","embeddable":true,"href":"https:\/\/www.naturparkmagazin.de\/vdn\/wp-json\/wp\/v2\/tags?post=10176"}],"curies":[{"name":"wp","href":"https:\/\/api.w.org\/{rel}","templated":true}]}}