{"id":10192,"date":"2018-06-17T11:48:10","date_gmt":"2018-06-17T09:48:10","guid":{"rendered":"https:\/\/www.naturparkmagazin.de\/vdn\/?p=10192"},"modified":"2018-06-19T14:44:06","modified_gmt":"2018-06-19T12:44:06","slug":"beispielhafte-projekte-erlebnisangebote-die-verbinden","status":"publish","type":"post","link":"https:\/\/www.naturparkmagazin.de\/vdn\/beispielhafte-projekte-erlebnisangebote-die-verbinden\/","title":{"rendered":"Beispielhafte Projekte &#8211; Erlebnisangebote, die verbinden"},"content":{"rendered":"<div id=\"attachment_10195\" style=\"width: 510px\" class=\"wp-caption aligncenter\"><a href=\"https:\/\/www.naturparkmagazin.de\/vdn\/wp-content\/uploads\/sites\/3\/Grossteil_der_Helfer_nach_der_Pflegeaktion__Naturpark_Spessart_e.V._b.jpg\"><img aria-describedby=\"caption-attachment-10195\" decoding=\"async\" loading=\"lazy\" class=\"size-full wp-image-10195\" src=\"https:\/\/www.naturparkmagazin.de\/vdn\/wp-content\/uploads\/sites\/3\/Grossteil_der_Helfer_nach_der_Pflegeaktion__Naturpark_Spessart_e.V._b.jpg\" alt=\"Grossteil der Helfer nach der Pflegeaktion \u00a9 Naturpark Spessart e.V.\" width=\"500\" height=\"300\" srcset=\"https:\/\/www.naturparkmagazin.de\/vdn\/wp-content\/uploads\/sites\/3\/Grossteil_der_Helfer_nach_der_Pflegeaktion__Naturpark_Spessart_e.V._b.jpg 500w, https:\/\/www.naturparkmagazin.de\/vdn\/wp-content\/uploads\/sites\/3\/Grossteil_der_Helfer_nach_der_Pflegeaktion__Naturpark_Spessart_e.V._b-300x180.jpg 300w, https:\/\/www.naturparkmagazin.de\/vdn\/wp-content\/uploads\/sites\/3\/Grossteil_der_Helfer_nach_der_Pflegeaktion__Naturpark_Spessart_e.V._b-200x120.jpg 200w\" sizes=\"(max-width: 500px) 100vw, 500px\" \/><\/a><p id=\"caption-attachment-10195\" class=\"wp-caption-text\">Grossteil der Helfer nach der Pflegeaktion \u00a9 Naturpark Spessart e.V.<\/p><\/div>\n<p>Durch das gemeinsame Naturerleben von Menschen aus verschiedenen Teilen der Bev\u00f6lkerung werden im Rahmen des Projekts \u201eNatur erleben verbindet\u201c der Austausch und das gegenseitige Verst\u00e4ndnis gef\u00f6rdert und ein gemeinsames Engagement f\u00fcr Natur und Naturschutz unterst\u00fctzt. Das Projekt wird vom Bundesamt f\u00fcr Naturschutz mit Mitteln des Bundesministeriums f\u00fcr Umwelt, Naturschutz und nukleare Sicherheit gef\u00f6rdert. Der Schirmherr des Projektes ist der passionierte Wanderer Manuel Andrack.<\/p>\n<div id=\"attachment_9921\" style=\"width: 510px\" class=\"wp-caption aligncenter\"><a href=\"https:\/\/www.naturparkmagazin.de\/vdn\/wp-content\/uploads\/sites\/3\/Manuel_Andrack_07_Druck_Copyright-2008-2018-Manuel-Andrack_beitrag.jpg\"><img aria-describedby=\"caption-attachment-9921\" decoding=\"async\" loading=\"lazy\" class=\"size-full wp-image-9921\" src=\"https:\/\/www.naturparkmagazin.de\/vdn\/wp-content\/uploads\/sites\/3\/Manuel_Andrack_07_Druck_Copyright-2008-2018-Manuel-Andrack_beitrag.jpg\" alt=\"Copyright: 2008-2018 Manuel Andrack\" width=\"500\" height=\"500\" srcset=\"https:\/\/www.naturparkmagazin.de\/vdn\/wp-content\/uploads\/sites\/3\/Manuel_Andrack_07_Druck_Copyright-2008-2018-Manuel-Andrack_beitrag.jpg 500w, https:\/\/www.naturparkmagazin.de\/vdn\/wp-content\/uploads\/sites\/3\/Manuel_Andrack_07_Druck_Copyright-2008-2018-Manuel-Andrack_beitrag-300x300.jpg 300w, https:\/\/www.naturparkmagazin.de\/vdn\/wp-content\/uploads\/sites\/3\/Manuel_Andrack_07_Druck_Copyright-2008-2018-Manuel-Andrack_beitrag-200x200.jpg 200w, https:\/\/www.naturparkmagazin.de\/vdn\/wp-content\/uploads\/sites\/3\/Manuel_Andrack_07_Druck_Copyright-2008-2018-Manuel-Andrack_beitrag-30x30.jpg 30w\" sizes=\"(max-width: 500px) 100vw, 500px\" \/><\/a><p id=\"caption-attachment-9921\" class=\"wp-caption-text\">Copyright: 2008-2018 Manuel Andrack<\/p><\/div>\n<p>Im Projekt entwickeln die Naturparke Angebote, die sich gezielt auch an Menschen aus sozial benachteiligte Schichten, Menschen mit Migrationshintergrund und Gefl\u00fcchtete wenden.<\/p>\n<p><a href=\"https:\/\/www.naturparkmagazin.de\/vdn\/wp-content\/uploads\/sites\/3\/titelbild.jpg\"><img decoding=\"async\" loading=\"lazy\" class=\"aligncenter size-full wp-image-10198\" src=\"https:\/\/www.naturparkmagazin.de\/vdn\/wp-content\/uploads\/sites\/3\/titelbild.jpg\" alt=\"titelbild\" width=\"437\" height=\"618\" srcset=\"https:\/\/www.naturparkmagazin.de\/vdn\/wp-content\/uploads\/sites\/3\/titelbild.jpg 437w, https:\/\/www.naturparkmagazin.de\/vdn\/wp-content\/uploads\/sites\/3\/titelbild-300x424.jpg 300w, https:\/\/www.naturparkmagazin.de\/vdn\/wp-content\/uploads\/sites\/3\/titelbild-200x283.jpg 200w\" sizes=\"(max-width: 437px) 100vw, 437px\" \/><\/a>Um diesen Prozess zu untersch\u00fctzen und in Zukunft noch zielgerichteter Menschen aus allen gesellschaftlichen Gruppen zu Naturerlebnis- und Mitmachangeboten in die Naturparke einzuladen, wurde im Rahmen des Projekts ein handlungsorientierter Leitfaden entwickelt. Der Leitfaden enth\u00e4lt zentrale Informationen und Arbeitshilfen sowie beispielhafte Projekte, wie sie bereits jetzt in den Naturparken durchgef\u00fchrt werden.<\/p>\n<div id=\"attachment_10237\" style=\"width: 510px\" class=\"wp-caption aligncenter\"><a href=\"https:\/\/www.naturparkmagazin.de\/vdn\/wp-content\/uploads\/sites\/3\/HeimatEssen-Spinat-16-\u00a9Johannes-J.-Arens_web.jpg\"><img aria-describedby=\"caption-attachment-10237\" decoding=\"async\" loading=\"lazy\" class=\"size-full wp-image-10237\" src=\"https:\/\/www.naturparkmagazin.de\/vdn\/wp-content\/uploads\/sites\/3\/HeimatEssen-Spinat-16-\u00a9Johannes-J.-Arens_web.jpg\" alt=\"HeimatEssen im Naturpark Rheinland \u00a9 Johannes J. Arens\" width=\"500\" height=\"300\" srcset=\"https:\/\/www.naturparkmagazin.de\/vdn\/wp-content\/uploads\/sites\/3\/HeimatEssen-Spinat-16-\u00a9Johannes-J.-Arens_web.jpg 500w, https:\/\/www.naturparkmagazin.de\/vdn\/wp-content\/uploads\/sites\/3\/HeimatEssen-Spinat-16-\u00a9Johannes-J.-Arens_web-300x180.jpg 300w, https:\/\/www.naturparkmagazin.de\/vdn\/wp-content\/uploads\/sites\/3\/HeimatEssen-Spinat-16-\u00a9Johannes-J.-Arens_web-200x120.jpg 200w\" sizes=\"(max-width: 500px) 100vw, 500px\" \/><\/a><p id=\"caption-attachment-10237\" class=\"wp-caption-text\">HeimatEssen im Naturpark Rheinland \u00a9 Johannes J. Arens<\/p><\/div>\n<p>So f\u00fchrt der Naturpark Rheinland beispielsweise unter dem Motto \u201eHeimatland: Rheinland\u201c interkulturelle Kochaktionen sowie Ausfl\u00fcge f\u00fcr Gefl\u00fcchtete und andere Bewohner des Naturparks durch. Mit den Angeboten sollen die Begegnung von Menschen aus den Gemeinden gef\u00f6rdert sowie typische regionale Produkte und die naturr\u00e4umlichen und kulturhistorischen Sehensw\u00fcrdigkeiten im Naturpark Rheinland vorgestellt werden.<\/p>\n<p><a href=\"https:\/\/www.naturpark-rheinland.de\/naturpark\/naturpark2018nordrhein-westfalen\/naturpark-heimat-essen\/index.html?L=0\" target=\"_blank\">&gt;&gt;<strong> Hier<\/strong><\/a> erhalten Sie weitere Informationen zu den Angeboten des Naturparks Rheinland und die M\u00f6glichkeit zur Anmeldung<\/p>\n<p><strong><a href=\"http:\/\/www.naturparke.de\/natur-erleben-verbindet\" target=\"_blank\">&gt;&gt; Hier<\/a><\/strong> k\u00f6nnen Sie weitere beispielhafte Projekte aus den Naturparken eingesehen<\/p>\n<p><a href=\"https:\/\/www.naturparke.de\/service\/infothek.html\" target=\"_blank\">&gt;&gt; <strong>Hier<\/strong> <\/a>k\u00f6nnen Sie den Leitfaden anschauen und herunterladen<\/p>\n<p>&nbsp;<\/p>\n","protected":false},"excerpt":{"rendered":"<p>Gemeinsames Naturerleben f\u00f6rdert nicht nur gegenseitiges Verst\u00e4ndnis und ein Engagement f\u00fcr die Natur, sondern auch den Zugang zu (neuer) Heimat.<\/p>\n","protected":false},"author":73,"featured_media":10193,"comment_status":"open","ping_status":"open","sticky":false,"template":"","format":"standard","meta":{"_links_to":"","_links_to_target":""},"categories":[7],"tags":[895,1060,1234,1232,1231,609,1235,1233,1054],"yoast_head":"<!-- This site is optimized with the Yoast SEO plugin v19.10 - https:\/\/yoast.com\/wordpress\/plugins\/seo\/ -->\n<title>Beispielhafte Projekte - Erlebnisangebote, die verbinden<\/title>\n<meta name=\"description\" content=\"Gemeinsames Naturerleben f\u00f6rdert nicht nur gegenseitiges Verst\u00e4ndnis und ein Engagement f\u00fcr die Natur, sondern auch den Zugang zu (neuer) Heimat.\" \/>\n<meta name=\"robots\" content=\"index, follow, max-snippet:-1, max-image-preview:large, max-video-preview:-1\" \/>\n<link rel=\"canonical\" href=\"https:\/\/www.naturparkmagazin.de\/vdn\/beispielhafte-projekte-erlebnisangebote-die-verbinden\/\" \/>\n<meta property=\"og:locale\" content=\"de_DE\" \/>\n<meta property=\"og:type\" content=\"article\" \/>\n<meta property=\"og:title\" content=\"Beispielhafte Projekte - Erlebnisangebote, die verbinden\" \/>\n<meta property=\"og:description\" content=\"Gemeinsames Naturerleben f\u00f6rdert nicht nur gegenseitiges Verst\u00e4ndnis und ein Engagement f\u00fcr die Natur, sondern auch den Zugang zu (neuer) Heimat.\" \/>\n<meta property=\"og:url\" content=\"https:\/\/www.naturparkmagazin.de\/vdn\/beispielhafte-projekte-erlebnisangebote-die-verbinden\/\" \/>\n<meta property=\"og:site_name\" content=\"Verband Deutscher Naturparke\" \/>\n<meta property=\"article:published_time\" content=\"2018-06-17T09:48:10+00:00\" \/>\n<meta property=\"article:modified_time\" content=\"2018-06-19T12:44:06+00:00\" \/>\n<meta property=\"og:image\" content=\"https:\/\/www.naturparkmagazin.de\/vdn\/wp-content\/uploads\/sites\/3\/IMG_3837-Rheinlandbf.jpg\" \/>\n\t<meta property=\"og:image:width\" content=\"200\" \/>\n\t<meta property=\"og:image:height\" content=\"200\" \/>\n\t<meta property=\"og:image:type\" content=\"image\/jpeg\" \/>\n<meta name=\"author\" content=\"manuelamerz\" \/>\n<meta name=\"twitter:label1\" content=\"Verfasst von\" \/>\n\t<meta name=\"twitter:data1\" content=\"manuelamerz\" \/>\n\t<meta name=\"twitter:label2\" content=\"Gesch\u00e4tzte Lesezeit\" \/>\n\t<meta name=\"twitter:data2\" content=\"1\u00a0Minute\" \/>\n<script type=\"application\/ld+json\" class=\"yoast-schema-graph\">{\"@context\":\"https:\/\/schema.org\",\"@graph\":[{\"@type\":\"WebPage\",\"@id\":\"https:\/\/www.naturparkmagazin.de\/vdn\/beispielhafte-projekte-erlebnisangebote-die-verbinden\/\",\"url\":\"https:\/\/www.naturparkmagazin.de\/vdn\/beispielhafte-projekte-erlebnisangebote-die-verbinden\/\",\"name\":\"Beispielhafte Projekte - Erlebnisangebote, die verbinden\",\"isPartOf\":{\"@id\":\"https:\/\/www.naturparkmagazin.de\/vdn\/#website\"},\"datePublished\":\"2018-06-17T09:48:10+00:00\",\"dateModified\":\"2018-06-19T12:44:06+00:00\",\"author\":{\"@id\":\"https:\/\/www.naturparkmagazin.de\/vdn\/#\/schema\/person\/3cff9b8773ed55f0189255fa9adfd57c\"},\"description\":\"Gemeinsames Naturerleben f\u00f6rdert nicht nur gegenseitiges Verst\u00e4ndnis und ein Engagement f\u00fcr die Natur, sondern auch den Zugang zu (neuer) Heimat.\",\"breadcrumb\":{\"@id\":\"https:\/\/www.naturparkmagazin.de\/vdn\/beispielhafte-projekte-erlebnisangebote-die-verbinden\/#breadcrumb\"},\"inLanguage\":\"de\",\"potentialAction\":[{\"@type\":\"ReadAction\",\"target\":[\"https:\/\/www.naturparkmagazin.de\/vdn\/beispielhafte-projekte-erlebnisangebote-die-verbinden\/\"]}]},{\"@type\":\"BreadcrumbList\",\"@id\":\"https:\/\/www.naturparkmagazin.de\/vdn\/beispielhafte-projekte-erlebnisangebote-die-verbinden\/#breadcrumb\",\"itemListElement\":[{\"@type\":\"ListItem\",\"position\":1,\"name\":\"Home\",\"item\":\"https:\/\/www.naturparkmagazin.de\/vdn\/\"},{\"@type\":\"ListItem\",\"position\":2,\"name\":\"Beispielhafte Projekte &#8211; Erlebnisangebote, die verbinden\"}]},{\"@type\":\"WebSite\",\"@id\":\"https:\/\/www.naturparkmagazin.de\/vdn\/#website\",\"url\":\"https:\/\/www.naturparkmagazin.de\/vdn\/\",\"name\":\"Verband Deutscher Naturparke\",\"description\":\"Eine weitere Naturparkmagazin.de Netzwerk Seite\",\"potentialAction\":[{\"@type\":\"SearchAction\",\"target\":{\"@type\":\"EntryPoint\",\"urlTemplate\":\"https:\/\/www.naturparkmagazin.de\/vdn\/?s={search_term_string}\"},\"query-input\":\"required name=search_term_string\"}],\"inLanguage\":\"de\"},{\"@type\":\"Person\",\"@id\":\"https:\/\/www.naturparkmagazin.de\/vdn\/#\/schema\/person\/3cff9b8773ed55f0189255fa9adfd57c\",\"name\":\"manuelamerz\",\"url\":\"https:\/\/www.naturparkmagazin.de\/vdn\/author\/manuelamerz\/\"}]}<\/script>\n<!-- \/ Yoast SEO plugin. -->","yoast_head_json":{"title":"Beispielhafte Projekte - Erlebnisangebote, die verbinden","description":"Gemeinsames Naturerleben f\u00f6rdert nicht nur gegenseitiges Verst\u00e4ndnis und ein Engagement f\u00fcr die Natur, sondern auch den Zugang zu (neuer) Heimat.","robots":{"index":"index","follow":"follow","max-snippet":"max-snippet:-1","max-image-preview":"max-image-preview:large","max-video-preview":"max-video-preview:-1"},"canonical":"https:\/\/www.naturparkmagazin.de\/vdn\/beispielhafte-projekte-erlebnisangebote-die-verbinden\/","og_locale":"de_DE","og_type":"article","og_title":"Beispielhafte Projekte - Erlebnisangebote, die verbinden","og_description":"Gemeinsames Naturerleben f\u00f6rdert nicht nur gegenseitiges Verst\u00e4ndnis und ein Engagement f\u00fcr die Natur, sondern auch den Zugang zu (neuer) Heimat.","og_url":"https:\/\/www.naturparkmagazin.de\/vdn\/beispielhafte-projekte-erlebnisangebote-die-verbinden\/","og_site_name":"Verband Deutscher Naturparke","article_published_time":"2018-06-17T09:48:10+00:00","article_modified_time":"2018-06-19T12:44:06+00:00","og_image":[{"width":200,"height":200,"url":"https:\/\/www.naturparkmagazin.de\/vdn\/wp-content\/uploads\/sites\/3\/IMG_3837-Rheinlandbf.jpg","type":"image\/jpeg"}],"author":"manuelamerz","twitter_misc":{"Verfasst von":"manuelamerz","Gesch\u00e4tzte Lesezeit":"1\u00a0Minute"},"schema":{"@context":"https:\/\/schema.org","@graph":[{"@type":"WebPage","@id":"https:\/\/www.naturparkmagazin.de\/vdn\/beispielhafte-projekte-erlebnisangebote-die-verbinden\/","url":"https:\/\/www.naturparkmagazin.de\/vdn\/beispielhafte-projekte-erlebnisangebote-die-verbinden\/","name":"Beispielhafte Projekte - Erlebnisangebote, die verbinden","isPartOf":{"@id":"https:\/\/www.naturparkmagazin.de\/vdn\/#website"},"datePublished":"2018-06-17T09:48:10+00:00","dateModified":"2018-06-19T12:44:06+00:00","author":{"@id":"https:\/\/www.naturparkmagazin.de\/vdn\/#\/schema\/person\/3cff9b8773ed55f0189255fa9adfd57c"},"description":"Gemeinsames Naturerleben f\u00f6rdert nicht nur gegenseitiges Verst\u00e4ndnis und ein Engagement f\u00fcr die Natur, sondern auch den Zugang zu (neuer) Heimat.","breadcrumb":{"@id":"https:\/\/www.naturparkmagazin.de\/vdn\/beispielhafte-projekte-erlebnisangebote-die-verbinden\/#breadcrumb"},"inLanguage":"de","potentialAction":[{"@type":"ReadAction","target":["https:\/\/www.naturparkmagazin.de\/vdn\/beispielhafte-projekte-erlebnisangebote-die-verbinden\/"]}]},{"@type":"BreadcrumbList","@id":"https:\/\/www.naturparkmagazin.de\/vdn\/beispielhafte-projekte-erlebnisangebote-die-verbinden\/#breadcrumb","itemListElement":[{"@type":"ListItem","position":1,"name":"Home","item":"https:\/\/www.naturparkmagazin.de\/vdn\/"},{"@type":"ListItem","position":2,"name":"Beispielhafte Projekte &#8211; Erlebnisangebote, die verbinden"}]},{"@type":"WebSite","@id":"https:\/\/www.naturparkmagazin.de\/vdn\/#website","url":"https:\/\/www.naturparkmagazin.de\/vdn\/","name":"Verband Deutscher Naturparke","description":"Eine weitere Naturparkmagazin.de Netzwerk Seite","potentialAction":[{"@type":"SearchAction","target":{"@type":"EntryPoint","urlTemplate":"https:\/\/www.naturparkmagazin.de\/vdn\/?s={search_term_string}"},"query-input":"required name=search_term_string"}],"inLanguage":"de"},{"@type":"Person","@id":"https:\/\/www.naturparkmagazin.de\/vdn\/#\/schema\/person\/3cff9b8773ed55f0189255fa9adfd57c","name":"manuelamerz","url":"https:\/\/www.naturparkmagazin.de\/vdn\/author\/manuelamerz\/"}]}},"_links":{"self":[{"href":"https:\/\/www.naturparkmagazin.de\/vdn\/wp-json\/wp\/v2\/posts\/10192"}],"collection":[{"href":"https:\/\/www.naturparkmagazin.de\/vdn\/wp-json\/wp\/v2\/posts"}],"about":[{"href":"https:\/\/www.naturparkmagazin.de\/vdn\/wp-json\/wp\/v2\/types\/post"}],"author":[{"embeddable":true,"href":"https:\/\/www.naturparkmagazin.de\/vdn\/wp-json\/wp\/v2\/users\/73"}],"replies":[{"embeddable":true,"href":"https:\/\/www.naturparkmagazin.de\/vdn\/wp-json\/wp\/v2\/comments?post=10192"}],"version-history":[{"count":13,"href":"https:\/\/www.naturparkmagazin.de\/vdn\/wp-json\/wp\/v2\/posts\/10192\/revisions"}],"predecessor-version":[{"id":10239,"href":"https:\/\/www.naturparkmagazin.de\/vdn\/wp-json\/wp\/v2\/posts\/10192\/revisions\/10239"}],"wp:featuredmedia":[{"embeddable":true,"href":"https:\/\/www.naturparkmagazin.de\/vdn\/wp-json\/wp\/v2\/media\/10193"}],"wp:attachment":[{"href":"https:\/\/www.naturparkmagazin.de\/vdn\/wp-json\/wp\/v2\/media?parent=10192"}],"wp:term":[{"taxonomy":"category","embeddable":true,"href":"https:\/\/www.naturparkmagazin.de\/vdn\/wp-json\/wp\/v2\/categories?post=10192"},{"taxonomy":"post_tag","embeddable":true,"href":"https:\/\/www.naturparkmagazin.de\/vdn\/wp-json\/wp\/v2\/tags?post=10192"}],"curies":[{"name":"wp","href":"https:\/\/api.w.org\/{rel}","templated":true}]}}