{"id":10329,"date":"2018-07-16T12:00:26","date_gmt":"2018-07-16T10:00:26","guid":{"rendered":"https:\/\/www.naturparkmagazin.de\/vdn\/?p=10329"},"modified":"2018-07-23T15:29:20","modified_gmt":"2018-07-23T13:29:20","slug":"tournatur-2018","status":"publish","type":"post","link":"https:\/\/www.naturparkmagazin.de\/vdn\/tournatur-2018\/","title":{"rendered":"TourNatur 2018"},"content":{"rendered":"<p><a href=\"https:\/\/www.naturparkmagazin.de\/vdn\/wp-content\/uploads\/sites\/3\/tou1802_HeaderDesktop_945x265b.jpeg\"><img decoding=\"async\" loading=\"lazy\" class=\"alignnone size-full wp-image-10332\" src=\"https:\/\/www.naturparkmagazin.de\/vdn\/wp-content\/uploads\/sites\/3\/tou1802_HeaderDesktop_945x265b.jpeg\" alt=\"tou1802_HeaderDesktop_945x265b\" width=\"500\" height=\"140\" srcset=\"https:\/\/www.naturparkmagazin.de\/vdn\/wp-content\/uploads\/sites\/3\/tou1802_HeaderDesktop_945x265b.jpeg 500w, https:\/\/www.naturparkmagazin.de\/vdn\/wp-content\/uploads\/sites\/3\/tou1802_HeaderDesktop_945x265b-300x84.jpeg 300w, https:\/\/www.naturparkmagazin.de\/vdn\/wp-content\/uploads\/sites\/3\/tou1802_HeaderDesktop_945x265b-200x56.jpeg 200w\" sizes=\"(max-width: 500px) 100vw, 500px\" \/><\/a><\/p>\n<p>Wenn am Freitag, den 31. August 2018 die Tore der TourNatur 2018, der gr\u00f6\u00dften nationalen Publikumsmesse f\u00fcr Wandern und Trekking, \u00f6ffnen, pr\u00e4sentiert sich der Verband Deutscher Naturparke e.V. (VDN) auf dem Sonderstand \u201eErlebnis Natur \u2013 Entdecke Deine Naturlandschaft\u201c.<\/p>\n<p>Deutschlands Naturparke haben viel f\u00fcr Outdoor-Aktive zu bieten. Die Angebotsbreite der Naturerlebnisse vor Ort ist sehr vielf\u00e4ltig und geht von anspruchsvollen sportlichen Aktivit\u00e4ten \u00fcber gesundheitstouristische Bausteine bis hin zu kulinarischen Erlebnissen. Gef\u00fchrte Exkursionen, spannende Ausstellungen in den Infozentren oder abwechslungsreiche Wegesysteme, die f\u00fcr Erkundungen zu Fu\u00df, per Rad oder auf dem Wasser einladen, sind nur ein Teil des breiten Angebotsspektrums. Mit ihrem Engagement unterst\u00fctzen die Naturparke einen nachhaltigen Tourismus sowie den Erhalt und das Erleben von Natur und Landschaft.<\/p>\n<p>Der VDN ist seit 1963 der Dachverband der Naturparke in Deutschland. Er unterst\u00fctzt mit Beratung, Projekten und Ideen die Weiterentwicklung der Naturparke, macht ihre Aufgaben und Leistungen in der \u00d6ffentlichkeit bekannt, vertritt ihre Interessen auf politischer Ebene und f\u00f6rdert den Erfahrungsaustausch zwischen den Naturparken in Deutschland und Europa.<\/p>\n<p>Informationen zum VDN, Deutschlands Naturparken und welche vielseitigen Erlebnism\u00f6glichkeiten sich dort bieten, finden Sie auf <a href=\"http:\/\/www.naturparke.de\">www.naturparke.de<\/a> und auf der TourNatur in Halle 6, Stand Nr.: 6G23.<\/p>\n<p>&nbsp;<\/p>\n","protected":false},"excerpt":{"rendered":"<p>Ab Freitag, dem 31. August pr\u00e4sentiert sich der Verband Deutscher Naturparke e.V. (VDN) auf dem Sonderstand \u201eErlebnis Natur \u2013 Entdecke Deine Naturlandschaft\u201c.<\/p>\n","protected":false},"author":73,"featured_media":10331,"comment_status":"open","ping_status":"open","sticky":false,"template":"","format":"standard","meta":{"_links_to":"","_links_to_target":""},"categories":[7],"tags":[1299,1302,1303,1305,1300,662,1298,501,1304],"yoast_head":"<!-- This site is optimized with the Yoast SEO plugin v19.10 - https:\/\/yoast.com\/wordpress\/plugins\/seo\/ -->\n<title>TourNatur 2018<\/title>\n<meta name=\"description\" content=\"Ab Freitag, dem 31. August pr\u00e4sentiert sich der Verband Deutscher Naturparke e.V. (VDN) auf dem Sonderstand \u201eErlebnis Natur \u2013 Entdecke Deine Naturlandschaft\u201c.\" \/>\n<meta name=\"robots\" content=\"index, follow, max-snippet:-1, max-image-preview:large, max-video-preview:-1\" \/>\n<link rel=\"canonical\" href=\"https:\/\/www.naturparkmagazin.de\/vdn\/tournatur-2018\/\" \/>\n<meta property=\"og:locale\" content=\"de_DE\" \/>\n<meta property=\"og:type\" content=\"article\" \/>\n<meta property=\"og:title\" content=\"TourNatur 2018\" \/>\n<meta property=\"og:description\" content=\"Ab Freitag, dem 31. August pr\u00e4sentiert sich der Verband Deutscher Naturparke e.V. (VDN) auf dem Sonderstand \u201eErlebnis Natur \u2013 Entdecke Deine Naturlandschaft\u201c.\" \/>\n<meta property=\"og:url\" content=\"https:\/\/www.naturparkmagazin.de\/vdn\/tournatur-2018\/\" \/>\n<meta property=\"og:site_name\" content=\"Verband Deutscher Naturparke\" \/>\n<meta property=\"article:published_time\" content=\"2018-07-16T10:00:26+00:00\" \/>\n<meta property=\"article:modified_time\" content=\"2018-07-23T13:29:20+00:00\" \/>\n<meta property=\"og:image\" content=\"https:\/\/www.naturparkmagazin.de\/vdn\/wp-content\/uploads\/sites\/3\/tou1802_HeaderDesktop_945x265bf.jpeg\" \/>\n\t<meta property=\"og:image:width\" content=\"200\" \/>\n\t<meta property=\"og:image:height\" content=\"200\" \/>\n\t<meta property=\"og:image:type\" content=\"image\/jpeg\" \/>\n<meta name=\"author\" content=\"manuelamerz\" \/>\n<meta name=\"twitter:label1\" content=\"Verfasst von\" \/>\n\t<meta name=\"twitter:data1\" content=\"manuelamerz\" \/>\n\t<meta name=\"twitter:label2\" content=\"Gesch\u00e4tzte Lesezeit\" \/>\n\t<meta name=\"twitter:data2\" content=\"1\u00a0Minute\" \/>\n<script type=\"application\/ld+json\" class=\"yoast-schema-graph\">{\"@context\":\"https:\/\/schema.org\",\"@graph\":[{\"@type\":\"WebPage\",\"@id\":\"https:\/\/www.naturparkmagazin.de\/vdn\/tournatur-2018\/\",\"url\":\"https:\/\/www.naturparkmagazin.de\/vdn\/tournatur-2018\/\",\"name\":\"TourNatur 2018\",\"isPartOf\":{\"@id\":\"https:\/\/www.naturparkmagazin.de\/vdn\/#website\"},\"datePublished\":\"2018-07-16T10:00:26+00:00\",\"dateModified\":\"2018-07-23T13:29:20+00:00\",\"author\":{\"@id\":\"https:\/\/www.naturparkmagazin.de\/vdn\/#\/schema\/person\/3cff9b8773ed55f0189255fa9adfd57c\"},\"description\":\"Ab Freitag, dem 31. August pr\u00e4sentiert sich der Verband Deutscher Naturparke e.V. (VDN) auf dem Sonderstand \u201eErlebnis Natur \u2013 Entdecke Deine Naturlandschaft\u201c.\",\"breadcrumb\":{\"@id\":\"https:\/\/www.naturparkmagazin.de\/vdn\/tournatur-2018\/#breadcrumb\"},\"inLanguage\":\"de\",\"potentialAction\":[{\"@type\":\"ReadAction\",\"target\":[\"https:\/\/www.naturparkmagazin.de\/vdn\/tournatur-2018\/\"]}]},{\"@type\":\"BreadcrumbList\",\"@id\":\"https:\/\/www.naturparkmagazin.de\/vdn\/tournatur-2018\/#breadcrumb\",\"itemListElement\":[{\"@type\":\"ListItem\",\"position\":1,\"name\":\"Home\",\"item\":\"https:\/\/www.naturparkmagazin.de\/vdn\/\"},{\"@type\":\"ListItem\",\"position\":2,\"name\":\"TourNatur 2018\"}]},{\"@type\":\"WebSite\",\"@id\":\"https:\/\/www.naturparkmagazin.de\/vdn\/#website\",\"url\":\"https:\/\/www.naturparkmagazin.de\/vdn\/\",\"name\":\"Verband Deutscher Naturparke\",\"description\":\"Eine weitere Naturparkmagazin.de Netzwerk Seite\",\"potentialAction\":[{\"@type\":\"SearchAction\",\"target\":{\"@type\":\"EntryPoint\",\"urlTemplate\":\"https:\/\/www.naturparkmagazin.de\/vdn\/?s={search_term_string}\"},\"query-input\":\"required name=search_term_string\"}],\"inLanguage\":\"de\"},{\"@type\":\"Person\",\"@id\":\"https:\/\/www.naturparkmagazin.de\/vdn\/#\/schema\/person\/3cff9b8773ed55f0189255fa9adfd57c\",\"name\":\"manuelamerz\",\"url\":\"https:\/\/www.naturparkmagazin.de\/vdn\/author\/manuelamerz\/\"}]}<\/script>\n<!-- \/ Yoast SEO plugin. -->","yoast_head_json":{"title":"TourNatur 2018","description":"Ab Freitag, dem 31. August pr\u00e4sentiert sich der Verband Deutscher Naturparke e.V. (VDN) auf dem Sonderstand \u201eErlebnis Natur \u2013 Entdecke Deine Naturlandschaft\u201c.","robots":{"index":"index","follow":"follow","max-snippet":"max-snippet:-1","max-image-preview":"max-image-preview:large","max-video-preview":"max-video-preview:-1"},"canonical":"https:\/\/www.naturparkmagazin.de\/vdn\/tournatur-2018\/","og_locale":"de_DE","og_type":"article","og_title":"TourNatur 2018","og_description":"Ab Freitag, dem 31. August pr\u00e4sentiert sich der Verband Deutscher Naturparke e.V. (VDN) auf dem Sonderstand \u201eErlebnis Natur \u2013 Entdecke Deine Naturlandschaft\u201c.","og_url":"https:\/\/www.naturparkmagazin.de\/vdn\/tournatur-2018\/","og_site_name":"Verband Deutscher Naturparke","article_published_time":"2018-07-16T10:00:26+00:00","article_modified_time":"2018-07-23T13:29:20+00:00","og_image":[{"width":200,"height":200,"url":"https:\/\/www.naturparkmagazin.de\/vdn\/wp-content\/uploads\/sites\/3\/tou1802_HeaderDesktop_945x265bf.jpeg","type":"image\/jpeg"}],"author":"manuelamerz","twitter_misc":{"Verfasst von":"manuelamerz","Gesch\u00e4tzte Lesezeit":"1\u00a0Minute"},"schema":{"@context":"https:\/\/schema.org","@graph":[{"@type":"WebPage","@id":"https:\/\/www.naturparkmagazin.de\/vdn\/tournatur-2018\/","url":"https:\/\/www.naturparkmagazin.de\/vdn\/tournatur-2018\/","name":"TourNatur 2018","isPartOf":{"@id":"https:\/\/www.naturparkmagazin.de\/vdn\/#website"},"datePublished":"2018-07-16T10:00:26+00:00","dateModified":"2018-07-23T13:29:20+00:00","author":{"@id":"https:\/\/www.naturparkmagazin.de\/vdn\/#\/schema\/person\/3cff9b8773ed55f0189255fa9adfd57c"},"description":"Ab Freitag, dem 31. August pr\u00e4sentiert sich der Verband Deutscher Naturparke e.V. (VDN) auf dem Sonderstand \u201eErlebnis Natur \u2013 Entdecke Deine Naturlandschaft\u201c.","breadcrumb":{"@id":"https:\/\/www.naturparkmagazin.de\/vdn\/tournatur-2018\/#breadcrumb"},"inLanguage":"de","potentialAction":[{"@type":"ReadAction","target":["https:\/\/www.naturparkmagazin.de\/vdn\/tournatur-2018\/"]}]},{"@type":"BreadcrumbList","@id":"https:\/\/www.naturparkmagazin.de\/vdn\/tournatur-2018\/#breadcrumb","itemListElement":[{"@type":"ListItem","position":1,"name":"Home","item":"https:\/\/www.naturparkmagazin.de\/vdn\/"},{"@type":"ListItem","position":2,"name":"TourNatur 2018"}]},{"@type":"WebSite","@id":"https:\/\/www.naturparkmagazin.de\/vdn\/#website","url":"https:\/\/www.naturparkmagazin.de\/vdn\/","name":"Verband Deutscher Naturparke","description":"Eine weitere Naturparkmagazin.de Netzwerk Seite","potentialAction":[{"@type":"SearchAction","target":{"@type":"EntryPoint","urlTemplate":"https:\/\/www.naturparkmagazin.de\/vdn\/?s={search_term_string}"},"query-input":"required name=search_term_string"}],"inLanguage":"de"},{"@type":"Person","@id":"https:\/\/www.naturparkmagazin.de\/vdn\/#\/schema\/person\/3cff9b8773ed55f0189255fa9adfd57c","name":"manuelamerz","url":"https:\/\/www.naturparkmagazin.de\/vdn\/author\/manuelamerz\/"}]}},"_links":{"self":[{"href":"https:\/\/www.naturparkmagazin.de\/vdn\/wp-json\/wp\/v2\/posts\/10329"}],"collection":[{"href":"https:\/\/www.naturparkmagazin.de\/vdn\/wp-json\/wp\/v2\/posts"}],"about":[{"href":"https:\/\/www.naturparkmagazin.de\/vdn\/wp-json\/wp\/v2\/types\/post"}],"author":[{"embeddable":true,"href":"https:\/\/www.naturparkmagazin.de\/vdn\/wp-json\/wp\/v2\/users\/73"}],"replies":[{"embeddable":true,"href":"https:\/\/www.naturparkmagazin.de\/vdn\/wp-json\/wp\/v2\/comments?post=10329"}],"version-history":[{"count":3,"href":"https:\/\/www.naturparkmagazin.de\/vdn\/wp-json\/wp\/v2\/posts\/10329\/revisions"}],"predecessor-version":[{"id":10397,"href":"https:\/\/www.naturparkmagazin.de\/vdn\/wp-json\/wp\/v2\/posts\/10329\/revisions\/10397"}],"wp:featuredmedia":[{"embeddable":true,"href":"https:\/\/www.naturparkmagazin.de\/vdn\/wp-json\/wp\/v2\/media\/10331"}],"wp:attachment":[{"href":"https:\/\/www.naturparkmagazin.de\/vdn\/wp-json\/wp\/v2\/media?parent=10329"}],"wp:term":[{"taxonomy":"category","embeddable":true,"href":"https:\/\/www.naturparkmagazin.de\/vdn\/wp-json\/wp\/v2\/categories?post=10329"},{"taxonomy":"post_tag","embeddable":true,"href":"https:\/\/www.naturparkmagazin.de\/vdn\/wp-json\/wp\/v2\/tags?post=10329"}],"curies":[{"name":"wp","href":"https:\/\/api.w.org\/{rel}","templated":true}]}}