{"id":10364,"date":"2018-08-01T11:16:13","date_gmt":"2018-08-01T09:16:13","guid":{"rendered":"https:\/\/www.naturparkmagazin.de\/vdn\/?p=10364"},"modified":"2018-08-20T11:00:47","modified_gmt":"2018-08-20T09:00:47","slug":"arche-erlebnispfad-zeitreise-und-landschaftserlebnisse","status":"publish","type":"post","link":"https:\/\/www.naturparkmagazin.de\/vdn\/arche-erlebnispfad-zeitreise-und-landschaftserlebnisse\/","title":{"rendered":"Arche-Erlebnispfad \u2013 Zeitreise und Landschaftserlebnisse"},"content":{"rendered":"<p>&nbsp;<\/p>\n<div id=\"attachment_10379\" style=\"width: 510px\" class=\"wp-caption alignnone\"><a href=\"https:\/\/www.naturparkmagazin.de\/vdn\/wp-content\/uploads\/sites\/3\/Karte-bf.jpg\"><img aria-describedby=\"caption-attachment-10379\" decoding=\"async\" loading=\"lazy\" class=\"size-full wp-image-10379\" src=\"https:\/\/www.naturparkmagazin.de\/vdn\/wp-content\/uploads\/sites\/3\/Karte-bf.jpg\" alt=\"www.arche-region-kellerwald.de\" width=\"500\" height=\"300\" srcset=\"https:\/\/www.naturparkmagazin.de\/vdn\/wp-content\/uploads\/sites\/3\/Karte-bf.jpg 500w, https:\/\/www.naturparkmagazin.de\/vdn\/wp-content\/uploads\/sites\/3\/Karte-bf-300x180.jpg 300w, https:\/\/www.naturparkmagazin.de\/vdn\/wp-content\/uploads\/sites\/3\/Karte-bf-200x120.jpg 200w\" sizes=\"(max-width: 500px) 100vw, 500px\" \/><\/a><p id=\"caption-attachment-10379\" class=\"wp-caption-text\"><a href=\"https:\/\/www.arche-region-kellerwald.de\/\" target=\"_blank\">www.arche-region-kellerwald.de<\/a><\/p><\/div>\n<p>Alte Haustierrassen haben in der Arche-Region Kellerwald, Frankenau und Umgebung einen Zufluchtsort gefunden. Als Gegenleistung tragen sie zum Erhalt einer einzigartigen kleinb\u00e4uerlichen Kulturlandschaft bei, die letzter R\u00fcckzugsraum vieler selten gewordener Tier- und Pflanzenarten ist.\u00a0\u00a0 Lebensr\u00e4ume von Neunt\u00f6ter und Braunkehlchen sind die \u00dcberbleibsel ehemaliger Hutungen und Triften um die historischen Dorfstellen. Herausragend sind das Feuchtwiesenmosaik im Weidengrund, die Wacholderheide am Mittelberg und die artenreiche Aspenwiese.<\/p>\n<p>Die Arche-Region ist entstanden im Rahmen des Naturschutzgro\u00dfprojekt Kellerwald-Region. <a href=\"http:\/\/www.naturschutzgrossprojekt-kellerwald.de\" target=\"_blank\">www.naturschutzgrossprojekt-kellerwald.de<\/a>.<\/p>\n<p>&nbsp;<\/p>\n<div id=\"attachment_10367\" style=\"width: 510px\" class=\"wp-caption alignnone\"><a href=\"https:\/\/www.naturparkmagazin.de\/vdn\/wp-content\/uploads\/sites\/3\/AEP_Markierung_ROb.jpg\"><img aria-describedby=\"caption-attachment-10367\" decoding=\"async\" loading=\"lazy\" class=\"size-full wp-image-10367\" src=\"https:\/\/www.naturparkmagazin.de\/vdn\/wp-content\/uploads\/sites\/3\/AEP_Markierung_ROb.jpg\" alt=\"Markierungspfosten mit Logo am Arche-Erlebnispfad, daneben der Sch\u00e4ferwagen des Naturparks \u00a9 Reiner Ohlsen\" width=\"500\" height=\"300\" srcset=\"https:\/\/www.naturparkmagazin.de\/vdn\/wp-content\/uploads\/sites\/3\/AEP_Markierung_ROb.jpg 500w, https:\/\/www.naturparkmagazin.de\/vdn\/wp-content\/uploads\/sites\/3\/AEP_Markierung_ROb-300x180.jpg 300w, https:\/\/www.naturparkmagazin.de\/vdn\/wp-content\/uploads\/sites\/3\/AEP_Markierung_ROb-200x120.jpg 200w\" sizes=\"(max-width: 500px) 100vw, 500px\" \/><\/a><p id=\"caption-attachment-10367\" class=\"wp-caption-text\">Markierungspfosten mit Logo am Arche-Erlebnispfad, daneben der Sch\u00e4ferwagen des Naturparks \u00a9 Reiner Ohlsen<\/p><\/div>\n<p>&nbsp;<\/p>\n<p>Wer die Arche-Region mit allen Facetten erleben m\u00f6chte, der sollte den Arche-Erlebnispfad erwandern. Ausgangs- oder Endpunkt einer Wanderung ist die Kultur-Arche (Arche-Schiff) mit interaktiver Ausstellung.<\/p>\n<p>Mehr dazu lesen Sie <a href=\"https:\/\/www.arche-region-kellerwald.de\/\" target=\"_blank\">hier<\/a><\/p>\n","protected":false},"excerpt":{"rendered":"<p>Der Arche-Erlebnispfad \u2013 Zeitreise und Landschaftserlebnisse: Heute nutzt die Landwirtschaft nur noch wenige, spezialisierte Hochleistungsrassen, was den Erhalt der alten Nutztierrassen gef\u00e4hrdet. Zahlreiche alte, vom Aussterben bedrohte Nutztierrassen leben in der Arche-Region Kellerwald, Frankenau und Umgebung.<\/p>\n","protected":false},"author":73,"featured_media":10379,"comment_status":"open","ping_status":"open","sticky":false,"template":"","format":"standard","meta":{"_links_to":"","_links_to_target":""},"categories":[617],"tags":[1263,1261,1264,1265,1258,1262,41],"yoast_head":"<!-- This site is optimized with the Yoast SEO plugin v19.10 - https:\/\/yoast.com\/wordpress\/plugins\/seo\/ -->\n<title>Arche-Erlebnispfad \u2013 Zeitreise und Landschaftserlebnisse<\/title>\n<meta name=\"description\" content=\"Der Arche-Erlebnispfad \u2013 Zeitreise und Landschaftserlebnisse: Heute nutzt die Landwirtschaft nur noch wenige, spezialisierte Hochleistungsrassen, was den Erhalt der alten Nutztierrassen gef\u00e4hrdet. Zahlreiche alte, vom Aussterben bedrohte Nutztierrassen leben in der Arche-Region Kellerwald, Frankenau und Umgebung.\" \/>\n<meta name=\"robots\" content=\"index, follow, max-snippet:-1, max-image-preview:large, max-video-preview:-1\" \/>\n<link rel=\"canonical\" href=\"https:\/\/www.naturparkmagazin.de\/vdn\/arche-erlebnispfad-zeitreise-und-landschaftserlebnisse\/\" \/>\n<meta property=\"og:locale\" content=\"de_DE\" \/>\n<meta property=\"og:type\" content=\"article\" \/>\n<meta property=\"og:title\" content=\"Arche-Erlebnispfad \u2013 Zeitreise und Landschaftserlebnisse\" \/>\n<meta property=\"og:description\" content=\"Der Arche-Erlebnispfad \u2013 Zeitreise und Landschaftserlebnisse: Heute nutzt die Landwirtschaft nur noch wenige, spezialisierte Hochleistungsrassen, was den Erhalt der alten Nutztierrassen gef\u00e4hrdet. Zahlreiche alte, vom Aussterben bedrohte Nutztierrassen leben in der Arche-Region Kellerwald, Frankenau und Umgebung.\" \/>\n<meta property=\"og:url\" content=\"https:\/\/www.naturparkmagazin.de\/vdn\/arche-erlebnispfad-zeitreise-und-landschaftserlebnisse\/\" \/>\n<meta property=\"og:site_name\" content=\"Verband Deutscher Naturparke\" \/>\n<meta property=\"article:published_time\" content=\"2018-08-01T09:16:13+00:00\" \/>\n<meta property=\"article:modified_time\" content=\"2018-08-20T09:00:47+00:00\" \/>\n<meta property=\"og:image\" content=\"https:\/\/www.naturparkmagazin.de\/vdn\/wp-content\/uploads\/sites\/3\/Karte-bf.jpg\" \/>\n\t<meta property=\"og:image:width\" content=\"500\" \/>\n\t<meta property=\"og:image:height\" content=\"300\" \/>\n\t<meta property=\"og:image:type\" content=\"image\/jpeg\" \/>\n<meta name=\"author\" content=\"manuelamerz\" \/>\n<meta name=\"twitter:label1\" content=\"Verfasst von\" \/>\n\t<meta name=\"twitter:data1\" content=\"manuelamerz\" \/>\n\t<meta name=\"twitter:label2\" content=\"Gesch\u00e4tzte Lesezeit\" \/>\n\t<meta name=\"twitter:data2\" content=\"1\u00a0Minute\" \/>\n<script type=\"application\/ld+json\" class=\"yoast-schema-graph\">{\"@context\":\"https:\/\/schema.org\",\"@graph\":[{\"@type\":\"WebPage\",\"@id\":\"https:\/\/www.naturparkmagazin.de\/vdn\/arche-erlebnispfad-zeitreise-und-landschaftserlebnisse\/\",\"url\":\"https:\/\/www.naturparkmagazin.de\/vdn\/arche-erlebnispfad-zeitreise-und-landschaftserlebnisse\/\",\"name\":\"Arche-Erlebnispfad \u2013 Zeitreise und Landschaftserlebnisse\",\"isPartOf\":{\"@id\":\"https:\/\/www.naturparkmagazin.de\/vdn\/#website\"},\"datePublished\":\"2018-08-01T09:16:13+00:00\",\"dateModified\":\"2018-08-20T09:00:47+00:00\",\"author\":{\"@id\":\"https:\/\/www.naturparkmagazin.de\/vdn\/#\/schema\/person\/3cff9b8773ed55f0189255fa9adfd57c\"},\"description\":\"Der Arche-Erlebnispfad \u2013 Zeitreise und Landschaftserlebnisse: Heute nutzt die Landwirtschaft nur noch wenige, spezialisierte Hochleistungsrassen, was den Erhalt der alten Nutztierrassen gef\u00e4hrdet. Zahlreiche alte, vom Aussterben bedrohte Nutztierrassen leben in der Arche-Region Kellerwald, Frankenau und Umgebung.\",\"breadcrumb\":{\"@id\":\"https:\/\/www.naturparkmagazin.de\/vdn\/arche-erlebnispfad-zeitreise-und-landschaftserlebnisse\/#breadcrumb\"},\"inLanguage\":\"de\",\"potentialAction\":[{\"@type\":\"ReadAction\",\"target\":[\"https:\/\/www.naturparkmagazin.de\/vdn\/arche-erlebnispfad-zeitreise-und-landschaftserlebnisse\/\"]}]},{\"@type\":\"BreadcrumbList\",\"@id\":\"https:\/\/www.naturparkmagazin.de\/vdn\/arche-erlebnispfad-zeitreise-und-landschaftserlebnisse\/#breadcrumb\",\"itemListElement\":[{\"@type\":\"ListItem\",\"position\":1,\"name\":\"Home\",\"item\":\"https:\/\/www.naturparkmagazin.de\/vdn\/\"},{\"@type\":\"ListItem\",\"position\":2,\"name\":\"Arche-Erlebnispfad \u2013 Zeitreise und Landschaftserlebnisse\"}]},{\"@type\":\"WebSite\",\"@id\":\"https:\/\/www.naturparkmagazin.de\/vdn\/#website\",\"url\":\"https:\/\/www.naturparkmagazin.de\/vdn\/\",\"name\":\"Verband Deutscher Naturparke\",\"description\":\"Eine weitere Naturparkmagazin.de Netzwerk Seite\",\"potentialAction\":[{\"@type\":\"SearchAction\",\"target\":{\"@type\":\"EntryPoint\",\"urlTemplate\":\"https:\/\/www.naturparkmagazin.de\/vdn\/?s={search_term_string}\"},\"query-input\":\"required name=search_term_string\"}],\"inLanguage\":\"de\"},{\"@type\":\"Person\",\"@id\":\"https:\/\/www.naturparkmagazin.de\/vdn\/#\/schema\/person\/3cff9b8773ed55f0189255fa9adfd57c\",\"name\":\"manuelamerz\",\"url\":\"https:\/\/www.naturparkmagazin.de\/vdn\/author\/manuelamerz\/\"}]}<\/script>\n<!-- \/ Yoast SEO plugin. -->","yoast_head_json":{"title":"Arche-Erlebnispfad \u2013 Zeitreise und Landschaftserlebnisse","description":"Der Arche-Erlebnispfad \u2013 Zeitreise und Landschaftserlebnisse: Heute nutzt die Landwirtschaft nur noch wenige, spezialisierte Hochleistungsrassen, was den Erhalt der alten Nutztierrassen gef\u00e4hrdet. Zahlreiche alte, vom Aussterben bedrohte Nutztierrassen leben in der Arche-Region Kellerwald, Frankenau und Umgebung.","robots":{"index":"index","follow":"follow","max-snippet":"max-snippet:-1","max-image-preview":"max-image-preview:large","max-video-preview":"max-video-preview:-1"},"canonical":"https:\/\/www.naturparkmagazin.de\/vdn\/arche-erlebnispfad-zeitreise-und-landschaftserlebnisse\/","og_locale":"de_DE","og_type":"article","og_title":"Arche-Erlebnispfad \u2013 Zeitreise und Landschaftserlebnisse","og_description":"Der Arche-Erlebnispfad \u2013 Zeitreise und Landschaftserlebnisse: Heute nutzt die Landwirtschaft nur noch wenige, spezialisierte Hochleistungsrassen, was den Erhalt der alten Nutztierrassen gef\u00e4hrdet. Zahlreiche alte, vom Aussterben bedrohte Nutztierrassen leben in der Arche-Region Kellerwald, Frankenau und Umgebung.","og_url":"https:\/\/www.naturparkmagazin.de\/vdn\/arche-erlebnispfad-zeitreise-und-landschaftserlebnisse\/","og_site_name":"Verband Deutscher Naturparke","article_published_time":"2018-08-01T09:16:13+00:00","article_modified_time":"2018-08-20T09:00:47+00:00","og_image":[{"width":500,"height":300,"url":"https:\/\/www.naturparkmagazin.de\/vdn\/wp-content\/uploads\/sites\/3\/Karte-bf.jpg","type":"image\/jpeg"}],"author":"manuelamerz","twitter_misc":{"Verfasst von":"manuelamerz","Gesch\u00e4tzte Lesezeit":"1\u00a0Minute"},"schema":{"@context":"https:\/\/schema.org","@graph":[{"@type":"WebPage","@id":"https:\/\/www.naturparkmagazin.de\/vdn\/arche-erlebnispfad-zeitreise-und-landschaftserlebnisse\/","url":"https:\/\/www.naturparkmagazin.de\/vdn\/arche-erlebnispfad-zeitreise-und-landschaftserlebnisse\/","name":"Arche-Erlebnispfad \u2013 Zeitreise und Landschaftserlebnisse","isPartOf":{"@id":"https:\/\/www.naturparkmagazin.de\/vdn\/#website"},"datePublished":"2018-08-01T09:16:13+00:00","dateModified":"2018-08-20T09:00:47+00:00","author":{"@id":"https:\/\/www.naturparkmagazin.de\/vdn\/#\/schema\/person\/3cff9b8773ed55f0189255fa9adfd57c"},"description":"Der Arche-Erlebnispfad \u2013 Zeitreise und Landschaftserlebnisse: Heute nutzt die Landwirtschaft nur noch wenige, spezialisierte Hochleistungsrassen, was den Erhalt der alten Nutztierrassen gef\u00e4hrdet. Zahlreiche alte, vom Aussterben bedrohte Nutztierrassen leben in der Arche-Region Kellerwald, Frankenau und Umgebung.","breadcrumb":{"@id":"https:\/\/www.naturparkmagazin.de\/vdn\/arche-erlebnispfad-zeitreise-und-landschaftserlebnisse\/#breadcrumb"},"inLanguage":"de","potentialAction":[{"@type":"ReadAction","target":["https:\/\/www.naturparkmagazin.de\/vdn\/arche-erlebnispfad-zeitreise-und-landschaftserlebnisse\/"]}]},{"@type":"BreadcrumbList","@id":"https:\/\/www.naturparkmagazin.de\/vdn\/arche-erlebnispfad-zeitreise-und-landschaftserlebnisse\/#breadcrumb","itemListElement":[{"@type":"ListItem","position":1,"name":"Home","item":"https:\/\/www.naturparkmagazin.de\/vdn\/"},{"@type":"ListItem","position":2,"name":"Arche-Erlebnispfad \u2013 Zeitreise und Landschaftserlebnisse"}]},{"@type":"WebSite","@id":"https:\/\/www.naturparkmagazin.de\/vdn\/#website","url":"https:\/\/www.naturparkmagazin.de\/vdn\/","name":"Verband Deutscher Naturparke","description":"Eine weitere Naturparkmagazin.de Netzwerk Seite","potentialAction":[{"@type":"SearchAction","target":{"@type":"EntryPoint","urlTemplate":"https:\/\/www.naturparkmagazin.de\/vdn\/?s={search_term_string}"},"query-input":"required name=search_term_string"}],"inLanguage":"de"},{"@type":"Person","@id":"https:\/\/www.naturparkmagazin.de\/vdn\/#\/schema\/person\/3cff9b8773ed55f0189255fa9adfd57c","name":"manuelamerz","url":"https:\/\/www.naturparkmagazin.de\/vdn\/author\/manuelamerz\/"}]}},"_links":{"self":[{"href":"https:\/\/www.naturparkmagazin.de\/vdn\/wp-json\/wp\/v2\/posts\/10364"}],"collection":[{"href":"https:\/\/www.naturparkmagazin.de\/vdn\/wp-json\/wp\/v2\/posts"}],"about":[{"href":"https:\/\/www.naturparkmagazin.de\/vdn\/wp-json\/wp\/v2\/types\/post"}],"author":[{"embeddable":true,"href":"https:\/\/www.naturparkmagazin.de\/vdn\/wp-json\/wp\/v2\/users\/73"}],"replies":[{"embeddable":true,"href":"https:\/\/www.naturparkmagazin.de\/vdn\/wp-json\/wp\/v2\/comments?post=10364"}],"version-history":[{"count":7,"href":"https:\/\/www.naturparkmagazin.de\/vdn\/wp-json\/wp\/v2\/posts\/10364\/revisions"}],"predecessor-version":[{"id":10416,"href":"https:\/\/www.naturparkmagazin.de\/vdn\/wp-json\/wp\/v2\/posts\/10364\/revisions\/10416"}],"wp:featuredmedia":[{"embeddable":true,"href":"https:\/\/www.naturparkmagazin.de\/vdn\/wp-json\/wp\/v2\/media\/10379"}],"wp:attachment":[{"href":"https:\/\/www.naturparkmagazin.de\/vdn\/wp-json\/wp\/v2\/media?parent=10364"}],"wp:term":[{"taxonomy":"category","embeddable":true,"href":"https:\/\/www.naturparkmagazin.de\/vdn\/wp-json\/wp\/v2\/categories?post=10364"},{"taxonomy":"post_tag","embeddable":true,"href":"https:\/\/www.naturparkmagazin.de\/vdn\/wp-json\/wp\/v2\/tags?post=10364"}],"curies":[{"name":"wp","href":"https:\/\/api.w.org\/{rel}","templated":true}]}}