{"id":10370,"date":"2018-07-16T12:12:14","date_gmt":"2018-07-16T10:12:14","guid":{"rendered":"https:\/\/www.naturparkmagazin.de\/vdn\/?p=10370"},"modified":"2018-07-24T12:32:56","modified_gmt":"2018-07-24T10:32:56","slug":"schnecken","status":"publish","type":"post","link":"https:\/\/www.naturparkmagazin.de\/vdn\/schnecken\/","title":{"rendered":"Foto des Monats"},"content":{"rendered":"<div id=\"attachment_10371\" style=\"width: 510px\" class=\"wp-caption alignnone\"><a href=\"https:\/\/www.naturparkmagazin.de\/vdn\/wp-content\/uploads\/sites\/3\/pilz-mit-schneckeb.jpg\"><img aria-describedby=\"caption-attachment-10371\" decoding=\"async\" loading=\"lazy\" class=\"size-full wp-image-10371\" src=\"https:\/\/www.naturparkmagazin.de\/vdn\/wp-content\/uploads\/sites\/3\/pilz-mit-schneckeb.jpg\" alt=\"Auf der Suche \u00a9 VDN \/ Geo\" width=\"500\" height=\"300\" srcset=\"https:\/\/www.naturparkmagazin.de\/vdn\/wp-content\/uploads\/sites\/3\/pilz-mit-schneckeb.jpg 500w, https:\/\/www.naturparkmagazin.de\/vdn\/wp-content\/uploads\/sites\/3\/pilz-mit-schneckeb-300x180.jpg 300w, https:\/\/www.naturparkmagazin.de\/vdn\/wp-content\/uploads\/sites\/3\/pilz-mit-schneckeb-200x120.jpg 200w\" sizes=\"(max-width: 500px) 100vw, 500px\" \/><\/a><p id=\"caption-attachment-10371\" class=\"wp-caption-text\">Auf der Suche \u00a9 VDN \/ Geo<\/p><\/div>\n<p>&#8222;Auf der Suche&#8220; von Fotograf Geo erreichte den 1. Platz im Fotowettbewerb &#8222;Augenblick Natur&#8220; mit dem Monatsthema &#8222;Schnecken&#8220;.<\/p>\n<p>Der Jury-Kommentar:\nEin tiefer Kamerastandpunkt unter Beibehaltung der menschlichen Blickrichtung auf eine Szenerie f\u00fchrt immer aufs Neue zu erstaunlichen Ergebnissen. Wenn wir versuchen, uns selbst physisch in dem Bild zu verorten, halten die Orientierungszentren unserer Gehirne\u00a0 es irgendwie f\u00fcr m\u00f6glich, dass wir selbst bei Regen unter diesem Pilz Zuflucht finden k\u00f6nnten. Es entsteht eine Fantasy-Welt \u00fcberdimensionierter Gegenst\u00e4nde, die faszinierend sch\u00f6n, bedrohlich oder beides zusammen sein kann. In diesem Falle ein Moment der Sch\u00f6nheit, der von seitlich einfallendem Licht ausgeleuchtet wird. Die Komposition der Aufnahme ist an einer der Bilddiagonalen orientiert, die dargestellte Schnecke befindet sich im Bereich des goldenen Schnittes. Der Sch\u00e4rfebereich hebt die wesentlichen Bildelemente hervor, Vorder- und Hintergrund l\u00f6sen sich malerisch in diffuse, stark reduzierte Farben auf; ein Moment des entdeckerischen Staunens \u00fcber die Ph\u00e4nomene der Natur.<\/p>\n<p>&nbsp;<\/p>\n","protected":false},"excerpt":{"rendered":"<p>&#8222;Schnecken&#8220; lautete das Thema des Monats Juli im Fotowettbewerb &#8222;Augenblick Natur&#8220;. \u00dcberzeugt hat Fotograf Geo die Jury mit seinem Foto &#8222;Auf der Suche&#8220;. Herzlichen Gl\u00fcckwunsch!<\/p>\n","protected":false},"author":73,"featured_media":10372,"comment_status":"open","ping_status":"open","sticky":false,"template":"","format":"standard","meta":{"_links_to":"","_links_to_target":""},"categories":[10],"tags":[3150,1088,806,94,1267,1266,1189],"yoast_head":"<!-- This site is optimized with the Yoast SEO plugin v19.10 - https:\/\/yoast.com\/wordpress\/plugins\/seo\/ -->\n<title>Foto des Monats<\/title>\n<meta name=\"description\" content=\"&quot;Schnecken&quot; lautete das Thema des Monats Juli im Fotowettbewerb &quot;Augenblick Natur&quot;. \u00dcberzeugt hat Fotograf Geo die Jury mit seinem Foto &quot;Auf der Suche&quot;. Herzlichen Gl\u00fcckwunsch!\" \/>\n<meta name=\"robots\" content=\"index, follow, max-snippet:-1, max-image-preview:large, max-video-preview:-1\" \/>\n<link rel=\"canonical\" href=\"https:\/\/www.naturparkmagazin.de\/vdn\/schnecken\/\" \/>\n<meta property=\"og:locale\" content=\"de_DE\" \/>\n<meta property=\"og:type\" content=\"article\" \/>\n<meta property=\"og:title\" content=\"Foto des Monats\" \/>\n<meta property=\"og:description\" content=\"&quot;Schnecken&quot; lautete das Thema des Monats Juli im Fotowettbewerb &quot;Augenblick Natur&quot;. \u00dcberzeugt hat Fotograf Geo die Jury mit seinem Foto &quot;Auf der Suche&quot;. Herzlichen Gl\u00fcckwunsch!\" \/>\n<meta property=\"og:url\" content=\"https:\/\/www.naturparkmagazin.de\/vdn\/schnecken\/\" \/>\n<meta property=\"og:site_name\" content=\"Verband Deutscher Naturparke\" \/>\n<meta property=\"article:published_time\" content=\"2018-07-16T10:12:14+00:00\" \/>\n<meta property=\"article:modified_time\" content=\"2018-07-24T10:32:56+00:00\" \/>\n<meta property=\"og:image\" content=\"https:\/\/www.naturparkmagazin.de\/vdn\/wp-content\/uploads\/sites\/3\/pilz-mit-schneckebf.jpg\" \/>\n\t<meta property=\"og:image:width\" content=\"200\" \/>\n\t<meta property=\"og:image:height\" content=\"200\" \/>\n\t<meta property=\"og:image:type\" content=\"image\/jpeg\" \/>\n<meta name=\"author\" content=\"manuelamerz\" \/>\n<meta name=\"twitter:label1\" content=\"Verfasst von\" \/>\n\t<meta name=\"twitter:data1\" content=\"manuelamerz\" \/>\n\t<meta name=\"twitter:label2\" content=\"Gesch\u00e4tzte Lesezeit\" \/>\n\t<meta name=\"twitter:data2\" content=\"1\u00a0Minute\" \/>\n<script type=\"application\/ld+json\" class=\"yoast-schema-graph\">{\"@context\":\"https:\/\/schema.org\",\"@graph\":[{\"@type\":\"WebPage\",\"@id\":\"https:\/\/www.naturparkmagazin.de\/vdn\/schnecken\/\",\"url\":\"https:\/\/www.naturparkmagazin.de\/vdn\/schnecken\/\",\"name\":\"Foto des Monats\",\"isPartOf\":{\"@id\":\"https:\/\/www.naturparkmagazin.de\/vdn\/#website\"},\"datePublished\":\"2018-07-16T10:12:14+00:00\",\"dateModified\":\"2018-07-24T10:32:56+00:00\",\"author\":{\"@id\":\"https:\/\/www.naturparkmagazin.de\/vdn\/#\/schema\/person\/3cff9b8773ed55f0189255fa9adfd57c\"},\"description\":\"\\\"Schnecken\\\" lautete das Thema des Monats Juli im Fotowettbewerb \\\"Augenblick Natur\\\". \u00dcberzeugt hat Fotograf Geo die Jury mit seinem Foto \\\"Auf der Suche\\\". Herzlichen Gl\u00fcckwunsch!\",\"breadcrumb\":{\"@id\":\"https:\/\/www.naturparkmagazin.de\/vdn\/schnecken\/#breadcrumb\"},\"inLanguage\":\"de\",\"potentialAction\":[{\"@type\":\"ReadAction\",\"target\":[\"https:\/\/www.naturparkmagazin.de\/vdn\/schnecken\/\"]}]},{\"@type\":\"BreadcrumbList\",\"@id\":\"https:\/\/www.naturparkmagazin.de\/vdn\/schnecken\/#breadcrumb\",\"itemListElement\":[{\"@type\":\"ListItem\",\"position\":1,\"name\":\"Home\",\"item\":\"https:\/\/www.naturparkmagazin.de\/vdn\/\"},{\"@type\":\"ListItem\",\"position\":2,\"name\":\"Foto des Monats\"}]},{\"@type\":\"WebSite\",\"@id\":\"https:\/\/www.naturparkmagazin.de\/vdn\/#website\",\"url\":\"https:\/\/www.naturparkmagazin.de\/vdn\/\",\"name\":\"Verband Deutscher Naturparke\",\"description\":\"Eine weitere Naturparkmagazin.de Netzwerk Seite\",\"potentialAction\":[{\"@type\":\"SearchAction\",\"target\":{\"@type\":\"EntryPoint\",\"urlTemplate\":\"https:\/\/www.naturparkmagazin.de\/vdn\/?s={search_term_string}\"},\"query-input\":\"required name=search_term_string\"}],\"inLanguage\":\"de\"},{\"@type\":\"Person\",\"@id\":\"https:\/\/www.naturparkmagazin.de\/vdn\/#\/schema\/person\/3cff9b8773ed55f0189255fa9adfd57c\",\"name\":\"manuelamerz\",\"url\":\"https:\/\/www.naturparkmagazin.de\/vdn\/author\/manuelamerz\/\"}]}<\/script>\n<!-- \/ Yoast SEO plugin. -->","yoast_head_json":{"title":"Foto des Monats","description":"\"Schnecken\" lautete das Thema des Monats Juli im Fotowettbewerb \"Augenblick Natur\". \u00dcberzeugt hat Fotograf Geo die Jury mit seinem Foto \"Auf der Suche\". Herzlichen Gl\u00fcckwunsch!","robots":{"index":"index","follow":"follow","max-snippet":"max-snippet:-1","max-image-preview":"max-image-preview:large","max-video-preview":"max-video-preview:-1"},"canonical":"https:\/\/www.naturparkmagazin.de\/vdn\/schnecken\/","og_locale":"de_DE","og_type":"article","og_title":"Foto des Monats","og_description":"\"Schnecken\" lautete das Thema des Monats Juli im Fotowettbewerb \"Augenblick Natur\". \u00dcberzeugt hat Fotograf Geo die Jury mit seinem Foto \"Auf der Suche\". Herzlichen Gl\u00fcckwunsch!","og_url":"https:\/\/www.naturparkmagazin.de\/vdn\/schnecken\/","og_site_name":"Verband Deutscher Naturparke","article_published_time":"2018-07-16T10:12:14+00:00","article_modified_time":"2018-07-24T10:32:56+00:00","og_image":[{"width":200,"height":200,"url":"https:\/\/www.naturparkmagazin.de\/vdn\/wp-content\/uploads\/sites\/3\/pilz-mit-schneckebf.jpg","type":"image\/jpeg"}],"author":"manuelamerz","twitter_misc":{"Verfasst von":"manuelamerz","Gesch\u00e4tzte Lesezeit":"1\u00a0Minute"},"schema":{"@context":"https:\/\/schema.org","@graph":[{"@type":"WebPage","@id":"https:\/\/www.naturparkmagazin.de\/vdn\/schnecken\/","url":"https:\/\/www.naturparkmagazin.de\/vdn\/schnecken\/","name":"Foto des Monats","isPartOf":{"@id":"https:\/\/www.naturparkmagazin.de\/vdn\/#website"},"datePublished":"2018-07-16T10:12:14+00:00","dateModified":"2018-07-24T10:32:56+00:00","author":{"@id":"https:\/\/www.naturparkmagazin.de\/vdn\/#\/schema\/person\/3cff9b8773ed55f0189255fa9adfd57c"},"description":"\"Schnecken\" lautete das Thema des Monats Juli im Fotowettbewerb \"Augenblick Natur\". \u00dcberzeugt hat Fotograf Geo die Jury mit seinem Foto \"Auf der Suche\". Herzlichen Gl\u00fcckwunsch!","breadcrumb":{"@id":"https:\/\/www.naturparkmagazin.de\/vdn\/schnecken\/#breadcrumb"},"inLanguage":"de","potentialAction":[{"@type":"ReadAction","target":["https:\/\/www.naturparkmagazin.de\/vdn\/schnecken\/"]}]},{"@type":"BreadcrumbList","@id":"https:\/\/www.naturparkmagazin.de\/vdn\/schnecken\/#breadcrumb","itemListElement":[{"@type":"ListItem","position":1,"name":"Home","item":"https:\/\/www.naturparkmagazin.de\/vdn\/"},{"@type":"ListItem","position":2,"name":"Foto des Monats"}]},{"@type":"WebSite","@id":"https:\/\/www.naturparkmagazin.de\/vdn\/#website","url":"https:\/\/www.naturparkmagazin.de\/vdn\/","name":"Verband Deutscher Naturparke","description":"Eine weitere Naturparkmagazin.de Netzwerk Seite","potentialAction":[{"@type":"SearchAction","target":{"@type":"EntryPoint","urlTemplate":"https:\/\/www.naturparkmagazin.de\/vdn\/?s={search_term_string}"},"query-input":"required name=search_term_string"}],"inLanguage":"de"},{"@type":"Person","@id":"https:\/\/www.naturparkmagazin.de\/vdn\/#\/schema\/person\/3cff9b8773ed55f0189255fa9adfd57c","name":"manuelamerz","url":"https:\/\/www.naturparkmagazin.de\/vdn\/author\/manuelamerz\/"}]}},"_links":{"self":[{"href":"https:\/\/www.naturparkmagazin.de\/vdn\/wp-json\/wp\/v2\/posts\/10370"}],"collection":[{"href":"https:\/\/www.naturparkmagazin.de\/vdn\/wp-json\/wp\/v2\/posts"}],"about":[{"href":"https:\/\/www.naturparkmagazin.de\/vdn\/wp-json\/wp\/v2\/types\/post"}],"author":[{"embeddable":true,"href":"https:\/\/www.naturparkmagazin.de\/vdn\/wp-json\/wp\/v2\/users\/73"}],"replies":[{"embeddable":true,"href":"https:\/\/www.naturparkmagazin.de\/vdn\/wp-json\/wp\/v2\/comments?post=10370"}],"version-history":[{"count":2,"href":"https:\/\/www.naturparkmagazin.de\/vdn\/wp-json\/wp\/v2\/posts\/10370\/revisions"}],"predecessor-version":[{"id":10402,"href":"https:\/\/www.naturparkmagazin.de\/vdn\/wp-json\/wp\/v2\/posts\/10370\/revisions\/10402"}],"wp:featuredmedia":[{"embeddable":true,"href":"https:\/\/www.naturparkmagazin.de\/vdn\/wp-json\/wp\/v2\/media\/10372"}],"wp:attachment":[{"href":"https:\/\/www.naturparkmagazin.de\/vdn\/wp-json\/wp\/v2\/media?parent=10370"}],"wp:term":[{"taxonomy":"category","embeddable":true,"href":"https:\/\/www.naturparkmagazin.de\/vdn\/wp-json\/wp\/v2\/categories?post=10370"},{"taxonomy":"post_tag","embeddable":true,"href":"https:\/\/www.naturparkmagazin.de\/vdn\/wp-json\/wp\/v2\/tags?post=10370"}],"curies":[{"name":"wp","href":"https:\/\/api.w.org\/{rel}","templated":true}]}}