{"id":10375,"date":"2018-08-01T12:52:43","date_gmt":"2018-08-01T10:52:43","guid":{"rendered":"https:\/\/www.naturparkmagazin.de\/vdn\/?p=10375"},"modified":"2018-08-20T11:02:00","modified_gmt":"2018-08-20T09:02:00","slug":"naturpark-kellerwald-edersee","status":"publish","type":"post","link":"https:\/\/www.naturparkmagazin.de\/vdn\/naturpark-kellerwald-edersee\/","title":{"rendered":"Naturpark Kellerwald-Edersee"},"content":{"rendered":"<div id=\"attachment_10377\" style=\"width: 510px\" class=\"wp-caption alignnone\"><a href=\"https:\/\/www.naturparkmagazin.de\/vdn\/wp-content\/uploads\/sites\/3\/UE_Sch\u00f6neAussicht_ROb.jpg\"><img aria-describedby=\"caption-attachment-10377\" decoding=\"async\" loading=\"lazy\" class=\"size-full wp-image-10377\" src=\"https:\/\/www.naturparkmagazin.de\/vdn\/wp-content\/uploads\/sites\/3\/UE_Sch\u00f6neAussicht_ROb.jpg\" alt=\"Sch\u00f6ne Aussicht \u00a9 Reiner Ohlsen\" width=\"500\" height=\"300\" srcset=\"https:\/\/www.naturparkmagazin.de\/vdn\/wp-content\/uploads\/sites\/3\/UE_Sch\u00f6neAussicht_ROb.jpg 500w, https:\/\/www.naturparkmagazin.de\/vdn\/wp-content\/uploads\/sites\/3\/UE_Sch\u00f6neAussicht_ROb-300x180.jpg 300w, https:\/\/www.naturparkmagazin.de\/vdn\/wp-content\/uploads\/sites\/3\/UE_Sch\u00f6neAussicht_ROb-200x120.jpg 200w\" sizes=\"(max-width: 500px) 100vw, 500px\" \/><\/a><p id=\"caption-attachment-10377\" class=\"wp-caption-text\">Sch\u00f6ne Aussicht \u00a9 Reiner Ohlsen<\/p><\/div>\n<p><strong>\u00a0<\/strong><\/p>\n<p><strong>Natur- und Kulturlandschaft<\/strong><\/p>\n<p>Der Naturpark Kellerwald-Edersee liegt im waldreichen Nordhessen und umschlie\u00dft den gleichnamigen Nationalpark mit UNESCO-Weltnaturerbe. Die Landschaft ist gepr\u00e4gt von ausgedehnten Buchenw\u00e4ldern, idyllischen D\u00f6rfern und abwechslungsreichen Feld-, Wald- und Wiesenfluren. Eingebettet in diese Landschaft und umgeben von steilen, warmen H\u00e4ngen mit urigen Baumgestalten windet sich der 27 km lange Edersee, der fl\u00e4chenm\u00e4\u00dfig zweitgr\u00f6\u00dfte Stausee Deutschlands.<\/p>\n<div id=\"attachment_10380\" style=\"width: 510px\" class=\"wp-caption alignnone\"><a href=\"https:\/\/www.naturparkmagazin.de\/vdn\/wp-content\/uploads\/sites\/3\/AR_Weidengrund_RObf.jpg\"><img aria-describedby=\"caption-attachment-10380\" decoding=\"async\" loading=\"lazy\" class=\"size-full wp-image-10380\" src=\"https:\/\/www.naturparkmagazin.de\/vdn\/wp-content\/uploads\/sites\/3\/AR_Weidengrund_RObf.jpg\" alt=\"Blick in den Weidengrund, einem zentralen Teil der Arche-Region \u00a9 Reiner Ohlsen \" width=\"500\" height=\"300\" srcset=\"https:\/\/www.naturparkmagazin.de\/vdn\/wp-content\/uploads\/sites\/3\/AR_Weidengrund_RObf.jpg 500w, https:\/\/www.naturparkmagazin.de\/vdn\/wp-content\/uploads\/sites\/3\/AR_Weidengrund_RObf-300x180.jpg 300w, https:\/\/www.naturparkmagazin.de\/vdn\/wp-content\/uploads\/sites\/3\/AR_Weidengrund_RObf-200x120.jpg 200w\" sizes=\"(max-width: 500px) 100vw, 500px\" \/><\/a><p id=\"caption-attachment-10380\" class=\"wp-caption-text\">Blick in den Weidengrund, einem zentralen Teil der Arche-Region \u00a9 Reiner Ohlsen<\/p><\/div>\n<p><strong>Arche-Region Kellerwald<\/strong><\/p>\n<p>Die erste Arche-Region in Hessen! Die Erlebnislandschaft ist ein faszinierender Ausschnitt der kleinb\u00e4uerlichen Kulturlandschaft des Kellerwaldes. Gef\u00f6rdert durch das Naturschutzgro\u00dfprojekt tragen traditionelle Bewirtschaftungsweisen dazu bei, dass blumenbunte Wiesen, Magerrasen und Heiden erhalten werden.\n<strong>Kultur-Arche: <\/strong>Ausgangs- oder Endpunkt eines Besuchs in der Arche-Region ist die Kultur-Arche. Erlebnis-Kulisse ist ein gro\u00dfer Schiffsrumpf. Die interaktive Ausstellung im inneren des Schiffs gibt, als zentraler Informationspunkt, eine \u00dcbersicht. Die Geschichte der Rettung suchenden Haustierrassen zeigt wie alles zusammenh\u00e4ngt, wie sie zur biologischen Vielfalt beitragen und wie jeder einzelne Besucher dabei helfen kann. Durch das Panoramafenster schweift der Blick \u00fcber einen zentralen Teil der Arche-Region, dem Weidengrund, bis in das Waldmeer des Nationalparks.<\/p>\n<p><strong>Arche-Erlebnispfad: <\/strong>Der Arche-Erlebnispfad macht die Arche-Region mit allen Facetten erlebbar. Entlang des Weges stehen an markanten Punkten Informationstafeln, die \u00fcber Lebensr\u00e4ume, Arten und Haustierrassen informieren. Kaum irgendwo anders in Deutschland sind so viele alte, bodenst\u00e4ndige Haustierrassen auf engstem Raum zu erleben.<\/p>\n<div id=\"attachment_10365\" style=\"width: 510px\" class=\"wp-caption alignnone\"><a href=\"https:\/\/www.naturparkmagazin.de\/vdn\/wp-content\/uploads\/sites\/3\/AEP_RotesH\u00f6henvieh_ROb.jpg\"><img aria-describedby=\"caption-attachment-10365\" decoding=\"async\" loading=\"lazy\" class=\"size-full wp-image-10365\" src=\"https:\/\/www.naturparkmagazin.de\/vdn\/wp-content\/uploads\/sites\/3\/AEP_RotesH\u00f6henvieh_ROb.jpg\" alt=\"Rotes H\u00f6henvieh auf dem Mittelberg \u00a9 Reiner Ohlsen \" width=\"500\" height=\"300\" srcset=\"https:\/\/www.naturparkmagazin.de\/vdn\/wp-content\/uploads\/sites\/3\/AEP_RotesH\u00f6henvieh_ROb.jpg 500w, https:\/\/www.naturparkmagazin.de\/vdn\/wp-content\/uploads\/sites\/3\/AEP_RotesH\u00f6henvieh_ROb-300x180.jpg 300w, https:\/\/www.naturparkmagazin.de\/vdn\/wp-content\/uploads\/sites\/3\/AEP_RotesH\u00f6henvieh_ROb-200x120.jpg 200w\" sizes=\"(max-width: 500px) 100vw, 500px\" \/><\/a><p id=\"caption-attachment-10365\" class=\"wp-caption-text\">Rotes H\u00f6henvieh auf dem Mittelberg \u00a9 Reiner Ohlsen<\/p><\/div>\n<p><strong>\u00a0<\/strong><\/p>\n<p><strong>Erlebnis Wandern<\/strong><\/p>\n<p>Kellerwaldsteig und Urwaldsteig Edersee, beide mit dem Pr\u00e4dikat \u201eQualit\u00e4tsweg Wanderbares Deutschland\u201c versehen, bieten Etappe f\u00fcr Etappe Natur pur und grandiose Ausblicke. <strong>Kellerwaldsteig: <\/strong>Der Steig verbindet den Nationalpark mit dem Naturpark und die Berge rund um den Edersee mit dem Landschaftsraum \u201eHoher Keller\u201c im S\u00fcden des Naturparks mit der h\u00f6chsten Erhebung, dem W\u00fcstegarten mit seinem Turm, der auf \u00fcber 700 m hinausragt. Acht Etappen gilt es auf der 158 km langen, rot markierten Hauptroute zu erwandern. Querverbindungen erm\u00f6glichen die Unterteilung in eine Nord-, S\u00fcd- und Westschleife. Die Abschnitte durch den Nationalpark f\u00fchren durch das UNESCO-Weltnaturerbe.\n<strong>Urwaldsteig Edersee: <\/strong>Letzte Urwaldreste, Felsen und Blockhalden. Verschlungene Pfade f\u00fchren zu einzigartigen Naturerlebnissen mit herrlichen Ausblicken auf die Wald- und Seenlandschaft. Im Nationalpark tauchen Besucher in die \u201eWildnis von morgen\u201c und in die urigen Laubw\u00e4lder des UNESCO-Weltnaturerbes ein. Der 70 km lange Steig kann in mehreren Tagesetappen erwandert werden.\n<strong>Wanderparkpl\u00e4tze: <\/strong>Die idealen Eing\u00e4nge, um die Region bei Anreise mit dem eigenen Pkw auf eigene Faust zu erkunden und zu erwandern. Auf gro\u00dfen Tafeln sind zwei oder mehr Rundwege \u00fcbersichtlich dargestellt.<\/p>\n<div id=\"attachment_10382\" style=\"width: 510px\" class=\"wp-caption alignnone\"><a href=\"https:\/\/www.naturparkmagazin.de\/vdn\/wp-content\/uploads\/sites\/3\/UE_HagensteinEdertalblick_RObf.jpg\"><img aria-describedby=\"caption-attachment-10382\" decoding=\"async\" loading=\"lazy\" class=\"size-full wp-image-10382\" src=\"https:\/\/www.naturparkmagazin.de\/vdn\/wp-content\/uploads\/sites\/3\/UE_HagensteinEdertalblick_RObf.jpg\" alt=\"Urwaldsteig im Nationalpark, mit Blick ins Edertal bei Schmittlotheim \u00a9 Reiner Ohlsen \" width=\"500\" height=\"300\" srcset=\"https:\/\/www.naturparkmagazin.de\/vdn\/wp-content\/uploads\/sites\/3\/UE_HagensteinEdertalblick_RObf.jpg 500w, https:\/\/www.naturparkmagazin.de\/vdn\/wp-content\/uploads\/sites\/3\/UE_HagensteinEdertalblick_RObf-300x180.jpg 300w, https:\/\/www.naturparkmagazin.de\/vdn\/wp-content\/uploads\/sites\/3\/UE_HagensteinEdertalblick_RObf-200x120.jpg 200w\" sizes=\"(max-width: 500px) 100vw, 500px\" \/><\/a><p id=\"caption-attachment-10382\" class=\"wp-caption-text\">Urwaldsteig im Nationalpark, mit Blick ins Edertal bei Schmittlotheim \u00a9 Reiner Ohlsen<\/p><\/div>\n<p><strong>\u00a0<\/strong><\/p>\n<p><strong>Naturparkf\u00fchrer \u2013 Botschafter des Kellerwaldes\n<\/strong><\/p>\n<p>\u201a\u201aLassen sie sich verf\u00fchren!\u2018\u2018 Natur- und Kulturlandschaft erleben \u2013 verstehen \u2013 genie\u00dfen ist das Motto der Naturparkf\u00fchrer. Gef\u00fchrte Wanderungen, Exkursionen und Seminare werden zu vielen Themen f\u00fcr unterschiedliche Interessengruppen angeboten. Mit den Naturparkf\u00fchrern lernen Sie alle Facetten dieser Landschaft kennen. Der Veranstaltungskalender bietet eine F\u00fclle an spannenden und einzigartigen Erlebnissen. Viele Kalenderveranstaltungen sind auch individuell f\u00fcr Gruppen buchbar.<\/p>\n<div id=\"attachment_10381\" style=\"width: 510px\" class=\"wp-caption alignnone\"><a href=\"https:\/\/www.naturparkmagazin.de\/vdn\/wp-content\/uploads\/sites\/3\/NPF_Keltenwanderung_RObf.jpg\"><img aria-describedby=\"caption-attachment-10381\" decoding=\"async\" loading=\"lazy\" class=\"size-full wp-image-10381\" src=\"https:\/\/www.naturparkmagazin.de\/vdn\/wp-content\/uploads\/sites\/3\/NPF_Keltenwanderung_RObf.jpg\" alt=\"Naturparkf\u00fchrer Hans-J\u00fcrgen Matznohr zu Beginn der Themenf\u00fchrung \u201eKelten im Kellerwald\u201c \" width=\"500\" height=\"300\" srcset=\"https:\/\/www.naturparkmagazin.de\/vdn\/wp-content\/uploads\/sites\/3\/NPF_Keltenwanderung_RObf.jpg 500w, https:\/\/www.naturparkmagazin.de\/vdn\/wp-content\/uploads\/sites\/3\/NPF_Keltenwanderung_RObf-300x180.jpg 300w, https:\/\/www.naturparkmagazin.de\/vdn\/wp-content\/uploads\/sites\/3\/NPF_Keltenwanderung_RObf-200x120.jpg 200w\" sizes=\"(max-width: 500px) 100vw, 500px\" \/><\/a><p id=\"caption-attachment-10381\" class=\"wp-caption-text\">Naturparkf\u00fchrer Hans-J\u00fcrgen Matznohr zu Beginn der Themenf\u00fchrung \u201eKelten im Kellerwald\u201c<\/p><\/div>\n<p><strong>\u00a0<\/strong><\/p>\n<p><strong>Wassersport und Angeln<\/strong><\/p>\n<p>Der Edersee bietet eine Vielzahl von Wassersportaktivit\u00e4ten, wie Surfen, Segeln, Wasserski und auch Tauchen. Der See ist nicht nur eines der artenreichsten Gew\u00e4sser Deutschlands mit \u00fcber 30 Fischarten, sondern auch ein Paradies f\u00fcr Raubfische. Sie finden in dem Stausee ein gro\u00dfes Nahrungsangebot an Friedfischen, wie z. B. Brassen und Rotaugen. Hecht, Barsch und Zander erhalten damit nicht nur das \u00f6kologische Gleichgewicht im See aufrecht, sondern f\u00fchlen sich dort auch endsprechend wohl und wachsen extrem schnell. Der Edersee \u2013 ein Paradies f\u00fcr Angler!<\/p>\n<div id=\"attachment_10409\" style=\"width: 510px\" class=\"wp-caption alignnone\"><a href=\"https:\/\/www.naturparkmagazin.de\/vdn\/wp-content\/uploads\/sites\/3\/edertalsperre-p9089697b.jpg\"><img aria-describedby=\"caption-attachment-10409\" decoding=\"async\" loading=\"lazy\" class=\"size-full wp-image-10409\" src=\"https:\/\/www.naturparkmagazin.de\/vdn\/wp-content\/uploads\/sites\/3\/edertalsperre-p9089697b.jpg\" alt=\"Edertalsperre \u00a9 VDN\/Brigitte Deus-Neumann\" width=\"500\" height=\"300\" srcset=\"https:\/\/www.naturparkmagazin.de\/vdn\/wp-content\/uploads\/sites\/3\/edertalsperre-p9089697b.jpg 500w, https:\/\/www.naturparkmagazin.de\/vdn\/wp-content\/uploads\/sites\/3\/edertalsperre-p9089697b-300x180.jpg 300w, https:\/\/www.naturparkmagazin.de\/vdn\/wp-content\/uploads\/sites\/3\/edertalsperre-p9089697b-200x120.jpg 200w\" sizes=\"(max-width: 500px) 100vw, 500px\" \/><\/a><p id=\"caption-attachment-10409\" class=\"wp-caption-text\">Edertalsperre \u00a9 VDN\/Brigitte Deus-Neumann<\/p><\/div>\n<p>&nbsp;<\/p>\n<p>&nbsp;<\/p>\n<p>&nbsp;<\/p>\n<p>&nbsp;<\/p>\n<p>&nbsp;<\/p>\n<p>&nbsp;<\/p>\n","protected":false},"excerpt":{"rendered":"<p>Der Naturpark Kellerwald-Edersee liegt im waldreichen Nordhessen und umschlie\u00dft den gleichnamigen Nationalpark mit UNESCO-Weltnaturerbe. Die Landschaft ist gepr\u00e4gt von ausgedehnten Buchenw\u00e4ldern, idyllischen D\u00f6rfern und abwechslungsreichen Feld-, Wald- und Wiesenfluren. Eingebettet in diese Landschaft und umgeben von steilen, warmen H\u00e4ngen mit urigen Baumgestalten windet sich der 27 km lange Edersee.<\/p>\n","protected":false},"author":73,"featured_media":10376,"comment_status":"open","ping_status":"open","sticky":false,"template":"","format":"standard","meta":{"_links_to":"","_links_to_target":""},"categories":[15],"tags":[1261,1271,1269,1278,1277,1272,1276,1270,1268,1258,1273,1274,1054,1275,1279],"yoast_head":"<!-- This site is optimized with the Yoast SEO plugin v19.10 - https:\/\/yoast.com\/wordpress\/plugins\/seo\/ -->\n<title>Naturpark Kellerwald-Edersee<\/title>\n<meta name=\"description\" content=\"Der Naturpark Kellerwald-Edersee liegt im waldreichen Nordhessen und umschlie\u00dft den gleichnamigen Nationalpark mit UNESCO-Weltnaturerbe. Die Landschaft ist gepr\u00e4gt von ausgedehnten Buchenw\u00e4ldern, idyllischen D\u00f6rfern und abwechslungsreichen Feld-, Wald- und Wiesenfluren. Eingebettet in diese Landschaft und umgeben von steilen, warmen H\u00e4ngen mit urigen Baumgestalten windet sich der 27 km lange Edersee.\" \/>\n<meta name=\"robots\" content=\"index, follow, max-snippet:-1, max-image-preview:large, max-video-preview:-1\" \/>\n<link rel=\"canonical\" href=\"https:\/\/www.naturparkmagazin.de\/vdn\/naturpark-kellerwald-edersee\/\" \/>\n<meta property=\"og:locale\" content=\"de_DE\" \/>\n<meta property=\"og:type\" content=\"article\" \/>\n<meta property=\"og:title\" content=\"Naturpark Kellerwald-Edersee\" \/>\n<meta property=\"og:description\" content=\"Der Naturpark Kellerwald-Edersee liegt im waldreichen Nordhessen und umschlie\u00dft den gleichnamigen Nationalpark mit UNESCO-Weltnaturerbe. Die Landschaft ist gepr\u00e4gt von ausgedehnten Buchenw\u00e4ldern, idyllischen D\u00f6rfern und abwechslungsreichen Feld-, Wald- und Wiesenfluren. Eingebettet in diese Landschaft und umgeben von steilen, warmen H\u00e4ngen mit urigen Baumgestalten windet sich der 27 km lange Edersee.\" \/>\n<meta property=\"og:url\" content=\"https:\/\/www.naturparkmagazin.de\/vdn\/naturpark-kellerwald-edersee\/\" \/>\n<meta property=\"og:site_name\" content=\"Verband Deutscher Naturparke\" \/>\n<meta property=\"article:published_time\" content=\"2018-08-01T10:52:43+00:00\" \/>\n<meta property=\"article:modified_time\" content=\"2018-08-20T09:02:00+00:00\" \/>\n<meta property=\"og:image\" content=\"https:\/\/www.naturparkmagazin.de\/vdn\/wp-content\/uploads\/sites\/3\/UE_Sch\u00f6neAussicht_RObf.jpg\" \/>\n\t<meta property=\"og:image:width\" content=\"200\" \/>\n\t<meta property=\"og:image:height\" content=\"200\" \/>\n\t<meta property=\"og:image:type\" content=\"image\/jpeg\" \/>\n<meta name=\"author\" content=\"manuelamerz\" \/>\n<meta name=\"twitter:label1\" content=\"Verfasst von\" \/>\n\t<meta name=\"twitter:data1\" content=\"manuelamerz\" \/>\n\t<meta name=\"twitter:label2\" content=\"Gesch\u00e4tzte Lesezeit\" \/>\n\t<meta name=\"twitter:data2\" content=\"3\u00a0Minuten\" \/>\n<script type=\"application\/ld+json\" class=\"yoast-schema-graph\">{\"@context\":\"https:\/\/schema.org\",\"@graph\":[{\"@type\":\"WebPage\",\"@id\":\"https:\/\/www.naturparkmagazin.de\/vdn\/naturpark-kellerwald-edersee\/\",\"url\":\"https:\/\/www.naturparkmagazin.de\/vdn\/naturpark-kellerwald-edersee\/\",\"name\":\"Naturpark Kellerwald-Edersee\",\"isPartOf\":{\"@id\":\"https:\/\/www.naturparkmagazin.de\/vdn\/#website\"},\"datePublished\":\"2018-08-01T10:52:43+00:00\",\"dateModified\":\"2018-08-20T09:02:00+00:00\",\"author\":{\"@id\":\"https:\/\/www.naturparkmagazin.de\/vdn\/#\/schema\/person\/3cff9b8773ed55f0189255fa9adfd57c\"},\"description\":\"Der Naturpark Kellerwald-Edersee liegt im waldreichen Nordhessen und umschlie\u00dft den gleichnamigen Nationalpark mit UNESCO-Weltnaturerbe. Die Landschaft ist gepr\u00e4gt von ausgedehnten Buchenw\u00e4ldern, idyllischen D\u00f6rfern und abwechslungsreichen Feld-, Wald- und Wiesenfluren. Eingebettet in diese Landschaft und umgeben von steilen, warmen H\u00e4ngen mit urigen Baumgestalten windet sich der 27 km lange Edersee.\",\"breadcrumb\":{\"@id\":\"https:\/\/www.naturparkmagazin.de\/vdn\/naturpark-kellerwald-edersee\/#breadcrumb\"},\"inLanguage\":\"de\",\"potentialAction\":[{\"@type\":\"ReadAction\",\"target\":[\"https:\/\/www.naturparkmagazin.de\/vdn\/naturpark-kellerwald-edersee\/\"]}]},{\"@type\":\"BreadcrumbList\",\"@id\":\"https:\/\/www.naturparkmagazin.de\/vdn\/naturpark-kellerwald-edersee\/#breadcrumb\",\"itemListElement\":[{\"@type\":\"ListItem\",\"position\":1,\"name\":\"Home\",\"item\":\"https:\/\/www.naturparkmagazin.de\/vdn\/\"},{\"@type\":\"ListItem\",\"position\":2,\"name\":\"Naturpark Kellerwald-Edersee\"}]},{\"@type\":\"WebSite\",\"@id\":\"https:\/\/www.naturparkmagazin.de\/vdn\/#website\",\"url\":\"https:\/\/www.naturparkmagazin.de\/vdn\/\",\"name\":\"Verband Deutscher Naturparke\",\"description\":\"Eine weitere Naturparkmagazin.de Netzwerk Seite\",\"potentialAction\":[{\"@type\":\"SearchAction\",\"target\":{\"@type\":\"EntryPoint\",\"urlTemplate\":\"https:\/\/www.naturparkmagazin.de\/vdn\/?s={search_term_string}\"},\"query-input\":\"required name=search_term_string\"}],\"inLanguage\":\"de\"},{\"@type\":\"Person\",\"@id\":\"https:\/\/www.naturparkmagazin.de\/vdn\/#\/schema\/person\/3cff9b8773ed55f0189255fa9adfd57c\",\"name\":\"manuelamerz\",\"url\":\"https:\/\/www.naturparkmagazin.de\/vdn\/author\/manuelamerz\/\"}]}<\/script>\n<!-- \/ Yoast SEO plugin. -->","yoast_head_json":{"title":"Naturpark Kellerwald-Edersee","description":"Der Naturpark Kellerwald-Edersee liegt im waldreichen Nordhessen und umschlie\u00dft den gleichnamigen Nationalpark mit UNESCO-Weltnaturerbe. Die Landschaft ist gepr\u00e4gt von ausgedehnten Buchenw\u00e4ldern, idyllischen D\u00f6rfern und abwechslungsreichen Feld-, Wald- und Wiesenfluren. Eingebettet in diese Landschaft und umgeben von steilen, warmen H\u00e4ngen mit urigen Baumgestalten windet sich der 27 km lange Edersee.","robots":{"index":"index","follow":"follow","max-snippet":"max-snippet:-1","max-image-preview":"max-image-preview:large","max-video-preview":"max-video-preview:-1"},"canonical":"https:\/\/www.naturparkmagazin.de\/vdn\/naturpark-kellerwald-edersee\/","og_locale":"de_DE","og_type":"article","og_title":"Naturpark Kellerwald-Edersee","og_description":"Der Naturpark Kellerwald-Edersee liegt im waldreichen Nordhessen und umschlie\u00dft den gleichnamigen Nationalpark mit UNESCO-Weltnaturerbe. Die Landschaft ist gepr\u00e4gt von ausgedehnten Buchenw\u00e4ldern, idyllischen D\u00f6rfern und abwechslungsreichen Feld-, Wald- und Wiesenfluren. Eingebettet in diese Landschaft und umgeben von steilen, warmen H\u00e4ngen mit urigen Baumgestalten windet sich der 27 km lange Edersee.","og_url":"https:\/\/www.naturparkmagazin.de\/vdn\/naturpark-kellerwald-edersee\/","og_site_name":"Verband Deutscher Naturparke","article_published_time":"2018-08-01T10:52:43+00:00","article_modified_time":"2018-08-20T09:02:00+00:00","og_image":[{"width":200,"height":200,"url":"https:\/\/www.naturparkmagazin.de\/vdn\/wp-content\/uploads\/sites\/3\/UE_Sch\u00f6neAussicht_RObf.jpg","type":"image\/jpeg"}],"author":"manuelamerz","twitter_misc":{"Verfasst von":"manuelamerz","Gesch\u00e4tzte Lesezeit":"3\u00a0Minuten"},"schema":{"@context":"https:\/\/schema.org","@graph":[{"@type":"WebPage","@id":"https:\/\/www.naturparkmagazin.de\/vdn\/naturpark-kellerwald-edersee\/","url":"https:\/\/www.naturparkmagazin.de\/vdn\/naturpark-kellerwald-edersee\/","name":"Naturpark Kellerwald-Edersee","isPartOf":{"@id":"https:\/\/www.naturparkmagazin.de\/vdn\/#website"},"datePublished":"2018-08-01T10:52:43+00:00","dateModified":"2018-08-20T09:02:00+00:00","author":{"@id":"https:\/\/www.naturparkmagazin.de\/vdn\/#\/schema\/person\/3cff9b8773ed55f0189255fa9adfd57c"},"description":"Der Naturpark Kellerwald-Edersee liegt im waldreichen Nordhessen und umschlie\u00dft den gleichnamigen Nationalpark mit UNESCO-Weltnaturerbe. Die Landschaft ist gepr\u00e4gt von ausgedehnten Buchenw\u00e4ldern, idyllischen D\u00f6rfern und abwechslungsreichen Feld-, Wald- und Wiesenfluren. Eingebettet in diese Landschaft und umgeben von steilen, warmen H\u00e4ngen mit urigen Baumgestalten windet sich der 27 km lange Edersee.","breadcrumb":{"@id":"https:\/\/www.naturparkmagazin.de\/vdn\/naturpark-kellerwald-edersee\/#breadcrumb"},"inLanguage":"de","potentialAction":[{"@type":"ReadAction","target":["https:\/\/www.naturparkmagazin.de\/vdn\/naturpark-kellerwald-edersee\/"]}]},{"@type":"BreadcrumbList","@id":"https:\/\/www.naturparkmagazin.de\/vdn\/naturpark-kellerwald-edersee\/#breadcrumb","itemListElement":[{"@type":"ListItem","position":1,"name":"Home","item":"https:\/\/www.naturparkmagazin.de\/vdn\/"},{"@type":"ListItem","position":2,"name":"Naturpark Kellerwald-Edersee"}]},{"@type":"WebSite","@id":"https:\/\/www.naturparkmagazin.de\/vdn\/#website","url":"https:\/\/www.naturparkmagazin.de\/vdn\/","name":"Verband Deutscher Naturparke","description":"Eine weitere Naturparkmagazin.de Netzwerk Seite","potentialAction":[{"@type":"SearchAction","target":{"@type":"EntryPoint","urlTemplate":"https:\/\/www.naturparkmagazin.de\/vdn\/?s={search_term_string}"},"query-input":"required name=search_term_string"}],"inLanguage":"de"},{"@type":"Person","@id":"https:\/\/www.naturparkmagazin.de\/vdn\/#\/schema\/person\/3cff9b8773ed55f0189255fa9adfd57c","name":"manuelamerz","url":"https:\/\/www.naturparkmagazin.de\/vdn\/author\/manuelamerz\/"}]}},"_links":{"self":[{"href":"https:\/\/www.naturparkmagazin.de\/vdn\/wp-json\/wp\/v2\/posts\/10375"}],"collection":[{"href":"https:\/\/www.naturparkmagazin.de\/vdn\/wp-json\/wp\/v2\/posts"}],"about":[{"href":"https:\/\/www.naturparkmagazin.de\/vdn\/wp-json\/wp\/v2\/types\/post"}],"author":[{"embeddable":true,"href":"https:\/\/www.naturparkmagazin.de\/vdn\/wp-json\/wp\/v2\/users\/73"}],"replies":[{"embeddable":true,"href":"https:\/\/www.naturparkmagazin.de\/vdn\/wp-json\/wp\/v2\/comments?post=10375"}],"version-history":[{"count":4,"href":"https:\/\/www.naturparkmagazin.de\/vdn\/wp-json\/wp\/v2\/posts\/10375\/revisions"}],"predecessor-version":[{"id":10413,"href":"https:\/\/www.naturparkmagazin.de\/vdn\/wp-json\/wp\/v2\/posts\/10375\/revisions\/10413"}],"wp:featuredmedia":[{"embeddable":true,"href":"https:\/\/www.naturparkmagazin.de\/vdn\/wp-json\/wp\/v2\/media\/10376"}],"wp:attachment":[{"href":"https:\/\/www.naturparkmagazin.de\/vdn\/wp-json\/wp\/v2\/media?parent=10375"}],"wp:term":[{"taxonomy":"category","embeddable":true,"href":"https:\/\/www.naturparkmagazin.de\/vdn\/wp-json\/wp\/v2\/categories?post=10375"},{"taxonomy":"post_tag","embeddable":true,"href":"https:\/\/www.naturparkmagazin.de\/vdn\/wp-json\/wp\/v2\/tags?post=10375"}],"curies":[{"name":"wp","href":"https:\/\/api.w.org\/{rel}","templated":true}]}}