{"id":10391,"date":"2018-08-01T14:48:15","date_gmt":"2018-08-01T12:48:15","guid":{"rendered":"https:\/\/www.naturparkmagazin.de\/vdn\/?p=10391"},"modified":"2018-08-20T11:01:31","modified_gmt":"2018-08-20T09:01:31","slug":"das-kellerwald-brett","status":"publish","type":"post","link":"https:\/\/www.naturparkmagazin.de\/vdn\/das-kellerwald-brett\/","title":{"rendered":"Das \u201eKellerwald-Brett\u201c"},"content":{"rendered":"<div id=\"attachment_10392\" style=\"width: 510px\" class=\"wp-caption alignnone\"><a href=\"https:\/\/www.naturparkmagazin.de\/vdn\/wp-content\/uploads\/sites\/3\/Produkt_Kellerwaldbrett_2_ROb.jpg\"><img aria-describedby=\"caption-attachment-10392\" decoding=\"async\" loading=\"lazy\" class=\"size-full wp-image-10392\" src=\"https:\/\/www.naturparkmagazin.de\/vdn\/wp-content\/uploads\/sites\/3\/Produkt_Kellerwaldbrett_2_ROb.jpg\" alt=\"&quot;Kellerwald-Brett&quot; \u00a9 Reiner Ohlsen\" width=\"500\" height=\"300\" srcset=\"https:\/\/www.naturparkmagazin.de\/vdn\/wp-content\/uploads\/sites\/3\/Produkt_Kellerwaldbrett_2_ROb.jpg 500w, https:\/\/www.naturparkmagazin.de\/vdn\/wp-content\/uploads\/sites\/3\/Produkt_Kellerwaldbrett_2_ROb-300x180.jpg 300w, https:\/\/www.naturparkmagazin.de\/vdn\/wp-content\/uploads\/sites\/3\/Produkt_Kellerwaldbrett_2_ROb-200x120.jpg 200w\" sizes=\"(max-width: 500px) 100vw, 500px\" \/><\/a><p id=\"caption-attachment-10392\" class=\"wp-caption-text\">&#8222;Kellerwald-Brett&#8220; \u00a9 Reiner Ohlsen<\/p><\/div>\n<p>Die Buche (Fagus sylvatica) ist Deutschlands bedeutendster Waldbaum. Im Kellerwald bildet sie eines der gr\u00f6\u00dften unzerschnittenen Buchenwaldgebiete Mitteleuropas.<\/p>\n<p>&nbsp;<\/p>\n<p>Das Kellerwald-Brett entstand im Rahmen des Projektes SiTaR und wurde aus F\u00f6rdermitteln der EU kofinanziert. Die Abk\u00fcrzung SiTaR steht f\u00fcr Sustainability in Tourism and Resource Management (Nachhaltigkeit in Tourismus und Ressourcenmanagement). An dem Projekt waren neben dem Landkreis Waldeck-Frankenberg das Burgenland (\u00d6sterreich) und die Provinz Bozen (S\u00fcdtirol \/ Italien) beteiligt.<\/p>\n<p>&nbsp;<\/p>\n<p>Aus unbehandeltem Buchenholz gefertigt (nat\u00fcrlich nicht aus Schutzgebieten), handelt es sich hier um ein reines Naturprodukt. Sehen und f\u00fchlen Sie selbst!<\/p>\n<p>&nbsp;<\/p>\n<p>Nehmen Sie ein St\u00fcck Natur mit nach Hause!<\/p>\n<p>Hier kann das Kellerwaldbrett erworben werden (Auswahl):<\/p>\n<p><a href=\"https:\/\/www.nationalparkzentrum-kellerwald.de\/nz\/de\/weitereangebote\/nationalparkshop\/\">https:\/\/www.nationalparkzentrum-kellerwald.de\/nz\/de\/weitereangebote\/nationalparkshop\/<\/a><\/p>\n<p><a href=\"https:\/\/www.wildtierpark-edersee.eu\/wp\/de\/oeffnungszeiten\/\">https:\/\/www.wildtierpark-edersee.eu\/wp\/de\/oeffnungszeiten\/<\/a><\/p>\n<p>&nbsp;<\/p>\n<p>&nbsp;<\/p>\n","protected":false},"excerpt":{"rendered":"<p>Das &#8222;Kellerwald-Brett&#8220;: Die Bl\u00e4tter der Buche, dem bedeutendsten Waldbaum Deutschlands lieferten die Form, ihre m\u00e4chtigen St\u00e4mme das Material \u2013 ein St\u00fcck Natur f\u00fcr den Esstisch, zur Dekoration und f\u00fcr die K\u00fcche.<\/p>\n","protected":false},"author":73,"featured_media":10393,"comment_status":"open","ping_status":"open","sticky":false,"template":"","format":"standard","meta":{"_links_to":"","_links_to_target":""},"categories":[13],"tags":[1285,1284,1258,1286],"yoast_head":"<!-- This site is optimized with the Yoast SEO plugin v19.10 - https:\/\/yoast.com\/wordpress\/plugins\/seo\/ -->\n<title>Das \u201eKellerwald-Brett\u201c<\/title>\n<meta name=\"description\" content=\"Das &quot;Kellerwald-Brett&quot;: Die Bl\u00e4tter der Buche, dem bedeutendsten Waldbaum Deutschlands lieferten die Form, ihre m\u00e4chtigen St\u00e4mme das Material \u2013 ein St\u00fcck Natur f\u00fcr den Esstisch, zur Dekoration und f\u00fcr die K\u00fcche.\" \/>\n<meta name=\"robots\" content=\"index, follow, max-snippet:-1, max-image-preview:large, max-video-preview:-1\" \/>\n<link rel=\"canonical\" href=\"https:\/\/www.naturparkmagazin.de\/vdn\/das-kellerwald-brett\/\" \/>\n<meta property=\"og:locale\" content=\"de_DE\" \/>\n<meta property=\"og:type\" content=\"article\" \/>\n<meta property=\"og:title\" content=\"Das \u201eKellerwald-Brett\u201c\" \/>\n<meta property=\"og:description\" content=\"Das &quot;Kellerwald-Brett&quot;: Die Bl\u00e4tter der Buche, dem bedeutendsten Waldbaum Deutschlands lieferten die Form, ihre m\u00e4chtigen St\u00e4mme das Material \u2013 ein St\u00fcck Natur f\u00fcr den Esstisch, zur Dekoration und f\u00fcr die K\u00fcche.\" \/>\n<meta property=\"og:url\" content=\"https:\/\/www.naturparkmagazin.de\/vdn\/das-kellerwald-brett\/\" \/>\n<meta property=\"og:site_name\" content=\"Verband Deutscher Naturparke\" \/>\n<meta property=\"article:published_time\" content=\"2018-08-01T12:48:15+00:00\" \/>\n<meta property=\"article:modified_time\" content=\"2018-08-20T09:01:31+00:00\" \/>\n<meta property=\"og:image\" content=\"https:\/\/www.naturparkmagazin.de\/vdn\/wp-content\/uploads\/sites\/3\/Produkt_Kellerwaldbrett_2_RObf.jpg\" \/>\n\t<meta property=\"og:image:width\" content=\"200\" \/>\n\t<meta property=\"og:image:height\" content=\"200\" \/>\n\t<meta property=\"og:image:type\" content=\"image\/jpeg\" \/>\n<meta name=\"author\" content=\"manuelamerz\" \/>\n<meta name=\"twitter:label1\" content=\"Verfasst von\" \/>\n\t<meta name=\"twitter:data1\" content=\"manuelamerz\" \/>\n\t<meta name=\"twitter:label2\" content=\"Gesch\u00e4tzte Lesezeit\" \/>\n\t<meta name=\"twitter:data2\" content=\"1\u00a0Minute\" \/>\n<script type=\"application\/ld+json\" class=\"yoast-schema-graph\">{\"@context\":\"https:\/\/schema.org\",\"@graph\":[{\"@type\":\"WebPage\",\"@id\":\"https:\/\/www.naturparkmagazin.de\/vdn\/das-kellerwald-brett\/\",\"url\":\"https:\/\/www.naturparkmagazin.de\/vdn\/das-kellerwald-brett\/\",\"name\":\"Das \u201eKellerwald-Brett\u201c\",\"isPartOf\":{\"@id\":\"https:\/\/www.naturparkmagazin.de\/vdn\/#website\"},\"datePublished\":\"2018-08-01T12:48:15+00:00\",\"dateModified\":\"2018-08-20T09:01:31+00:00\",\"author\":{\"@id\":\"https:\/\/www.naturparkmagazin.de\/vdn\/#\/schema\/person\/3cff9b8773ed55f0189255fa9adfd57c\"},\"description\":\"Das \\\"Kellerwald-Brett\\\": Die Bl\u00e4tter der Buche, dem bedeutendsten Waldbaum Deutschlands lieferten die Form, ihre m\u00e4chtigen St\u00e4mme das Material \u2013 ein St\u00fcck Natur f\u00fcr den Esstisch, zur Dekoration und f\u00fcr die K\u00fcche.\",\"breadcrumb\":{\"@id\":\"https:\/\/www.naturparkmagazin.de\/vdn\/das-kellerwald-brett\/#breadcrumb\"},\"inLanguage\":\"de\",\"potentialAction\":[{\"@type\":\"ReadAction\",\"target\":[\"https:\/\/www.naturparkmagazin.de\/vdn\/das-kellerwald-brett\/\"]}]},{\"@type\":\"BreadcrumbList\",\"@id\":\"https:\/\/www.naturparkmagazin.de\/vdn\/das-kellerwald-brett\/#breadcrumb\",\"itemListElement\":[{\"@type\":\"ListItem\",\"position\":1,\"name\":\"Home\",\"item\":\"https:\/\/www.naturparkmagazin.de\/vdn\/\"},{\"@type\":\"ListItem\",\"position\":2,\"name\":\"Das \u201eKellerwald-Brett\u201c\"}]},{\"@type\":\"WebSite\",\"@id\":\"https:\/\/www.naturparkmagazin.de\/vdn\/#website\",\"url\":\"https:\/\/www.naturparkmagazin.de\/vdn\/\",\"name\":\"Verband Deutscher Naturparke\",\"description\":\"Eine weitere Naturparkmagazin.de Netzwerk Seite\",\"potentialAction\":[{\"@type\":\"SearchAction\",\"target\":{\"@type\":\"EntryPoint\",\"urlTemplate\":\"https:\/\/www.naturparkmagazin.de\/vdn\/?s={search_term_string}\"},\"query-input\":\"required name=search_term_string\"}],\"inLanguage\":\"de\"},{\"@type\":\"Person\",\"@id\":\"https:\/\/www.naturparkmagazin.de\/vdn\/#\/schema\/person\/3cff9b8773ed55f0189255fa9adfd57c\",\"name\":\"manuelamerz\",\"url\":\"https:\/\/www.naturparkmagazin.de\/vdn\/author\/manuelamerz\/\"}]}<\/script>\n<!-- \/ Yoast SEO plugin. -->","yoast_head_json":{"title":"Das \u201eKellerwald-Brett\u201c","description":"Das \"Kellerwald-Brett\": Die Bl\u00e4tter der Buche, dem bedeutendsten Waldbaum Deutschlands lieferten die Form, ihre m\u00e4chtigen St\u00e4mme das Material \u2013 ein St\u00fcck Natur f\u00fcr den Esstisch, zur Dekoration und f\u00fcr die K\u00fcche.","robots":{"index":"index","follow":"follow","max-snippet":"max-snippet:-1","max-image-preview":"max-image-preview:large","max-video-preview":"max-video-preview:-1"},"canonical":"https:\/\/www.naturparkmagazin.de\/vdn\/das-kellerwald-brett\/","og_locale":"de_DE","og_type":"article","og_title":"Das \u201eKellerwald-Brett\u201c","og_description":"Das \"Kellerwald-Brett\": Die Bl\u00e4tter der Buche, dem bedeutendsten Waldbaum Deutschlands lieferten die Form, ihre m\u00e4chtigen St\u00e4mme das Material \u2013 ein St\u00fcck Natur f\u00fcr den Esstisch, zur Dekoration und f\u00fcr die K\u00fcche.","og_url":"https:\/\/www.naturparkmagazin.de\/vdn\/das-kellerwald-brett\/","og_site_name":"Verband Deutscher Naturparke","article_published_time":"2018-08-01T12:48:15+00:00","article_modified_time":"2018-08-20T09:01:31+00:00","og_image":[{"width":200,"height":200,"url":"https:\/\/www.naturparkmagazin.de\/vdn\/wp-content\/uploads\/sites\/3\/Produkt_Kellerwaldbrett_2_RObf.jpg","type":"image\/jpeg"}],"author":"manuelamerz","twitter_misc":{"Verfasst von":"manuelamerz","Gesch\u00e4tzte Lesezeit":"1\u00a0Minute"},"schema":{"@context":"https:\/\/schema.org","@graph":[{"@type":"WebPage","@id":"https:\/\/www.naturparkmagazin.de\/vdn\/das-kellerwald-brett\/","url":"https:\/\/www.naturparkmagazin.de\/vdn\/das-kellerwald-brett\/","name":"Das \u201eKellerwald-Brett\u201c","isPartOf":{"@id":"https:\/\/www.naturparkmagazin.de\/vdn\/#website"},"datePublished":"2018-08-01T12:48:15+00:00","dateModified":"2018-08-20T09:01:31+00:00","author":{"@id":"https:\/\/www.naturparkmagazin.de\/vdn\/#\/schema\/person\/3cff9b8773ed55f0189255fa9adfd57c"},"description":"Das \"Kellerwald-Brett\": Die Bl\u00e4tter der Buche, dem bedeutendsten Waldbaum Deutschlands lieferten die Form, ihre m\u00e4chtigen St\u00e4mme das Material \u2013 ein St\u00fcck Natur f\u00fcr den Esstisch, zur Dekoration und f\u00fcr die K\u00fcche.","breadcrumb":{"@id":"https:\/\/www.naturparkmagazin.de\/vdn\/das-kellerwald-brett\/#breadcrumb"},"inLanguage":"de","potentialAction":[{"@type":"ReadAction","target":["https:\/\/www.naturparkmagazin.de\/vdn\/das-kellerwald-brett\/"]}]},{"@type":"BreadcrumbList","@id":"https:\/\/www.naturparkmagazin.de\/vdn\/das-kellerwald-brett\/#breadcrumb","itemListElement":[{"@type":"ListItem","position":1,"name":"Home","item":"https:\/\/www.naturparkmagazin.de\/vdn\/"},{"@type":"ListItem","position":2,"name":"Das \u201eKellerwald-Brett\u201c"}]},{"@type":"WebSite","@id":"https:\/\/www.naturparkmagazin.de\/vdn\/#website","url":"https:\/\/www.naturparkmagazin.de\/vdn\/","name":"Verband Deutscher Naturparke","description":"Eine weitere Naturparkmagazin.de Netzwerk Seite","potentialAction":[{"@type":"SearchAction","target":{"@type":"EntryPoint","urlTemplate":"https:\/\/www.naturparkmagazin.de\/vdn\/?s={search_term_string}"},"query-input":"required name=search_term_string"}],"inLanguage":"de"},{"@type":"Person","@id":"https:\/\/www.naturparkmagazin.de\/vdn\/#\/schema\/person\/3cff9b8773ed55f0189255fa9adfd57c","name":"manuelamerz","url":"https:\/\/www.naturparkmagazin.de\/vdn\/author\/manuelamerz\/"}]}},"_links":{"self":[{"href":"https:\/\/www.naturparkmagazin.de\/vdn\/wp-json\/wp\/v2\/posts\/10391"}],"collection":[{"href":"https:\/\/www.naturparkmagazin.de\/vdn\/wp-json\/wp\/v2\/posts"}],"about":[{"href":"https:\/\/www.naturparkmagazin.de\/vdn\/wp-json\/wp\/v2\/types\/post"}],"author":[{"embeddable":true,"href":"https:\/\/www.naturparkmagazin.de\/vdn\/wp-json\/wp\/v2\/users\/73"}],"replies":[{"embeddable":true,"href":"https:\/\/www.naturparkmagazin.de\/vdn\/wp-json\/wp\/v2\/comments?post=10391"}],"version-history":[{"count":4,"href":"https:\/\/www.naturparkmagazin.de\/vdn\/wp-json\/wp\/v2\/posts\/10391\/revisions"}],"predecessor-version":[{"id":10411,"href":"https:\/\/www.naturparkmagazin.de\/vdn\/wp-json\/wp\/v2\/posts\/10391\/revisions\/10411"}],"wp:featuredmedia":[{"embeddable":true,"href":"https:\/\/www.naturparkmagazin.de\/vdn\/wp-json\/wp\/v2\/media\/10393"}],"wp:attachment":[{"href":"https:\/\/www.naturparkmagazin.de\/vdn\/wp-json\/wp\/v2\/media?parent=10391"}],"wp:term":[{"taxonomy":"category","embeddable":true,"href":"https:\/\/www.naturparkmagazin.de\/vdn\/wp-json\/wp\/v2\/categories?post=10391"},{"taxonomy":"post_tag","embeddable":true,"href":"https:\/\/www.naturparkmagazin.de\/vdn\/wp-json\/wp\/v2\/tags?post=10391"}],"curies":[{"name":"wp","href":"https:\/\/api.w.org\/{rel}","templated":true}]}}