{"id":10425,"date":"2018-08-20T10:59:40","date_gmt":"2018-08-20T08:59:40","guid":{"rendered":"https:\/\/www.naturparkmagazin.de\/vdn\/?p=10425"},"modified":"2018-09-25T14:04:09","modified_gmt":"2018-09-25T12:04:09","slug":"karussellfahrt-von-klaus-mayhack","status":"publish","type":"post","link":"https:\/\/www.naturparkmagazin.de\/vdn\/karussellfahrt-von-klaus-mayhack\/","title":{"rendered":"&#8222;Karusselfahrt&#8220; von Klaus Mayhack"},"content":{"rendered":"<div id=\"attachment_10427\" style=\"width: 510px\" class=\"wp-caption alignnone\"><a href=\"https:\/\/www.naturparkmagazin.de\/vdn\/wp-content\/uploads\/sites\/3\/mg-1607be1.jpg\"><img aria-describedby=\"caption-attachment-10427\" decoding=\"async\" loading=\"lazy\" class=\"size-full wp-image-10427\" src=\"https:\/\/www.naturparkmagazin.de\/vdn\/wp-content\/uploads\/sites\/3\/mg-1607be1.jpg\" alt=\"Karussellfahrt \u00a9 VDN \/ Klaus Mayhack\" width=\"500\" height=\"300\" srcset=\"https:\/\/www.naturparkmagazin.de\/vdn\/wp-content\/uploads\/sites\/3\/mg-1607be1.jpg 500w, https:\/\/www.naturparkmagazin.de\/vdn\/wp-content\/uploads\/sites\/3\/mg-1607be1-300x180.jpg 300w, https:\/\/www.naturparkmagazin.de\/vdn\/wp-content\/uploads\/sites\/3\/mg-1607be1-200x120.jpg 200w\" sizes=\"(max-width: 500px) 100vw, 500px\" \/><\/a><p id=\"caption-attachment-10427\" class=\"wp-caption-text\">Karussellfahrt \u00a9 VDN \/ Klaus Mayhack<\/p><\/div>\n<p>Ein Besuch in einem Naturpark kann spannender sein als jede Detektivgeschichte, mit einer Vielzahl an Erlebnism\u00f6glichkeiten f\u00fcr Gro\u00df und Klein. Wir suchten die besten Fotos von Ihrer Erlebnistour mit Kind und Kegel in Ihrem Naturpark.<\/p>\n<p>Die Jury \u00fcberzeugt hat Klaus Mayhack mit seinem Foto aus dem Naturpark Elbh\u00f6hen-Wendland:<\/p>\n<p>\u201eWer an Kind und Kegel im Naturpark denkt, assoziiert dies wahrscheinlich mit Bildern, auf die der Begriff \u201eauf Schusters Rappen\u201c zutreffen w\u00fcrde. Stattdessen wird hier dem Ausdruck \u201eper Pedes\u201c eine neue Bedeutung verliehen. Per Muskelkraft treibt ein junger Mann ein Karussell an, auf welchem sich mehrere Kinder vergn\u00fcgen. Der Fotograf benutzte ein Weitwinkelobjektiv in Verbindung mit einem leicht untersichtigen Kamerastandpunkt. Wie in einer gelungenen Stra\u00dfenfotografie wirkt die Aufnahme extrem gut kadriert und verdichtet. St\u00f6rende Bildelemente sind nahezu ausgebeblendet. In der anschlie\u00dfenden Bildbearbeitung wurden S\u00e4ttigung und Kontraste erh\u00f6ht und perfekt dem vorliegenden Motiv angepasst.\u201c<\/p>\n<p>Wir gratulieren herzlich zum Monatssieg!<\/p>\n<p>Der Fotowettbewerb &#8222;Augenblick Natur!&#8220; 2018 wird unterst\u00fctzt von Kaufland und in Kooperation mit der Zeitschrift \u201eNaturFoto\u201c des Tecklenborg Verlags, der Firma NOVOFLEX Pr\u00e4zisionstechnik GmbH, Kaufland Foto mit freundlicher Unterst\u00fctzung von CEWE sowie dem Rheinwerk Verlag.\nWeitere tolle Fotos finden Sie im Fotoportal des VDN auf <a href=\"http:\/\/www.naturparkfotos.de\">www.naturparkfotos.de<\/a>.<\/p>\n<p>&nbsp;<\/p>\n<p>&nbsp;<\/p>\n","protected":false},"excerpt":{"rendered":"<p>\u201eMit Kind und Kegel im Naturpark \u2013 Familienausflug\u201c lautete das Monatsthema im Fotowettbewerb \u201eAugenblick Natur\u201c. Die Jury \u00fcberzeugt hat Klaus Mayhack mit seinem Foto \u201eKarussellfahrt\u201c. Herzlichen Gl\u00fcckwunsch!<\/p>\n","protected":false},"author":73,"featured_media":10428,"comment_status":"open","ping_status":"open","sticky":false,"template":"","format":"standard","meta":{"_links_to":"","_links_to_target":""},"categories":[10],"tags":[1328,1088,806,522,1327,1104,94,1326,1329,1325],"yoast_head":"<!-- This site is optimized with the Yoast SEO plugin v19.10 - https:\/\/yoast.com\/wordpress\/plugins\/seo\/ -->\n<title>&quot;Karusselfahrt&quot; von Klaus Mayhack<\/title>\n<meta name=\"description\" content=\"\u201eMit Kind und Kegel im Naturpark \u2013 Familienausflug\u201c lautete das Monatsthema im Fotowettbewerb \u201eAugenblick Natur\u201c. Die Jury \u00fcberzeugt hat Klaus Mayhack mit seinem Foto \u201eKarussellfahrt\u201c. Herzlichen Gl\u00fcckwunsch!\" \/>\n<meta name=\"robots\" content=\"index, follow, max-snippet:-1, max-image-preview:large, max-video-preview:-1\" \/>\n<link rel=\"canonical\" href=\"https:\/\/www.naturparkmagazin.de\/vdn\/karussellfahrt-von-klaus-mayhack\/\" \/>\n<meta property=\"og:locale\" content=\"de_DE\" \/>\n<meta property=\"og:type\" content=\"article\" \/>\n<meta property=\"og:title\" content=\"&quot;Karusselfahrt&quot; von Klaus Mayhack\" \/>\n<meta property=\"og:description\" content=\"\u201eMit Kind und Kegel im Naturpark \u2013 Familienausflug\u201c lautete das Monatsthema im Fotowettbewerb \u201eAugenblick Natur\u201c. Die Jury \u00fcberzeugt hat Klaus Mayhack mit seinem Foto \u201eKarussellfahrt\u201c. Herzlichen Gl\u00fcckwunsch!\" \/>\n<meta property=\"og:url\" content=\"https:\/\/www.naturparkmagazin.de\/vdn\/karussellfahrt-von-klaus-mayhack\/\" \/>\n<meta property=\"og:site_name\" content=\"Verband Deutscher Naturparke\" \/>\n<meta property=\"article:published_time\" content=\"2018-08-20T08:59:40+00:00\" \/>\n<meta property=\"article:modified_time\" content=\"2018-09-25T12:04:09+00:00\" \/>\n<meta property=\"og:image\" content=\"https:\/\/www.naturparkmagazin.de\/vdn\/wp-content\/uploads\/sites\/3\/mg-1607bf.jpg\" \/>\n\t<meta property=\"og:image:width\" content=\"200\" \/>\n\t<meta property=\"og:image:height\" content=\"200\" \/>\n\t<meta property=\"og:image:type\" content=\"image\/jpeg\" \/>\n<meta name=\"author\" content=\"manuelamerz\" \/>\n<meta name=\"twitter:label1\" content=\"Verfasst von\" \/>\n\t<meta name=\"twitter:data1\" content=\"manuelamerz\" \/>\n\t<meta name=\"twitter:label2\" content=\"Gesch\u00e4tzte Lesezeit\" \/>\n\t<meta name=\"twitter:data2\" content=\"1\u00a0Minute\" \/>\n<script type=\"application\/ld+json\" class=\"yoast-schema-graph\">{\"@context\":\"https:\/\/schema.org\",\"@graph\":[{\"@type\":\"WebPage\",\"@id\":\"https:\/\/www.naturparkmagazin.de\/vdn\/karussellfahrt-von-klaus-mayhack\/\",\"url\":\"https:\/\/www.naturparkmagazin.de\/vdn\/karussellfahrt-von-klaus-mayhack\/\",\"name\":\"\\\"Karusselfahrt\\\" von Klaus Mayhack\",\"isPartOf\":{\"@id\":\"https:\/\/www.naturparkmagazin.de\/vdn\/#website\"},\"datePublished\":\"2018-08-20T08:59:40+00:00\",\"dateModified\":\"2018-09-25T12:04:09+00:00\",\"author\":{\"@id\":\"https:\/\/www.naturparkmagazin.de\/vdn\/#\/schema\/person\/3cff9b8773ed55f0189255fa9adfd57c\"},\"description\":\"\u201eMit Kind und Kegel im Naturpark \u2013 Familienausflug\u201c lautete das Monatsthema im Fotowettbewerb \u201eAugenblick Natur\u201c. Die Jury \u00fcberzeugt hat Klaus Mayhack mit seinem Foto \u201eKarussellfahrt\u201c. Herzlichen Gl\u00fcckwunsch!\",\"breadcrumb\":{\"@id\":\"https:\/\/www.naturparkmagazin.de\/vdn\/karussellfahrt-von-klaus-mayhack\/#breadcrumb\"},\"inLanguage\":\"de\",\"potentialAction\":[{\"@type\":\"ReadAction\",\"target\":[\"https:\/\/www.naturparkmagazin.de\/vdn\/karussellfahrt-von-klaus-mayhack\/\"]}]},{\"@type\":\"BreadcrumbList\",\"@id\":\"https:\/\/www.naturparkmagazin.de\/vdn\/karussellfahrt-von-klaus-mayhack\/#breadcrumb\",\"itemListElement\":[{\"@type\":\"ListItem\",\"position\":1,\"name\":\"Home\",\"item\":\"https:\/\/www.naturparkmagazin.de\/vdn\/\"},{\"@type\":\"ListItem\",\"position\":2,\"name\":\"&#8222;Karusselfahrt&#8220; von Klaus Mayhack\"}]},{\"@type\":\"WebSite\",\"@id\":\"https:\/\/www.naturparkmagazin.de\/vdn\/#website\",\"url\":\"https:\/\/www.naturparkmagazin.de\/vdn\/\",\"name\":\"Verband Deutscher Naturparke\",\"description\":\"Eine weitere Naturparkmagazin.de Netzwerk Seite\",\"potentialAction\":[{\"@type\":\"SearchAction\",\"target\":{\"@type\":\"EntryPoint\",\"urlTemplate\":\"https:\/\/www.naturparkmagazin.de\/vdn\/?s={search_term_string}\"},\"query-input\":\"required name=search_term_string\"}],\"inLanguage\":\"de\"},{\"@type\":\"Person\",\"@id\":\"https:\/\/www.naturparkmagazin.de\/vdn\/#\/schema\/person\/3cff9b8773ed55f0189255fa9adfd57c\",\"name\":\"manuelamerz\",\"url\":\"https:\/\/www.naturparkmagazin.de\/vdn\/author\/manuelamerz\/\"}]}<\/script>\n<!-- \/ Yoast SEO plugin. -->","yoast_head_json":{"title":"\"Karusselfahrt\" von Klaus Mayhack","description":"\u201eMit Kind und Kegel im Naturpark \u2013 Familienausflug\u201c lautete das Monatsthema im Fotowettbewerb \u201eAugenblick Natur\u201c. Die Jury \u00fcberzeugt hat Klaus Mayhack mit seinem Foto \u201eKarussellfahrt\u201c. Herzlichen Gl\u00fcckwunsch!","robots":{"index":"index","follow":"follow","max-snippet":"max-snippet:-1","max-image-preview":"max-image-preview:large","max-video-preview":"max-video-preview:-1"},"canonical":"https:\/\/www.naturparkmagazin.de\/vdn\/karussellfahrt-von-klaus-mayhack\/","og_locale":"de_DE","og_type":"article","og_title":"\"Karusselfahrt\" von Klaus Mayhack","og_description":"\u201eMit Kind und Kegel im Naturpark \u2013 Familienausflug\u201c lautete das Monatsthema im Fotowettbewerb \u201eAugenblick Natur\u201c. Die Jury \u00fcberzeugt hat Klaus Mayhack mit seinem Foto \u201eKarussellfahrt\u201c. Herzlichen Gl\u00fcckwunsch!","og_url":"https:\/\/www.naturparkmagazin.de\/vdn\/karussellfahrt-von-klaus-mayhack\/","og_site_name":"Verband Deutscher Naturparke","article_published_time":"2018-08-20T08:59:40+00:00","article_modified_time":"2018-09-25T12:04:09+00:00","og_image":[{"width":200,"height":200,"url":"https:\/\/www.naturparkmagazin.de\/vdn\/wp-content\/uploads\/sites\/3\/mg-1607bf.jpg","type":"image\/jpeg"}],"author":"manuelamerz","twitter_misc":{"Verfasst von":"manuelamerz","Gesch\u00e4tzte Lesezeit":"1\u00a0Minute"},"schema":{"@context":"https:\/\/schema.org","@graph":[{"@type":"WebPage","@id":"https:\/\/www.naturparkmagazin.de\/vdn\/karussellfahrt-von-klaus-mayhack\/","url":"https:\/\/www.naturparkmagazin.de\/vdn\/karussellfahrt-von-klaus-mayhack\/","name":"\"Karusselfahrt\" von Klaus Mayhack","isPartOf":{"@id":"https:\/\/www.naturparkmagazin.de\/vdn\/#website"},"datePublished":"2018-08-20T08:59:40+00:00","dateModified":"2018-09-25T12:04:09+00:00","author":{"@id":"https:\/\/www.naturparkmagazin.de\/vdn\/#\/schema\/person\/3cff9b8773ed55f0189255fa9adfd57c"},"description":"\u201eMit Kind und Kegel im Naturpark \u2013 Familienausflug\u201c lautete das Monatsthema im Fotowettbewerb \u201eAugenblick Natur\u201c. Die Jury \u00fcberzeugt hat Klaus Mayhack mit seinem Foto \u201eKarussellfahrt\u201c. Herzlichen Gl\u00fcckwunsch!","breadcrumb":{"@id":"https:\/\/www.naturparkmagazin.de\/vdn\/karussellfahrt-von-klaus-mayhack\/#breadcrumb"},"inLanguage":"de","potentialAction":[{"@type":"ReadAction","target":["https:\/\/www.naturparkmagazin.de\/vdn\/karussellfahrt-von-klaus-mayhack\/"]}]},{"@type":"BreadcrumbList","@id":"https:\/\/www.naturparkmagazin.de\/vdn\/karussellfahrt-von-klaus-mayhack\/#breadcrumb","itemListElement":[{"@type":"ListItem","position":1,"name":"Home","item":"https:\/\/www.naturparkmagazin.de\/vdn\/"},{"@type":"ListItem","position":2,"name":"&#8222;Karusselfahrt&#8220; von Klaus Mayhack"}]},{"@type":"WebSite","@id":"https:\/\/www.naturparkmagazin.de\/vdn\/#website","url":"https:\/\/www.naturparkmagazin.de\/vdn\/","name":"Verband Deutscher Naturparke","description":"Eine weitere Naturparkmagazin.de Netzwerk Seite","potentialAction":[{"@type":"SearchAction","target":{"@type":"EntryPoint","urlTemplate":"https:\/\/www.naturparkmagazin.de\/vdn\/?s={search_term_string}"},"query-input":"required name=search_term_string"}],"inLanguage":"de"},{"@type":"Person","@id":"https:\/\/www.naturparkmagazin.de\/vdn\/#\/schema\/person\/3cff9b8773ed55f0189255fa9adfd57c","name":"manuelamerz","url":"https:\/\/www.naturparkmagazin.de\/vdn\/author\/manuelamerz\/"}]}},"_links":{"self":[{"href":"https:\/\/www.naturparkmagazin.de\/vdn\/wp-json\/wp\/v2\/posts\/10425"}],"collection":[{"href":"https:\/\/www.naturparkmagazin.de\/vdn\/wp-json\/wp\/v2\/posts"}],"about":[{"href":"https:\/\/www.naturparkmagazin.de\/vdn\/wp-json\/wp\/v2\/types\/post"}],"author":[{"embeddable":true,"href":"https:\/\/www.naturparkmagazin.de\/vdn\/wp-json\/wp\/v2\/users\/73"}],"replies":[{"embeddable":true,"href":"https:\/\/www.naturparkmagazin.de\/vdn\/wp-json\/wp\/v2\/comments?post=10425"}],"version-history":[{"count":6,"href":"https:\/\/www.naturparkmagazin.de\/vdn\/wp-json\/wp\/v2\/posts\/10425\/revisions"}],"predecessor-version":[{"id":10453,"href":"https:\/\/www.naturparkmagazin.de\/vdn\/wp-json\/wp\/v2\/posts\/10425\/revisions\/10453"}],"wp:featuredmedia":[{"embeddable":true,"href":"https:\/\/www.naturparkmagazin.de\/vdn\/wp-json\/wp\/v2\/media\/10428"}],"wp:attachment":[{"href":"https:\/\/www.naturparkmagazin.de\/vdn\/wp-json\/wp\/v2\/media?parent=10425"}],"wp:term":[{"taxonomy":"category","embeddable":true,"href":"https:\/\/www.naturparkmagazin.de\/vdn\/wp-json\/wp\/v2\/categories?post=10425"},{"taxonomy":"post_tag","embeddable":true,"href":"https:\/\/www.naturparkmagazin.de\/vdn\/wp-json\/wp\/v2\/tags?post=10425"}],"curies":[{"name":"wp","href":"https:\/\/api.w.org\/{rel}","templated":true}]}}