{"id":10430,"date":"2018-08-20T11:24:35","date_gmt":"2018-08-20T09:24:35","guid":{"rendered":"https:\/\/www.naturparkmagazin.de\/vdn\/?p=10430"},"modified":"2018-08-20T11:36:26","modified_gmt":"2018-08-20T09:36:26","slug":"klarer-kurs-naturschutz","status":"publish","type":"post","link":"https:\/\/www.naturparkmagazin.de\/vdn\/klarer-kurs-naturschutz\/","title":{"rendered":"\u201eKlarer Kurs \u2013 Naturschutz\u201c"},"content":{"rendered":"<p><a href=\"https:\/\/www.naturparkmagazin.de\/vdn\/wp-content\/uploads\/sites\/3\/9ae3fb0b18b.jpeg\"><img decoding=\"async\" loading=\"lazy\" class=\"alignnone wp-image-10432 size-full\" src=\"https:\/\/www.naturparkmagazin.de\/vdn\/wp-content\/uploads\/sites\/3\/9ae3fb0b18b.jpeg\" alt=\"\" width=\"225\" height=\"132\" srcset=\"https:\/\/www.naturparkmagazin.de\/vdn\/wp-content\/uploads\/sites\/3\/9ae3fb0b18b.jpeg 225w, https:\/\/www.naturparkmagazin.de\/vdn\/wp-content\/uploads\/sites\/3\/9ae3fb0b18b-200x117.jpeg 200w\" sizes=\"(max-width: 225px) 100vw, 225px\" \/><\/a><\/p>\n<p>Am 34. Naturschutztag, der in diesem Jahr vom 25. bis 29. September in Kiel stattfindet, nimmt auch der VDN teil. Am Freitag, dem 28.9. referiert Eda Sayan vom VDN zum Thema Kommunikation und Bildung in der Migrationsgesellschaft. Das Thema ihres Vortrages lautet: \u201eHerausforderung: Interkulturelle\u00a0Kommunikations- und Bildungsarbeit in der Naturschutzpraxis\u201c<\/p>\n<p>Hier erhalten Sie weitere Informationen zum Projekt: <a href=\"http:\/\/www.naturparke.de\/natur-erleben-verbindet\">www.naturparke.de\/natur-erleben-verbindet<\/a><\/p>\n<p>Unter dem Motto \u201eKlarer Kurs \u2013 Naturschutz\u201c setzen an vier Tagen der Bundesverband Beruflicher Naturschutz e.V. (BBN), das Bundesamt f\u00fcr Naturschutz (BfN), der Deutsche Naturschutzring (DNR) e.V. und das gastgebende Ministerium f\u00fcr Energiewende, Landwirtschaft, Umwelt, Natur und Digitalisierung des Landes Schleswig-Holstein (MELUND) die Segel f\u00fcr ein gro\u00dfes Programm mit Vortr\u00e4gen, Diskussionen und Workshops.<\/p>\n<p>Weitere Informationen erhalten Sie hier:\n<a href=\"https:\/\/l.facebook.com\/l.php?u=http%3A%2F%2Fwww.deutscher-naturschutztag.de%2F&amp;h=AT3sh24z-tPkKNZrQE5jWcR5V7m3yyORU1Z96GwGkrj4SnpiuNddGSt3LzNxxnUX7uW7f05xYAm6abedpjkQ6_HPErA1hmerBddqEyTd3ElfQLN68T970vbbS1TFhhtGxOtRxxlJGMEwuFMQxlx5UviW\">http:\/\/www.deutscher-naturschutztag.de\/<\/a><\/p>\n<p>&nbsp;<\/p>\n","protected":false},"excerpt":{"rendered":"<p>Unter diesem Motto findet vom 25. bis 29. September der deutschlandweit gr\u00f6\u00dfte Naturschutzkongress in Kiel statt.<\/p>\n","protected":false},"author":73,"featured_media":10431,"comment_status":"open","ping_status":"open","sticky":false,"template":"","format":"standard","meta":{"_links_to":"","_links_to_target":""},"categories":[7],"tags":[1322,1321,1323,694,1316,1318,1317,1324,1091,1319,1231,1320,470,93,1054],"yoast_head":"<!-- This site is optimized with the Yoast SEO plugin v19.10 - https:\/\/yoast.com\/wordpress\/plugins\/seo\/ -->\n<title>\u201eKlarer Kurs \u2013 Naturschutz\u201c<\/title>\n<meta name=\"description\" content=\"Unter diesem Motto findet vom 25. bis 29. September der deutschlandweit gr\u00f6\u00dfte Naturschutzkongress in Kiel statt.\" \/>\n<meta name=\"robots\" content=\"index, follow, max-snippet:-1, max-image-preview:large, max-video-preview:-1\" \/>\n<link rel=\"canonical\" href=\"https:\/\/www.naturparkmagazin.de\/vdn\/klarer-kurs-naturschutz\/\" \/>\n<meta property=\"og:locale\" content=\"de_DE\" \/>\n<meta property=\"og:type\" content=\"article\" \/>\n<meta property=\"og:title\" content=\"\u201eKlarer Kurs \u2013 Naturschutz\u201c\" \/>\n<meta property=\"og:description\" content=\"Unter diesem Motto findet vom 25. bis 29. September der deutschlandweit gr\u00f6\u00dfte Naturschutzkongress in Kiel statt.\" \/>\n<meta property=\"og:url\" content=\"https:\/\/www.naturparkmagazin.de\/vdn\/klarer-kurs-naturschutz\/\" \/>\n<meta property=\"og:site_name\" content=\"Verband Deutscher Naturparke\" \/>\n<meta property=\"article:published_time\" content=\"2018-08-20T09:24:35+00:00\" \/>\n<meta property=\"article:modified_time\" content=\"2018-08-20T09:36:26+00:00\" \/>\n<meta property=\"og:image\" content=\"https:\/\/www.naturparkmagazin.de\/vdn\/wp-content\/uploads\/sites\/3\/Unbenanntbf1.jpeg\" \/>\n\t<meta property=\"og:image:width\" content=\"200\" \/>\n\t<meta property=\"og:image:height\" content=\"200\" \/>\n\t<meta property=\"og:image:type\" content=\"image\/jpeg\" \/>\n<meta name=\"author\" content=\"manuelamerz\" \/>\n<meta name=\"twitter:label1\" content=\"Verfasst von\" \/>\n\t<meta name=\"twitter:data1\" content=\"manuelamerz\" \/>\n\t<meta name=\"twitter:label2\" content=\"Gesch\u00e4tzte Lesezeit\" \/>\n\t<meta name=\"twitter:data2\" content=\"1\u00a0Minute\" \/>\n<script type=\"application\/ld+json\" class=\"yoast-schema-graph\">{\"@context\":\"https:\/\/schema.org\",\"@graph\":[{\"@type\":\"WebPage\",\"@id\":\"https:\/\/www.naturparkmagazin.de\/vdn\/klarer-kurs-naturschutz\/\",\"url\":\"https:\/\/www.naturparkmagazin.de\/vdn\/klarer-kurs-naturschutz\/\",\"name\":\"\u201eKlarer Kurs \u2013 Naturschutz\u201c\",\"isPartOf\":{\"@id\":\"https:\/\/www.naturparkmagazin.de\/vdn\/#website\"},\"datePublished\":\"2018-08-20T09:24:35+00:00\",\"dateModified\":\"2018-08-20T09:36:26+00:00\",\"author\":{\"@id\":\"https:\/\/www.naturparkmagazin.de\/vdn\/#\/schema\/person\/3cff9b8773ed55f0189255fa9adfd57c\"},\"description\":\"Unter diesem Motto findet vom 25. bis 29. September der deutschlandweit gr\u00f6\u00dfte Naturschutzkongress in Kiel statt.\",\"breadcrumb\":{\"@id\":\"https:\/\/www.naturparkmagazin.de\/vdn\/klarer-kurs-naturschutz\/#breadcrumb\"},\"inLanguage\":\"de\",\"potentialAction\":[{\"@type\":\"ReadAction\",\"target\":[\"https:\/\/www.naturparkmagazin.de\/vdn\/klarer-kurs-naturschutz\/\"]}]},{\"@type\":\"BreadcrumbList\",\"@id\":\"https:\/\/www.naturparkmagazin.de\/vdn\/klarer-kurs-naturschutz\/#breadcrumb\",\"itemListElement\":[{\"@type\":\"ListItem\",\"position\":1,\"name\":\"Home\",\"item\":\"https:\/\/www.naturparkmagazin.de\/vdn\/\"},{\"@type\":\"ListItem\",\"position\":2,\"name\":\"\u201eKlarer Kurs \u2013 Naturschutz\u201c\"}]},{\"@type\":\"WebSite\",\"@id\":\"https:\/\/www.naturparkmagazin.de\/vdn\/#website\",\"url\":\"https:\/\/www.naturparkmagazin.de\/vdn\/\",\"name\":\"Verband Deutscher Naturparke\",\"description\":\"Eine weitere Naturparkmagazin.de Netzwerk Seite\",\"potentialAction\":[{\"@type\":\"SearchAction\",\"target\":{\"@type\":\"EntryPoint\",\"urlTemplate\":\"https:\/\/www.naturparkmagazin.de\/vdn\/?s={search_term_string}\"},\"query-input\":\"required name=search_term_string\"}],\"inLanguage\":\"de\"},{\"@type\":\"Person\",\"@id\":\"https:\/\/www.naturparkmagazin.de\/vdn\/#\/schema\/person\/3cff9b8773ed55f0189255fa9adfd57c\",\"name\":\"manuelamerz\",\"url\":\"https:\/\/www.naturparkmagazin.de\/vdn\/author\/manuelamerz\/\"}]}<\/script>\n<!-- \/ Yoast SEO plugin. -->","yoast_head_json":{"title":"\u201eKlarer Kurs \u2013 Naturschutz\u201c","description":"Unter diesem Motto findet vom 25. bis 29. September der deutschlandweit gr\u00f6\u00dfte Naturschutzkongress in Kiel statt.","robots":{"index":"index","follow":"follow","max-snippet":"max-snippet:-1","max-image-preview":"max-image-preview:large","max-video-preview":"max-video-preview:-1"},"canonical":"https:\/\/www.naturparkmagazin.de\/vdn\/klarer-kurs-naturschutz\/","og_locale":"de_DE","og_type":"article","og_title":"\u201eKlarer Kurs \u2013 Naturschutz\u201c","og_description":"Unter diesem Motto findet vom 25. bis 29. September der deutschlandweit gr\u00f6\u00dfte Naturschutzkongress in Kiel statt.","og_url":"https:\/\/www.naturparkmagazin.de\/vdn\/klarer-kurs-naturschutz\/","og_site_name":"Verband Deutscher Naturparke","article_published_time":"2018-08-20T09:24:35+00:00","article_modified_time":"2018-08-20T09:36:26+00:00","og_image":[{"width":200,"height":200,"url":"https:\/\/www.naturparkmagazin.de\/vdn\/wp-content\/uploads\/sites\/3\/Unbenanntbf1.jpeg","type":"image\/jpeg"}],"author":"manuelamerz","twitter_misc":{"Verfasst von":"manuelamerz","Gesch\u00e4tzte Lesezeit":"1\u00a0Minute"},"schema":{"@context":"https:\/\/schema.org","@graph":[{"@type":"WebPage","@id":"https:\/\/www.naturparkmagazin.de\/vdn\/klarer-kurs-naturschutz\/","url":"https:\/\/www.naturparkmagazin.de\/vdn\/klarer-kurs-naturschutz\/","name":"\u201eKlarer Kurs \u2013 Naturschutz\u201c","isPartOf":{"@id":"https:\/\/www.naturparkmagazin.de\/vdn\/#website"},"datePublished":"2018-08-20T09:24:35+00:00","dateModified":"2018-08-20T09:36:26+00:00","author":{"@id":"https:\/\/www.naturparkmagazin.de\/vdn\/#\/schema\/person\/3cff9b8773ed55f0189255fa9adfd57c"},"description":"Unter diesem Motto findet vom 25. bis 29. September der deutschlandweit gr\u00f6\u00dfte Naturschutzkongress in Kiel statt.","breadcrumb":{"@id":"https:\/\/www.naturparkmagazin.de\/vdn\/klarer-kurs-naturschutz\/#breadcrumb"},"inLanguage":"de","potentialAction":[{"@type":"ReadAction","target":["https:\/\/www.naturparkmagazin.de\/vdn\/klarer-kurs-naturschutz\/"]}]},{"@type":"BreadcrumbList","@id":"https:\/\/www.naturparkmagazin.de\/vdn\/klarer-kurs-naturschutz\/#breadcrumb","itemListElement":[{"@type":"ListItem","position":1,"name":"Home","item":"https:\/\/www.naturparkmagazin.de\/vdn\/"},{"@type":"ListItem","position":2,"name":"\u201eKlarer Kurs \u2013 Naturschutz\u201c"}]},{"@type":"WebSite","@id":"https:\/\/www.naturparkmagazin.de\/vdn\/#website","url":"https:\/\/www.naturparkmagazin.de\/vdn\/","name":"Verband Deutscher Naturparke","description":"Eine weitere Naturparkmagazin.de Netzwerk Seite","potentialAction":[{"@type":"SearchAction","target":{"@type":"EntryPoint","urlTemplate":"https:\/\/www.naturparkmagazin.de\/vdn\/?s={search_term_string}"},"query-input":"required name=search_term_string"}],"inLanguage":"de"},{"@type":"Person","@id":"https:\/\/www.naturparkmagazin.de\/vdn\/#\/schema\/person\/3cff9b8773ed55f0189255fa9adfd57c","name":"manuelamerz","url":"https:\/\/www.naturparkmagazin.de\/vdn\/author\/manuelamerz\/"}]}},"_links":{"self":[{"href":"https:\/\/www.naturparkmagazin.de\/vdn\/wp-json\/wp\/v2\/posts\/10430"}],"collection":[{"href":"https:\/\/www.naturparkmagazin.de\/vdn\/wp-json\/wp\/v2\/posts"}],"about":[{"href":"https:\/\/www.naturparkmagazin.de\/vdn\/wp-json\/wp\/v2\/types\/post"}],"author":[{"embeddable":true,"href":"https:\/\/www.naturparkmagazin.de\/vdn\/wp-json\/wp\/v2\/users\/73"}],"replies":[{"embeddable":true,"href":"https:\/\/www.naturparkmagazin.de\/vdn\/wp-json\/wp\/v2\/comments?post=10430"}],"version-history":[{"count":2,"href":"https:\/\/www.naturparkmagazin.de\/vdn\/wp-json\/wp\/v2\/posts\/10430\/revisions"}],"predecessor-version":[{"id":10434,"href":"https:\/\/www.naturparkmagazin.de\/vdn\/wp-json\/wp\/v2\/posts\/10430\/revisions\/10434"}],"wp:featuredmedia":[{"embeddable":true,"href":"https:\/\/www.naturparkmagazin.de\/vdn\/wp-json\/wp\/v2\/media\/10431"}],"wp:attachment":[{"href":"https:\/\/www.naturparkmagazin.de\/vdn\/wp-json\/wp\/v2\/media?parent=10430"}],"wp:term":[{"taxonomy":"category","embeddable":true,"href":"https:\/\/www.naturparkmagazin.de\/vdn\/wp-json\/wp\/v2\/categories?post=10430"},{"taxonomy":"post_tag","embeddable":true,"href":"https:\/\/www.naturparkmagazin.de\/vdn\/wp-json\/wp\/v2\/tags?post=10430"}],"curies":[{"name":"wp","href":"https:\/\/api.w.org\/{rel}","templated":true}]}}