{"id":10438,"date":"2018-08-20T11:48:51","date_gmt":"2018-08-20T09:48:51","guid":{"rendered":"https:\/\/www.naturparkmagazin.de\/vdn\/?p=10438"},"modified":"2018-08-21T10:13:47","modified_gmt":"2018-08-21T08:13:47","slug":"zu-gast-im-thueringer-wald-deutscher-naturpark-tag-2018","status":"publish","type":"post","link":"https:\/\/www.naturparkmagazin.de\/vdn\/zu-gast-im-thueringer-wald-deutscher-naturpark-tag-2018\/","title":{"rendered":"\u201eZu Gast im Th\u00fcringer Wald\u201c \u2013 Deutscher Naturpark-Tag 2018"},"content":{"rendered":"<div id=\"attachment_10440\" style=\"width: 510px\" class=\"wp-caption alignnone\"><a href=\"https:\/\/www.naturparkmagazin.de\/vdn\/wp-content\/uploads\/sites\/3\/42b.jpg\"><img aria-describedby=\"caption-attachment-10440\" decoding=\"async\" loading=\"lazy\" class=\"size-full wp-image-10440\" src=\"https:\/\/www.naturparkmagazin.de\/vdn\/wp-content\/uploads\/sites\/3\/42b.jpg\" alt=\"Wartburg \u00a9 VDN \/ Joachim K\u00fchnemund\" width=\"500\" height=\"300\" srcset=\"https:\/\/www.naturparkmagazin.de\/vdn\/wp-content\/uploads\/sites\/3\/42b.jpg 500w, https:\/\/www.naturparkmagazin.de\/vdn\/wp-content\/uploads\/sites\/3\/42b-300x180.jpg 300w, https:\/\/www.naturparkmagazin.de\/vdn\/wp-content\/uploads\/sites\/3\/42b-200x120.jpg 200w\" sizes=\"(max-width: 500px) 100vw, 500px\" \/><\/a><p id=\"caption-attachment-10440\" class=\"wp-caption-text\">Wartburg \u00a9 VDN \/ Joachim K\u00fchnemund<\/p><\/div>\n<p>Der Deutsche Naturpark-Tag 2018 findet vom 18.-20. September 2018 in Eisenach und im Naturpark Th\u00fcringer Wald statt. Mehr als 80 Vertreter*innen aus \u00fcber 60 Naturparken in Deutschland diskutieren dort \u00fcber die zuk\u00fcnftigen Aufgaben und Ziele der deutschen Naturparke bis zum Jahr 2030. Im Rahmen des Er\u00f6ffnungsabends am Dienstag, den 18. September findet auch die Auszeichnung von Naturparken im Rahmen der \u201eQualit\u00e4tsoffensive Naturparke\u201c statt.<\/p>\n<p>Am 19. September werden die Naturpark- Vertreter*innen nach der Mitgliederversammlung auf einer Exkursion auf dem Rennsteig den Naturpark Th\u00fcringer Wald hautnah erleben k\u00f6nnen. Als kulturelles Highlight findet zum Abschluss der Tagung ein Besuch der Wartburg statt.<\/p>\n<p>&nbsp;<\/p>\n<p>&nbsp;<\/p>\n","protected":false},"excerpt":{"rendered":"<p>Vom 18.-20. September treffen sich Vertreter*innen aus \u00fcber 60 Naturparken in Eisenach zum Deutschen Naturpark-Tag 2018.<\/p>\n","protected":false},"author":73,"featured_media":10454,"comment_status":"open","ping_status":"open","sticky":false,"template":"","format":"standard","meta":{"_links_to":"","_links_to_target":""},"categories":[7],"tags":[1330,1331,1333,695,643,645,41,1054,1332],"yoast_head":"<!-- This site is optimized with the Yoast SEO plugin v19.10 - https:\/\/yoast.com\/wordpress\/plugins\/seo\/ -->\n<title>\u201eZu Gast im Th\u00fcringer Wald\u201c \u2013 Deutscher Naturpark-Tag 2018<\/title>\n<meta name=\"description\" content=\"Vom 18.-20. September treffen sich Vertreter*innen aus \u00fcber 60 Naturparken in Eisenach zum Deutschen Naturpark-Tag 2018.\" \/>\n<meta name=\"robots\" content=\"index, follow, max-snippet:-1, max-image-preview:large, max-video-preview:-1\" \/>\n<link rel=\"canonical\" href=\"https:\/\/www.naturparkmagazin.de\/vdn\/zu-gast-im-thueringer-wald-deutscher-naturpark-tag-2018\/\" \/>\n<meta property=\"og:locale\" content=\"de_DE\" \/>\n<meta property=\"og:type\" content=\"article\" \/>\n<meta property=\"og:title\" content=\"\u201eZu Gast im Th\u00fcringer Wald\u201c \u2013 Deutscher Naturpark-Tag 2018\" \/>\n<meta property=\"og:description\" content=\"Vom 18.-20. September treffen sich Vertreter*innen aus \u00fcber 60 Naturparken in Eisenach zum Deutschen Naturpark-Tag 2018.\" \/>\n<meta property=\"og:url\" content=\"https:\/\/www.naturparkmagazin.de\/vdn\/zu-gast-im-thueringer-wald-deutscher-naturpark-tag-2018\/\" \/>\n<meta property=\"og:site_name\" content=\"Verband Deutscher Naturparke\" \/>\n<meta property=\"article:published_time\" content=\"2018-08-20T09:48:51+00:00\" \/>\n<meta property=\"article:modified_time\" content=\"2018-08-21T08:13:47+00:00\" \/>\n<meta property=\"og:image\" content=\"https:\/\/www.naturparkmagazin.de\/vdn\/wp-content\/uploads\/sites\/3\/42bff.jpg\" \/>\n\t<meta property=\"og:image:width\" content=\"200\" \/>\n\t<meta property=\"og:image:height\" content=\"200\" \/>\n\t<meta property=\"og:image:type\" content=\"image\/jpeg\" \/>\n<meta name=\"author\" content=\"manuelamerz\" \/>\n<meta name=\"twitter:label1\" content=\"Verfasst von\" \/>\n\t<meta name=\"twitter:data1\" content=\"manuelamerz\" \/>\n\t<meta name=\"twitter:label2\" content=\"Gesch\u00e4tzte Lesezeit\" \/>\n\t<meta name=\"twitter:data2\" content=\"1\u00a0Minute\" \/>\n<script type=\"application\/ld+json\" class=\"yoast-schema-graph\">{\"@context\":\"https:\/\/schema.org\",\"@graph\":[{\"@type\":\"WebPage\",\"@id\":\"https:\/\/www.naturparkmagazin.de\/vdn\/zu-gast-im-thueringer-wald-deutscher-naturpark-tag-2018\/\",\"url\":\"https:\/\/www.naturparkmagazin.de\/vdn\/zu-gast-im-thueringer-wald-deutscher-naturpark-tag-2018\/\",\"name\":\"\u201eZu Gast im Th\u00fcringer Wald\u201c \u2013 Deutscher Naturpark-Tag 2018\",\"isPartOf\":{\"@id\":\"https:\/\/www.naturparkmagazin.de\/vdn\/#website\"},\"datePublished\":\"2018-08-20T09:48:51+00:00\",\"dateModified\":\"2018-08-21T08:13:47+00:00\",\"author\":{\"@id\":\"https:\/\/www.naturparkmagazin.de\/vdn\/#\/schema\/person\/3cff9b8773ed55f0189255fa9adfd57c\"},\"description\":\"Vom 18.-20. September treffen sich Vertreter*innen aus \u00fcber 60 Naturparken in Eisenach zum Deutschen Naturpark-Tag 2018.\",\"breadcrumb\":{\"@id\":\"https:\/\/www.naturparkmagazin.de\/vdn\/zu-gast-im-thueringer-wald-deutscher-naturpark-tag-2018\/#breadcrumb\"},\"inLanguage\":\"de\",\"potentialAction\":[{\"@type\":\"ReadAction\",\"target\":[\"https:\/\/www.naturparkmagazin.de\/vdn\/zu-gast-im-thueringer-wald-deutscher-naturpark-tag-2018\/\"]}]},{\"@type\":\"BreadcrumbList\",\"@id\":\"https:\/\/www.naturparkmagazin.de\/vdn\/zu-gast-im-thueringer-wald-deutscher-naturpark-tag-2018\/#breadcrumb\",\"itemListElement\":[{\"@type\":\"ListItem\",\"position\":1,\"name\":\"Home\",\"item\":\"https:\/\/www.naturparkmagazin.de\/vdn\/\"},{\"@type\":\"ListItem\",\"position\":2,\"name\":\"\u201eZu Gast im Th\u00fcringer Wald\u201c \u2013 Deutscher Naturpark-Tag 2018\"}]},{\"@type\":\"WebSite\",\"@id\":\"https:\/\/www.naturparkmagazin.de\/vdn\/#website\",\"url\":\"https:\/\/www.naturparkmagazin.de\/vdn\/\",\"name\":\"Verband Deutscher Naturparke\",\"description\":\"Eine weitere Naturparkmagazin.de Netzwerk Seite\",\"potentialAction\":[{\"@type\":\"SearchAction\",\"target\":{\"@type\":\"EntryPoint\",\"urlTemplate\":\"https:\/\/www.naturparkmagazin.de\/vdn\/?s={search_term_string}\"},\"query-input\":\"required name=search_term_string\"}],\"inLanguage\":\"de\"},{\"@type\":\"Person\",\"@id\":\"https:\/\/www.naturparkmagazin.de\/vdn\/#\/schema\/person\/3cff9b8773ed55f0189255fa9adfd57c\",\"name\":\"manuelamerz\",\"url\":\"https:\/\/www.naturparkmagazin.de\/vdn\/author\/manuelamerz\/\"}]}<\/script>\n<!-- \/ Yoast SEO plugin. -->","yoast_head_json":{"title":"\u201eZu Gast im Th\u00fcringer Wald\u201c \u2013 Deutscher Naturpark-Tag 2018","description":"Vom 18.-20. September treffen sich Vertreter*innen aus \u00fcber 60 Naturparken in Eisenach zum Deutschen Naturpark-Tag 2018.","robots":{"index":"index","follow":"follow","max-snippet":"max-snippet:-1","max-image-preview":"max-image-preview:large","max-video-preview":"max-video-preview:-1"},"canonical":"https:\/\/www.naturparkmagazin.de\/vdn\/zu-gast-im-thueringer-wald-deutscher-naturpark-tag-2018\/","og_locale":"de_DE","og_type":"article","og_title":"\u201eZu Gast im Th\u00fcringer Wald\u201c \u2013 Deutscher Naturpark-Tag 2018","og_description":"Vom 18.-20. September treffen sich Vertreter*innen aus \u00fcber 60 Naturparken in Eisenach zum Deutschen Naturpark-Tag 2018.","og_url":"https:\/\/www.naturparkmagazin.de\/vdn\/zu-gast-im-thueringer-wald-deutscher-naturpark-tag-2018\/","og_site_name":"Verband Deutscher Naturparke","article_published_time":"2018-08-20T09:48:51+00:00","article_modified_time":"2018-08-21T08:13:47+00:00","og_image":[{"width":200,"height":200,"url":"https:\/\/www.naturparkmagazin.de\/vdn\/wp-content\/uploads\/sites\/3\/42bff.jpg","type":"image\/jpeg"}],"author":"manuelamerz","twitter_misc":{"Verfasst von":"manuelamerz","Gesch\u00e4tzte Lesezeit":"1\u00a0Minute"},"schema":{"@context":"https:\/\/schema.org","@graph":[{"@type":"WebPage","@id":"https:\/\/www.naturparkmagazin.de\/vdn\/zu-gast-im-thueringer-wald-deutscher-naturpark-tag-2018\/","url":"https:\/\/www.naturparkmagazin.de\/vdn\/zu-gast-im-thueringer-wald-deutscher-naturpark-tag-2018\/","name":"\u201eZu Gast im Th\u00fcringer Wald\u201c \u2013 Deutscher Naturpark-Tag 2018","isPartOf":{"@id":"https:\/\/www.naturparkmagazin.de\/vdn\/#website"},"datePublished":"2018-08-20T09:48:51+00:00","dateModified":"2018-08-21T08:13:47+00:00","author":{"@id":"https:\/\/www.naturparkmagazin.de\/vdn\/#\/schema\/person\/3cff9b8773ed55f0189255fa9adfd57c"},"description":"Vom 18.-20. September treffen sich Vertreter*innen aus \u00fcber 60 Naturparken in Eisenach zum Deutschen Naturpark-Tag 2018.","breadcrumb":{"@id":"https:\/\/www.naturparkmagazin.de\/vdn\/zu-gast-im-thueringer-wald-deutscher-naturpark-tag-2018\/#breadcrumb"},"inLanguage":"de","potentialAction":[{"@type":"ReadAction","target":["https:\/\/www.naturparkmagazin.de\/vdn\/zu-gast-im-thueringer-wald-deutscher-naturpark-tag-2018\/"]}]},{"@type":"BreadcrumbList","@id":"https:\/\/www.naturparkmagazin.de\/vdn\/zu-gast-im-thueringer-wald-deutscher-naturpark-tag-2018\/#breadcrumb","itemListElement":[{"@type":"ListItem","position":1,"name":"Home","item":"https:\/\/www.naturparkmagazin.de\/vdn\/"},{"@type":"ListItem","position":2,"name":"\u201eZu Gast im Th\u00fcringer Wald\u201c \u2013 Deutscher Naturpark-Tag 2018"}]},{"@type":"WebSite","@id":"https:\/\/www.naturparkmagazin.de\/vdn\/#website","url":"https:\/\/www.naturparkmagazin.de\/vdn\/","name":"Verband Deutscher Naturparke","description":"Eine weitere Naturparkmagazin.de Netzwerk Seite","potentialAction":[{"@type":"SearchAction","target":{"@type":"EntryPoint","urlTemplate":"https:\/\/www.naturparkmagazin.de\/vdn\/?s={search_term_string}"},"query-input":"required name=search_term_string"}],"inLanguage":"de"},{"@type":"Person","@id":"https:\/\/www.naturparkmagazin.de\/vdn\/#\/schema\/person\/3cff9b8773ed55f0189255fa9adfd57c","name":"manuelamerz","url":"https:\/\/www.naturparkmagazin.de\/vdn\/author\/manuelamerz\/"}]}},"_links":{"self":[{"href":"https:\/\/www.naturparkmagazin.de\/vdn\/wp-json\/wp\/v2\/posts\/10438"}],"collection":[{"href":"https:\/\/www.naturparkmagazin.de\/vdn\/wp-json\/wp\/v2\/posts"}],"about":[{"href":"https:\/\/www.naturparkmagazin.de\/vdn\/wp-json\/wp\/v2\/types\/post"}],"author":[{"embeddable":true,"href":"https:\/\/www.naturparkmagazin.de\/vdn\/wp-json\/wp\/v2\/users\/73"}],"replies":[{"embeddable":true,"href":"https:\/\/www.naturparkmagazin.de\/vdn\/wp-json\/wp\/v2\/comments?post=10438"}],"version-history":[{"count":1,"href":"https:\/\/www.naturparkmagazin.de\/vdn\/wp-json\/wp\/v2\/posts\/10438\/revisions"}],"predecessor-version":[{"id":10441,"href":"https:\/\/www.naturparkmagazin.de\/vdn\/wp-json\/wp\/v2\/posts\/10438\/revisions\/10441"}],"wp:featuredmedia":[{"embeddable":true,"href":"https:\/\/www.naturparkmagazin.de\/vdn\/wp-json\/wp\/v2\/media\/10454"}],"wp:attachment":[{"href":"https:\/\/www.naturparkmagazin.de\/vdn\/wp-json\/wp\/v2\/media?parent=10438"}],"wp:term":[{"taxonomy":"category","embeddable":true,"href":"https:\/\/www.naturparkmagazin.de\/vdn\/wp-json\/wp\/v2\/categories?post=10438"},{"taxonomy":"post_tag","embeddable":true,"href":"https:\/\/www.naturparkmagazin.de\/vdn\/wp-json\/wp\/v2\/tags?post=10438"}],"curies":[{"name":"wp","href":"https:\/\/api.w.org\/{rel}","templated":true}]}}