{"id":10478,"date":"2018-09-01T15:14:58","date_gmt":"2018-09-01T13:14:58","guid":{"rendered":"https:\/\/www.naturparkmagazin.de\/vdn\/?p=10478"},"modified":"2018-09-21T13:45:39","modified_gmt":"2018-09-21T11:45:39","slug":"klaus-liebing","status":"publish","type":"post","link":"https:\/\/www.naturparkmagazin.de\/vdn\/klaus-liebing\/","title":{"rendered":"Klaus Liebing &#8230;"},"content":{"rendered":"<div id=\"attachment_10479\" style=\"width: 510px\" class=\"wp-caption alignnone\"><a href=\"https:\/\/www.naturparkmagazin.de\/vdn\/wp-content\/uploads\/sites\/3\/Klaus-Liebing_Liebingb.jpg\"><img aria-describedby=\"caption-attachment-10479\" decoding=\"async\" loading=\"lazy\" class=\"size-full wp-image-10479\" src=\"https:\/\/www.naturparkmagazin.de\/vdn\/wp-content\/uploads\/sites\/3\/Klaus-Liebing_Liebingb.jpg\" alt=\"\u00a9 Klaus Liebing\" width=\"500\" height=\"300\" srcset=\"https:\/\/www.naturparkmagazin.de\/vdn\/wp-content\/uploads\/sites\/3\/Klaus-Liebing_Liebingb.jpg 500w, https:\/\/www.naturparkmagazin.de\/vdn\/wp-content\/uploads\/sites\/3\/Klaus-Liebing_Liebingb-300x180.jpg 300w, https:\/\/www.naturparkmagazin.de\/vdn\/wp-content\/uploads\/sites\/3\/Klaus-Liebing_Liebingb-200x120.jpg 200w\" sizes=\"(max-width: 500px) 100vw, 500px\" \/><\/a><p id=\"caption-attachment-10479\" class=\"wp-caption-text\">\u00a9 Klaus Liebing<\/p><\/div>\n<p>\u201eDer Naturpark Harz hat ein hervorragendes Wanderwegenetz. Herausragend sind die beiden zertifizierten Themen und Fernwanderwege Harzer-Hexen-Stieg (94 km lang) und der Karstwanderweg (239 km lang).\u00a0Der Karstwanderweg\u00a0f\u00fchrt durch drei L\u00e4nder (Sachsen-Anhalt, Th\u00fcringen, Niedersachsen) und drei Landkreise. Mitten in dieser faszinierenden Karstlandschaft entlang des S\u00fcdharzes wohne ich direkt an diesem einzigartigen Weg. Nichts lag von daher n\u00e4her, als vor Jahren den F\u00f6rderverein Karstwanderweg mit zu gr\u00fcnden und auf diesem als Wanderf\u00fchrer und als Botschafter des Naturparks Harz die au\u00dfergew\u00f6hnliche Karstlandschaft, insbesondere den Touristen, zu zeigen und zu erkl\u00e4ren.\u201c<\/p>\n","protected":false},"excerpt":{"rendered":"<p>&#8230; stellvertretender Landrat a. D. und Naturpark-Botschafter ist als Wanderf\u00fchrer auf dem 239 km langen Karstwanderweg unterwegs.<\/p>\n","protected":false},"author":73,"featured_media":10480,"comment_status":"open","ping_status":"open","sticky":false,"template":"","format":"standard","meta":{"_links_to":"","_links_to_target":""},"categories":[8],"tags":[],"yoast_head":"<!-- This site is optimized with the Yoast SEO plugin v19.10 - https:\/\/yoast.com\/wordpress\/plugins\/seo\/ -->\n<title>Klaus Liebing ...<\/title>\n<meta name=\"description\" content=\"... stellvertretender Landrat a. D. und Naturpark-Botschafter ist als Wanderf\u00fchrer auf dem 239 km langen Karstwanderweg unterwegs.\" \/>\n<meta name=\"robots\" content=\"index, follow, max-snippet:-1, max-image-preview:large, max-video-preview:-1\" \/>\n<link rel=\"canonical\" href=\"https:\/\/www.naturparkmagazin.de\/vdn\/klaus-liebing\/\" \/>\n<meta property=\"og:locale\" content=\"de_DE\" \/>\n<meta property=\"og:type\" content=\"article\" \/>\n<meta property=\"og:title\" content=\"Klaus Liebing ...\" \/>\n<meta property=\"og:description\" content=\"... stellvertretender Landrat a. D. und Naturpark-Botschafter ist als Wanderf\u00fchrer auf dem 239 km langen Karstwanderweg unterwegs.\" \/>\n<meta property=\"og:url\" content=\"https:\/\/www.naturparkmagazin.de\/vdn\/klaus-liebing\/\" \/>\n<meta property=\"og:site_name\" content=\"Verband Deutscher Naturparke\" \/>\n<meta property=\"article:published_time\" content=\"2018-09-01T13:14:58+00:00\" \/>\n<meta property=\"article:modified_time\" content=\"2018-09-21T11:45:39+00:00\" \/>\n<meta property=\"og:image\" content=\"https:\/\/www.naturparkmagazin.de\/vdn\/wp-content\/uploads\/sites\/3\/Klaus-Liebing_Liebingbf.jpg\" \/>\n\t<meta property=\"og:image:width\" content=\"200\" \/>\n\t<meta property=\"og:image:height\" content=\"200\" \/>\n\t<meta property=\"og:image:type\" content=\"image\/jpeg\" \/>\n<meta name=\"author\" content=\"manuelamerz\" \/>\n<meta name=\"twitter:label1\" content=\"Verfasst von\" \/>\n\t<meta name=\"twitter:data1\" content=\"manuelamerz\" \/>\n\t<meta name=\"twitter:label2\" content=\"Gesch\u00e4tzte Lesezeit\" \/>\n\t<meta name=\"twitter:data2\" content=\"1\u00a0Minute\" \/>\n<script type=\"application\/ld+json\" class=\"yoast-schema-graph\">{\"@context\":\"https:\/\/schema.org\",\"@graph\":[{\"@type\":\"WebPage\",\"@id\":\"https:\/\/www.naturparkmagazin.de\/vdn\/klaus-liebing\/\",\"url\":\"https:\/\/www.naturparkmagazin.de\/vdn\/klaus-liebing\/\",\"name\":\"Klaus Liebing ...\",\"isPartOf\":{\"@id\":\"https:\/\/www.naturparkmagazin.de\/vdn\/#website\"},\"datePublished\":\"2018-09-01T13:14:58+00:00\",\"dateModified\":\"2018-09-21T11:45:39+00:00\",\"author\":{\"@id\":\"https:\/\/www.naturparkmagazin.de\/vdn\/#\/schema\/person\/3cff9b8773ed55f0189255fa9adfd57c\"},\"description\":\"... stellvertretender Landrat a. D. und Naturpark-Botschafter ist als Wanderf\u00fchrer auf dem 239 km langen Karstwanderweg unterwegs.\",\"breadcrumb\":{\"@id\":\"https:\/\/www.naturparkmagazin.de\/vdn\/klaus-liebing\/#breadcrumb\"},\"inLanguage\":\"de\",\"potentialAction\":[{\"@type\":\"ReadAction\",\"target\":[\"https:\/\/www.naturparkmagazin.de\/vdn\/klaus-liebing\/\"]}]},{\"@type\":\"BreadcrumbList\",\"@id\":\"https:\/\/www.naturparkmagazin.de\/vdn\/klaus-liebing\/#breadcrumb\",\"itemListElement\":[{\"@type\":\"ListItem\",\"position\":1,\"name\":\"Home\",\"item\":\"https:\/\/www.naturparkmagazin.de\/vdn\/\"},{\"@type\":\"ListItem\",\"position\":2,\"name\":\"Klaus Liebing &#8230;\"}]},{\"@type\":\"WebSite\",\"@id\":\"https:\/\/www.naturparkmagazin.de\/vdn\/#website\",\"url\":\"https:\/\/www.naturparkmagazin.de\/vdn\/\",\"name\":\"Verband Deutscher Naturparke\",\"description\":\"Eine weitere Naturparkmagazin.de Netzwerk Seite\",\"potentialAction\":[{\"@type\":\"SearchAction\",\"target\":{\"@type\":\"EntryPoint\",\"urlTemplate\":\"https:\/\/www.naturparkmagazin.de\/vdn\/?s={search_term_string}\"},\"query-input\":\"required name=search_term_string\"}],\"inLanguage\":\"de\"},{\"@type\":\"Person\",\"@id\":\"https:\/\/www.naturparkmagazin.de\/vdn\/#\/schema\/person\/3cff9b8773ed55f0189255fa9adfd57c\",\"name\":\"manuelamerz\",\"url\":\"https:\/\/www.naturparkmagazin.de\/vdn\/author\/manuelamerz\/\"}]}<\/script>\n<!-- \/ Yoast SEO plugin. -->","yoast_head_json":{"title":"Klaus Liebing ...","description":"... stellvertretender Landrat a. D. und Naturpark-Botschafter ist als Wanderf\u00fchrer auf dem 239 km langen Karstwanderweg unterwegs.","robots":{"index":"index","follow":"follow","max-snippet":"max-snippet:-1","max-image-preview":"max-image-preview:large","max-video-preview":"max-video-preview:-1"},"canonical":"https:\/\/www.naturparkmagazin.de\/vdn\/klaus-liebing\/","og_locale":"de_DE","og_type":"article","og_title":"Klaus Liebing ...","og_description":"... stellvertretender Landrat a. D. und Naturpark-Botschafter ist als Wanderf\u00fchrer auf dem 239 km langen Karstwanderweg unterwegs.","og_url":"https:\/\/www.naturparkmagazin.de\/vdn\/klaus-liebing\/","og_site_name":"Verband Deutscher Naturparke","article_published_time":"2018-09-01T13:14:58+00:00","article_modified_time":"2018-09-21T11:45:39+00:00","og_image":[{"width":200,"height":200,"url":"https:\/\/www.naturparkmagazin.de\/vdn\/wp-content\/uploads\/sites\/3\/Klaus-Liebing_Liebingbf.jpg","type":"image\/jpeg"}],"author":"manuelamerz","twitter_misc":{"Verfasst von":"manuelamerz","Gesch\u00e4tzte Lesezeit":"1\u00a0Minute"},"schema":{"@context":"https:\/\/schema.org","@graph":[{"@type":"WebPage","@id":"https:\/\/www.naturparkmagazin.de\/vdn\/klaus-liebing\/","url":"https:\/\/www.naturparkmagazin.de\/vdn\/klaus-liebing\/","name":"Klaus Liebing ...","isPartOf":{"@id":"https:\/\/www.naturparkmagazin.de\/vdn\/#website"},"datePublished":"2018-09-01T13:14:58+00:00","dateModified":"2018-09-21T11:45:39+00:00","author":{"@id":"https:\/\/www.naturparkmagazin.de\/vdn\/#\/schema\/person\/3cff9b8773ed55f0189255fa9adfd57c"},"description":"... stellvertretender Landrat a. D. und Naturpark-Botschafter ist als Wanderf\u00fchrer auf dem 239 km langen Karstwanderweg unterwegs.","breadcrumb":{"@id":"https:\/\/www.naturparkmagazin.de\/vdn\/klaus-liebing\/#breadcrumb"},"inLanguage":"de","potentialAction":[{"@type":"ReadAction","target":["https:\/\/www.naturparkmagazin.de\/vdn\/klaus-liebing\/"]}]},{"@type":"BreadcrumbList","@id":"https:\/\/www.naturparkmagazin.de\/vdn\/klaus-liebing\/#breadcrumb","itemListElement":[{"@type":"ListItem","position":1,"name":"Home","item":"https:\/\/www.naturparkmagazin.de\/vdn\/"},{"@type":"ListItem","position":2,"name":"Klaus Liebing &#8230;"}]},{"@type":"WebSite","@id":"https:\/\/www.naturparkmagazin.de\/vdn\/#website","url":"https:\/\/www.naturparkmagazin.de\/vdn\/","name":"Verband Deutscher Naturparke","description":"Eine weitere Naturparkmagazin.de Netzwerk Seite","potentialAction":[{"@type":"SearchAction","target":{"@type":"EntryPoint","urlTemplate":"https:\/\/www.naturparkmagazin.de\/vdn\/?s={search_term_string}"},"query-input":"required name=search_term_string"}],"inLanguage":"de"},{"@type":"Person","@id":"https:\/\/www.naturparkmagazin.de\/vdn\/#\/schema\/person\/3cff9b8773ed55f0189255fa9adfd57c","name":"manuelamerz","url":"https:\/\/www.naturparkmagazin.de\/vdn\/author\/manuelamerz\/"}]}},"_links":{"self":[{"href":"https:\/\/www.naturparkmagazin.de\/vdn\/wp-json\/wp\/v2\/posts\/10478"}],"collection":[{"href":"https:\/\/www.naturparkmagazin.de\/vdn\/wp-json\/wp\/v2\/posts"}],"about":[{"href":"https:\/\/www.naturparkmagazin.de\/vdn\/wp-json\/wp\/v2\/types\/post"}],"author":[{"embeddable":true,"href":"https:\/\/www.naturparkmagazin.de\/vdn\/wp-json\/wp\/v2\/users\/73"}],"replies":[{"embeddable":true,"href":"https:\/\/www.naturparkmagazin.de\/vdn\/wp-json\/wp\/v2\/comments?post=10478"}],"version-history":[{"count":2,"href":"https:\/\/www.naturparkmagazin.de\/vdn\/wp-json\/wp\/v2\/posts\/10478\/revisions"}],"predecessor-version":[{"id":10482,"href":"https:\/\/www.naturparkmagazin.de\/vdn\/wp-json\/wp\/v2\/posts\/10478\/revisions\/10482"}],"wp:featuredmedia":[{"embeddable":true,"href":"https:\/\/www.naturparkmagazin.de\/vdn\/wp-json\/wp\/v2\/media\/10480"}],"wp:attachment":[{"href":"https:\/\/www.naturparkmagazin.de\/vdn\/wp-json\/wp\/v2\/media?parent=10478"}],"wp:term":[{"taxonomy":"category","embeddable":true,"href":"https:\/\/www.naturparkmagazin.de\/vdn\/wp-json\/wp\/v2\/categories?post=10478"},{"taxonomy":"post_tag","embeddable":true,"href":"https:\/\/www.naturparkmagazin.de\/vdn\/wp-json\/wp\/v2\/tags?post=10478"}],"curies":[{"name":"wp","href":"https:\/\/api.w.org\/{rel}","templated":true}]}}