{"id":10495,"date":"2018-08-20T10:22:21","date_gmt":"2018-08-20T08:22:21","guid":{"rendered":"https:\/\/www.naturparkmagazin.de\/vdn\/?p=10495"},"modified":"2018-08-30T10:23:17","modified_gmt":"2018-08-30T08:23:17","slug":"aussichtsreich-mehr-foerderung-fuer-niedersachsens-naturparke","status":"publish","type":"post","link":"https:\/\/www.naturparkmagazin.de\/vdn\/aussichtsreich-mehr-foerderung-fuer-niedersachsens-naturparke\/","title":{"rendered":"Aussichtsreich &#8211; Mehr F\u00f6rderung f\u00fcr Niedersachsens Naturparke"},"content":{"rendered":"<div id=\"attachment_10496\" style=\"width: 510px\" class=\"wp-caption aligncenter\"><a href=\"https:\/\/www.naturparkmagazin.de\/vdn\/wp-content\/uploads\/sites\/3\/VertreterInnen_Nds.Naturparke_MdL_Nds.Landtag_23.08.2018_Beitrag.jpg\"><img aria-describedby=\"caption-attachment-10496\" decoding=\"async\" loading=\"lazy\" class=\"size-full wp-image-10496\" src=\"https:\/\/www.naturparkmagazin.de\/vdn\/wp-content\/uploads\/sites\/3\/VertreterInnen_Nds.Naturparke_MdL_Nds.Landtag_23.08.2018_Beitrag.jpg\" alt=\"VertreterInnen der Nds. Naturparke und MdL des Nds. Landtags 23.08.2018 - Copyright: Naturpark L\u00fcneburger Heide e.V.\" width=\"500\" height=\"300\" srcset=\"https:\/\/www.naturparkmagazin.de\/vdn\/wp-content\/uploads\/sites\/3\/VertreterInnen_Nds.Naturparke_MdL_Nds.Landtag_23.08.2018_Beitrag.jpg 500w, https:\/\/www.naturparkmagazin.de\/vdn\/wp-content\/uploads\/sites\/3\/VertreterInnen_Nds.Naturparke_MdL_Nds.Landtag_23.08.2018_Beitrag-300x180.jpg 300w, https:\/\/www.naturparkmagazin.de\/vdn\/wp-content\/uploads\/sites\/3\/VertreterInnen_Nds.Naturparke_MdL_Nds.Landtag_23.08.2018_Beitrag-200x120.jpg 200w\" sizes=\"(max-width: 500px) 100vw, 500px\" \/><\/a><p id=\"caption-attachment-10496\" class=\"wp-caption-text\">VertreterInnen der Nds. Naturparke und MdL des Nds. Landtags 23.08.2018 &#8211; Copyright: Naturpark L\u00fcneburger Heide e.V.<\/p><\/div>\n<p>Auf gro\u00dfe Resonanz stie\u00df die erneute Initiative der 14 Nds. Naturparke und zwei Geoparke, sich mit den Abgeordneten der aktuellen Regierungsparteien in puncto Naturparkf\u00f6rderung auszutauschen. Die Bedeutung der vielschichtigen Naturparkarbeit findet gro\u00dfe Zustimmung im Land. Die Bezuschussung der Naturparke durch das Land Niedersachsen soll kommen.<\/p>\n<p>Aus allen Teilen Niedersachsens, vom Harz und aus der Heide, aus dem Weserbergland und Solling, dem D\u00fcmmer und der Wildeshauser Geest, den Moorlandschaften im Emsland, vom Steinhuder Meer, von der Elbe und Weser sowie aus dem Elm und Osnabr\u00fccker Land, kamen die Vorsitzenden und Gesch\u00e4ftsf\u00fchrer aller 14 Nds. Naturparke, um den Abgeordneten der SPD und CDU erneut die vielf\u00e4ltige Bedeutung der Naturparke f\u00fcr das Land und die Leute aus nah und fern zu erl\u00e4utern und um endlich die lang ersehnte F\u00f6rderung der Naturparke durch das Land Niedersachsen zu erreichen.<\/p>\n<p>Trotz laufender Debatte nahmen sich 15 Abgeordnete des Nds. Landtags Zeit f\u00fcr das Gespr\u00e4ch mit den Naturpark-Vertretern. Markus Bosse, Umweltpolitischer Sprecher der SPD, betonte zum Einstieg &#8222;Wir wissen dass die Naturparke gute, verl\u00e4ssliche Arbeit machen. Genau aus diesem Grund haben wir unsere Unterst\u00fctzung im Koalitionsvertrag zugesagt&#8220;.<\/p>\n<p><a href=\"http:\/\/www.naturpark-lueneburger-heide.de\/aktuelles-und-presse\/pressemitteilungen\/pressemitteilungen-2018\/\" target=\"_blank\">&gt;&gt; Hier k\u00f6nnen Sie den kompletten Inhalt der Pressemitteilung nachlesen<\/a><\/p>\n<p>&nbsp;<\/p>\n","protected":false},"excerpt":{"rendered":"<p>Die Bedeutung der vielschichtigen Naturparkarbeit findet gro\u00dfe Zustimmung in Niedersachsen. Die Bezuschussung der Naturparke durch das Land soll nun kommen.<\/p>\n","protected":false},"author":51,"featured_media":10496,"comment_status":"open","ping_status":"open","sticky":false,"template":"","format":"standard","meta":{"_links_to":"","_links_to_target":""},"categories":[7],"tags":[],"yoast_head":"<!-- This site is optimized with the Yoast SEO plugin v19.10 - https:\/\/yoast.com\/wordpress\/plugins\/seo\/ -->\n<title>Aussichtsreich - Mehr F\u00f6rderung f\u00fcr Niedersachsens Naturparke<\/title>\n<meta name=\"description\" content=\"Die Bedeutung der vielschichtigen Naturparkarbeit findet gro\u00dfe Zustimmung in Niedersachsen. Die Bezuschussung der Naturparke durch das Land soll nun kommen.\" \/>\n<meta name=\"robots\" content=\"index, follow, max-snippet:-1, max-image-preview:large, max-video-preview:-1\" \/>\n<link rel=\"canonical\" href=\"https:\/\/www.naturparkmagazin.de\/vdn\/aussichtsreich-mehr-foerderung-fuer-niedersachsens-naturparke\/\" \/>\n<meta property=\"og:locale\" content=\"de_DE\" \/>\n<meta property=\"og:type\" content=\"article\" \/>\n<meta property=\"og:title\" content=\"Aussichtsreich - Mehr F\u00f6rderung f\u00fcr Niedersachsens Naturparke\" \/>\n<meta property=\"og:description\" content=\"Die Bedeutung der vielschichtigen Naturparkarbeit findet gro\u00dfe Zustimmung in Niedersachsen. Die Bezuschussung der Naturparke durch das Land soll nun kommen.\" \/>\n<meta property=\"og:url\" content=\"https:\/\/www.naturparkmagazin.de\/vdn\/aussichtsreich-mehr-foerderung-fuer-niedersachsens-naturparke\/\" \/>\n<meta property=\"og:site_name\" content=\"Verband Deutscher Naturparke\" \/>\n<meta property=\"article:published_time\" content=\"2018-08-20T08:22:21+00:00\" \/>\n<meta property=\"article:modified_time\" content=\"2018-08-30T08:23:17+00:00\" \/>\n<meta property=\"og:image\" content=\"https:\/\/www.naturparkmagazin.de\/vdn\/wp-content\/uploads\/sites\/3\/VertreterInnen_Nds.Naturparke_MdL_Nds.Landtag_23.08.2018_Beitrag.jpg\" \/>\n\t<meta property=\"og:image:width\" content=\"500\" \/>\n\t<meta property=\"og:image:height\" content=\"300\" \/>\n\t<meta property=\"og:image:type\" content=\"image\/jpeg\" \/>\n<meta name=\"author\" content=\"beatrixlosem\" \/>\n<meta name=\"twitter:label1\" content=\"Verfasst von\" \/>\n\t<meta name=\"twitter:data1\" content=\"beatrixlosem\" \/>\n\t<meta name=\"twitter:label2\" content=\"Gesch\u00e4tzte Lesezeit\" \/>\n\t<meta name=\"twitter:data2\" content=\"1\u00a0Minute\" \/>\n<script type=\"application\/ld+json\" class=\"yoast-schema-graph\">{\"@context\":\"https:\/\/schema.org\",\"@graph\":[{\"@type\":\"WebPage\",\"@id\":\"https:\/\/www.naturparkmagazin.de\/vdn\/aussichtsreich-mehr-foerderung-fuer-niedersachsens-naturparke\/\",\"url\":\"https:\/\/www.naturparkmagazin.de\/vdn\/aussichtsreich-mehr-foerderung-fuer-niedersachsens-naturparke\/\",\"name\":\"Aussichtsreich - Mehr F\u00f6rderung f\u00fcr Niedersachsens Naturparke\",\"isPartOf\":{\"@id\":\"https:\/\/www.naturparkmagazin.de\/vdn\/#website\"},\"datePublished\":\"2018-08-20T08:22:21+00:00\",\"dateModified\":\"2018-08-30T08:23:17+00:00\",\"author\":{\"@id\":\"https:\/\/www.naturparkmagazin.de\/vdn\/#\/schema\/person\/d71357578c318b6db03be60b1f60396b\"},\"description\":\"Die Bedeutung der vielschichtigen Naturparkarbeit findet gro\u00dfe Zustimmung in Niedersachsen. Die Bezuschussung der Naturparke durch das Land soll nun kommen.\",\"breadcrumb\":{\"@id\":\"https:\/\/www.naturparkmagazin.de\/vdn\/aussichtsreich-mehr-foerderung-fuer-niedersachsens-naturparke\/#breadcrumb\"},\"inLanguage\":\"de\",\"potentialAction\":[{\"@type\":\"ReadAction\",\"target\":[\"https:\/\/www.naturparkmagazin.de\/vdn\/aussichtsreich-mehr-foerderung-fuer-niedersachsens-naturparke\/\"]}]},{\"@type\":\"BreadcrumbList\",\"@id\":\"https:\/\/www.naturparkmagazin.de\/vdn\/aussichtsreich-mehr-foerderung-fuer-niedersachsens-naturparke\/#breadcrumb\",\"itemListElement\":[{\"@type\":\"ListItem\",\"position\":1,\"name\":\"Home\",\"item\":\"https:\/\/www.naturparkmagazin.de\/vdn\/\"},{\"@type\":\"ListItem\",\"position\":2,\"name\":\"Aussichtsreich &#8211; Mehr F\u00f6rderung f\u00fcr Niedersachsens Naturparke\"}]},{\"@type\":\"WebSite\",\"@id\":\"https:\/\/www.naturparkmagazin.de\/vdn\/#website\",\"url\":\"https:\/\/www.naturparkmagazin.de\/vdn\/\",\"name\":\"Verband Deutscher Naturparke\",\"description\":\"Eine weitere Naturparkmagazin.de Netzwerk Seite\",\"potentialAction\":[{\"@type\":\"SearchAction\",\"target\":{\"@type\":\"EntryPoint\",\"urlTemplate\":\"https:\/\/www.naturparkmagazin.de\/vdn\/?s={search_term_string}\"},\"query-input\":\"required name=search_term_string\"}],\"inLanguage\":\"de\"},{\"@type\":\"Person\",\"@id\":\"https:\/\/www.naturparkmagazin.de\/vdn\/#\/schema\/person\/d71357578c318b6db03be60b1f60396b\",\"name\":\"beatrixlosem\",\"url\":\"https:\/\/www.naturparkmagazin.de\/vdn\/author\/beatrixlosem\/\"}]}<\/script>\n<!-- \/ Yoast SEO plugin. -->","yoast_head_json":{"title":"Aussichtsreich - Mehr F\u00f6rderung f\u00fcr Niedersachsens Naturparke","description":"Die Bedeutung der vielschichtigen Naturparkarbeit findet gro\u00dfe Zustimmung in Niedersachsen. Die Bezuschussung der Naturparke durch das Land soll nun kommen.","robots":{"index":"index","follow":"follow","max-snippet":"max-snippet:-1","max-image-preview":"max-image-preview:large","max-video-preview":"max-video-preview:-1"},"canonical":"https:\/\/www.naturparkmagazin.de\/vdn\/aussichtsreich-mehr-foerderung-fuer-niedersachsens-naturparke\/","og_locale":"de_DE","og_type":"article","og_title":"Aussichtsreich - Mehr F\u00f6rderung f\u00fcr Niedersachsens Naturparke","og_description":"Die Bedeutung der vielschichtigen Naturparkarbeit findet gro\u00dfe Zustimmung in Niedersachsen. Die Bezuschussung der Naturparke durch das Land soll nun kommen.","og_url":"https:\/\/www.naturparkmagazin.de\/vdn\/aussichtsreich-mehr-foerderung-fuer-niedersachsens-naturparke\/","og_site_name":"Verband Deutscher Naturparke","article_published_time":"2018-08-20T08:22:21+00:00","article_modified_time":"2018-08-30T08:23:17+00:00","og_image":[{"width":500,"height":300,"url":"https:\/\/www.naturparkmagazin.de\/vdn\/wp-content\/uploads\/sites\/3\/VertreterInnen_Nds.Naturparke_MdL_Nds.Landtag_23.08.2018_Beitrag.jpg","type":"image\/jpeg"}],"author":"beatrixlosem","twitter_misc":{"Verfasst von":"beatrixlosem","Gesch\u00e4tzte Lesezeit":"1\u00a0Minute"},"schema":{"@context":"https:\/\/schema.org","@graph":[{"@type":"WebPage","@id":"https:\/\/www.naturparkmagazin.de\/vdn\/aussichtsreich-mehr-foerderung-fuer-niedersachsens-naturparke\/","url":"https:\/\/www.naturparkmagazin.de\/vdn\/aussichtsreich-mehr-foerderung-fuer-niedersachsens-naturparke\/","name":"Aussichtsreich - Mehr F\u00f6rderung f\u00fcr Niedersachsens Naturparke","isPartOf":{"@id":"https:\/\/www.naturparkmagazin.de\/vdn\/#website"},"datePublished":"2018-08-20T08:22:21+00:00","dateModified":"2018-08-30T08:23:17+00:00","author":{"@id":"https:\/\/www.naturparkmagazin.de\/vdn\/#\/schema\/person\/d71357578c318b6db03be60b1f60396b"},"description":"Die Bedeutung der vielschichtigen Naturparkarbeit findet gro\u00dfe Zustimmung in Niedersachsen. Die Bezuschussung der Naturparke durch das Land soll nun kommen.","breadcrumb":{"@id":"https:\/\/www.naturparkmagazin.de\/vdn\/aussichtsreich-mehr-foerderung-fuer-niedersachsens-naturparke\/#breadcrumb"},"inLanguage":"de","potentialAction":[{"@type":"ReadAction","target":["https:\/\/www.naturparkmagazin.de\/vdn\/aussichtsreich-mehr-foerderung-fuer-niedersachsens-naturparke\/"]}]},{"@type":"BreadcrumbList","@id":"https:\/\/www.naturparkmagazin.de\/vdn\/aussichtsreich-mehr-foerderung-fuer-niedersachsens-naturparke\/#breadcrumb","itemListElement":[{"@type":"ListItem","position":1,"name":"Home","item":"https:\/\/www.naturparkmagazin.de\/vdn\/"},{"@type":"ListItem","position":2,"name":"Aussichtsreich &#8211; Mehr F\u00f6rderung f\u00fcr Niedersachsens Naturparke"}]},{"@type":"WebSite","@id":"https:\/\/www.naturparkmagazin.de\/vdn\/#website","url":"https:\/\/www.naturparkmagazin.de\/vdn\/","name":"Verband Deutscher Naturparke","description":"Eine weitere Naturparkmagazin.de Netzwerk Seite","potentialAction":[{"@type":"SearchAction","target":{"@type":"EntryPoint","urlTemplate":"https:\/\/www.naturparkmagazin.de\/vdn\/?s={search_term_string}"},"query-input":"required name=search_term_string"}],"inLanguage":"de"},{"@type":"Person","@id":"https:\/\/www.naturparkmagazin.de\/vdn\/#\/schema\/person\/d71357578c318b6db03be60b1f60396b","name":"beatrixlosem","url":"https:\/\/www.naturparkmagazin.de\/vdn\/author\/beatrixlosem\/"}]}},"_links":{"self":[{"href":"https:\/\/www.naturparkmagazin.de\/vdn\/wp-json\/wp\/v2\/posts\/10495"}],"collection":[{"href":"https:\/\/www.naturparkmagazin.de\/vdn\/wp-json\/wp\/v2\/posts"}],"about":[{"href":"https:\/\/www.naturparkmagazin.de\/vdn\/wp-json\/wp\/v2\/types\/post"}],"author":[{"embeddable":true,"href":"https:\/\/www.naturparkmagazin.de\/vdn\/wp-json\/wp\/v2\/users\/51"}],"replies":[{"embeddable":true,"href":"https:\/\/www.naturparkmagazin.de\/vdn\/wp-json\/wp\/v2\/comments?post=10495"}],"version-history":[{"count":8,"href":"https:\/\/www.naturparkmagazin.de\/vdn\/wp-json\/wp\/v2\/posts\/10495\/revisions"}],"predecessor-version":[{"id":10499,"href":"https:\/\/www.naturparkmagazin.de\/vdn\/wp-json\/wp\/v2\/posts\/10495\/revisions\/10499"}],"wp:featuredmedia":[{"embeddable":true,"href":"https:\/\/www.naturparkmagazin.de\/vdn\/wp-json\/wp\/v2\/media\/10496"}],"wp:attachment":[{"href":"https:\/\/www.naturparkmagazin.de\/vdn\/wp-json\/wp\/v2\/media?parent=10495"}],"wp:term":[{"taxonomy":"category","embeddable":true,"href":"https:\/\/www.naturparkmagazin.de\/vdn\/wp-json\/wp\/v2\/categories?post=10495"},{"taxonomy":"post_tag","embeddable":true,"href":"https:\/\/www.naturparkmagazin.de\/vdn\/wp-json\/wp\/v2\/tags?post=10495"}],"curies":[{"name":"wp","href":"https:\/\/api.w.org\/{rel}","templated":true}]}}