{"id":10530,"date":"2018-09-17T15:01:34","date_gmt":"2018-09-17T13:01:34","guid":{"rendered":"https:\/\/www.naturparkmagazin.de\/vdn\/?p=10530"},"modified":"2018-09-25T13:38:48","modified_gmt":"2018-09-25T11:38:48","slug":"neu-aufgestellt-vdn-mitglieder-waehlen-neuen-vorstand","status":"publish","type":"post","link":"https:\/\/www.naturparkmagazin.de\/vdn\/neu-aufgestellt-vdn-mitglieder-waehlen-neuen-vorstand\/","title":{"rendered":"\u201eNeu aufgestellt!\u201c \u2013 VDN-Mitglieder w\u00e4hlen neuen Vorstand"},"content":{"rendered":"<div id=\"attachment_10552\" style=\"width: 510px\" class=\"wp-caption alignnone\"><a href=\"https:\/\/www.naturparkmagazin.de\/vdn\/wp-content\/uploads\/sites\/3\/csm_Vorstand_neu_b1_74f368b3e8b.jpg\"><img aria-describedby=\"caption-attachment-10552\" decoding=\"async\" loading=\"lazy\" class=\"size-full wp-image-10552\" src=\"https:\/\/www.naturparkmagazin.de\/vdn\/wp-content\/uploads\/sites\/3\/csm_Vorstand_neu_b1_74f368b3e8b.jpg\" alt=\"Neuer Vorstand des Verbandes Deutscher Naturparke (v.l.): Pr\u00e4sident Friedel Heuwinkel, Detmold; 2. Stellvertreterin Gudrun Rau, Hermeskeil; Beisitzer Roland Sch\u00f6ttle, Feldberg; Marion Klein, Bad Endbach; Andreas Wennemann, Idstein; Julian Bruhn, Gem\u00fcnden; Dr. Mario Schrumpf, Stechlin. Nicht im Bild: Landrat Thomas F\u00fcgmann, Schleiz; Sonja Papenfu\u00df, Hannover; Landrat Dr. Karl D\u00f6hler, Wunsiedel.  \u00a9 VDN\" width=\"500\" height=\"300\" srcset=\"https:\/\/www.naturparkmagazin.de\/vdn\/wp-content\/uploads\/sites\/3\/csm_Vorstand_neu_b1_74f368b3e8b.jpg 500w, https:\/\/www.naturparkmagazin.de\/vdn\/wp-content\/uploads\/sites\/3\/csm_Vorstand_neu_b1_74f368b3e8b-300x180.jpg 300w, https:\/\/www.naturparkmagazin.de\/vdn\/wp-content\/uploads\/sites\/3\/csm_Vorstand_neu_b1_74f368b3e8b-200x120.jpg 200w\" sizes=\"(max-width: 500px) 100vw, 500px\" \/><\/a><p id=\"caption-attachment-10552\" class=\"wp-caption-text\">Neuer Vorstand des Verbandes Deutscher Naturparke (v.l.): Pr\u00e4sident Friedel Heuwinkel, Detmold; 2. Stellvertreterin Gudrun Rau, Hermeskeil; Beisitzer Roland Sch\u00f6ttle, Feldberg; Marion Klein, Bad Endbach; Andreas Wennemann, Idstein; Julian Bruhn, Gem\u00fcnden; Dr. Mario Schrumpf, Stechlin.Nicht im Bild: Landrat Thomas F\u00fcgmann, Schleiz; Sonja Papenfu\u00df, Hannover; Landrat Dr. Karl D\u00f6hler, Wunsiedel.\u00a9 VDN<\/p><\/div>\n<p>Auf der Mitgliederversammlung in Rahmen des Deutschen Naturpark-Tages in Eisenach, das an den Naturpark Th\u00fcringer Wald angrenzt, haben die VDN-Mitglieder am 19. September einen neuen Vorstand gew\u00e4hlt.\nZum Pr\u00e4sidenten w\u00e4hlten die Naturparke Landrat a.D. Friedel Heuwinkel, der die Entwicklung des VDN in den vergangenen 16 Jahren intensiv mitverfolgt und mitgestaltet hat: Zuerst seit 2002 als Beisitzer im Vorstand des VDN, dann seit 2008 als 2. Stellvertr. Pr\u00e4sident und seit 2016 als 1. Stellvertr. Pr\u00e4sident. Erfahrungen mit der Arbeit eines Naturparks vor Ort hat er in seiner Heimat, wo er bis 2015 Vorsitzender des Naturparks Teutoburger Wald\/Eggegebirge war.<\/p>\n<p>Heuwinkel stehen als Vizepr\u00e4sidenten Landrat Thomas F\u00fcgmann, Vorstand des F\u00f6rdervereins Naturpark Th\u00fcringer Schiefergebirge\/Obere Saale; und Gudrun Rau, Gesch\u00e4ftsf\u00fchrerin des Naturparks Saar-Hunsr\u00fcck, zur Seite. Als Beisitzer wurden Landrat Dr. Karl D\u00f6hler, Vorsitzender Naturpark Fichtelgebirge; Roland Sch\u00f6ttle, Gesch\u00e4ftsf\u00fchrer Naturpark S\u00fcdschwarzwald; und Dr. Mario Schrumpf, Leiter Naturpark Stechlin-Ruppiner Land, in ihrem Amt best\u00e4tigt. Neu in den Vorstand als Beisitzer gew\u00e4hlt wurden Marion Klein, Gesch\u00e4ftsf\u00fchrerin Naturpark Lahn-Dill-Bergland; Sonja Papenfu\u00df, als Leiterin des Fachbereichs Umwelt der Region Hannover zust\u00e4ndig f\u00fcr den Naturpark Steinhuder Meer; Andreas Wennemann, Gesch\u00e4ftsf\u00fchrer Naturpark Rhein-Taunus, und Julian Bruhn, stellvertretender Gesch\u00e4ftsf\u00fchrer Naturpark Spessart.<\/p>\n<p>Aus dem Amt verabschiedet wurde nach 12-j\u00e4hriger Pr\u00e4sidentschaft Dr. Michael Arndt, der 2006 im Jahr der Naturparke im Naturpark Rheinland von der Mitgliederversammlung zum Pr\u00e4sidenten des VDN gew\u00e4hlt wurde. Arndt hat die inhaltliche Weiterentwicklung des VDN und der Naturparke stark vorangebracht. In seiner Amtszeit hat der VDN zahlreiche erfolgreiche Projekte wie die \u201eQualit\u00e4ts-Offensive Naturparke\u201c, Netzwerke \u201eNaturpark-Schule\u201c und \u201eNaturpark-Kita\u201c und \u201eImpulse der Arbeit der Naturparke in Europa f\u00fcr die deutschen Naturparke\u201c sowie das Kooperationsprojekt mit Europarc Deutschland \u201eFaszination Natur erlebbar machen\u201c begonnen und durchgef\u00fchrt. Ein Erfolg war auch die Aufnahme der Bildung f\u00fcr nachhaltige Entwicklung als Aufgabe der Naturparke in das Bundesnaturschutzgesetz.<\/p>\n<p>Ausgeschieden aus dem Vorstand sind auch Dr. Klaus George, Gesch\u00e4ftsf\u00fchrer Regionalverband Harz; und Landrat a.D. Harri Reiche, Vorsitzender des Geo-Naturparks Saale-Unstrut-Triasland, die die Arbeit des VDN sehr unterst\u00fctzt und die Entwicklung der Naturparke deutlich vorangebracht haben.<\/p>\n<p>&gt;&gt; <a href=\"https:\/\/www.naturparke.de\/fileadmin\/files\/public\/Service\/Pressemitteilungen_pdf\/PM_09-2018-Neuer_Vorstand_AbschiedArndt_final_01.pdf\" target=\"_blank\">Hier <\/a>k\u00f6nnen Sie die Pressemitteilung herunterlanden<\/p>\n<p>&nbsp;<\/p>\n","protected":false},"excerpt":{"rendered":"<p> Neu aufgestellt ist seit dem 19. September der Vorstand des Verbandes Deutscher Naturparke e.V. (VDN), dem 101 von 105 Naturparken in Deutschland als Mitglied angeh\u00f6ren.<\/p>\n","protected":false},"author":73,"featured_media":10553,"comment_status":"open","ping_status":"open","sticky":false,"template":"","format":"standard","meta":{"_links_to":"","_links_to_target":""},"categories":[7],"tags":[1397,1330,1394,1391,1398,1392,1390,1395,1393,1396,41,1189,1389,1388],"yoast_head":"<!-- This site is optimized with the Yoast SEO plugin v19.10 - https:\/\/yoast.com\/wordpress\/plugins\/seo\/ -->\n<title>\u201eNeu aufgestellt!\u201c \u2013 VDN-Mitglieder w\u00e4hlen neuen Vorstand<\/title>\n<meta name=\"description\" content=\"Neu aufgestellt ist seit dem 19. September der Vorstand des Verbandes Deutscher Naturparke e.V. (VDN), dem 101 von 105 Naturparken in Deutschland als Mitglied angeh\u00f6ren.\" \/>\n<meta name=\"robots\" content=\"index, follow, max-snippet:-1, max-image-preview:large, max-video-preview:-1\" \/>\n<link rel=\"canonical\" href=\"https:\/\/www.naturparkmagazin.de\/vdn\/neu-aufgestellt-vdn-mitglieder-waehlen-neuen-vorstand\/\" \/>\n<meta property=\"og:locale\" content=\"de_DE\" \/>\n<meta property=\"og:type\" content=\"article\" \/>\n<meta property=\"og:title\" content=\"\u201eNeu aufgestellt!\u201c \u2013 VDN-Mitglieder w\u00e4hlen neuen Vorstand\" \/>\n<meta property=\"og:description\" content=\"Neu aufgestellt ist seit dem 19. September der Vorstand des Verbandes Deutscher Naturparke e.V. (VDN), dem 101 von 105 Naturparken in Deutschland als Mitglied angeh\u00f6ren.\" \/>\n<meta property=\"og:url\" content=\"https:\/\/www.naturparkmagazin.de\/vdn\/neu-aufgestellt-vdn-mitglieder-waehlen-neuen-vorstand\/\" \/>\n<meta property=\"og:site_name\" content=\"Verband Deutscher Naturparke\" \/>\n<meta property=\"article:published_time\" content=\"2018-09-17T13:01:34+00:00\" \/>\n<meta property=\"article:modified_time\" content=\"2018-09-25T11:38:48+00:00\" \/>\n<meta property=\"og:image\" content=\"https:\/\/www.naturparkmagazin.de\/vdn\/wp-content\/uploads\/sites\/3\/Vorstandbf.jpg\" \/>\n\t<meta property=\"og:image:width\" content=\"200\" \/>\n\t<meta property=\"og:image:height\" content=\"200\" \/>\n\t<meta property=\"og:image:type\" content=\"image\/jpeg\" \/>\n<meta name=\"author\" content=\"manuelamerz\" \/>\n<meta name=\"twitter:label1\" content=\"Verfasst von\" \/>\n\t<meta name=\"twitter:data1\" content=\"manuelamerz\" \/>\n\t<meta name=\"twitter:label2\" content=\"Gesch\u00e4tzte Lesezeit\" \/>\n\t<meta name=\"twitter:data2\" content=\"2\u00a0Minuten\" \/>\n<script type=\"application\/ld+json\" class=\"yoast-schema-graph\">{\"@context\":\"https:\/\/schema.org\",\"@graph\":[{\"@type\":\"WebPage\",\"@id\":\"https:\/\/www.naturparkmagazin.de\/vdn\/neu-aufgestellt-vdn-mitglieder-waehlen-neuen-vorstand\/\",\"url\":\"https:\/\/www.naturparkmagazin.de\/vdn\/neu-aufgestellt-vdn-mitglieder-waehlen-neuen-vorstand\/\",\"name\":\"\u201eNeu aufgestellt!\u201c \u2013 VDN-Mitglieder w\u00e4hlen neuen Vorstand\",\"isPartOf\":{\"@id\":\"https:\/\/www.naturparkmagazin.de\/vdn\/#website\"},\"datePublished\":\"2018-09-17T13:01:34+00:00\",\"dateModified\":\"2018-09-25T11:38:48+00:00\",\"author\":{\"@id\":\"https:\/\/www.naturparkmagazin.de\/vdn\/#\/schema\/person\/3cff9b8773ed55f0189255fa9adfd57c\"},\"description\":\"Neu aufgestellt ist seit dem 19. September der Vorstand des Verbandes Deutscher Naturparke e.V. (VDN), dem 101 von 105 Naturparken in Deutschland als Mitglied angeh\u00f6ren.\",\"breadcrumb\":{\"@id\":\"https:\/\/www.naturparkmagazin.de\/vdn\/neu-aufgestellt-vdn-mitglieder-waehlen-neuen-vorstand\/#breadcrumb\"},\"inLanguage\":\"de\",\"potentialAction\":[{\"@type\":\"ReadAction\",\"target\":[\"https:\/\/www.naturparkmagazin.de\/vdn\/neu-aufgestellt-vdn-mitglieder-waehlen-neuen-vorstand\/\"]}]},{\"@type\":\"BreadcrumbList\",\"@id\":\"https:\/\/www.naturparkmagazin.de\/vdn\/neu-aufgestellt-vdn-mitglieder-waehlen-neuen-vorstand\/#breadcrumb\",\"itemListElement\":[{\"@type\":\"ListItem\",\"position\":1,\"name\":\"Home\",\"item\":\"https:\/\/www.naturparkmagazin.de\/vdn\/\"},{\"@type\":\"ListItem\",\"position\":2,\"name\":\"\u201eNeu aufgestellt!\u201c \u2013 VDN-Mitglieder w\u00e4hlen neuen Vorstand\"}]},{\"@type\":\"WebSite\",\"@id\":\"https:\/\/www.naturparkmagazin.de\/vdn\/#website\",\"url\":\"https:\/\/www.naturparkmagazin.de\/vdn\/\",\"name\":\"Verband Deutscher Naturparke\",\"description\":\"Eine weitere Naturparkmagazin.de Netzwerk Seite\",\"potentialAction\":[{\"@type\":\"SearchAction\",\"target\":{\"@type\":\"EntryPoint\",\"urlTemplate\":\"https:\/\/www.naturparkmagazin.de\/vdn\/?s={search_term_string}\"},\"query-input\":\"required name=search_term_string\"}],\"inLanguage\":\"de\"},{\"@type\":\"Person\",\"@id\":\"https:\/\/www.naturparkmagazin.de\/vdn\/#\/schema\/person\/3cff9b8773ed55f0189255fa9adfd57c\",\"name\":\"manuelamerz\",\"url\":\"https:\/\/www.naturparkmagazin.de\/vdn\/author\/manuelamerz\/\"}]}<\/script>\n<!-- \/ Yoast SEO plugin. -->","yoast_head_json":{"title":"\u201eNeu aufgestellt!\u201c \u2013 VDN-Mitglieder w\u00e4hlen neuen Vorstand","description":"Neu aufgestellt ist seit dem 19. September der Vorstand des Verbandes Deutscher Naturparke e.V. (VDN), dem 101 von 105 Naturparken in Deutschland als Mitglied angeh\u00f6ren.","robots":{"index":"index","follow":"follow","max-snippet":"max-snippet:-1","max-image-preview":"max-image-preview:large","max-video-preview":"max-video-preview:-1"},"canonical":"https:\/\/www.naturparkmagazin.de\/vdn\/neu-aufgestellt-vdn-mitglieder-waehlen-neuen-vorstand\/","og_locale":"de_DE","og_type":"article","og_title":"\u201eNeu aufgestellt!\u201c \u2013 VDN-Mitglieder w\u00e4hlen neuen Vorstand","og_description":"Neu aufgestellt ist seit dem 19. September der Vorstand des Verbandes Deutscher Naturparke e.V. (VDN), dem 101 von 105 Naturparken in Deutschland als Mitglied angeh\u00f6ren.","og_url":"https:\/\/www.naturparkmagazin.de\/vdn\/neu-aufgestellt-vdn-mitglieder-waehlen-neuen-vorstand\/","og_site_name":"Verband Deutscher Naturparke","article_published_time":"2018-09-17T13:01:34+00:00","article_modified_time":"2018-09-25T11:38:48+00:00","og_image":[{"width":200,"height":200,"url":"https:\/\/www.naturparkmagazin.de\/vdn\/wp-content\/uploads\/sites\/3\/Vorstandbf.jpg","type":"image\/jpeg"}],"author":"manuelamerz","twitter_misc":{"Verfasst von":"manuelamerz","Gesch\u00e4tzte Lesezeit":"2\u00a0Minuten"},"schema":{"@context":"https:\/\/schema.org","@graph":[{"@type":"WebPage","@id":"https:\/\/www.naturparkmagazin.de\/vdn\/neu-aufgestellt-vdn-mitglieder-waehlen-neuen-vorstand\/","url":"https:\/\/www.naturparkmagazin.de\/vdn\/neu-aufgestellt-vdn-mitglieder-waehlen-neuen-vorstand\/","name":"\u201eNeu aufgestellt!\u201c \u2013 VDN-Mitglieder w\u00e4hlen neuen Vorstand","isPartOf":{"@id":"https:\/\/www.naturparkmagazin.de\/vdn\/#website"},"datePublished":"2018-09-17T13:01:34+00:00","dateModified":"2018-09-25T11:38:48+00:00","author":{"@id":"https:\/\/www.naturparkmagazin.de\/vdn\/#\/schema\/person\/3cff9b8773ed55f0189255fa9adfd57c"},"description":"Neu aufgestellt ist seit dem 19. September der Vorstand des Verbandes Deutscher Naturparke e.V. (VDN), dem 101 von 105 Naturparken in Deutschland als Mitglied angeh\u00f6ren.","breadcrumb":{"@id":"https:\/\/www.naturparkmagazin.de\/vdn\/neu-aufgestellt-vdn-mitglieder-waehlen-neuen-vorstand\/#breadcrumb"},"inLanguage":"de","potentialAction":[{"@type":"ReadAction","target":["https:\/\/www.naturparkmagazin.de\/vdn\/neu-aufgestellt-vdn-mitglieder-waehlen-neuen-vorstand\/"]}]},{"@type":"BreadcrumbList","@id":"https:\/\/www.naturparkmagazin.de\/vdn\/neu-aufgestellt-vdn-mitglieder-waehlen-neuen-vorstand\/#breadcrumb","itemListElement":[{"@type":"ListItem","position":1,"name":"Home","item":"https:\/\/www.naturparkmagazin.de\/vdn\/"},{"@type":"ListItem","position":2,"name":"\u201eNeu aufgestellt!\u201c \u2013 VDN-Mitglieder w\u00e4hlen neuen Vorstand"}]},{"@type":"WebSite","@id":"https:\/\/www.naturparkmagazin.de\/vdn\/#website","url":"https:\/\/www.naturparkmagazin.de\/vdn\/","name":"Verband Deutscher Naturparke","description":"Eine weitere Naturparkmagazin.de Netzwerk Seite","potentialAction":[{"@type":"SearchAction","target":{"@type":"EntryPoint","urlTemplate":"https:\/\/www.naturparkmagazin.de\/vdn\/?s={search_term_string}"},"query-input":"required name=search_term_string"}],"inLanguage":"de"},{"@type":"Person","@id":"https:\/\/www.naturparkmagazin.de\/vdn\/#\/schema\/person\/3cff9b8773ed55f0189255fa9adfd57c","name":"manuelamerz","url":"https:\/\/www.naturparkmagazin.de\/vdn\/author\/manuelamerz\/"}]}},"_links":{"self":[{"href":"https:\/\/www.naturparkmagazin.de\/vdn\/wp-json\/wp\/v2\/posts\/10530"}],"collection":[{"href":"https:\/\/www.naturparkmagazin.de\/vdn\/wp-json\/wp\/v2\/posts"}],"about":[{"href":"https:\/\/www.naturparkmagazin.de\/vdn\/wp-json\/wp\/v2\/types\/post"}],"author":[{"embeddable":true,"href":"https:\/\/www.naturparkmagazin.de\/vdn\/wp-json\/wp\/v2\/users\/73"}],"replies":[{"embeddable":true,"href":"https:\/\/www.naturparkmagazin.de\/vdn\/wp-json\/wp\/v2\/comments?post=10530"}],"version-history":[{"count":6,"href":"https:\/\/www.naturparkmagazin.de\/vdn\/wp-json\/wp\/v2\/posts\/10530\/revisions"}],"predecessor-version":[{"id":10603,"href":"https:\/\/www.naturparkmagazin.de\/vdn\/wp-json\/wp\/v2\/posts\/10530\/revisions\/10603"}],"wp:featuredmedia":[{"embeddable":true,"href":"https:\/\/www.naturparkmagazin.de\/vdn\/wp-json\/wp\/v2\/media\/10553"}],"wp:attachment":[{"href":"https:\/\/www.naturparkmagazin.de\/vdn\/wp-json\/wp\/v2\/media?parent=10530"}],"wp:term":[{"taxonomy":"category","embeddable":true,"href":"https:\/\/www.naturparkmagazin.de\/vdn\/wp-json\/wp\/v2\/categories?post=10530"},{"taxonomy":"post_tag","embeddable":true,"href":"https:\/\/www.naturparkmagazin.de\/vdn\/wp-json\/wp\/v2\/tags?post=10530"}],"curies":[{"name":"wp","href":"https:\/\/api.w.org\/{rel}","templated":true}]}}