{"id":10532,"date":"2018-09-17T15:11:57","date_gmt":"2018-09-17T13:11:57","guid":{"rendered":"https:\/\/www.naturparkmagazin.de\/vdn\/?p=10532"},"modified":"2018-09-25T13:21:00","modified_gmt":"2018-09-25T11:21:00","slug":"qualitaetsoffensive-naturparke-neunzehn-naturparke-ausgezeichnetem-deutschen-naturpark-tag-2018","status":"publish","type":"post","link":"https:\/\/www.naturparkmagazin.de\/vdn\/qualitaetsoffensive-naturparke-neunzehn-naturparke-ausgezeichnetem-deutschen-naturpark-tag-2018\/","title":{"rendered":"\u201eQualit\u00e4tsoffensive Naturparke\u201c \u2013 Neunzehn Naturparke ausgezeichnet"},"content":{"rendered":"<div id=\"attachment_10544\" style=\"width: 510px\" class=\"wp-caption alignnone\"><a href=\"https:\/\/www.naturparkmagazin.de\/vdn\/wp-content\/uploads\/sites\/3\/Qualit\u00e4tsoffensive-2018b.jpg\"><img aria-describedby=\"caption-attachment-10544\" decoding=\"async\" loading=\"lazy\" class=\"size-full wp-image-10544\" src=\"https:\/\/www.naturparkmagazin.de\/vdn\/wp-content\/uploads\/sites\/3\/Qualit\u00e4tsoffensive-2018b.jpg\" alt=\"Qualit\u00e4tsoffensive 2018 \u00a9 VDN\" width=\"500\" height=\"300\" srcset=\"https:\/\/www.naturparkmagazin.de\/vdn\/wp-content\/uploads\/sites\/3\/Qualit\u00e4tsoffensive-2018b.jpg 500w, https:\/\/www.naturparkmagazin.de\/vdn\/wp-content\/uploads\/sites\/3\/Qualit\u00e4tsoffensive-2018b-300x180.jpg 300w, https:\/\/www.naturparkmagazin.de\/vdn\/wp-content\/uploads\/sites\/3\/Qualit\u00e4tsoffensive-2018b-200x120.jpg 200w\" sizes=\"(max-width: 500px) 100vw, 500px\" \/><\/a><p id=\"caption-attachment-10544\" class=\"wp-caption-text\">Qualit\u00e4tsoffensive 2018 \u00a9 VDN<\/p><\/div>\n<p>Neunzehn Naturparke wurden am 18. September 2018 im Rahmen der \u201eQualit\u00e4tsoffensive Naturparke\u201c am Er\u00f6ffnungsabend des Deutschen Naturpark-Tages 2018 in Eisenach, in Nachbarschaft zum Naturpark Th\u00fcringer Wald, ausgezeichnet. Die Auszeichnung wurde vom Pr\u00e4sidenten des Verbandes Deutscher Naturparke (VDN), Dr. Michael Arndt, vor \u00fcber 100 Vertreter*innen aus 65 deutschen Naturparken vorgenommen.<\/p>\n<p>Als \u201eQualit\u00e4ts-Naturpark\u201c wurden die Naturparke Geo-Naturpark Bergstra\u00dfe-Odenwald (Bayern\/Hessen), D\u00fcmmer\u00a0\u00a0\u00a0\u00a0\u00a0\u00a0 (Nordrhein-Westfalen\/Niedersachsen), Erzgebirge\/Vogtland (Sachsen), Fichtelgebirge (Bayern), Hessische Rh\u00f6n (Hessen), Hessischer Spessart (Hessen), Lahn-Dill-Bergland (Hessen), M\u00fcnden (Niedersachsen), Geo-Naturpark Saale-Unstrut-Triasland (Sachsen-Anhalt), Saar-Hunsr\u00fcck (Rheinland-Pfalz\/Saarland), Sch\u00f6nbuch (Baden-W\u00fcrttemberg), Schwalm-Nette (Nordrhein-Westfalen), Stechlin-Ruppiner Land (Brandenburg), Steinhuder Meer (Niedersachsen), S\u00fcdschwarzwald (Baden-W\u00fcrttemberg), Teutoburger Wald\/Eggegebirge (Nordrhein-Westfalen), Uckerm\u00e4rkische Seen (Brandenburg), und Weserbergland (Niedersachsen) ausgezeichnet. Der Naturpark Frankenh\u00f6he (Bayern) erh\u00e4lt die Auszeichnung \u201ePartner Qualit\u00e4tsoffensive Naturparke\u201c.<\/p>\n<p>Die am Verfahren teilnehmenden Naturparke m\u00fcssen rund 100 Fragen zu ihrer Arbeit beantworten, die sich in die f\u00fcnf Handlungsfelder \u201eManagement und Organisation\u201c, \u201eNaturschutz und Landschaftspflege\u201c, \u201eErholung und nachhaltiger Tourismus\u201c, \u201eUmweltbildung und Kommunikation\u201c sowie \u201eNachhaltige Regionalentwicklung\u201c untergliedern. Jeder teilnehmende Naturpark wird im Anschluss von einem so genannten \u201eQualit\u00e4ts-Scout\u201c bereist, evaluiert und beraten. Um die Auszeichnung \u201eQualit\u00e4ts-Naturpark\u201c zu erhalten, muss ein Naturpark 250 von 500 m\u00f6glichen Punkten erreichen. Wird diese Punktzahl nicht erreicht, ist der Naturpark ein \u201ePartner der Qualit\u00e4tsoffensive Naturparke\u201c. Die Auszeichnung ist f\u00fcr f\u00fcnf Jahre g\u00fcltig. Danach m\u00fcssen sich die Naturparke in einem neuen Evaluationsverfahren qualifizieren.<\/p>\n<p>Die \u201eQualit\u00e4tsoffensive Naturparke\u201c hat der VDN mit Unterst\u00fctzung des Bundesamtes f\u00fcr Naturschutz mit Mitteln des Bundesumweltministeriums entwickelt und im \u201eJahr der Naturparke\u201c 2006 gestartet. Sie unterst\u00fctzt die Naturparke in ihren Aufgabenbereichen Naturschutz, nachhaltiger Tourismus, Umweltbildung sowie nachhaltige Regionalentwicklung. Eine st\u00e4ndig weiter steigende Qualit\u00e4t der Arbeit und Angebote der Naturparke ist ebenso das Ziel wie eine bessere Unterst\u00fctzung ihrer Arbeit in Gesellschaft, Wirtschaft und Politik. Insgesamt tragen jetzt 76 der 105 Naturparke in Deutschland das Siegel \u201eQualit\u00e4ts-Naturpark\u201c, acht Naturparke sind als \u201ePartner Qualit\u00e4tsoffensive Naturparke\u201c ausgezeichnet.<\/p>\n<p>&gt;&gt; <a href=\"https:\/\/www.naturparke.de\/fileadmin\/files\/public\/Service\/Pressemitteilungen_pdf\/PM_09-2018-Qualitaetsoffensive_final.pdf\" target=\"_blank\">Hier<\/a> k\u00f6nnen Sie die Pressemitteilung herunterladen<\/p>\n<p>&gt;&gt; <a href=\"https:\/\/www.naturparke.de\/aufgaben-ziele\/management\/qualitaetsoffensive-naturparke.html\" target=\"_blank\">Hier<\/a> finden Sie weitere Informationen zur Qualit\u00e4tsoffensive Naturparke, zu den Qualit\u00e4tskriterien und zum Verfahren sowie Informationen zu den bereits ausgezeichneten Naturparken<\/p>\n<p>&gt;&gt; <a href=\"https:\/\/www.naturparke.de\/\" target=\"_blank\">Hier<\/a> finden Sie weitere Informationen zum VDN und zu den Naturparken in Deutschland<\/p>\n<p>&nbsp;<\/p>\n<p><strong><em>\u00a0<\/em><\/strong><\/p>\n","protected":false},"excerpt":{"rendered":"<p>Neunzehn Naturparke wurden im Rahmen der \u201eQualit\u00e4tsoffensive Naturparke\u201c bei dem Deutschen Naturpark-Tag 2018 in Eisenach ausgezeichnet.<\/p>\n","protected":false},"author":73,"featured_media":10593,"comment_status":"open","ping_status":"open","sticky":false,"template":"","format":"standard","meta":{"_links_to":"","_links_to_target":""},"categories":[7],"tags":[1322,1330,1331,665,1382,896,1305,470,643,645,327,1189,1054],"yoast_head":"<!-- This site is optimized with the Yoast SEO plugin v19.10 - https:\/\/yoast.com\/wordpress\/plugins\/seo\/ -->\n<title>\u201eQualit\u00e4tsoffensive Naturparke\u201c \u2013 Neunzehn Naturparke ausgezeichnet<\/title>\n<meta name=\"description\" content=\"Neunzehn Naturparke wurden im Rahmen der \u201eQualit\u00e4tsoffensive Naturparke\u201c bei dem Deutschen Naturpark-Tag 2018 in Eisenach ausgezeichnet.\" \/>\n<meta name=\"robots\" content=\"index, follow, max-snippet:-1, max-image-preview:large, max-video-preview:-1\" \/>\n<link rel=\"canonical\" href=\"https:\/\/www.naturparkmagazin.de\/vdn\/qualitaetsoffensive-naturparke-neunzehn-naturparke-ausgezeichnetem-deutschen-naturpark-tag-2018\/\" \/>\n<meta property=\"og:locale\" content=\"de_DE\" \/>\n<meta property=\"og:type\" content=\"article\" \/>\n<meta property=\"og:title\" content=\"\u201eQualit\u00e4tsoffensive Naturparke\u201c \u2013 Neunzehn Naturparke ausgezeichnet\" \/>\n<meta property=\"og:description\" content=\"Neunzehn Naturparke wurden im Rahmen der \u201eQualit\u00e4tsoffensive Naturparke\u201c bei dem Deutschen Naturpark-Tag 2018 in Eisenach ausgezeichnet.\" \/>\n<meta property=\"og:url\" content=\"https:\/\/www.naturparkmagazin.de\/vdn\/qualitaetsoffensive-naturparke-neunzehn-naturparke-ausgezeichnetem-deutschen-naturpark-tag-2018\/\" \/>\n<meta property=\"og:site_name\" content=\"Verband Deutscher Naturparke\" \/>\n<meta property=\"article:published_time\" content=\"2018-09-17T13:11:57+00:00\" \/>\n<meta property=\"article:modified_time\" content=\"2018-09-25T11:21:00+00:00\" \/>\n<meta property=\"og:image\" content=\"https:\/\/www.naturparkmagazin.de\/vdn\/wp-content\/uploads\/sites\/3\/Qualit\u00e4tsoffensivebf1.jpg\" \/>\n\t<meta property=\"og:image:width\" content=\"200\" \/>\n\t<meta property=\"og:image:height\" content=\"200\" \/>\n\t<meta property=\"og:image:type\" content=\"image\/jpeg\" \/>\n<meta name=\"author\" content=\"manuelamerz\" \/>\n<meta name=\"twitter:label1\" content=\"Verfasst von\" \/>\n\t<meta name=\"twitter:data1\" content=\"manuelamerz\" \/>\n\t<meta name=\"twitter:label2\" content=\"Gesch\u00e4tzte Lesezeit\" \/>\n\t<meta name=\"twitter:data2\" content=\"2\u00a0Minuten\" \/>\n<script type=\"application\/ld+json\" class=\"yoast-schema-graph\">{\"@context\":\"https:\/\/schema.org\",\"@graph\":[{\"@type\":\"WebPage\",\"@id\":\"https:\/\/www.naturparkmagazin.de\/vdn\/qualitaetsoffensive-naturparke-neunzehn-naturparke-ausgezeichnetem-deutschen-naturpark-tag-2018\/\",\"url\":\"https:\/\/www.naturparkmagazin.de\/vdn\/qualitaetsoffensive-naturparke-neunzehn-naturparke-ausgezeichnetem-deutschen-naturpark-tag-2018\/\",\"name\":\"\u201eQualit\u00e4tsoffensive Naturparke\u201c \u2013 Neunzehn Naturparke ausgezeichnet\",\"isPartOf\":{\"@id\":\"https:\/\/www.naturparkmagazin.de\/vdn\/#website\"},\"datePublished\":\"2018-09-17T13:11:57+00:00\",\"dateModified\":\"2018-09-25T11:21:00+00:00\",\"author\":{\"@id\":\"https:\/\/www.naturparkmagazin.de\/vdn\/#\/schema\/person\/3cff9b8773ed55f0189255fa9adfd57c\"},\"description\":\"Neunzehn Naturparke wurden im Rahmen der \u201eQualit\u00e4tsoffensive Naturparke\u201c bei dem Deutschen Naturpark-Tag 2018 in Eisenach ausgezeichnet.\",\"breadcrumb\":{\"@id\":\"https:\/\/www.naturparkmagazin.de\/vdn\/qualitaetsoffensive-naturparke-neunzehn-naturparke-ausgezeichnetem-deutschen-naturpark-tag-2018\/#breadcrumb\"},\"inLanguage\":\"de\",\"potentialAction\":[{\"@type\":\"ReadAction\",\"target\":[\"https:\/\/www.naturparkmagazin.de\/vdn\/qualitaetsoffensive-naturparke-neunzehn-naturparke-ausgezeichnetem-deutschen-naturpark-tag-2018\/\"]}]},{\"@type\":\"BreadcrumbList\",\"@id\":\"https:\/\/www.naturparkmagazin.de\/vdn\/qualitaetsoffensive-naturparke-neunzehn-naturparke-ausgezeichnetem-deutschen-naturpark-tag-2018\/#breadcrumb\",\"itemListElement\":[{\"@type\":\"ListItem\",\"position\":1,\"name\":\"Home\",\"item\":\"https:\/\/www.naturparkmagazin.de\/vdn\/\"},{\"@type\":\"ListItem\",\"position\":2,\"name\":\"\u201eQualit\u00e4tsoffensive Naturparke\u201c \u2013 Neunzehn Naturparke ausgezeichnet\"}]},{\"@type\":\"WebSite\",\"@id\":\"https:\/\/www.naturparkmagazin.de\/vdn\/#website\",\"url\":\"https:\/\/www.naturparkmagazin.de\/vdn\/\",\"name\":\"Verband Deutscher Naturparke\",\"description\":\"Eine weitere Naturparkmagazin.de Netzwerk Seite\",\"potentialAction\":[{\"@type\":\"SearchAction\",\"target\":{\"@type\":\"EntryPoint\",\"urlTemplate\":\"https:\/\/www.naturparkmagazin.de\/vdn\/?s={search_term_string}\"},\"query-input\":\"required name=search_term_string\"}],\"inLanguage\":\"de\"},{\"@type\":\"Person\",\"@id\":\"https:\/\/www.naturparkmagazin.de\/vdn\/#\/schema\/person\/3cff9b8773ed55f0189255fa9adfd57c\",\"name\":\"manuelamerz\",\"url\":\"https:\/\/www.naturparkmagazin.de\/vdn\/author\/manuelamerz\/\"}]}<\/script>\n<!-- \/ Yoast SEO plugin. -->","yoast_head_json":{"title":"\u201eQualit\u00e4tsoffensive Naturparke\u201c \u2013 Neunzehn Naturparke ausgezeichnet","description":"Neunzehn Naturparke wurden im Rahmen der \u201eQualit\u00e4tsoffensive Naturparke\u201c bei dem Deutschen Naturpark-Tag 2018 in Eisenach ausgezeichnet.","robots":{"index":"index","follow":"follow","max-snippet":"max-snippet:-1","max-image-preview":"max-image-preview:large","max-video-preview":"max-video-preview:-1"},"canonical":"https:\/\/www.naturparkmagazin.de\/vdn\/qualitaetsoffensive-naturparke-neunzehn-naturparke-ausgezeichnetem-deutschen-naturpark-tag-2018\/","og_locale":"de_DE","og_type":"article","og_title":"\u201eQualit\u00e4tsoffensive Naturparke\u201c \u2013 Neunzehn Naturparke ausgezeichnet","og_description":"Neunzehn Naturparke wurden im Rahmen der \u201eQualit\u00e4tsoffensive Naturparke\u201c bei dem Deutschen Naturpark-Tag 2018 in Eisenach ausgezeichnet.","og_url":"https:\/\/www.naturparkmagazin.de\/vdn\/qualitaetsoffensive-naturparke-neunzehn-naturparke-ausgezeichnetem-deutschen-naturpark-tag-2018\/","og_site_name":"Verband Deutscher Naturparke","article_published_time":"2018-09-17T13:11:57+00:00","article_modified_time":"2018-09-25T11:21:00+00:00","og_image":[{"width":200,"height":200,"url":"https:\/\/www.naturparkmagazin.de\/vdn\/wp-content\/uploads\/sites\/3\/Qualit\u00e4tsoffensivebf1.jpg","type":"image\/jpeg"}],"author":"manuelamerz","twitter_misc":{"Verfasst von":"manuelamerz","Gesch\u00e4tzte Lesezeit":"2\u00a0Minuten"},"schema":{"@context":"https:\/\/schema.org","@graph":[{"@type":"WebPage","@id":"https:\/\/www.naturparkmagazin.de\/vdn\/qualitaetsoffensive-naturparke-neunzehn-naturparke-ausgezeichnetem-deutschen-naturpark-tag-2018\/","url":"https:\/\/www.naturparkmagazin.de\/vdn\/qualitaetsoffensive-naturparke-neunzehn-naturparke-ausgezeichnetem-deutschen-naturpark-tag-2018\/","name":"\u201eQualit\u00e4tsoffensive Naturparke\u201c \u2013 Neunzehn Naturparke ausgezeichnet","isPartOf":{"@id":"https:\/\/www.naturparkmagazin.de\/vdn\/#website"},"datePublished":"2018-09-17T13:11:57+00:00","dateModified":"2018-09-25T11:21:00+00:00","author":{"@id":"https:\/\/www.naturparkmagazin.de\/vdn\/#\/schema\/person\/3cff9b8773ed55f0189255fa9adfd57c"},"description":"Neunzehn Naturparke wurden im Rahmen der \u201eQualit\u00e4tsoffensive Naturparke\u201c bei dem Deutschen Naturpark-Tag 2018 in Eisenach ausgezeichnet.","breadcrumb":{"@id":"https:\/\/www.naturparkmagazin.de\/vdn\/qualitaetsoffensive-naturparke-neunzehn-naturparke-ausgezeichnetem-deutschen-naturpark-tag-2018\/#breadcrumb"},"inLanguage":"de","potentialAction":[{"@type":"ReadAction","target":["https:\/\/www.naturparkmagazin.de\/vdn\/qualitaetsoffensive-naturparke-neunzehn-naturparke-ausgezeichnetem-deutschen-naturpark-tag-2018\/"]}]},{"@type":"BreadcrumbList","@id":"https:\/\/www.naturparkmagazin.de\/vdn\/qualitaetsoffensive-naturparke-neunzehn-naturparke-ausgezeichnetem-deutschen-naturpark-tag-2018\/#breadcrumb","itemListElement":[{"@type":"ListItem","position":1,"name":"Home","item":"https:\/\/www.naturparkmagazin.de\/vdn\/"},{"@type":"ListItem","position":2,"name":"\u201eQualit\u00e4tsoffensive Naturparke\u201c \u2013 Neunzehn Naturparke ausgezeichnet"}]},{"@type":"WebSite","@id":"https:\/\/www.naturparkmagazin.de\/vdn\/#website","url":"https:\/\/www.naturparkmagazin.de\/vdn\/","name":"Verband Deutscher Naturparke","description":"Eine weitere Naturparkmagazin.de Netzwerk Seite","potentialAction":[{"@type":"SearchAction","target":{"@type":"EntryPoint","urlTemplate":"https:\/\/www.naturparkmagazin.de\/vdn\/?s={search_term_string}"},"query-input":"required name=search_term_string"}],"inLanguage":"de"},{"@type":"Person","@id":"https:\/\/www.naturparkmagazin.de\/vdn\/#\/schema\/person\/3cff9b8773ed55f0189255fa9adfd57c","name":"manuelamerz","url":"https:\/\/www.naturparkmagazin.de\/vdn\/author\/manuelamerz\/"}]}},"_links":{"self":[{"href":"https:\/\/www.naturparkmagazin.de\/vdn\/wp-json\/wp\/v2\/posts\/10532"}],"collection":[{"href":"https:\/\/www.naturparkmagazin.de\/vdn\/wp-json\/wp\/v2\/posts"}],"about":[{"href":"https:\/\/www.naturparkmagazin.de\/vdn\/wp-json\/wp\/v2\/types\/post"}],"author":[{"embeddable":true,"href":"https:\/\/www.naturparkmagazin.de\/vdn\/wp-json\/wp\/v2\/users\/73"}],"replies":[{"embeddable":true,"href":"https:\/\/www.naturparkmagazin.de\/vdn\/wp-json\/wp\/v2\/comments?post=10532"}],"version-history":[{"count":10,"href":"https:\/\/www.naturparkmagazin.de\/vdn\/wp-json\/wp\/v2\/posts\/10532\/revisions"}],"predecessor-version":[{"id":10600,"href":"https:\/\/www.naturparkmagazin.de\/vdn\/wp-json\/wp\/v2\/posts\/10532\/revisions\/10600"}],"wp:featuredmedia":[{"embeddable":true,"href":"https:\/\/www.naturparkmagazin.de\/vdn\/wp-json\/wp\/v2\/media\/10593"}],"wp:attachment":[{"href":"https:\/\/www.naturparkmagazin.de\/vdn\/wp-json\/wp\/v2\/media?parent=10532"}],"wp:term":[{"taxonomy":"category","embeddable":true,"href":"https:\/\/www.naturparkmagazin.de\/vdn\/wp-json\/wp\/v2\/categories?post=10532"},{"taxonomy":"post_tag","embeddable":true,"href":"https:\/\/www.naturparkmagazin.de\/vdn\/wp-json\/wp\/v2\/tags?post=10532"}],"curies":[{"name":"wp","href":"https:\/\/api.w.org\/{rel}","templated":true}]}}