{"id":10537,"date":"2018-09-17T15:17:43","date_gmt":"2018-09-17T13:17:43","guid":{"rendered":"https:\/\/www.naturparkmagazin.de\/vdn\/?p=10537"},"modified":"2018-09-25T13:12:39","modified_gmt":"2018-09-25T11:12:39","slug":"vision-2030-wartburger-programm-der-naturparke","status":"publish","type":"post","link":"https:\/\/www.naturparkmagazin.de\/vdn\/vision-2030-wartburger-programm-der-naturparke\/","title":{"rendered":"\u201eVision 2030&#8243; \u2013 Wartburger Programm der Naturparke"},"content":{"rendered":"<div id=\"attachment_10548\" style=\"width: 510px\" class=\"wp-caption alignnone\"><a href=\"https:\/\/www.naturparkmagazin.de\/vdn\/wp-content\/uploads\/sites\/3\/Fotolia_179039082_S_Newsletter_Oktoberausgabeb.jpg\"><img aria-describedby=\"caption-attachment-10548\" decoding=\"async\" loading=\"lazy\" class=\"size-full wp-image-10548\" src=\"https:\/\/www.naturparkmagazin.de\/vdn\/wp-content\/uploads\/sites\/3\/Fotolia_179039082_S_Newsletter_Oktoberausgabeb.jpg\" alt=\"Wartburg @Uwalthie Pic Project - Fotolia.com\" width=\"500\" height=\"300\" srcset=\"https:\/\/www.naturparkmagazin.de\/vdn\/wp-content\/uploads\/sites\/3\/Fotolia_179039082_S_Newsletter_Oktoberausgabeb.jpg 500w, https:\/\/www.naturparkmagazin.de\/vdn\/wp-content\/uploads\/sites\/3\/Fotolia_179039082_S_Newsletter_Oktoberausgabeb-300x180.jpg 300w, https:\/\/www.naturparkmagazin.de\/vdn\/wp-content\/uploads\/sites\/3\/Fotolia_179039082_S_Newsletter_Oktoberausgabeb-200x120.jpg 200w\" sizes=\"(max-width: 500px) 100vw, 500px\" \/><\/a><p id=\"caption-attachment-10548\" class=\"wp-caption-text\">Wartburg @Uwalthie Pic Project &#8211; Fotolia.com<\/p><\/div>\n<p>Auf dem Deutschen Naturpark-Tag 2018 in Eisenach haben \u00fcber 100 Vertreter*innen aus 65 deutschen Naturparken die Leitlinie \u201eAufgaben und Ziele\u201c f\u00fcr die Naturparkarbeit bis zum Jahr 2030 sowie Forderungen an die Politik zur Unterst\u00fctzung der Arbeit der Naturparke beschlossen. Als Gro\u00dfschutzgebiete stehen Naturparke angesichts des rasanten Artensterbens z. B. bei Tagfaltern, Wildbienen und Wiesenv\u00f6geln oder auch im Hinblick auf den Klimawandel vor gro\u00dfen Herausforderungen. Die fachliche Leitlinie \u201eAufgaben und Zielen der Naturparke\u201c sowie das politische \u201eWartburger Programm \u2013 Naturparke 2030\u201c zeigen den Weg, wie die Naturparke diesen Herausforderungen gerecht werden k\u00f6nnen.<\/p>\n<p>Die Naturparke Deutschlands wollen bis 2030 als Modellregionen f\u00fcr nachhaltige Entwicklung ihre Leistungen f\u00fcr Mensch, Natur und Gesellschaft weiter ausbauen. Das \u201eWartburger Programm\u201c fasst die Ziele der Naturparkentwicklung bis 2030 zusammen. Es macht deutlich, wie Kommunen, Bundesl\u00e4nder und die Bundesregierung Naturparke gezielt st\u00e4rken k\u00f6nnen, damit sie ihr volles Potenzial f\u00fcr den Erhalt der biologischen Vielfalt, den Schutz des Klimas und die St\u00e4rkung der l\u00e4ndlichen R\u00e4ume entfalten k\u00f6nnen.<\/p>\n<p>Naturparke k\u00f6nnen auf diese Weise im Netzwerk mit Kommunen und Akteuren im l\u00e4ndlichen Raum zu Motoren einer sozial, \u00f6kologisch und \u00f6konomisch nachhaltigen Gesellschaft und Lebensweise werden, die die Bev\u00f6lkerung aktiv in die Entwicklung ihrer Heimatregion einbezieht und sie f\u00fcr ein Engagement zur Nachhaltigkeit gewinnt. Daher haben die neuen \u201eAufgaben und Ziele\u201c und das \u201eWartburger Programm\u201c eine zukunftsweisende Bedeutung sowohl f\u00fcr die Naturparke als auch f\u00fcr Erhalt der biologischen Vielfalt, den Schutz des Klimas und die St\u00e4rkung der l\u00e4ndlichen R\u00e4ume.<\/p>\n<p>&gt;&gt; <a href=\"https:\/\/www.naturparke.de\/fileadmin\/files\/public\/Service\/Pressemitteilungen_pdf\/PM_09-2018-Wartburger_Programm_final.pdf\" target=\"_blank\">Hier<\/a> k\u00f6nnen Sie die Pressemitteilung herunterladen<\/p>\n<p>&gt;&gt;<a href=\"https:\/\/www.naturparke.de\/fileadmin\/files\/public\/Aufgaben_und_Ziele\/PDF\/Wartburger_Programm_mit_Logo.pdf\" target=\"_blank\"> Hier<\/a> k\u00f6nnen Sie das \u201eWartburger Programm\u201c herunterladen<\/p>\n<p>&gt;&gt; <a href=\"https:\/\/www.naturparke.de\/\" target=\"_blank\">Hier<\/a> finden Sie weitere Informationen zum VDN und zu den Naturparken in Deutschland<\/p>\n<p>&nbsp;<\/p>\n","protected":false},"excerpt":{"rendered":"<p>Auf dem Deutschen Naturpark-Tag 2018 in Eisenach haben \u00fcber 100 Vertreter*innen aus 65 deutschen Naturparken die Leitlinie \u201eAufgaben und Ziele\u201c f\u00fcr die Naturparkarbeit bis zum Jahr 2030  beschlossen. <\/p>\n","protected":false},"author":73,"featured_media":10538,"comment_status":"open","ping_status":"open","sticky":false,"template":"","format":"standard","meta":{"_links_to":"","_links_to_target":""},"categories":[7],"tags":[92,1383,87,1289,1377,735,1384,1157,1385,734,3154,1386,1387,1054,1332,1341],"yoast_head":"<!-- This site is optimized with the Yoast SEO plugin v19.10 - https:\/\/yoast.com\/wordpress\/plugins\/seo\/ -->\n<title>\u201eVision 2030&quot; \u2013 Wartburger Programm der Naturparke<\/title>\n<meta name=\"description\" content=\"Auf dem Deutschen Naturpark-Tag 2018 in Eisenach haben \u00fcber 100 Vertreter*innen aus 65 deutschen Naturparken die Leitlinie \u201eAufgaben und Ziele\u201c f\u00fcr die Naturparkarbeit bis zum Jahr 2030 beschlossen.\" \/>\n<meta name=\"robots\" content=\"index, follow, max-snippet:-1, max-image-preview:large, max-video-preview:-1\" \/>\n<link rel=\"canonical\" href=\"https:\/\/www.naturparkmagazin.de\/vdn\/vision-2030-wartburger-programm-der-naturparke\/\" \/>\n<meta property=\"og:locale\" content=\"de_DE\" \/>\n<meta property=\"og:type\" content=\"article\" \/>\n<meta property=\"og:title\" content=\"\u201eVision 2030&quot; \u2013 Wartburger Programm der Naturparke\" \/>\n<meta property=\"og:description\" content=\"Auf dem Deutschen Naturpark-Tag 2018 in Eisenach haben \u00fcber 100 Vertreter*innen aus 65 deutschen Naturparken die Leitlinie \u201eAufgaben und Ziele\u201c f\u00fcr die Naturparkarbeit bis zum Jahr 2030 beschlossen.\" \/>\n<meta property=\"og:url\" content=\"https:\/\/www.naturparkmagazin.de\/vdn\/vision-2030-wartburger-programm-der-naturparke\/\" \/>\n<meta property=\"og:site_name\" content=\"Verband Deutscher Naturparke\" \/>\n<meta property=\"article:published_time\" content=\"2018-09-17T13:17:43+00:00\" \/>\n<meta property=\"article:modified_time\" content=\"2018-09-25T11:12:39+00:00\" \/>\n<meta property=\"og:image\" content=\"https:\/\/www.naturparkmagazin.de\/vdn\/wp-content\/uploads\/sites\/3\/Fotolia_179039082_S_Newsletter_Oktoberausgabebf.jpg\" \/>\n\t<meta property=\"og:image:width\" content=\"200\" \/>\n\t<meta property=\"og:image:height\" content=\"200\" \/>\n\t<meta property=\"og:image:type\" content=\"image\/jpeg\" \/>\n<meta name=\"author\" content=\"manuelamerz\" \/>\n<meta name=\"twitter:label1\" content=\"Verfasst von\" \/>\n\t<meta name=\"twitter:data1\" content=\"manuelamerz\" \/>\n\t<meta name=\"twitter:label2\" content=\"Gesch\u00e4tzte Lesezeit\" \/>\n\t<meta name=\"twitter:data2\" content=\"2\u00a0Minuten\" \/>\n<script type=\"application\/ld+json\" class=\"yoast-schema-graph\">{\"@context\":\"https:\/\/schema.org\",\"@graph\":[{\"@type\":\"WebPage\",\"@id\":\"https:\/\/www.naturparkmagazin.de\/vdn\/vision-2030-wartburger-programm-der-naturparke\/\",\"url\":\"https:\/\/www.naturparkmagazin.de\/vdn\/vision-2030-wartburger-programm-der-naturparke\/\",\"name\":\"\u201eVision 2030\\\" \u2013 Wartburger Programm der Naturparke\",\"isPartOf\":{\"@id\":\"https:\/\/www.naturparkmagazin.de\/vdn\/#website\"},\"datePublished\":\"2018-09-17T13:17:43+00:00\",\"dateModified\":\"2018-09-25T11:12:39+00:00\",\"author\":{\"@id\":\"https:\/\/www.naturparkmagazin.de\/vdn\/#\/schema\/person\/3cff9b8773ed55f0189255fa9adfd57c\"},\"description\":\"Auf dem Deutschen Naturpark-Tag 2018 in Eisenach haben \u00fcber 100 Vertreter*innen aus 65 deutschen Naturparken die Leitlinie \u201eAufgaben und Ziele\u201c f\u00fcr die Naturparkarbeit bis zum Jahr 2030 beschlossen.\",\"breadcrumb\":{\"@id\":\"https:\/\/www.naturparkmagazin.de\/vdn\/vision-2030-wartburger-programm-der-naturparke\/#breadcrumb\"},\"inLanguage\":\"de\",\"potentialAction\":[{\"@type\":\"ReadAction\",\"target\":[\"https:\/\/www.naturparkmagazin.de\/vdn\/vision-2030-wartburger-programm-der-naturparke\/\"]}]},{\"@type\":\"BreadcrumbList\",\"@id\":\"https:\/\/www.naturparkmagazin.de\/vdn\/vision-2030-wartburger-programm-der-naturparke\/#breadcrumb\",\"itemListElement\":[{\"@type\":\"ListItem\",\"position\":1,\"name\":\"Home\",\"item\":\"https:\/\/www.naturparkmagazin.de\/vdn\/\"},{\"@type\":\"ListItem\",\"position\":2,\"name\":\"\u201eVision 2030&#8243; \u2013 Wartburger Programm der Naturparke\"}]},{\"@type\":\"WebSite\",\"@id\":\"https:\/\/www.naturparkmagazin.de\/vdn\/#website\",\"url\":\"https:\/\/www.naturparkmagazin.de\/vdn\/\",\"name\":\"Verband Deutscher Naturparke\",\"description\":\"Eine weitere Naturparkmagazin.de Netzwerk Seite\",\"potentialAction\":[{\"@type\":\"SearchAction\",\"target\":{\"@type\":\"EntryPoint\",\"urlTemplate\":\"https:\/\/www.naturparkmagazin.de\/vdn\/?s={search_term_string}\"},\"query-input\":\"required name=search_term_string\"}],\"inLanguage\":\"de\"},{\"@type\":\"Person\",\"@id\":\"https:\/\/www.naturparkmagazin.de\/vdn\/#\/schema\/person\/3cff9b8773ed55f0189255fa9adfd57c\",\"name\":\"manuelamerz\",\"url\":\"https:\/\/www.naturparkmagazin.de\/vdn\/author\/manuelamerz\/\"}]}<\/script>\n<!-- \/ Yoast SEO plugin. -->","yoast_head_json":{"title":"\u201eVision 2030\" \u2013 Wartburger Programm der Naturparke","description":"Auf dem Deutschen Naturpark-Tag 2018 in Eisenach haben \u00fcber 100 Vertreter*innen aus 65 deutschen Naturparken die Leitlinie \u201eAufgaben und Ziele\u201c f\u00fcr die Naturparkarbeit bis zum Jahr 2030 beschlossen.","robots":{"index":"index","follow":"follow","max-snippet":"max-snippet:-1","max-image-preview":"max-image-preview:large","max-video-preview":"max-video-preview:-1"},"canonical":"https:\/\/www.naturparkmagazin.de\/vdn\/vision-2030-wartburger-programm-der-naturparke\/","og_locale":"de_DE","og_type":"article","og_title":"\u201eVision 2030\" \u2013 Wartburger Programm der Naturparke","og_description":"Auf dem Deutschen Naturpark-Tag 2018 in Eisenach haben \u00fcber 100 Vertreter*innen aus 65 deutschen Naturparken die Leitlinie \u201eAufgaben und Ziele\u201c f\u00fcr die Naturparkarbeit bis zum Jahr 2030 beschlossen.","og_url":"https:\/\/www.naturparkmagazin.de\/vdn\/vision-2030-wartburger-programm-der-naturparke\/","og_site_name":"Verband Deutscher Naturparke","article_published_time":"2018-09-17T13:17:43+00:00","article_modified_time":"2018-09-25T11:12:39+00:00","og_image":[{"width":200,"height":200,"url":"https:\/\/www.naturparkmagazin.de\/vdn\/wp-content\/uploads\/sites\/3\/Fotolia_179039082_S_Newsletter_Oktoberausgabebf.jpg","type":"image\/jpeg"}],"author":"manuelamerz","twitter_misc":{"Verfasst von":"manuelamerz","Gesch\u00e4tzte Lesezeit":"2\u00a0Minuten"},"schema":{"@context":"https:\/\/schema.org","@graph":[{"@type":"WebPage","@id":"https:\/\/www.naturparkmagazin.de\/vdn\/vision-2030-wartburger-programm-der-naturparke\/","url":"https:\/\/www.naturparkmagazin.de\/vdn\/vision-2030-wartburger-programm-der-naturparke\/","name":"\u201eVision 2030\" \u2013 Wartburger Programm der Naturparke","isPartOf":{"@id":"https:\/\/www.naturparkmagazin.de\/vdn\/#website"},"datePublished":"2018-09-17T13:17:43+00:00","dateModified":"2018-09-25T11:12:39+00:00","author":{"@id":"https:\/\/www.naturparkmagazin.de\/vdn\/#\/schema\/person\/3cff9b8773ed55f0189255fa9adfd57c"},"description":"Auf dem Deutschen Naturpark-Tag 2018 in Eisenach haben \u00fcber 100 Vertreter*innen aus 65 deutschen Naturparken die Leitlinie \u201eAufgaben und Ziele\u201c f\u00fcr die Naturparkarbeit bis zum Jahr 2030 beschlossen.","breadcrumb":{"@id":"https:\/\/www.naturparkmagazin.de\/vdn\/vision-2030-wartburger-programm-der-naturparke\/#breadcrumb"},"inLanguage":"de","potentialAction":[{"@type":"ReadAction","target":["https:\/\/www.naturparkmagazin.de\/vdn\/vision-2030-wartburger-programm-der-naturparke\/"]}]},{"@type":"BreadcrumbList","@id":"https:\/\/www.naturparkmagazin.de\/vdn\/vision-2030-wartburger-programm-der-naturparke\/#breadcrumb","itemListElement":[{"@type":"ListItem","position":1,"name":"Home","item":"https:\/\/www.naturparkmagazin.de\/vdn\/"},{"@type":"ListItem","position":2,"name":"\u201eVision 2030&#8243; \u2013 Wartburger Programm der Naturparke"}]},{"@type":"WebSite","@id":"https:\/\/www.naturparkmagazin.de\/vdn\/#website","url":"https:\/\/www.naturparkmagazin.de\/vdn\/","name":"Verband Deutscher Naturparke","description":"Eine weitere Naturparkmagazin.de Netzwerk Seite","potentialAction":[{"@type":"SearchAction","target":{"@type":"EntryPoint","urlTemplate":"https:\/\/www.naturparkmagazin.de\/vdn\/?s={search_term_string}"},"query-input":"required name=search_term_string"}],"inLanguage":"de"},{"@type":"Person","@id":"https:\/\/www.naturparkmagazin.de\/vdn\/#\/schema\/person\/3cff9b8773ed55f0189255fa9adfd57c","name":"manuelamerz","url":"https:\/\/www.naturparkmagazin.de\/vdn\/author\/manuelamerz\/"}]}},"_links":{"self":[{"href":"https:\/\/www.naturparkmagazin.de\/vdn\/wp-json\/wp\/v2\/posts\/10537"}],"collection":[{"href":"https:\/\/www.naturparkmagazin.de\/vdn\/wp-json\/wp\/v2\/posts"}],"about":[{"href":"https:\/\/www.naturparkmagazin.de\/vdn\/wp-json\/wp\/v2\/types\/post"}],"author":[{"embeddable":true,"href":"https:\/\/www.naturparkmagazin.de\/vdn\/wp-json\/wp\/v2\/users\/73"}],"replies":[{"embeddable":true,"href":"https:\/\/www.naturparkmagazin.de\/vdn\/wp-json\/wp\/v2\/comments?post=10537"}],"version-history":[{"count":9,"href":"https:\/\/www.naturparkmagazin.de\/vdn\/wp-json\/wp\/v2\/posts\/10537\/revisions"}],"predecessor-version":[{"id":10598,"href":"https:\/\/www.naturparkmagazin.de\/vdn\/wp-json\/wp\/v2\/posts\/10537\/revisions\/10598"}],"wp:featuredmedia":[{"embeddable":true,"href":"https:\/\/www.naturparkmagazin.de\/vdn\/wp-json\/wp\/v2\/media\/10538"}],"wp:attachment":[{"href":"https:\/\/www.naturparkmagazin.de\/vdn\/wp-json\/wp\/v2\/media?parent=10537"}],"wp:term":[{"taxonomy":"category","embeddable":true,"href":"https:\/\/www.naturparkmagazin.de\/vdn\/wp-json\/wp\/v2\/categories?post=10537"},{"taxonomy":"post_tag","embeddable":true,"href":"https:\/\/www.naturparkmagazin.de\/vdn\/wp-json\/wp\/v2\/tags?post=10537"}],"curies":[{"name":"wp","href":"https:\/\/api.w.org\/{rel}","templated":true}]}}