{"id":10621,"date":"2018-10-17T08:50:51","date_gmt":"2018-10-17T06:50:51","guid":{"rendered":"https:\/\/www.naturparkmagazin.de\/vdn\/?p=10621"},"modified":"2018-10-23T11:11:08","modified_gmt":"2018-10-23T09:11:08","slug":"vorbildliches-projekt-natur-erleben-verbindet-ausgezeichnet","status":"publish","type":"post","link":"https:\/\/www.naturparkmagazin.de\/vdn\/vorbildliches-projekt-natur-erleben-verbindet-ausgezeichnet\/","title":{"rendered":"\u201eVorbildliches Projekt\u201c &#8211; \u201eNatur erleben verbindet\u201c ausgezeichnet"},"content":{"rendered":"<div id=\"attachment_10625\" style=\"width: 510px\" class=\"wp-caption aligncenter\"><a href=\"https:\/\/www.naturparkmagazin.de\/vdn\/wp-content\/uploads\/sites\/3\/\u00a9-Naturpark-Sauerland-Rothaargebirge-Volker-Prutti-50_Beitrag.jpg\"><img aria-describedby=\"caption-attachment-10625\" decoding=\"async\" loading=\"lazy\" class=\"size-full wp-image-10625\" src=\"https:\/\/www.naturparkmagazin.de\/vdn\/wp-content\/uploads\/sites\/3\/\u00a9-Naturpark-Sauerland-Rothaargebirge-Volker-Prutti-50_Beitrag.jpg\" alt=\"\u00a9 Naturpark Sauerland Rothaargebirge \/Volker Prutt\" width=\"500\" height=\"300\" srcset=\"https:\/\/www.naturparkmagazin.de\/vdn\/wp-content\/uploads\/sites\/3\/\u00a9-Naturpark-Sauerland-Rothaargebirge-Volker-Prutti-50_Beitrag.jpg 500w, https:\/\/www.naturparkmagazin.de\/vdn\/wp-content\/uploads\/sites\/3\/\u00a9-Naturpark-Sauerland-Rothaargebirge-Volker-Prutti-50_Beitrag-300x180.jpg 300w, https:\/\/www.naturparkmagazin.de\/vdn\/wp-content\/uploads\/sites\/3\/\u00a9-Naturpark-Sauerland-Rothaargebirge-Volker-Prutti-50_Beitrag-200x120.jpg 200w\" sizes=\"(max-width: 500px) 100vw, 500px\" \/><\/a><p id=\"caption-attachment-10625\" class=\"wp-caption-text\">\u00a9 Naturpark Sauerland Rothaargebirge \/Volker Prutt<\/p><\/div>\n<p>Das Projekt \u201eNatur erleben verbindet\u201c des Verbandes Deutscher Naturparke e. V. (VDN) wurde am vergangenen Samstag als offizielles Projekt der UN-Dekade Biologische Vielfalt im Rahmen des Sonderwettbewerbs \u201eSoziale Natur \u2013 Natur f\u00fcr alle\u201c gew\u00fcrdigt. Die Auszeichnung wurde von Thomas Graner, Vize-Pr\u00e4sident des Bundesamtes f\u00fcr Naturschutz (BfN) und Mitglied der Fachjury der UN-Dekade f\u00fcr Biologische Vielfalt, im Rahmen einer Landschaftspflegeaktion im Naturpark Sauerland Rothaargebirge an den neuen VDN-Pr\u00e4sidenten Friedel Heuwinkel und Projektkoordinatorin Eda Sayan \u00fcbergeben.<\/p>\n<div id=\"attachment_10627\" style=\"width: 250px\" class=\"wp-caption aligncenter\"><a href=\"https:\/\/www.naturparkmagazin.de\/vdn\/wp-content\/uploads\/sites\/3\/161071_014_UN-Dekade_Logo_Ausgezeichnetes_Projekt-2018_240x175px_RZ01.jpg\"><img aria-describedby=\"caption-attachment-10627\" decoding=\"async\" loading=\"lazy\" class=\"size-full wp-image-10627\" src=\"https:\/\/www.naturparkmagazin.de\/vdn\/wp-content\/uploads\/sites\/3\/161071_014_UN-Dekade_Logo_Ausgezeichnetes_Projekt-2018_240x175px_RZ01.jpg\" alt=\"UN-Dekade Logo Ausgezeichnetes Projekt 2018\" width=\"240\" height=\"175\" srcset=\"https:\/\/www.naturparkmagazin.de\/vdn\/wp-content\/uploads\/sites\/3\/161071_014_UN-Dekade_Logo_Ausgezeichnetes_Projekt-2018_240x175px_RZ01.jpg 240w, https:\/\/www.naturparkmagazin.de\/vdn\/wp-content\/uploads\/sites\/3\/161071_014_UN-Dekade_Logo_Ausgezeichnetes_Projekt-2018_240x175px_RZ01-200x146.jpg 200w\" sizes=\"(max-width: 240px) 100vw, 240px\" \/><\/a><p id=\"caption-attachment-10627\" class=\"wp-caption-text\">UN-Dekade Logo Ausgezeichnetes Projekt 2018<\/p><\/div>\n<p>Die Ehrung wird an vorbildliche Projekte verliehen, die mit ihren Aktivit\u00e4ten auf die Chancen aufmerksam machen, die die Natur und die biologische Vielfalt f\u00fcr den sozialen Zusammenhalt bieten. Als Teilprojekt von \u201eNatur erleben verbindet\u201c zeigt die Landschaftspflegeaktion im Naturpark Sauerland Rothaargebirge in beispielhafter Weise, wie durch das gemeinsame Naturerleben von Menschen aus allen Teilen der Bev\u00f6lkerung der Austausch und das gegenseitige Verst\u00e4ndnis gef\u00f6rdert und ein gemeinsames Engagement f\u00fcr Natur und Naturschutz unterst\u00fctzt werden k\u00f6nnen.<\/p>\n<div id=\"attachment_10623\" style=\"width: 510px\" class=\"wp-caption aligncenter\"><a href=\"https:\/\/www.naturparkmagazin.de\/vdn\/wp-content\/uploads\/sites\/3\/\u00a9-Naturpark-Sauerland-Rothaargebirge-Volker-Prutti-30_Beitrag.jpg\"><img aria-describedby=\"caption-attachment-10623\" decoding=\"async\" loading=\"lazy\" class=\"size-full wp-image-10623\" src=\"https:\/\/www.naturparkmagazin.de\/vdn\/wp-content\/uploads\/sites\/3\/\u00a9-Naturpark-Sauerland-Rothaargebirge-Volker-Prutti-30_Beitrag.jpg\" alt=\"\u00a9 Naturpark Sauerland Rothaargebirge \/Volker Prutt\" width=\"500\" height=\"300\" srcset=\"https:\/\/www.naturparkmagazin.de\/vdn\/wp-content\/uploads\/sites\/3\/\u00a9-Naturpark-Sauerland-Rothaargebirge-Volker-Prutti-30_Beitrag.jpg 500w, https:\/\/www.naturparkmagazin.de\/vdn\/wp-content\/uploads\/sites\/3\/\u00a9-Naturpark-Sauerland-Rothaargebirge-Volker-Prutti-30_Beitrag-300x180.jpg 300w, https:\/\/www.naturparkmagazin.de\/vdn\/wp-content\/uploads\/sites\/3\/\u00a9-Naturpark-Sauerland-Rothaargebirge-Volker-Prutti-30_Beitrag-200x120.jpg 200w\" sizes=\"(max-width: 500px) 100vw, 500px\" \/><\/a><p id=\"caption-attachment-10623\" class=\"wp-caption-text\">\u00a9 Naturpark Sauerland Rothaargebirge \/Volker Prutt<\/p><\/div>\n<p>Zahlreiche freiwillige Helfer waren hierzu am 6. Oktober in den Bergheiden im Naturpark Sauerland Rothaargebirge zusammengekommen, um zum Erhalt dieser einzigartigen und sehr selten gewordenen Lebensr\u00e4ume beizutragen. Um dies zu erreichen, wurden mit Hilfe des Engagements der Beteiligten die Geh\u00f6lze zur\u00fcckgeschnitten und die Bergheiden wieder freigestellt. Ziel des Bergheiden-Projekts ist es, dauerhaft den weiteren R\u00fcckgang an Bergheidefl\u00e4chen zu stoppen und den Erhalt der verbliebenen Fl\u00e4chen zu sichern.<\/p>\n<div id=\"attachment_10622\" style=\"width: 510px\" class=\"wp-caption aligncenter\"><a href=\"https:\/\/www.naturparkmagazin.de\/vdn\/wp-content\/uploads\/sites\/3\/\u00a9-Naturpark-Sauerland-Rothaargebirge-Volker-Prutti-24_Beitrag.jpg\"><img aria-describedby=\"caption-attachment-10622\" decoding=\"async\" loading=\"lazy\" class=\"size-full wp-image-10622\" src=\"https:\/\/www.naturparkmagazin.de\/vdn\/wp-content\/uploads\/sites\/3\/\u00a9-Naturpark-Sauerland-Rothaargebirge-Volker-Prutti-24_Beitrag.jpg\" alt=\"\u00a9 Naturpark Sauerland Rothaargebirge \/Volker Prutt\" width=\"500\" height=\"300\" srcset=\"https:\/\/www.naturparkmagazin.de\/vdn\/wp-content\/uploads\/sites\/3\/\u00a9-Naturpark-Sauerland-Rothaargebirge-Volker-Prutti-24_Beitrag.jpg 500w, https:\/\/www.naturparkmagazin.de\/vdn\/wp-content\/uploads\/sites\/3\/\u00a9-Naturpark-Sauerland-Rothaargebirge-Volker-Prutti-24_Beitrag-300x180.jpg 300w, https:\/\/www.naturparkmagazin.de\/vdn\/wp-content\/uploads\/sites\/3\/\u00a9-Naturpark-Sauerland-Rothaargebirge-Volker-Prutti-24_Beitrag-200x120.jpg 200w\" sizes=\"(max-width: 500px) 100vw, 500px\" \/><\/a><p id=\"caption-attachment-10622\" class=\"wp-caption-text\">\u00a9 Naturpark Sauerland Rothaargebirge \/Volker Prutt<\/p><\/div>\n<p>Das VDN-Projekt \u201eNatur erleben verbindet\u201c wird mit F\u00f6rderung des Bundesamtes f\u00fcr Naturschutz (BfN) aus Mitteln des Bundesministeriums f\u00fcr Umwelt, Naturschutz und nukleare Sicherheit (BMU) von Mai 2017 bis November 2018 durchgef\u00fchrt und hat zum Ziel, die Angebote der Naturparke weiterzuentwickeln und f\u00fcr weitere Zielgruppen zu \u00f6ffnen, die bisher nicht oder kaum angesprochen wurden. Dazu geh\u00f6ren Menschen aus sozial benachteiligten Schichten, Menschen mit Migrationshintergrund und Gefl\u00fcchtete.<\/p>\n<div id=\"attachment_10624\" style=\"width: 510px\" class=\"wp-caption aligncenter\"><a href=\"https:\/\/www.naturparkmagazin.de\/vdn\/wp-content\/uploads\/sites\/3\/\u00a9-Naturpark-Sauerland-Rothaargebirge-Volker-Prutti-45_Beitrag.jpg\"><img aria-describedby=\"caption-attachment-10624\" decoding=\"async\" loading=\"lazy\" class=\"size-full wp-image-10624\" src=\"https:\/\/www.naturparkmagazin.de\/vdn\/wp-content\/uploads\/sites\/3\/\u00a9-Naturpark-Sauerland-Rothaargebirge-Volker-Prutti-45_Beitrag.jpg\" alt=\"\u00a9 Naturpark Sauerland Rothaargebirge \/Volker Prutt\" width=\"500\" height=\"300\" srcset=\"https:\/\/www.naturparkmagazin.de\/vdn\/wp-content\/uploads\/sites\/3\/\u00a9-Naturpark-Sauerland-Rothaargebirge-Volker-Prutti-45_Beitrag.jpg 500w, https:\/\/www.naturparkmagazin.de\/vdn\/wp-content\/uploads\/sites\/3\/\u00a9-Naturpark-Sauerland-Rothaargebirge-Volker-Prutti-45_Beitrag-300x180.jpg 300w, https:\/\/www.naturparkmagazin.de\/vdn\/wp-content\/uploads\/sites\/3\/\u00a9-Naturpark-Sauerland-Rothaargebirge-Volker-Prutti-45_Beitrag-200x120.jpg 200w\" sizes=\"(max-width: 500px) 100vw, 500px\" \/><\/a><p id=\"caption-attachment-10624\" class=\"wp-caption-text\">\u00a9 Naturpark Sauerland Rothaargebirge \/Volker Prutt<\/p><\/div>\n<p>Mit diesem vorbildlichen Projekt wird ein bedeutendes Zeichen f\u00fcr das Engagement an der Schnittstelle von Natur und sozialen Fragen in Deutschland gesetzt. Im Rahmen des Projekts werden gezielt Naturerlebnis- und Mitmachangebote entwickelt, die sich an den jeweiligen Lebenswelten der Menschen orientieren und damit einen besseren individuellen Zugang zur Natur und ein vertieftes Verst\u00e4ndnis von Naturschutzfragen erm\u00f6glichen.<\/p>\n<div id=\"attachment_10628\" style=\"width: 510px\" class=\"wp-caption aligncenter\"><a href=\"https:\/\/www.naturparkmagazin.de\/vdn\/wp-content\/uploads\/sites\/3\/\u00a9-Naturpark-Sauerland-Rothaargebirge-Volker-Prutti-82_Beitrag.jpg\"><img aria-describedby=\"caption-attachment-10628\" decoding=\"async\" loading=\"lazy\" class=\"size-full wp-image-10628\" src=\"https:\/\/www.naturparkmagazin.de\/vdn\/wp-content\/uploads\/sites\/3\/\u00a9-Naturpark-Sauerland-Rothaargebirge-Volker-Prutti-82_Beitrag.jpg\" alt=\"\u00a9 Naturpark Sauerland Rothaargebirge \/Volker Prutt\" width=\"500\" height=\"300\" srcset=\"https:\/\/www.naturparkmagazin.de\/vdn\/wp-content\/uploads\/sites\/3\/\u00a9-Naturpark-Sauerland-Rothaargebirge-Volker-Prutti-82_Beitrag.jpg 500w, https:\/\/www.naturparkmagazin.de\/vdn\/wp-content\/uploads\/sites\/3\/\u00a9-Naturpark-Sauerland-Rothaargebirge-Volker-Prutti-82_Beitrag-300x180.jpg 300w, https:\/\/www.naturparkmagazin.de\/vdn\/wp-content\/uploads\/sites\/3\/\u00a9-Naturpark-Sauerland-Rothaargebirge-Volker-Prutti-82_Beitrag-200x120.jpg 200w\" sizes=\"(max-width: 500px) 100vw, 500px\" \/><\/a><p id=\"caption-attachment-10628\" class=\"wp-caption-text\">\u00a9 Naturpark Sauerland Rothaargebirge \/Volker Prutt<\/p><\/div>\n<p>Das ausgezeichnete Projekt hatte am Sonderwettbewerb \u201eSoziale Natur \u2013 Natur f\u00fcr alle\u201c der UN-Dekade Biologische Vielfalt teilgenommen. Die Aktivit\u00e4ten haben die Juroren und Jurorinnen des UN-Dekade-Wettbewerbs sehr beeindruckt. Neben einer Urkunde und einem Auszeichnungsschild nahmen Heuwinkel und Sayan einen \u201eVielfalt-Baum\u201c entgegen, der symbolisch f\u00fcr die bunte Naturvielfalt steht. Ab sofort wird das Projekt auf der deutschen UN-Dekade-Webseite unter www.undekade-biologischevielfalt.de vorgestellt.<\/p>\n<p>&nbsp;<\/p>\n<p>&gt;&gt;<strong><a href=\"https:\/\/www.naturparke.de\/fileadmin\/files\/public\/Aktuelles\/Pressemitteilungen_pdf\/PM_10-2018-2_Auszeichnung_UN_Dekade_Oktober__2018_final.pdf\" target=\"_blank\"> Hier<\/a><\/strong> k\u00f6nnen Sie die Pressemitteilung anschauen<\/p>\n<p>&gt;&gt; <a href=\"https:\/\/www.naturparke.de\/aufgaben-ziele\/bildung\/natur-erleben-verbindet.html\" target=\"_blank\"><strong>Hier<\/strong><\/a> erfahren Sie mehr \u00fcber das Projekt \u201eNatur erleben verbindet\u201c<\/p>\n<p>&gt;&gt; <a href=\"https:\/\/www.undekade-biologischevielfalt.de\/\" target=\"_blank\"><strong>Hier<\/strong><\/a> erfahren Sie mehr \u00fcber die UN-Dekade Biologische Vielfalt<\/p>\n<p>&nbsp;<\/p>\n","protected":false},"excerpt":{"rendered":"<p>Das Projekt \u201eNatur erleben verbindet\u201c wurde als offizielles Projekt im Sonderwettbewerb \u201eSoziale Natur \u2013 Natur f\u00fcr Alle\u201c der UN-Dekade Biologische Vielfalt ausgezeichnet. <\/p>\n","protected":false},"author":51,"featured_media":10626,"comment_status":"open","ping_status":"open","sticky":false,"template":"","format":"standard","meta":{"_links_to":"","_links_to_target":""},"categories":[7],"tags":[1451,1450,1443,1318,1444,1445,1449,1382,1231,1448,535,1447,1441,41,1446,1054,1442],"yoast_head":"<!-- This site is optimized with the Yoast SEO plugin v19.10 - https:\/\/yoast.com\/wordpress\/plugins\/seo\/ -->\n<title>\u201eVorbildliches Projekt\u201c - \u201eNatur erleben verbindet\u201c ausgezeichnet<\/title>\n<meta name=\"description\" content=\"Das Projekt \u201eNatur erleben verbindet\u201c wurde als offizielles Projekt im Sonderwettbewerb \u201eSoziale Natur \u2013 Natur f\u00fcr Alle\u201c der UN-Dekade Biologische Vielfalt ausgezeichnet.\" \/>\n<meta name=\"robots\" content=\"index, follow, max-snippet:-1, max-image-preview:large, max-video-preview:-1\" \/>\n<link rel=\"canonical\" href=\"https:\/\/www.naturparkmagazin.de\/vdn\/vorbildliches-projekt-natur-erleben-verbindet-ausgezeichnet\/\" \/>\n<meta property=\"og:locale\" content=\"de_DE\" \/>\n<meta property=\"og:type\" content=\"article\" \/>\n<meta property=\"og:title\" content=\"\u201eVorbildliches Projekt\u201c - \u201eNatur erleben verbindet\u201c ausgezeichnet\" \/>\n<meta property=\"og:description\" content=\"Das Projekt \u201eNatur erleben verbindet\u201c wurde als offizielles Projekt im Sonderwettbewerb \u201eSoziale Natur \u2013 Natur f\u00fcr Alle\u201c der UN-Dekade Biologische Vielfalt ausgezeichnet.\" \/>\n<meta property=\"og:url\" content=\"https:\/\/www.naturparkmagazin.de\/vdn\/vorbildliches-projekt-natur-erleben-verbindet-ausgezeichnet\/\" \/>\n<meta property=\"og:site_name\" content=\"Verband Deutscher Naturparke\" \/>\n<meta property=\"article:published_time\" content=\"2018-10-17T06:50:51+00:00\" \/>\n<meta property=\"article:modified_time\" content=\"2018-10-23T09:11:08+00:00\" \/>\n<meta property=\"og:image\" content=\"https:\/\/www.naturparkmagazin.de\/vdn\/wp-content\/uploads\/sites\/3\/\u00a9-Naturpark-Sauerland-Rothaargebirge-Volker-Prutti-50_Beitragsbild.jpg\" \/>\n\t<meta property=\"og:image:width\" content=\"200\" \/>\n\t<meta property=\"og:image:height\" content=\"200\" \/>\n\t<meta property=\"og:image:type\" content=\"image\/jpeg\" \/>\n<meta name=\"author\" content=\"beatrixlosem\" \/>\n<meta name=\"twitter:label1\" content=\"Verfasst von\" \/>\n\t<meta name=\"twitter:data1\" content=\"beatrixlosem\" \/>\n\t<meta name=\"twitter:label2\" content=\"Gesch\u00e4tzte Lesezeit\" \/>\n\t<meta name=\"twitter:data2\" content=\"3\u00a0Minuten\" \/>\n<script type=\"application\/ld+json\" class=\"yoast-schema-graph\">{\"@context\":\"https:\/\/schema.org\",\"@graph\":[{\"@type\":\"WebPage\",\"@id\":\"https:\/\/www.naturparkmagazin.de\/vdn\/vorbildliches-projekt-natur-erleben-verbindet-ausgezeichnet\/\",\"url\":\"https:\/\/www.naturparkmagazin.de\/vdn\/vorbildliches-projekt-natur-erleben-verbindet-ausgezeichnet\/\",\"name\":\"\u201eVorbildliches Projekt\u201c - \u201eNatur erleben verbindet\u201c ausgezeichnet\",\"isPartOf\":{\"@id\":\"https:\/\/www.naturparkmagazin.de\/vdn\/#website\"},\"datePublished\":\"2018-10-17T06:50:51+00:00\",\"dateModified\":\"2018-10-23T09:11:08+00:00\",\"author\":{\"@id\":\"https:\/\/www.naturparkmagazin.de\/vdn\/#\/schema\/person\/d71357578c318b6db03be60b1f60396b\"},\"description\":\"Das Projekt \u201eNatur erleben verbindet\u201c wurde als offizielles Projekt im Sonderwettbewerb \u201eSoziale Natur \u2013 Natur f\u00fcr Alle\u201c der UN-Dekade Biologische Vielfalt ausgezeichnet.\",\"breadcrumb\":{\"@id\":\"https:\/\/www.naturparkmagazin.de\/vdn\/vorbildliches-projekt-natur-erleben-verbindet-ausgezeichnet\/#breadcrumb\"},\"inLanguage\":\"de\",\"potentialAction\":[{\"@type\":\"ReadAction\",\"target\":[\"https:\/\/www.naturparkmagazin.de\/vdn\/vorbildliches-projekt-natur-erleben-verbindet-ausgezeichnet\/\"]}]},{\"@type\":\"BreadcrumbList\",\"@id\":\"https:\/\/www.naturparkmagazin.de\/vdn\/vorbildliches-projekt-natur-erleben-verbindet-ausgezeichnet\/#breadcrumb\",\"itemListElement\":[{\"@type\":\"ListItem\",\"position\":1,\"name\":\"Home\",\"item\":\"https:\/\/www.naturparkmagazin.de\/vdn\/\"},{\"@type\":\"ListItem\",\"position\":2,\"name\":\"\u201eVorbildliches Projekt\u201c &#8211; \u201eNatur erleben verbindet\u201c ausgezeichnet\"}]},{\"@type\":\"WebSite\",\"@id\":\"https:\/\/www.naturparkmagazin.de\/vdn\/#website\",\"url\":\"https:\/\/www.naturparkmagazin.de\/vdn\/\",\"name\":\"Verband Deutscher Naturparke\",\"description\":\"Eine weitere Naturparkmagazin.de Netzwerk Seite\",\"potentialAction\":[{\"@type\":\"SearchAction\",\"target\":{\"@type\":\"EntryPoint\",\"urlTemplate\":\"https:\/\/www.naturparkmagazin.de\/vdn\/?s={search_term_string}\"},\"query-input\":\"required name=search_term_string\"}],\"inLanguage\":\"de\"},{\"@type\":\"Person\",\"@id\":\"https:\/\/www.naturparkmagazin.de\/vdn\/#\/schema\/person\/d71357578c318b6db03be60b1f60396b\",\"name\":\"beatrixlosem\",\"url\":\"https:\/\/www.naturparkmagazin.de\/vdn\/author\/beatrixlosem\/\"}]}<\/script>\n<!-- \/ Yoast SEO plugin. -->","yoast_head_json":{"title":"\u201eVorbildliches Projekt\u201c - \u201eNatur erleben verbindet\u201c ausgezeichnet","description":"Das Projekt \u201eNatur erleben verbindet\u201c wurde als offizielles Projekt im Sonderwettbewerb \u201eSoziale Natur \u2013 Natur f\u00fcr Alle\u201c der UN-Dekade Biologische Vielfalt ausgezeichnet.","robots":{"index":"index","follow":"follow","max-snippet":"max-snippet:-1","max-image-preview":"max-image-preview:large","max-video-preview":"max-video-preview:-1"},"canonical":"https:\/\/www.naturparkmagazin.de\/vdn\/vorbildliches-projekt-natur-erleben-verbindet-ausgezeichnet\/","og_locale":"de_DE","og_type":"article","og_title":"\u201eVorbildliches Projekt\u201c - \u201eNatur erleben verbindet\u201c ausgezeichnet","og_description":"Das Projekt \u201eNatur erleben verbindet\u201c wurde als offizielles Projekt im Sonderwettbewerb \u201eSoziale Natur \u2013 Natur f\u00fcr Alle\u201c der UN-Dekade Biologische Vielfalt ausgezeichnet.","og_url":"https:\/\/www.naturparkmagazin.de\/vdn\/vorbildliches-projekt-natur-erleben-verbindet-ausgezeichnet\/","og_site_name":"Verband Deutscher Naturparke","article_published_time":"2018-10-17T06:50:51+00:00","article_modified_time":"2018-10-23T09:11:08+00:00","og_image":[{"width":200,"height":200,"url":"https:\/\/www.naturparkmagazin.de\/vdn\/wp-content\/uploads\/sites\/3\/\u00a9-Naturpark-Sauerland-Rothaargebirge-Volker-Prutti-50_Beitragsbild.jpg","type":"image\/jpeg"}],"author":"beatrixlosem","twitter_misc":{"Verfasst von":"beatrixlosem","Gesch\u00e4tzte Lesezeit":"3\u00a0Minuten"},"schema":{"@context":"https:\/\/schema.org","@graph":[{"@type":"WebPage","@id":"https:\/\/www.naturparkmagazin.de\/vdn\/vorbildliches-projekt-natur-erleben-verbindet-ausgezeichnet\/","url":"https:\/\/www.naturparkmagazin.de\/vdn\/vorbildliches-projekt-natur-erleben-verbindet-ausgezeichnet\/","name":"\u201eVorbildliches Projekt\u201c - \u201eNatur erleben verbindet\u201c ausgezeichnet","isPartOf":{"@id":"https:\/\/www.naturparkmagazin.de\/vdn\/#website"},"datePublished":"2018-10-17T06:50:51+00:00","dateModified":"2018-10-23T09:11:08+00:00","author":{"@id":"https:\/\/www.naturparkmagazin.de\/vdn\/#\/schema\/person\/d71357578c318b6db03be60b1f60396b"},"description":"Das Projekt \u201eNatur erleben verbindet\u201c wurde als offizielles Projekt im Sonderwettbewerb \u201eSoziale Natur \u2013 Natur f\u00fcr Alle\u201c der UN-Dekade Biologische Vielfalt ausgezeichnet.","breadcrumb":{"@id":"https:\/\/www.naturparkmagazin.de\/vdn\/vorbildliches-projekt-natur-erleben-verbindet-ausgezeichnet\/#breadcrumb"},"inLanguage":"de","potentialAction":[{"@type":"ReadAction","target":["https:\/\/www.naturparkmagazin.de\/vdn\/vorbildliches-projekt-natur-erleben-verbindet-ausgezeichnet\/"]}]},{"@type":"BreadcrumbList","@id":"https:\/\/www.naturparkmagazin.de\/vdn\/vorbildliches-projekt-natur-erleben-verbindet-ausgezeichnet\/#breadcrumb","itemListElement":[{"@type":"ListItem","position":1,"name":"Home","item":"https:\/\/www.naturparkmagazin.de\/vdn\/"},{"@type":"ListItem","position":2,"name":"\u201eVorbildliches Projekt\u201c &#8211; \u201eNatur erleben verbindet\u201c ausgezeichnet"}]},{"@type":"WebSite","@id":"https:\/\/www.naturparkmagazin.de\/vdn\/#website","url":"https:\/\/www.naturparkmagazin.de\/vdn\/","name":"Verband Deutscher Naturparke","description":"Eine weitere Naturparkmagazin.de Netzwerk Seite","potentialAction":[{"@type":"SearchAction","target":{"@type":"EntryPoint","urlTemplate":"https:\/\/www.naturparkmagazin.de\/vdn\/?s={search_term_string}"},"query-input":"required name=search_term_string"}],"inLanguage":"de"},{"@type":"Person","@id":"https:\/\/www.naturparkmagazin.de\/vdn\/#\/schema\/person\/d71357578c318b6db03be60b1f60396b","name":"beatrixlosem","url":"https:\/\/www.naturparkmagazin.de\/vdn\/author\/beatrixlosem\/"}]}},"_links":{"self":[{"href":"https:\/\/www.naturparkmagazin.de\/vdn\/wp-json\/wp\/v2\/posts\/10621"}],"collection":[{"href":"https:\/\/www.naturparkmagazin.de\/vdn\/wp-json\/wp\/v2\/posts"}],"about":[{"href":"https:\/\/www.naturparkmagazin.de\/vdn\/wp-json\/wp\/v2\/types\/post"}],"author":[{"embeddable":true,"href":"https:\/\/www.naturparkmagazin.de\/vdn\/wp-json\/wp\/v2\/users\/51"}],"replies":[{"embeddable":true,"href":"https:\/\/www.naturparkmagazin.de\/vdn\/wp-json\/wp\/v2\/comments?post=10621"}],"version-history":[{"count":4,"href":"https:\/\/www.naturparkmagazin.de\/vdn\/wp-json\/wp\/v2\/posts\/10621\/revisions"}],"predecessor-version":[{"id":10642,"href":"https:\/\/www.naturparkmagazin.de\/vdn\/wp-json\/wp\/v2\/posts\/10621\/revisions\/10642"}],"wp:featuredmedia":[{"embeddable":true,"href":"https:\/\/www.naturparkmagazin.de\/vdn\/wp-json\/wp\/v2\/media\/10626"}],"wp:attachment":[{"href":"https:\/\/www.naturparkmagazin.de\/vdn\/wp-json\/wp\/v2\/media?parent=10621"}],"wp:term":[{"taxonomy":"category","embeddable":true,"href":"https:\/\/www.naturparkmagazin.de\/vdn\/wp-json\/wp\/v2\/categories?post=10621"},{"taxonomy":"post_tag","embeddable":true,"href":"https:\/\/www.naturparkmagazin.de\/vdn\/wp-json\/wp\/v2\/tags?post=10621"}],"curies":[{"name":"wp","href":"https:\/\/api.w.org\/{rel}","templated":true}]}}