{"id":10730,"date":"2018-10-19T13:56:00","date_gmt":"2018-10-19T11:56:00","guid":{"rendered":"https:\/\/www.naturparkmagazin.de\/vdn\/?p=10730"},"modified":"2018-11-28T15:59:55","modified_gmt":"2018-11-28T14:59:55","slug":"von-johann-wolfgang-von-goethes-lahnreisen","status":"publish","type":"post","link":"https:\/\/www.naturparkmagazin.de\/vdn\/von-johann-wolfgang-von-goethes-lahnreisen\/","title":{"rendered":"Von Johann Wolfgang von Goethes Lahnreisen"},"content":{"rendered":"<div id=\"attachment_10732\" style=\"width: 310px\" class=\"wp-caption alignnone\"><a href=\"https:\/\/www.naturparkmagazin.de\/vdn\/wp-content\/uploads\/sites\/3\/Goethe_Wikipediab.jpg\"><img aria-describedby=\"caption-attachment-10732\" decoding=\"async\" loading=\"lazy\" class=\"wp-image-10732 size-full\" src=\"https:\/\/www.naturparkmagazin.de\/vdn\/wp-content\/uploads\/sites\/3\/Goethe_Wikipediab.jpg\" alt=\"Goethe \u00a9 Wikipedia\" width=\"300\" height=\"499\" srcset=\"https:\/\/www.naturparkmagazin.de\/vdn\/wp-content\/uploads\/sites\/3\/Goethe_Wikipediab.jpg 300w, https:\/\/www.naturparkmagazin.de\/vdn\/wp-content\/uploads\/sites\/3\/Goethe_Wikipediab-200x333.jpg 200w\" sizes=\"(max-width: 300px) 100vw, 300px\" \/><\/a><p id=\"caption-attachment-10732\" class=\"wp-caption-text\">Goethe (Wikipedia)<\/p><\/div>\n<p>Einige der Tagebucheintr\u00e4ge Goethes klingen wie aus einem Reisef\u00fchrer entnommen, der im Prinzip auch heute noch Geltung h\u00e4tte. So hat der wahrscheinlich gr\u00f6\u00dfte deutsche Dichter auch im Gebiet des Naturparks Nassau seine Spuren hinterlassen.<\/p>\n<p>Im Jahr 1772 f\u00fchrte eine \u201eangenehme\u201c Lahnwanderung den damals 23j\u00e4hrigen durch Diez. M\u00f6glicherweise hat er auf seinem Weg an der 1740 entdeckten Fachinger Quelle (heute Staatl. Fachingen) Halt gemacht, dessen Heilwasser sich einen deutschlandweit hervorragenden Ruf eroberte. Mehrere Tagebucheintragungen belegen jedenfalls, dass Goethe ein Anh\u00e4nger dieses Mineralwassers war. Seine Lahnwanderung von 1772 setzte er \u00fcber Nassau nach Ems fort, \u201ewo ich einige Male des sanften Bades geno\u00df und sodann auf einem Kahne den Flu\u00df hinabw\u00e4rts fuhr. Da er\u00f6ffnete sich mir der alte Rhein; die sch\u00f6ne Lage von Oberlahnstein entz\u00fcckte mich\u201c. Nach der Vollendung des Werkes \u201eDie Leiden des jungen Werthers\u201c war am 29. Juni 1774 die Lahn erneut sein Reiseziel; genauer gesagt Nassau, wo es zu Goethes erstem Besuch im Stein\u2019schen Schlo\u00df kam. Danach fuhr er \u00a0mit der Kutsche nach Ems, einem \u201eangenehmen Ort an der Lahne und felsigsten Bergen gelegen\u201c, wo man im \u201eNassauischen Kurhaus\u201c (heute \u201e<a href=\"http:\/\/haeckers-hotels.com\/grandhotel-bad-ems\/hotel\/\" target=\"_blank\">H\u00e4cker\u2019s Grand Hotel<\/a>\u201c), dem vornehmsten Haus in Ems, unterkam. Goethe kehrte am n\u00e4chsten Morgen nach Frankfurt zur\u00fcck, um bereits am 15. Juli den Kurort an der Lahn wieder aufzusuchen. \u00a0Am 18. Juli brach Goethe zu einer \u201esehr angenehmen, Herz und Sinn erfreuenden\u201c Schiffsfahrt mit Ziel Neuwied auf, legte in Lahnstein an und nahm im dortigen Wirtshaus an der Lahn das Mittagessen ein. Im Angesicht der Burg Lahneck diktierte Goethe das Gedicht \u201eGeistesgru\u00df\u201c, eine Vorstufe von Gretchens Lied \u201eDer K\u00f6nig in Thule\u201c in Faust.<\/p>\n<div id=\"attachment_10706\" style=\"width: 510px\" class=\"wp-caption alignnone\"><a href=\"https:\/\/www.naturparkmagazin.de\/vdn\/wp-content\/uploads\/sites\/3\/Blick-vom-Goethepunkt-in-Obernhof-auf-das-Lahntal-bei-Obernhof-und-Wein\u00e4hr-im-Gelbachtal_rechts_Stefan-Eschenauerb.jpg\"><img aria-describedby=\"caption-attachment-10706\" decoding=\"async\" loading=\"lazy\" class=\"size-full wp-image-10706\" src=\"https:\/\/www.naturparkmagazin.de\/vdn\/wp-content\/uploads\/sites\/3\/Blick-vom-Goethepunkt-in-Obernhof-auf-das-Lahntal-bei-Obernhof-und-Wein\u00e4hr-im-Gelbachtal_rechts_Stefan-Eschenauerb.jpg\" alt=\"Blick vom Goethepunkt in Obernhof auf das Lahntal bei Obernhof und Wein\u00e4hr im Gelbachtal rechts \u00a9 Stefan Eschenauer\" width=\"500\" height=\"300\" srcset=\"https:\/\/www.naturparkmagazin.de\/vdn\/wp-content\/uploads\/sites\/3\/Blick-vom-Goethepunkt-in-Obernhof-auf-das-Lahntal-bei-Obernhof-und-Wein\u00e4hr-im-Gelbachtal_rechts_Stefan-Eschenauerb.jpg 500w, https:\/\/www.naturparkmagazin.de\/vdn\/wp-content\/uploads\/sites\/3\/Blick-vom-Goethepunkt-in-Obernhof-auf-das-Lahntal-bei-Obernhof-und-Wein\u00e4hr-im-Gelbachtal_rechts_Stefan-Eschenauerb-300x180.jpg 300w, https:\/\/www.naturparkmagazin.de\/vdn\/wp-content\/uploads\/sites\/3\/Blick-vom-Goethepunkt-in-Obernhof-auf-das-Lahntal-bei-Obernhof-und-Wein\u00e4hr-im-Gelbachtal_rechts_Stefan-Eschenauerb-200x120.jpg 200w\" sizes=\"(max-width: 500px) 100vw, 500px\" \/><\/a><p id=\"caption-attachment-10706\" class=\"wp-caption-text\">Blick vom Goethepunkt in Obernhof auf das Lahntal bei Obernhof und Wein\u00e4hr im Gelbachtal rechts \u00a9 Stefan Eschenauer<\/p><\/div>\n<p>Die R\u00fccktour am 14. August nach Frankfurt f\u00fchrt \u00fcber Schloss Langenau in <a href=\"https:\/\/www.obernhof.net\/\" target=\"_blank\">Obernhof<\/a> und die Obernhofer H\u00f6hen (heutiger Aussichtspunkt \u201eGoethe-Punkt\u201c) sowie Holzappel. F\u00fcr 1815 ist eine weitere Begegnung Goethes mit der Lahn belegt, als er als geheimer Legationsrat und Minister am Weimarer Hof auf Einladung des Ministers Karl vom Stein am 21. Juli die Kur in Wiesbaden unterbrach und die Fahrt nach Nassau mit mineralogischen Studien verband; in Holzappel besichtigte er bergm\u00e4nnische Anlagen (<a href=\"https:\/\/urlaub-in-diez.de\/grubenwanderweg-die-schatze-der-esterau\" target=\"_blank\">heute Standort eines Themenweges im Naturpark Nassau zu diesem Thema)<\/a>, kehrte im Hause des Bergwerksdirektors Schneider am unteren Marktplatz ein (seither \u201eGoethe-Haus\u201c genannt) und erreichte am 25. Juli das Nassauer Schloss. In Nassau unternahm er auch einen Spaziergang durch das reizvolle M\u00fchlbachtal, das auch heute noch von zahlreichen Wanderern durchquert wird.<\/p>\n<p>Lesen Sie hier den <a href=\"https:\/\/wfgrheinlahn.de\/html\/Tourismus\/Historische%20K%C3%B6pfe%20Rhein-Lahn\/cs_6696.html?PHPSESSID=tgun8rp5eouhvk2o99i879rfl3\" target=\"_blank\">original Text der WfG Rhein-Lahn.<\/a><\/p>\n<p>&nbsp;<\/p>\n","protected":false},"excerpt":{"rendered":"<p>Einige der Tagebucheintr\u00e4ge Goethes klingen wie aus einem Reisef\u00fchrer entnommen, der im Prinzip auch heute noch Geltung h\u00e4tte. So hat der wahrscheinlich gr\u00f6\u00dfte deutsche Dichter auch im Gebiet des Naturparks Nassau seine Spuren hinterlassen.<\/p>\n","protected":false},"author":73,"featured_media":10731,"comment_status":"open","ping_status":"open","sticky":false,"template":"","format":"standard","meta":{"_links_to":"","_links_to_target":""},"categories":[8],"tags":[1518,1520,1513,1514,1511,1527,1516,1515,1526,1525,1522,878,1512,1529,1517,1528,1521,1435,1519,1523,1524],"yoast_head":"<!-- This site is optimized with the Yoast SEO plugin v19.10 - https:\/\/yoast.com\/wordpress\/plugins\/seo\/ -->\n<title>Von Johann Wolfgang von Goethes Lahnreisen<\/title>\n<meta name=\"description\" content=\"Einige der Tagebucheintr\u00e4ge Goethes klingen wie aus einem Reisef\u00fchrer entnommen, der im Prinzip auch heute noch Geltung h\u00e4tte. So hat der wahrscheinlich gr\u00f6\u00dfte deutsche Dichter auch im Gebiet des Naturparks Nassau seine Spuren hinterlassen.\" \/>\n<meta name=\"robots\" content=\"index, follow, max-snippet:-1, max-image-preview:large, max-video-preview:-1\" \/>\n<link rel=\"canonical\" href=\"https:\/\/www.naturparkmagazin.de\/vdn\/von-johann-wolfgang-von-goethes-lahnreisen\/\" \/>\n<meta property=\"og:locale\" content=\"de_DE\" \/>\n<meta property=\"og:type\" content=\"article\" \/>\n<meta property=\"og:title\" content=\"Von Johann Wolfgang von Goethes Lahnreisen\" \/>\n<meta property=\"og:description\" content=\"Einige der Tagebucheintr\u00e4ge Goethes klingen wie aus einem Reisef\u00fchrer entnommen, der im Prinzip auch heute noch Geltung h\u00e4tte. So hat der wahrscheinlich gr\u00f6\u00dfte deutsche Dichter auch im Gebiet des Naturparks Nassau seine Spuren hinterlassen.\" \/>\n<meta property=\"og:url\" content=\"https:\/\/www.naturparkmagazin.de\/vdn\/von-johann-wolfgang-von-goethes-lahnreisen\/\" \/>\n<meta property=\"og:site_name\" content=\"Verband Deutscher Naturparke\" \/>\n<meta property=\"article:published_time\" content=\"2018-10-19T11:56:00+00:00\" \/>\n<meta property=\"article:modified_time\" content=\"2018-11-28T14:59:55+00:00\" \/>\n<meta property=\"og:image\" content=\"https:\/\/www.naturparkmagazin.de\/vdn\/wp-content\/uploads\/sites\/3\/Goethe_Wikipediabf.jpg\" \/>\n\t<meta property=\"og:image:width\" content=\"200\" \/>\n\t<meta property=\"og:image:height\" content=\"200\" \/>\n\t<meta property=\"og:image:type\" content=\"image\/jpeg\" \/>\n<meta name=\"author\" content=\"manuelamerz\" \/>\n<meta name=\"twitter:label1\" content=\"Verfasst von\" \/>\n\t<meta name=\"twitter:data1\" content=\"manuelamerz\" \/>\n\t<meta name=\"twitter:label2\" content=\"Gesch\u00e4tzte Lesezeit\" \/>\n\t<meta name=\"twitter:data2\" content=\"2\u00a0Minuten\" \/>\n<script type=\"application\/ld+json\" class=\"yoast-schema-graph\">{\"@context\":\"https:\/\/schema.org\",\"@graph\":[{\"@type\":\"WebPage\",\"@id\":\"https:\/\/www.naturparkmagazin.de\/vdn\/von-johann-wolfgang-von-goethes-lahnreisen\/\",\"url\":\"https:\/\/www.naturparkmagazin.de\/vdn\/von-johann-wolfgang-von-goethes-lahnreisen\/\",\"name\":\"Von Johann Wolfgang von Goethes Lahnreisen\",\"isPartOf\":{\"@id\":\"https:\/\/www.naturparkmagazin.de\/vdn\/#website\"},\"datePublished\":\"2018-10-19T11:56:00+00:00\",\"dateModified\":\"2018-11-28T14:59:55+00:00\",\"author\":{\"@id\":\"https:\/\/www.naturparkmagazin.de\/vdn\/#\/schema\/person\/3cff9b8773ed55f0189255fa9adfd57c\"},\"description\":\"Einige der Tagebucheintr\u00e4ge Goethes klingen wie aus einem Reisef\u00fchrer entnommen, der im Prinzip auch heute noch Geltung h\u00e4tte. So hat der wahrscheinlich gr\u00f6\u00dfte deutsche Dichter auch im Gebiet des Naturparks Nassau seine Spuren hinterlassen.\",\"breadcrumb\":{\"@id\":\"https:\/\/www.naturparkmagazin.de\/vdn\/von-johann-wolfgang-von-goethes-lahnreisen\/#breadcrumb\"},\"inLanguage\":\"de\",\"potentialAction\":[{\"@type\":\"ReadAction\",\"target\":[\"https:\/\/www.naturparkmagazin.de\/vdn\/von-johann-wolfgang-von-goethes-lahnreisen\/\"]}]},{\"@type\":\"BreadcrumbList\",\"@id\":\"https:\/\/www.naturparkmagazin.de\/vdn\/von-johann-wolfgang-von-goethes-lahnreisen\/#breadcrumb\",\"itemListElement\":[{\"@type\":\"ListItem\",\"position\":1,\"name\":\"Home\",\"item\":\"https:\/\/www.naturparkmagazin.de\/vdn\/\"},{\"@type\":\"ListItem\",\"position\":2,\"name\":\"Von Johann Wolfgang von Goethes Lahnreisen\"}]},{\"@type\":\"WebSite\",\"@id\":\"https:\/\/www.naturparkmagazin.de\/vdn\/#website\",\"url\":\"https:\/\/www.naturparkmagazin.de\/vdn\/\",\"name\":\"Verband Deutscher Naturparke\",\"description\":\"Eine weitere Naturparkmagazin.de Netzwerk Seite\",\"potentialAction\":[{\"@type\":\"SearchAction\",\"target\":{\"@type\":\"EntryPoint\",\"urlTemplate\":\"https:\/\/www.naturparkmagazin.de\/vdn\/?s={search_term_string}\"},\"query-input\":\"required name=search_term_string\"}],\"inLanguage\":\"de\"},{\"@type\":\"Person\",\"@id\":\"https:\/\/www.naturparkmagazin.de\/vdn\/#\/schema\/person\/3cff9b8773ed55f0189255fa9adfd57c\",\"name\":\"manuelamerz\",\"url\":\"https:\/\/www.naturparkmagazin.de\/vdn\/author\/manuelamerz\/\"}]}<\/script>\n<!-- \/ Yoast SEO plugin. -->","yoast_head_json":{"title":"Von Johann Wolfgang von Goethes Lahnreisen","description":"Einige der Tagebucheintr\u00e4ge Goethes klingen wie aus einem Reisef\u00fchrer entnommen, der im Prinzip auch heute noch Geltung h\u00e4tte. So hat der wahrscheinlich gr\u00f6\u00dfte deutsche Dichter auch im Gebiet des Naturparks Nassau seine Spuren hinterlassen.","robots":{"index":"index","follow":"follow","max-snippet":"max-snippet:-1","max-image-preview":"max-image-preview:large","max-video-preview":"max-video-preview:-1"},"canonical":"https:\/\/www.naturparkmagazin.de\/vdn\/von-johann-wolfgang-von-goethes-lahnreisen\/","og_locale":"de_DE","og_type":"article","og_title":"Von Johann Wolfgang von Goethes Lahnreisen","og_description":"Einige der Tagebucheintr\u00e4ge Goethes klingen wie aus einem Reisef\u00fchrer entnommen, der im Prinzip auch heute noch Geltung h\u00e4tte. So hat der wahrscheinlich gr\u00f6\u00dfte deutsche Dichter auch im Gebiet des Naturparks Nassau seine Spuren hinterlassen.","og_url":"https:\/\/www.naturparkmagazin.de\/vdn\/von-johann-wolfgang-von-goethes-lahnreisen\/","og_site_name":"Verband Deutscher Naturparke","article_published_time":"2018-10-19T11:56:00+00:00","article_modified_time":"2018-11-28T14:59:55+00:00","og_image":[{"width":200,"height":200,"url":"https:\/\/www.naturparkmagazin.de\/vdn\/wp-content\/uploads\/sites\/3\/Goethe_Wikipediabf.jpg","type":"image\/jpeg"}],"author":"manuelamerz","twitter_misc":{"Verfasst von":"manuelamerz","Gesch\u00e4tzte Lesezeit":"2\u00a0Minuten"},"schema":{"@context":"https:\/\/schema.org","@graph":[{"@type":"WebPage","@id":"https:\/\/www.naturparkmagazin.de\/vdn\/von-johann-wolfgang-von-goethes-lahnreisen\/","url":"https:\/\/www.naturparkmagazin.de\/vdn\/von-johann-wolfgang-von-goethes-lahnreisen\/","name":"Von Johann Wolfgang von Goethes Lahnreisen","isPartOf":{"@id":"https:\/\/www.naturparkmagazin.de\/vdn\/#website"},"datePublished":"2018-10-19T11:56:00+00:00","dateModified":"2018-11-28T14:59:55+00:00","author":{"@id":"https:\/\/www.naturparkmagazin.de\/vdn\/#\/schema\/person\/3cff9b8773ed55f0189255fa9adfd57c"},"description":"Einige der Tagebucheintr\u00e4ge Goethes klingen wie aus einem Reisef\u00fchrer entnommen, der im Prinzip auch heute noch Geltung h\u00e4tte. So hat der wahrscheinlich gr\u00f6\u00dfte deutsche Dichter auch im Gebiet des Naturparks Nassau seine Spuren hinterlassen.","breadcrumb":{"@id":"https:\/\/www.naturparkmagazin.de\/vdn\/von-johann-wolfgang-von-goethes-lahnreisen\/#breadcrumb"},"inLanguage":"de","potentialAction":[{"@type":"ReadAction","target":["https:\/\/www.naturparkmagazin.de\/vdn\/von-johann-wolfgang-von-goethes-lahnreisen\/"]}]},{"@type":"BreadcrumbList","@id":"https:\/\/www.naturparkmagazin.de\/vdn\/von-johann-wolfgang-von-goethes-lahnreisen\/#breadcrumb","itemListElement":[{"@type":"ListItem","position":1,"name":"Home","item":"https:\/\/www.naturparkmagazin.de\/vdn\/"},{"@type":"ListItem","position":2,"name":"Von Johann Wolfgang von Goethes Lahnreisen"}]},{"@type":"WebSite","@id":"https:\/\/www.naturparkmagazin.de\/vdn\/#website","url":"https:\/\/www.naturparkmagazin.de\/vdn\/","name":"Verband Deutscher Naturparke","description":"Eine weitere Naturparkmagazin.de Netzwerk Seite","potentialAction":[{"@type":"SearchAction","target":{"@type":"EntryPoint","urlTemplate":"https:\/\/www.naturparkmagazin.de\/vdn\/?s={search_term_string}"},"query-input":"required name=search_term_string"}],"inLanguage":"de"},{"@type":"Person","@id":"https:\/\/www.naturparkmagazin.de\/vdn\/#\/schema\/person\/3cff9b8773ed55f0189255fa9adfd57c","name":"manuelamerz","url":"https:\/\/www.naturparkmagazin.de\/vdn\/author\/manuelamerz\/"}]}},"_links":{"self":[{"href":"https:\/\/www.naturparkmagazin.de\/vdn\/wp-json\/wp\/v2\/posts\/10730"}],"collection":[{"href":"https:\/\/www.naturparkmagazin.de\/vdn\/wp-json\/wp\/v2\/posts"}],"about":[{"href":"https:\/\/www.naturparkmagazin.de\/vdn\/wp-json\/wp\/v2\/types\/post"}],"author":[{"embeddable":true,"href":"https:\/\/www.naturparkmagazin.de\/vdn\/wp-json\/wp\/v2\/users\/73"}],"replies":[{"embeddable":true,"href":"https:\/\/www.naturparkmagazin.de\/vdn\/wp-json\/wp\/v2\/comments?post=10730"}],"version-history":[{"count":3,"href":"https:\/\/www.naturparkmagazin.de\/vdn\/wp-json\/wp\/v2\/posts\/10730\/revisions"}],"predecessor-version":[{"id":10736,"href":"https:\/\/www.naturparkmagazin.de\/vdn\/wp-json\/wp\/v2\/posts\/10730\/revisions\/10736"}],"wp:featuredmedia":[{"embeddable":true,"href":"https:\/\/www.naturparkmagazin.de\/vdn\/wp-json\/wp\/v2\/media\/10731"}],"wp:attachment":[{"href":"https:\/\/www.naturparkmagazin.de\/vdn\/wp-json\/wp\/v2\/media?parent=10730"}],"wp:term":[{"taxonomy":"category","embeddable":true,"href":"https:\/\/www.naturparkmagazin.de\/vdn\/wp-json\/wp\/v2\/categories?post=10730"},{"taxonomy":"post_tag","embeddable":true,"href":"https:\/\/www.naturparkmagazin.de\/vdn\/wp-json\/wp\/v2\/tags?post=10730"}],"curies":[{"name":"wp","href":"https:\/\/api.w.org\/{rel}","templated":true}]}}