{"id":10750,"date":"2018-11-19T19:15:37","date_gmt":"2018-11-19T18:15:37","guid":{"rendered":"https:\/\/www.naturparkmagazin.de\/vdn\/?p=10750"},"modified":"2018-11-19T19:15:37","modified_gmt":"2018-11-19T18:15:37","slug":"liebe-leserin-lieber-leser-64","status":"publish","type":"post","link":"https:\/\/www.naturparkmagazin.de\/vdn\/liebe-leserin-lieber-leser-64\/","title":{"rendered":"Liebe Leserin, lieber Leser,"},"content":{"rendered":"<p>wenn sich das Jahr dem Ende entgegen neigt und der Wind rauer weht, beginnt f\u00fcr viele Menschen eine Zeit, die gepr\u00e4gt ist von Traditionen, Festen und hohen Feiertagen.<\/p>\n<p>Am 4. Dezember werden die Barbarazweige geschnitten, w\u00e4hrend die Kleinen schon sehns\u00fcchtig den Nikolaus erwarten. Die Weihnachtsm\u00e4rkte haben schon ge\u00f6ffnet und der Adventskranz hat einen festen Platz im Haus. Weihnachtsb\u00e4ume werden ausgesucht und sp\u00e4ter festlich geschm\u00fcckt. Das Weihnachtsfest bildet dann den H\u00f6hepunkt dieser sch\u00f6nen Zeit. Im Anschluss daran werden &#8211; vor allem in Bayern &#8211; die Rauhn\u00e4chte gefeiert.<\/p>\n<p>Lesen Sie mehr zu den winterlichen Traditionen in Naturparken in der Dezemberausgabe dieses Newsletters.<\/p>\n<p>Eine frohe und besinnliche Advents- und Weihnachtszeit und viel Spa\u00df beim Lesen w\u00fcnscht Ihnen<\/p>\n<p>Ihr Naturpark-Team<\/p>\n<p>&nbsp;<\/p>\n","protected":false},"excerpt":{"rendered":"<p>wenn sich das Jahr dem Ende entgegen neigt und der Wind rauer weht, beginnt f\u00fcr viele Menschen eine Zeit, die gepr\u00e4gt ist von Traditionen, Festen und hohen Feiertagen. Am 4. Dezember werden die Barbarazweige geschnitten, w\u00e4hrend die Kleinen schon sehns\u00fcchtig den Nikolaus erwarten. Die Weihnachtsm\u00e4rkte haben schon ge\u00f6ffnet und der Adventskranz hat einen festen Platz<\/p>\n","protected":false},"author":73,"featured_media":0,"comment_status":"open","ping_status":"open","sticky":false,"template":"","format":"standard","meta":{"_links_to":"","_links_to_target":""},"categories":[52],"tags":[],"yoast_head":"<!-- This site is optimized with the Yoast SEO plugin v19.10 - https:\/\/yoast.com\/wordpress\/plugins\/seo\/ -->\n<title>Liebe Leserin, lieber Leser,<\/title>\n<meta name=\"description\" content=\"wenn sich das Jahr dem Ende entgegen neigt und der Wind rauer weht, beginnt f\u00fcr viele Menschen eine Zeit, die gepr\u00e4gt ist von Traditionen, Festen und\" \/>\n<meta name=\"robots\" content=\"index, follow, max-snippet:-1, max-image-preview:large, max-video-preview:-1\" \/>\n<link rel=\"canonical\" href=\"https:\/\/www.naturparkmagazin.de\/vdn\/liebe-leserin-lieber-leser-64\/\" \/>\n<meta property=\"og:locale\" content=\"de_DE\" \/>\n<meta property=\"og:type\" content=\"article\" \/>\n<meta property=\"og:title\" content=\"Liebe Leserin, lieber Leser,\" \/>\n<meta property=\"og:description\" content=\"wenn sich das Jahr dem Ende entgegen neigt und der Wind rauer weht, beginnt f\u00fcr viele Menschen eine Zeit, die gepr\u00e4gt ist von Traditionen, Festen und\" \/>\n<meta property=\"og:url\" content=\"https:\/\/www.naturparkmagazin.de\/vdn\/liebe-leserin-lieber-leser-64\/\" \/>\n<meta property=\"og:site_name\" content=\"Verband Deutscher Naturparke\" \/>\n<meta property=\"article:published_time\" content=\"2018-11-19T18:15:37+00:00\" \/>\n<meta name=\"author\" content=\"manuelamerz\" \/>\n<meta name=\"twitter:label1\" content=\"Verfasst von\" \/>\n\t<meta name=\"twitter:data1\" content=\"manuelamerz\" \/>\n\t<meta name=\"twitter:label2\" content=\"Gesch\u00e4tzte Lesezeit\" \/>\n\t<meta name=\"twitter:data2\" content=\"1\u00a0Minute\" \/>\n<script type=\"application\/ld+json\" class=\"yoast-schema-graph\">{\"@context\":\"https:\/\/schema.org\",\"@graph\":[{\"@type\":\"WebPage\",\"@id\":\"https:\/\/www.naturparkmagazin.de\/vdn\/liebe-leserin-lieber-leser-64\/\",\"url\":\"https:\/\/www.naturparkmagazin.de\/vdn\/liebe-leserin-lieber-leser-64\/\",\"name\":\"Liebe Leserin, lieber Leser,\",\"isPartOf\":{\"@id\":\"https:\/\/www.naturparkmagazin.de\/vdn\/#website\"},\"datePublished\":\"2018-11-19T18:15:37+00:00\",\"dateModified\":\"2018-11-19T18:15:37+00:00\",\"author\":{\"@id\":\"https:\/\/www.naturparkmagazin.de\/vdn\/#\/schema\/person\/3cff9b8773ed55f0189255fa9adfd57c\"},\"description\":\"wenn sich das Jahr dem Ende entgegen neigt und der Wind rauer weht, beginnt f\u00fcr viele Menschen eine Zeit, die gepr\u00e4gt ist von Traditionen, Festen und\",\"breadcrumb\":{\"@id\":\"https:\/\/www.naturparkmagazin.de\/vdn\/liebe-leserin-lieber-leser-64\/#breadcrumb\"},\"inLanguage\":\"de\",\"potentialAction\":[{\"@type\":\"ReadAction\",\"target\":[\"https:\/\/www.naturparkmagazin.de\/vdn\/liebe-leserin-lieber-leser-64\/\"]}]},{\"@type\":\"BreadcrumbList\",\"@id\":\"https:\/\/www.naturparkmagazin.de\/vdn\/liebe-leserin-lieber-leser-64\/#breadcrumb\",\"itemListElement\":[{\"@type\":\"ListItem\",\"position\":1,\"name\":\"Home\",\"item\":\"https:\/\/www.naturparkmagazin.de\/vdn\/\"},{\"@type\":\"ListItem\",\"position\":2,\"name\":\"Liebe Leserin, lieber Leser,\"}]},{\"@type\":\"WebSite\",\"@id\":\"https:\/\/www.naturparkmagazin.de\/vdn\/#website\",\"url\":\"https:\/\/www.naturparkmagazin.de\/vdn\/\",\"name\":\"Verband Deutscher Naturparke\",\"description\":\"Eine weitere Naturparkmagazin.de Netzwerk Seite\",\"potentialAction\":[{\"@type\":\"SearchAction\",\"target\":{\"@type\":\"EntryPoint\",\"urlTemplate\":\"https:\/\/www.naturparkmagazin.de\/vdn\/?s={search_term_string}\"},\"query-input\":\"required name=search_term_string\"}],\"inLanguage\":\"de\"},{\"@type\":\"Person\",\"@id\":\"https:\/\/www.naturparkmagazin.de\/vdn\/#\/schema\/person\/3cff9b8773ed55f0189255fa9adfd57c\",\"name\":\"manuelamerz\",\"url\":\"https:\/\/www.naturparkmagazin.de\/vdn\/author\/manuelamerz\/\"}]}<\/script>\n<!-- \/ Yoast SEO plugin. -->","yoast_head_json":{"title":"Liebe Leserin, lieber Leser,","description":"wenn sich das Jahr dem Ende entgegen neigt und der Wind rauer weht, beginnt f\u00fcr viele Menschen eine Zeit, die gepr\u00e4gt ist von Traditionen, Festen und","robots":{"index":"index","follow":"follow","max-snippet":"max-snippet:-1","max-image-preview":"max-image-preview:large","max-video-preview":"max-video-preview:-1"},"canonical":"https:\/\/www.naturparkmagazin.de\/vdn\/liebe-leserin-lieber-leser-64\/","og_locale":"de_DE","og_type":"article","og_title":"Liebe Leserin, lieber Leser,","og_description":"wenn sich das Jahr dem Ende entgegen neigt und der Wind rauer weht, beginnt f\u00fcr viele Menschen eine Zeit, die gepr\u00e4gt ist von Traditionen, Festen und","og_url":"https:\/\/www.naturparkmagazin.de\/vdn\/liebe-leserin-lieber-leser-64\/","og_site_name":"Verband Deutscher Naturparke","article_published_time":"2018-11-19T18:15:37+00:00","author":"manuelamerz","twitter_misc":{"Verfasst von":"manuelamerz","Gesch\u00e4tzte Lesezeit":"1\u00a0Minute"},"schema":{"@context":"https:\/\/schema.org","@graph":[{"@type":"WebPage","@id":"https:\/\/www.naturparkmagazin.de\/vdn\/liebe-leserin-lieber-leser-64\/","url":"https:\/\/www.naturparkmagazin.de\/vdn\/liebe-leserin-lieber-leser-64\/","name":"Liebe Leserin, lieber Leser,","isPartOf":{"@id":"https:\/\/www.naturparkmagazin.de\/vdn\/#website"},"datePublished":"2018-11-19T18:15:37+00:00","dateModified":"2018-11-19T18:15:37+00:00","author":{"@id":"https:\/\/www.naturparkmagazin.de\/vdn\/#\/schema\/person\/3cff9b8773ed55f0189255fa9adfd57c"},"description":"wenn sich das Jahr dem Ende entgegen neigt und der Wind rauer weht, beginnt f\u00fcr viele Menschen eine Zeit, die gepr\u00e4gt ist von Traditionen, Festen und","breadcrumb":{"@id":"https:\/\/www.naturparkmagazin.de\/vdn\/liebe-leserin-lieber-leser-64\/#breadcrumb"},"inLanguage":"de","potentialAction":[{"@type":"ReadAction","target":["https:\/\/www.naturparkmagazin.de\/vdn\/liebe-leserin-lieber-leser-64\/"]}]},{"@type":"BreadcrumbList","@id":"https:\/\/www.naturparkmagazin.de\/vdn\/liebe-leserin-lieber-leser-64\/#breadcrumb","itemListElement":[{"@type":"ListItem","position":1,"name":"Home","item":"https:\/\/www.naturparkmagazin.de\/vdn\/"},{"@type":"ListItem","position":2,"name":"Liebe Leserin, lieber Leser,"}]},{"@type":"WebSite","@id":"https:\/\/www.naturparkmagazin.de\/vdn\/#website","url":"https:\/\/www.naturparkmagazin.de\/vdn\/","name":"Verband Deutscher Naturparke","description":"Eine weitere Naturparkmagazin.de Netzwerk Seite","potentialAction":[{"@type":"SearchAction","target":{"@type":"EntryPoint","urlTemplate":"https:\/\/www.naturparkmagazin.de\/vdn\/?s={search_term_string}"},"query-input":"required name=search_term_string"}],"inLanguage":"de"},{"@type":"Person","@id":"https:\/\/www.naturparkmagazin.de\/vdn\/#\/schema\/person\/3cff9b8773ed55f0189255fa9adfd57c","name":"manuelamerz","url":"https:\/\/www.naturparkmagazin.de\/vdn\/author\/manuelamerz\/"}]}},"_links":{"self":[{"href":"https:\/\/www.naturparkmagazin.de\/vdn\/wp-json\/wp\/v2\/posts\/10750"}],"collection":[{"href":"https:\/\/www.naturparkmagazin.de\/vdn\/wp-json\/wp\/v2\/posts"}],"about":[{"href":"https:\/\/www.naturparkmagazin.de\/vdn\/wp-json\/wp\/v2\/types\/post"}],"author":[{"embeddable":true,"href":"https:\/\/www.naturparkmagazin.de\/vdn\/wp-json\/wp\/v2\/users\/73"}],"replies":[{"embeddable":true,"href":"https:\/\/www.naturparkmagazin.de\/vdn\/wp-json\/wp\/v2\/comments?post=10750"}],"version-history":[{"count":1,"href":"https:\/\/www.naturparkmagazin.de\/vdn\/wp-json\/wp\/v2\/posts\/10750\/revisions"}],"predecessor-version":[{"id":10751,"href":"https:\/\/www.naturparkmagazin.de\/vdn\/wp-json\/wp\/v2\/posts\/10750\/revisions\/10751"}],"wp:attachment":[{"href":"https:\/\/www.naturparkmagazin.de\/vdn\/wp-json\/wp\/v2\/media?parent=10750"}],"wp:term":[{"taxonomy":"category","embeddable":true,"href":"https:\/\/www.naturparkmagazin.de\/vdn\/wp-json\/wp\/v2\/categories?post=10750"},{"taxonomy":"post_tag","embeddable":true,"href":"https:\/\/www.naturparkmagazin.de\/vdn\/wp-json\/wp\/v2\/tags?post=10750"}],"curies":[{"name":"wp","href":"https:\/\/api.w.org\/{rel}","templated":true}]}}