{"id":10760,"date":"2018-11-19T10:26:10","date_gmt":"2018-11-19T09:26:10","guid":{"rendered":"https:\/\/www.naturparkmagazin.de\/vdn\/?p=10760"},"modified":"2018-11-20T12:38:27","modified_gmt":"2018-11-20T11:38:27","slug":"frueh-uebt-sich-handbuch-zum-projekt-netzwerk-naturpark-kitas","status":"publish","type":"post","link":"https:\/\/www.naturparkmagazin.de\/vdn\/frueh-uebt-sich-handbuch-zum-projekt-netzwerk-naturpark-kitas\/","title":{"rendered":"\u201eFr\u00fch \u00fcbt sich\u201c &#8211; Handbuch zum Projekt \u201eNetzwerk Naturpark-Kitas\u201c"},"content":{"rendered":"<div id=\"attachment_10762\" style=\"width: 360px\" class=\"wp-caption aligncenter\"><a href=\"https:\/\/www.naturparkmagazin.de\/vdn\/wp-content\/uploads\/sites\/3\/Naturparkkita_Titel1_beitrag.jpg\"><img aria-describedby=\"caption-attachment-10762\" decoding=\"async\" loading=\"lazy\" class=\"size-full wp-image-10762\" src=\"https:\/\/www.naturparkmagazin.de\/vdn\/wp-content\/uploads\/sites\/3\/Naturparkkita_Titel1_beitrag.jpg\" alt=\"Handbuch zum Projekt \u201eNetzwerk Naturpark-Kitas\u201c  - Copyright: VDN\" width=\"350\" height=\"500\" srcset=\"https:\/\/www.naturparkmagazin.de\/vdn\/wp-content\/uploads\/sites\/3\/Naturparkkita_Titel1_beitrag.jpg 350w, https:\/\/www.naturparkmagazin.de\/vdn\/wp-content\/uploads\/sites\/3\/Naturparkkita_Titel1_beitrag-300x429.jpg 300w, https:\/\/www.naturparkmagazin.de\/vdn\/wp-content\/uploads\/sites\/3\/Naturparkkita_Titel1_beitrag-200x286.jpg 200w\" sizes=\"(max-width: 350px) 100vw, 350px\" \/><\/a><p id=\"caption-attachment-10762\" class=\"wp-caption-text\">Handbuch zum Projekt \u201eNetzwerk Naturpark-Kitas\u201c &#8211; Copyright: VDN<\/p><\/div>\n<p>In keiner anderen Phase seines Lebens lernt der Mensch so schnell wie in den ersten Jahren. Gerade in den ersten Lebensjahren lernen Kinder verst\u00e4rkt \u00fcber das selbstst\u00e4ndige Erleben wie anfassen, schmecken, ausprobieren.<\/p>\n<p>Naturparke bieten durch ihre naturr\u00e4umliche Vielfalt, ihr breites Aufgabenspektrum und ihr Partner-Netzwerk einen attraktiven Erfahrungs- und Bildungsort f\u00fcr Kitas. Sie bieten M\u00f6glichkeiten, \u201eHeimat\u201c neu zu entdecken, eine nat\u00fcrliche Verbundenheit zur eigenen Umgebung aufzubauen und Zusammenh\u00e4nge zu entdecken (z.B. Kreisl\u00e4ufe in der Natur, Nutzen von Natur).<\/p>\n<p>Genau hier setzte das Projekt \u201eNaturpark-Kita\u201c an. Gef\u00f6rdert von der Deutschen Bundesstiftung Umwelt (DBU) wurde von Mai 2015 bis August 2018 erprobt wie im Rahmen von Kooperationen zwischen Naturparken und Kitas Naturpark-Themen Teil des Kitaalltags werden k\u00f6nnen und gleichzeitig das Angebot der Naturparke f\u00fcr diese Zielgruppe erweitert werden kann. Im Mittelpunkt des Projekts stand dabei die bewusste Auseinandersetzung des Menschen\/Kindes mit der Natur sowie die Sensibilisierung f\u00fcr nat\u00fcrliche Kreisl\u00e4ufe im Sinne einer Bildung f\u00fcr nachhaltige Entwicklung (<a href=\"http:\/\/www.innowego.de\/bildung-fuer-nachhaltige-entwicklung\/\">BNE<\/a>).<\/p>\n<p>Zum Projektabschluss ist jetzt das Handbuch \u201eNetzwerk Naturpark-Kitas\u201c erschienen. Auf \u00fcber 36 Seiten werden Hilfestellungen und Informationen \u201eAuf dem Weg zur Naturpark-Kita\u201c vermittelt. Dazu z\u00e4hlen u.a. die Kriterien zur Auszeichnung als \u201eNaturpark-Kita\u201c, eine Musterkooperationsvereinbarung, Informationen \u00fcber die Abgrenzung von Umweltbildung und BNE und Praxisbeispiele aus den Modell-Naturparken und \u2013Kitas.<\/p>\n<p>&gt;&gt; <a href=\"https:\/\/www.naturparke.de\/service\/infothek.html\" target=\"_blank\"><strong>Hier<\/strong><\/a> k\u00f6nnen Sie das Handbuch downloaden<\/p>\n<p>&gt;&gt; <a href=\"https:\/\/www.naturparke.de\/service\/bestellungen.html\" target=\"_blank\"><strong>Hier<\/strong><\/a> k\u00f6nnen Sie das Handbuch bestellen<\/p>\n<p>&nbsp;<\/p>\n","protected":false},"excerpt":{"rendered":"<p>Zum Projektabschluss ist jetzt das Handbuch \u201eNetzwerk Naturpark-Kitas\u201c erschienen.<\/p>\n","protected":false},"author":51,"featured_media":10761,"comment_status":"open","ping_status":"open","sticky":false,"template":"","format":"standard","meta":{"_links_to":"","_links_to_target":""},"categories":[7],"tags":[],"yoast_head":"<!-- This site is optimized with the Yoast SEO plugin v19.10 - https:\/\/yoast.com\/wordpress\/plugins\/seo\/ -->\n<title>\u201eFr\u00fch \u00fcbt sich\u201c - Handbuch zum Projekt \u201eNetzwerk Naturpark-Kitas\u201c<\/title>\n<meta name=\"description\" content=\"Zum Projektabschluss ist jetzt das Handbuch \u201eNetzwerk Naturpark-Kitas\u201c erschienen.\" \/>\n<meta name=\"robots\" content=\"index, follow, max-snippet:-1, max-image-preview:large, max-video-preview:-1\" \/>\n<link rel=\"canonical\" href=\"https:\/\/www.naturparkmagazin.de\/vdn\/frueh-uebt-sich-handbuch-zum-projekt-netzwerk-naturpark-kitas\/\" \/>\n<meta property=\"og:locale\" content=\"de_DE\" \/>\n<meta property=\"og:type\" content=\"article\" \/>\n<meta property=\"og:title\" content=\"\u201eFr\u00fch \u00fcbt sich\u201c - Handbuch zum Projekt \u201eNetzwerk Naturpark-Kitas\u201c\" \/>\n<meta property=\"og:description\" content=\"Zum Projektabschluss ist jetzt das Handbuch \u201eNetzwerk Naturpark-Kitas\u201c erschienen.\" \/>\n<meta property=\"og:url\" content=\"https:\/\/www.naturparkmagazin.de\/vdn\/frueh-uebt-sich-handbuch-zum-projekt-netzwerk-naturpark-kitas\/\" \/>\n<meta property=\"og:site_name\" content=\"Verband Deutscher Naturparke\" \/>\n<meta property=\"article:published_time\" content=\"2018-11-19T09:26:10+00:00\" \/>\n<meta property=\"article:modified_time\" content=\"2018-11-20T11:38:27+00:00\" \/>\n<meta property=\"og:image\" content=\"https:\/\/www.naturparkmagazin.de\/vdn\/wp-content\/uploads\/sites\/3\/GymnicherMuehle-81_beitragsbild.jpg\" \/>\n\t<meta property=\"og:image:width\" content=\"200\" \/>\n\t<meta property=\"og:image:height\" content=\"200\" \/>\n\t<meta property=\"og:image:type\" content=\"image\/jpeg\" \/>\n<meta name=\"author\" content=\"beatrixlosem\" \/>\n<meta name=\"twitter:label1\" content=\"Verfasst von\" \/>\n\t<meta name=\"twitter:data1\" content=\"beatrixlosem\" \/>\n\t<meta name=\"twitter:label2\" content=\"Gesch\u00e4tzte Lesezeit\" \/>\n\t<meta name=\"twitter:data2\" content=\"1\u00a0Minute\" \/>\n<script type=\"application\/ld+json\" class=\"yoast-schema-graph\">{\"@context\":\"https:\/\/schema.org\",\"@graph\":[{\"@type\":\"WebPage\",\"@id\":\"https:\/\/www.naturparkmagazin.de\/vdn\/frueh-uebt-sich-handbuch-zum-projekt-netzwerk-naturpark-kitas\/\",\"url\":\"https:\/\/www.naturparkmagazin.de\/vdn\/frueh-uebt-sich-handbuch-zum-projekt-netzwerk-naturpark-kitas\/\",\"name\":\"\u201eFr\u00fch \u00fcbt sich\u201c - Handbuch zum Projekt \u201eNetzwerk Naturpark-Kitas\u201c\",\"isPartOf\":{\"@id\":\"https:\/\/www.naturparkmagazin.de\/vdn\/#website\"},\"datePublished\":\"2018-11-19T09:26:10+00:00\",\"dateModified\":\"2018-11-20T11:38:27+00:00\",\"author\":{\"@id\":\"https:\/\/www.naturparkmagazin.de\/vdn\/#\/schema\/person\/d71357578c318b6db03be60b1f60396b\"},\"description\":\"Zum Projektabschluss ist jetzt das Handbuch \u201eNetzwerk Naturpark-Kitas\u201c erschienen.\",\"breadcrumb\":{\"@id\":\"https:\/\/www.naturparkmagazin.de\/vdn\/frueh-uebt-sich-handbuch-zum-projekt-netzwerk-naturpark-kitas\/#breadcrumb\"},\"inLanguage\":\"de\",\"potentialAction\":[{\"@type\":\"ReadAction\",\"target\":[\"https:\/\/www.naturparkmagazin.de\/vdn\/frueh-uebt-sich-handbuch-zum-projekt-netzwerk-naturpark-kitas\/\"]}]},{\"@type\":\"BreadcrumbList\",\"@id\":\"https:\/\/www.naturparkmagazin.de\/vdn\/frueh-uebt-sich-handbuch-zum-projekt-netzwerk-naturpark-kitas\/#breadcrumb\",\"itemListElement\":[{\"@type\":\"ListItem\",\"position\":1,\"name\":\"Home\",\"item\":\"https:\/\/www.naturparkmagazin.de\/vdn\/\"},{\"@type\":\"ListItem\",\"position\":2,\"name\":\"\u201eFr\u00fch \u00fcbt sich\u201c &#8211; Handbuch zum Projekt \u201eNetzwerk Naturpark-Kitas\u201c\"}]},{\"@type\":\"WebSite\",\"@id\":\"https:\/\/www.naturparkmagazin.de\/vdn\/#website\",\"url\":\"https:\/\/www.naturparkmagazin.de\/vdn\/\",\"name\":\"Verband Deutscher Naturparke\",\"description\":\"Eine weitere Naturparkmagazin.de Netzwerk Seite\",\"potentialAction\":[{\"@type\":\"SearchAction\",\"target\":{\"@type\":\"EntryPoint\",\"urlTemplate\":\"https:\/\/www.naturparkmagazin.de\/vdn\/?s={search_term_string}\"},\"query-input\":\"required name=search_term_string\"}],\"inLanguage\":\"de\"},{\"@type\":\"Person\",\"@id\":\"https:\/\/www.naturparkmagazin.de\/vdn\/#\/schema\/person\/d71357578c318b6db03be60b1f60396b\",\"name\":\"beatrixlosem\",\"url\":\"https:\/\/www.naturparkmagazin.de\/vdn\/author\/beatrixlosem\/\"}]}<\/script>\n<!-- \/ Yoast SEO plugin. -->","yoast_head_json":{"title":"\u201eFr\u00fch \u00fcbt sich\u201c - Handbuch zum Projekt \u201eNetzwerk Naturpark-Kitas\u201c","description":"Zum Projektabschluss ist jetzt das Handbuch \u201eNetzwerk Naturpark-Kitas\u201c erschienen.","robots":{"index":"index","follow":"follow","max-snippet":"max-snippet:-1","max-image-preview":"max-image-preview:large","max-video-preview":"max-video-preview:-1"},"canonical":"https:\/\/www.naturparkmagazin.de\/vdn\/frueh-uebt-sich-handbuch-zum-projekt-netzwerk-naturpark-kitas\/","og_locale":"de_DE","og_type":"article","og_title":"\u201eFr\u00fch \u00fcbt sich\u201c - Handbuch zum Projekt \u201eNetzwerk Naturpark-Kitas\u201c","og_description":"Zum Projektabschluss ist jetzt das Handbuch \u201eNetzwerk Naturpark-Kitas\u201c erschienen.","og_url":"https:\/\/www.naturparkmagazin.de\/vdn\/frueh-uebt-sich-handbuch-zum-projekt-netzwerk-naturpark-kitas\/","og_site_name":"Verband Deutscher Naturparke","article_published_time":"2018-11-19T09:26:10+00:00","article_modified_time":"2018-11-20T11:38:27+00:00","og_image":[{"width":200,"height":200,"url":"https:\/\/www.naturparkmagazin.de\/vdn\/wp-content\/uploads\/sites\/3\/GymnicherMuehle-81_beitragsbild.jpg","type":"image\/jpeg"}],"author":"beatrixlosem","twitter_misc":{"Verfasst von":"beatrixlosem","Gesch\u00e4tzte Lesezeit":"1\u00a0Minute"},"schema":{"@context":"https:\/\/schema.org","@graph":[{"@type":"WebPage","@id":"https:\/\/www.naturparkmagazin.de\/vdn\/frueh-uebt-sich-handbuch-zum-projekt-netzwerk-naturpark-kitas\/","url":"https:\/\/www.naturparkmagazin.de\/vdn\/frueh-uebt-sich-handbuch-zum-projekt-netzwerk-naturpark-kitas\/","name":"\u201eFr\u00fch \u00fcbt sich\u201c - Handbuch zum Projekt \u201eNetzwerk Naturpark-Kitas\u201c","isPartOf":{"@id":"https:\/\/www.naturparkmagazin.de\/vdn\/#website"},"datePublished":"2018-11-19T09:26:10+00:00","dateModified":"2018-11-20T11:38:27+00:00","author":{"@id":"https:\/\/www.naturparkmagazin.de\/vdn\/#\/schema\/person\/d71357578c318b6db03be60b1f60396b"},"description":"Zum Projektabschluss ist jetzt das Handbuch \u201eNetzwerk Naturpark-Kitas\u201c erschienen.","breadcrumb":{"@id":"https:\/\/www.naturparkmagazin.de\/vdn\/frueh-uebt-sich-handbuch-zum-projekt-netzwerk-naturpark-kitas\/#breadcrumb"},"inLanguage":"de","potentialAction":[{"@type":"ReadAction","target":["https:\/\/www.naturparkmagazin.de\/vdn\/frueh-uebt-sich-handbuch-zum-projekt-netzwerk-naturpark-kitas\/"]}]},{"@type":"BreadcrumbList","@id":"https:\/\/www.naturparkmagazin.de\/vdn\/frueh-uebt-sich-handbuch-zum-projekt-netzwerk-naturpark-kitas\/#breadcrumb","itemListElement":[{"@type":"ListItem","position":1,"name":"Home","item":"https:\/\/www.naturparkmagazin.de\/vdn\/"},{"@type":"ListItem","position":2,"name":"\u201eFr\u00fch \u00fcbt sich\u201c &#8211; Handbuch zum Projekt \u201eNetzwerk Naturpark-Kitas\u201c"}]},{"@type":"WebSite","@id":"https:\/\/www.naturparkmagazin.de\/vdn\/#website","url":"https:\/\/www.naturparkmagazin.de\/vdn\/","name":"Verband Deutscher Naturparke","description":"Eine weitere Naturparkmagazin.de Netzwerk Seite","potentialAction":[{"@type":"SearchAction","target":{"@type":"EntryPoint","urlTemplate":"https:\/\/www.naturparkmagazin.de\/vdn\/?s={search_term_string}"},"query-input":"required name=search_term_string"}],"inLanguage":"de"},{"@type":"Person","@id":"https:\/\/www.naturparkmagazin.de\/vdn\/#\/schema\/person\/d71357578c318b6db03be60b1f60396b","name":"beatrixlosem","url":"https:\/\/www.naturparkmagazin.de\/vdn\/author\/beatrixlosem\/"}]}},"_links":{"self":[{"href":"https:\/\/www.naturparkmagazin.de\/vdn\/wp-json\/wp\/v2\/posts\/10760"}],"collection":[{"href":"https:\/\/www.naturparkmagazin.de\/vdn\/wp-json\/wp\/v2\/posts"}],"about":[{"href":"https:\/\/www.naturparkmagazin.de\/vdn\/wp-json\/wp\/v2\/types\/post"}],"author":[{"embeddable":true,"href":"https:\/\/www.naturparkmagazin.de\/vdn\/wp-json\/wp\/v2\/users\/51"}],"replies":[{"embeddable":true,"href":"https:\/\/www.naturparkmagazin.de\/vdn\/wp-json\/wp\/v2\/comments?post=10760"}],"version-history":[{"count":1,"href":"https:\/\/www.naturparkmagazin.de\/vdn\/wp-json\/wp\/v2\/posts\/10760\/revisions"}],"predecessor-version":[{"id":10763,"href":"https:\/\/www.naturparkmagazin.de\/vdn\/wp-json\/wp\/v2\/posts\/10760\/revisions\/10763"}],"wp:featuredmedia":[{"embeddable":true,"href":"https:\/\/www.naturparkmagazin.de\/vdn\/wp-json\/wp\/v2\/media\/10761"}],"wp:attachment":[{"href":"https:\/\/www.naturparkmagazin.de\/vdn\/wp-json\/wp\/v2\/media?parent=10760"}],"wp:term":[{"taxonomy":"category","embeddable":true,"href":"https:\/\/www.naturparkmagazin.de\/vdn\/wp-json\/wp\/v2\/categories?post=10760"},{"taxonomy":"post_tag","embeddable":true,"href":"https:\/\/www.naturparkmagazin.de\/vdn\/wp-json\/wp\/v2\/tags?post=10760"}],"curies":[{"name":"wp","href":"https:\/\/api.w.org\/{rel}","templated":true}]}}