{"id":10826,"date":"2018-11-25T15:46:55","date_gmt":"2018-11-25T14:46:55","guid":{"rendered":"https:\/\/www.naturparkmagazin.de\/vdn\/?p=10826"},"modified":"2018-12-13T11:38:42","modified_gmt":"2018-12-13T10:38:42","slug":"christbaum-aus-dem-naturpark-ammergauer-alpen-schmueckt-den-deutschen-bundestag","status":"publish","type":"post","link":"https:\/\/www.naturparkmagazin.de\/vdn\/christbaum-aus-dem-naturpark-ammergauer-alpen-schmueckt-den-deutschen-bundestag\/","title":{"rendered":"Christbaum aus dem Naturpark Ammergauer Alpen schm\u00fcckt den Deutschen Bundestag"},"content":{"rendered":"<p>&nbsp;<\/p>\n<div id=\"attachment_10827\" style=\"width: 510px\" class=\"wp-caption alignnone\"><a href=\"https:\/\/www.naturparkmagazin.de\/vdn\/wp-content\/uploads\/sites\/3\/729BBDC5-29A9-47C5-92DC-2C1E173D1663b.jpeg\"><img aria-describedby=\"caption-attachment-10827\" decoding=\"async\" loading=\"lazy\" class=\"size-full wp-image-10827\" src=\"https:\/\/www.naturparkmagazin.de\/vdn\/wp-content\/uploads\/sites\/3\/729BBDC5-29A9-47C5-92DC-2C1E173D1663b.jpeg\" alt=\"\u00a9 VDN\" width=\"500\" height=\"300\" srcset=\"https:\/\/www.naturparkmagazin.de\/vdn\/wp-content\/uploads\/sites\/3\/729BBDC5-29A9-47C5-92DC-2C1E173D1663b.jpeg 500w, https:\/\/www.naturparkmagazin.de\/vdn\/wp-content\/uploads\/sites\/3\/729BBDC5-29A9-47C5-92DC-2C1E173D1663b-300x180.jpeg 300w, https:\/\/www.naturparkmagazin.de\/vdn\/wp-content\/uploads\/sites\/3\/729BBDC5-29A9-47C5-92DC-2C1E173D1663b-200x120.jpeg 200w\" sizes=\"(max-width: 500px) 100vw, 500px\" \/><\/a><p id=\"caption-attachment-10827\" class=\"wp-caption-text\">\u00a9 VDN<\/p><\/div>\n<p><strong><em>Berlin\/Bonn\/Oberammergau, 29. November 2018 &#8211;<\/em><\/strong> Einen ganz besonderen Adventsgru\u00df \u00fcberbrachte heute der Naturpark Ammergauer Alpen dem Deutschen Bundestag: einen Christbaum.<\/p>\n<p>\u00dcberreicht wurde die 6 Meter hohe Tanne vom ersten Vorsitzenden des Naturparks Ammergauer Alpen, Arno Nunn, gemeinsam mit dem Pr\u00e4sidenten des Verbandes Deutscher Naturparke e. V. (VDN), Friedel Heuwinkel, an die Vizepr\u00e4sidentin des Deutschen Bundestages, Claudia Roth, im Rahmen eines vorweihnachtlichen Programms durch Sch\u00fclerinnen und Sch\u00fcler der Grund- und Mittelschule Oberammergau.<\/p>\n<p>\u201eWir freuen uns\u201c, betonte Arno Nunn, \u201edass mit unserem Christbaum in den n\u00e4chsten Wochen ein St\u00fcck Naturpark Ammergauer Alpen im Deutschen Bundestag steht und zur weihnachtlichen Stimmung beitragen kann.&#8220; \u201eDeutschland besitzt mit aktuell 105 Naturparken eine starke Naturparkbewegung, die auf 27% der Fl\u00e4che Deutschlands mit ihrer Arbeit einen wichtigen Beitrag f\u00fcr eine nachhaltige Regionalentwicklung, zum Erhalt der biologischen Vielfalt sowie zum Klimaschutz leistet\u201c, erg\u00e4nzte Friedel Heuwinkel bei der \u00dcbergabe des Christbaumes. \u201eDieser stattliche Baum ist ein anschauliches Beispiel f\u00fcr die Leistungen der deutschen Naturparke f\u00fcr Mensch und Natur.\u201c, so Heuwinkel weiter. Gestiftet wurde der diesj\u00e4hrige Baum vom Forstbetrieb Oberammergau, Bayerische Staatsforsten.<\/p>\n<p>Lesen Sie die Pressemitteilung <a href=\"https:\/\/www.naturparke.de\/service\/presse\/pressemitteilungen\/nachricht\/christbaum-aus-dem-naturpark-ammergauer-alpen-schmueckt-den-deutschen-bundestag.html\" target=\"_blank\">hier<\/a>.<\/p>\n<p>N\u00e4heres zum Naturpark Ammergauer Alpen finden Sie <a href=\"http:\/\/www.naturpark-ammergauer-alpen.de\/\" target=\"_blank\">hier<\/a>.<\/p>\n<p>&nbsp;<\/p>\n<p>&nbsp;<\/p>\n","protected":false},"excerpt":{"rendered":"<p>Einen ganz besonderen Adventsgru\u00df \u00fcberbrachte heute der Naturpark Ammergauer Alpen dem Deutschen Bundestag: einen Christbaum.<\/p>\n","protected":false},"author":73,"featured_media":10828,"comment_status":"open","ping_status":"open","sticky":false,"template":"","format":"standard","meta":{"_links_to":"","_links_to_target":""},"categories":[7],"tags":[],"yoast_head":"<!-- This site is optimized with the Yoast SEO plugin v19.10 - https:\/\/yoast.com\/wordpress\/plugins\/seo\/ -->\n<title>Christbaum aus dem Naturpark Ammergauer Alpen schm\u00fcckt den Deutschen Bundestag<\/title>\n<meta name=\"description\" content=\"Einen ganz besonderen Adventsgru\u00df \u00fcberbrachte heute der Naturpark Ammergauer Alpen dem Deutschen Bundestag: einen Christbaum.\" \/>\n<meta name=\"robots\" content=\"index, follow, max-snippet:-1, max-image-preview:large, max-video-preview:-1\" \/>\n<link rel=\"canonical\" href=\"https:\/\/www.naturparkmagazin.de\/vdn\/christbaum-aus-dem-naturpark-ammergauer-alpen-schmueckt-den-deutschen-bundestag\/\" \/>\n<meta property=\"og:locale\" content=\"de_DE\" \/>\n<meta property=\"og:type\" content=\"article\" \/>\n<meta property=\"og:title\" content=\"Christbaum aus dem Naturpark Ammergauer Alpen schm\u00fcckt den Deutschen Bundestag\" \/>\n<meta property=\"og:description\" content=\"Einen ganz besonderen Adventsgru\u00df \u00fcberbrachte heute der Naturpark Ammergauer Alpen dem Deutschen Bundestag: einen Christbaum.\" \/>\n<meta property=\"og:url\" content=\"https:\/\/www.naturparkmagazin.de\/vdn\/christbaum-aus-dem-naturpark-ammergauer-alpen-schmueckt-den-deutschen-bundestag\/\" \/>\n<meta property=\"og:site_name\" content=\"Verband Deutscher Naturparke\" \/>\n<meta property=\"article:published_time\" content=\"2018-11-25T14:46:55+00:00\" \/>\n<meta property=\"article:modified_time\" content=\"2018-12-13T10:38:42+00:00\" \/>\n<meta property=\"og:image\" content=\"https:\/\/www.naturparkmagazin.de\/vdn\/wp-content\/uploads\/sites\/3\/729BBDC5-29A9-47C5-92DC-2C1E173D1663bf.jpeg\" \/>\n\t<meta property=\"og:image:width\" content=\"200\" \/>\n\t<meta property=\"og:image:height\" content=\"200\" \/>\n\t<meta property=\"og:image:type\" content=\"image\/jpeg\" \/>\n<meta name=\"author\" content=\"manuelamerz\" \/>\n<meta name=\"twitter:label1\" content=\"Verfasst von\" \/>\n\t<meta name=\"twitter:data1\" content=\"manuelamerz\" \/>\n\t<meta name=\"twitter:label2\" content=\"Gesch\u00e4tzte Lesezeit\" \/>\n\t<meta name=\"twitter:data2\" content=\"1\u00a0Minute\" \/>\n<script type=\"application\/ld+json\" class=\"yoast-schema-graph\">{\"@context\":\"https:\/\/schema.org\",\"@graph\":[{\"@type\":\"WebPage\",\"@id\":\"https:\/\/www.naturparkmagazin.de\/vdn\/christbaum-aus-dem-naturpark-ammergauer-alpen-schmueckt-den-deutschen-bundestag\/\",\"url\":\"https:\/\/www.naturparkmagazin.de\/vdn\/christbaum-aus-dem-naturpark-ammergauer-alpen-schmueckt-den-deutschen-bundestag\/\",\"name\":\"Christbaum aus dem Naturpark Ammergauer Alpen schm\u00fcckt den Deutschen Bundestag\",\"isPartOf\":{\"@id\":\"https:\/\/www.naturparkmagazin.de\/vdn\/#website\"},\"datePublished\":\"2018-11-25T14:46:55+00:00\",\"dateModified\":\"2018-12-13T10:38:42+00:00\",\"author\":{\"@id\":\"https:\/\/www.naturparkmagazin.de\/vdn\/#\/schema\/person\/3cff9b8773ed55f0189255fa9adfd57c\"},\"description\":\"Einen ganz besonderen Adventsgru\u00df \u00fcberbrachte heute der Naturpark Ammergauer Alpen dem Deutschen Bundestag: einen Christbaum.\",\"breadcrumb\":{\"@id\":\"https:\/\/www.naturparkmagazin.de\/vdn\/christbaum-aus-dem-naturpark-ammergauer-alpen-schmueckt-den-deutschen-bundestag\/#breadcrumb\"},\"inLanguage\":\"de\",\"potentialAction\":[{\"@type\":\"ReadAction\",\"target\":[\"https:\/\/www.naturparkmagazin.de\/vdn\/christbaum-aus-dem-naturpark-ammergauer-alpen-schmueckt-den-deutschen-bundestag\/\"]}]},{\"@type\":\"BreadcrumbList\",\"@id\":\"https:\/\/www.naturparkmagazin.de\/vdn\/christbaum-aus-dem-naturpark-ammergauer-alpen-schmueckt-den-deutschen-bundestag\/#breadcrumb\",\"itemListElement\":[{\"@type\":\"ListItem\",\"position\":1,\"name\":\"Home\",\"item\":\"https:\/\/www.naturparkmagazin.de\/vdn\/\"},{\"@type\":\"ListItem\",\"position\":2,\"name\":\"Christbaum aus dem Naturpark Ammergauer Alpen schm\u00fcckt den Deutschen Bundestag\"}]},{\"@type\":\"WebSite\",\"@id\":\"https:\/\/www.naturparkmagazin.de\/vdn\/#website\",\"url\":\"https:\/\/www.naturparkmagazin.de\/vdn\/\",\"name\":\"Verband Deutscher Naturparke\",\"description\":\"Eine weitere Naturparkmagazin.de Netzwerk Seite\",\"potentialAction\":[{\"@type\":\"SearchAction\",\"target\":{\"@type\":\"EntryPoint\",\"urlTemplate\":\"https:\/\/www.naturparkmagazin.de\/vdn\/?s={search_term_string}\"},\"query-input\":\"required name=search_term_string\"}],\"inLanguage\":\"de\"},{\"@type\":\"Person\",\"@id\":\"https:\/\/www.naturparkmagazin.de\/vdn\/#\/schema\/person\/3cff9b8773ed55f0189255fa9adfd57c\",\"name\":\"manuelamerz\",\"url\":\"https:\/\/www.naturparkmagazin.de\/vdn\/author\/manuelamerz\/\"}]}<\/script>\n<!-- \/ Yoast SEO plugin. -->","yoast_head_json":{"title":"Christbaum aus dem Naturpark Ammergauer Alpen schm\u00fcckt den Deutschen Bundestag","description":"Einen ganz besonderen Adventsgru\u00df \u00fcberbrachte heute der Naturpark Ammergauer Alpen dem Deutschen Bundestag: einen Christbaum.","robots":{"index":"index","follow":"follow","max-snippet":"max-snippet:-1","max-image-preview":"max-image-preview:large","max-video-preview":"max-video-preview:-1"},"canonical":"https:\/\/www.naturparkmagazin.de\/vdn\/christbaum-aus-dem-naturpark-ammergauer-alpen-schmueckt-den-deutschen-bundestag\/","og_locale":"de_DE","og_type":"article","og_title":"Christbaum aus dem Naturpark Ammergauer Alpen schm\u00fcckt den Deutschen Bundestag","og_description":"Einen ganz besonderen Adventsgru\u00df \u00fcberbrachte heute der Naturpark Ammergauer Alpen dem Deutschen Bundestag: einen Christbaum.","og_url":"https:\/\/www.naturparkmagazin.de\/vdn\/christbaum-aus-dem-naturpark-ammergauer-alpen-schmueckt-den-deutschen-bundestag\/","og_site_name":"Verband Deutscher Naturparke","article_published_time":"2018-11-25T14:46:55+00:00","article_modified_time":"2018-12-13T10:38:42+00:00","og_image":[{"width":200,"height":200,"url":"https:\/\/www.naturparkmagazin.de\/vdn\/wp-content\/uploads\/sites\/3\/729BBDC5-29A9-47C5-92DC-2C1E173D1663bf.jpeg","type":"image\/jpeg"}],"author":"manuelamerz","twitter_misc":{"Verfasst von":"manuelamerz","Gesch\u00e4tzte Lesezeit":"1\u00a0Minute"},"schema":{"@context":"https:\/\/schema.org","@graph":[{"@type":"WebPage","@id":"https:\/\/www.naturparkmagazin.de\/vdn\/christbaum-aus-dem-naturpark-ammergauer-alpen-schmueckt-den-deutschen-bundestag\/","url":"https:\/\/www.naturparkmagazin.de\/vdn\/christbaum-aus-dem-naturpark-ammergauer-alpen-schmueckt-den-deutschen-bundestag\/","name":"Christbaum aus dem Naturpark Ammergauer Alpen schm\u00fcckt den Deutschen Bundestag","isPartOf":{"@id":"https:\/\/www.naturparkmagazin.de\/vdn\/#website"},"datePublished":"2018-11-25T14:46:55+00:00","dateModified":"2018-12-13T10:38:42+00:00","author":{"@id":"https:\/\/www.naturparkmagazin.de\/vdn\/#\/schema\/person\/3cff9b8773ed55f0189255fa9adfd57c"},"description":"Einen ganz besonderen Adventsgru\u00df \u00fcberbrachte heute der Naturpark Ammergauer Alpen dem Deutschen Bundestag: einen Christbaum.","breadcrumb":{"@id":"https:\/\/www.naturparkmagazin.de\/vdn\/christbaum-aus-dem-naturpark-ammergauer-alpen-schmueckt-den-deutschen-bundestag\/#breadcrumb"},"inLanguage":"de","potentialAction":[{"@type":"ReadAction","target":["https:\/\/www.naturparkmagazin.de\/vdn\/christbaum-aus-dem-naturpark-ammergauer-alpen-schmueckt-den-deutschen-bundestag\/"]}]},{"@type":"BreadcrumbList","@id":"https:\/\/www.naturparkmagazin.de\/vdn\/christbaum-aus-dem-naturpark-ammergauer-alpen-schmueckt-den-deutschen-bundestag\/#breadcrumb","itemListElement":[{"@type":"ListItem","position":1,"name":"Home","item":"https:\/\/www.naturparkmagazin.de\/vdn\/"},{"@type":"ListItem","position":2,"name":"Christbaum aus dem Naturpark Ammergauer Alpen schm\u00fcckt den Deutschen Bundestag"}]},{"@type":"WebSite","@id":"https:\/\/www.naturparkmagazin.de\/vdn\/#website","url":"https:\/\/www.naturparkmagazin.de\/vdn\/","name":"Verband Deutscher Naturparke","description":"Eine weitere Naturparkmagazin.de Netzwerk Seite","potentialAction":[{"@type":"SearchAction","target":{"@type":"EntryPoint","urlTemplate":"https:\/\/www.naturparkmagazin.de\/vdn\/?s={search_term_string}"},"query-input":"required name=search_term_string"}],"inLanguage":"de"},{"@type":"Person","@id":"https:\/\/www.naturparkmagazin.de\/vdn\/#\/schema\/person\/3cff9b8773ed55f0189255fa9adfd57c","name":"manuelamerz","url":"https:\/\/www.naturparkmagazin.de\/vdn\/author\/manuelamerz\/"}]}},"_links":{"self":[{"href":"https:\/\/www.naturparkmagazin.de\/vdn\/wp-json\/wp\/v2\/posts\/10826"}],"collection":[{"href":"https:\/\/www.naturparkmagazin.de\/vdn\/wp-json\/wp\/v2\/posts"}],"about":[{"href":"https:\/\/www.naturparkmagazin.de\/vdn\/wp-json\/wp\/v2\/types\/post"}],"author":[{"embeddable":true,"href":"https:\/\/www.naturparkmagazin.de\/vdn\/wp-json\/wp\/v2\/users\/73"}],"replies":[{"embeddable":true,"href":"https:\/\/www.naturparkmagazin.de\/vdn\/wp-json\/wp\/v2\/comments?post=10826"}],"version-history":[{"count":1,"href":"https:\/\/www.naturparkmagazin.de\/vdn\/wp-json\/wp\/v2\/posts\/10826\/revisions"}],"predecessor-version":[{"id":10829,"href":"https:\/\/www.naturparkmagazin.de\/vdn\/wp-json\/wp\/v2\/posts\/10826\/revisions\/10829"}],"wp:featuredmedia":[{"embeddable":true,"href":"https:\/\/www.naturparkmagazin.de\/vdn\/wp-json\/wp\/v2\/media\/10828"}],"wp:attachment":[{"href":"https:\/\/www.naturparkmagazin.de\/vdn\/wp-json\/wp\/v2\/media?parent=10826"}],"wp:term":[{"taxonomy":"category","embeddable":true,"href":"https:\/\/www.naturparkmagazin.de\/vdn\/wp-json\/wp\/v2\/categories?post=10826"},{"taxonomy":"post_tag","embeddable":true,"href":"https:\/\/www.naturparkmagazin.de\/vdn\/wp-json\/wp\/v2\/tags?post=10826"}],"curies":[{"name":"wp","href":"https:\/\/api.w.org\/{rel}","templated":true}]}}