{"id":10861,"date":"2018-12-12T17:55:07","date_gmt":"2018-12-12T16:55:07","guid":{"rendered":"https:\/\/www.naturparkmagazin.de\/vdn\/?p=10861"},"modified":"2019-01-25T13:48:32","modified_gmt":"2019-01-25T12:48:32","slug":"das-karlszepter","status":"publish","type":"post","link":"https:\/\/www.naturparkmagazin.de\/vdn\/das-karlszepter\/","title":{"rendered":"Das Karlszepter"},"content":{"rendered":"<div id=\"attachment_10862\" style=\"width: 510px\" class=\"wp-caption alignnone\"><a href=\"https:\/\/www.naturparkmagazin.de\/vdn\/wp-content\/uploads\/sites\/3\/Karlszepter-C-Ammergauer-Alpen-GmbH-Manfred-M\u00fcllerb.jpg\"><img aria-describedby=\"caption-attachment-10862\" decoding=\"async\" loading=\"lazy\" class=\"wp-image-10862 size-full\" src=\"https:\/\/www.naturparkmagazin.de\/vdn\/wp-content\/uploads\/sites\/3\/Karlszepter-C-Ammergauer-Alpen-GmbH-Manfred-M\u00fcllerb.jpg\" alt=\"Karlszepter \u00a9 Ammergauer Alpen GmbH Manfred M\u00fcller\" width=\"500\" height=\"300\" srcset=\"https:\/\/www.naturparkmagazin.de\/vdn\/wp-content\/uploads\/sites\/3\/Karlszepter-C-Ammergauer-Alpen-GmbH-Manfred-M\u00fcllerb.jpg 500w, https:\/\/www.naturparkmagazin.de\/vdn\/wp-content\/uploads\/sites\/3\/Karlszepter-C-Ammergauer-Alpen-GmbH-Manfred-M\u00fcllerb-300x180.jpg 300w, https:\/\/www.naturparkmagazin.de\/vdn\/wp-content\/uploads\/sites\/3\/Karlszepter-C-Ammergauer-Alpen-GmbH-Manfred-M\u00fcllerb-200x120.jpg 200w\" sizes=\"(max-width: 500px) 100vw, 500px\" \/><\/a><p id=\"caption-attachment-10862\" class=\"wp-caption-text\">Karlszepter \u00a9 Ammergauer Alpen GmbH Manfred M\u00fcller<\/p><\/div>\n<p>Zahlreiche Orchideenarten, Lungenenzian, Moorenzian und die Prachtnelke sind nur einige Vertreter der Flora im Naturpark Ammergauer Alpen. Eine der gr\u00f6\u00dften Besonderheiten ist das gelb bl\u00fchende Karlszepter, das an Standorten wie Moorwiesen und feuchten Wegr\u00e4ndern w\u00e4chst und hier im Naturpark sein gr\u00f6\u00dften Vorkommen in Deutschland hat. Das mehrj\u00e4hrige Karlszepter, auch Moork\u00f6nig oder K\u00f6nig-Karls-L\u00e4usekraut genannt, geh\u00f6rt zur Gattung der L\u00e4usekr\u00e4uter aus der Familie der Braunwurzgew\u00e4chse. Es wurde nach dem schwedischen K\u00f6nig Karl XII. benannt. Die Fl\u00e4chen mit Vorkommen des Karlszepters d\u00fcrfen erst ab Ende September\/Oktober durch die heimischen Landwirte gem\u00e4ht werden, wodurch die hohe Artenvielfalt gesichert wird. In Deutschland steht das Karlszepter unter strengem Naturschutz.<\/p>\n<p>Eine der Fl\u00e4chen mit Vorkommen des Karlszepters im Naturpark ist das Ettaler Weidmoos zwischen Oberammergau, Ettaler M\u00fchle und den kleinen Ammerquellen. Das Kalkflachmoor mit \u00dcbergangskomplexen und kleinen Hochmoorinseln ist vor allem wegen seiner Wasserverh\u00e4ltnisse eine Besonderheit unter den bayerischen Mooren. An den Quelltrichtern der Ammerquellen sind Moor- und Auenstandorte eng verzahnt. Die einzelnen Quellen vereinen sich schon bald zu zwei stattlichen B\u00e4chen. Entstanden ist das Weidmoos durch Verlandung eines nach der Eiszeit hier gelegenen Schmelzwassersees. Das 159 ha gro\u00dfe Moorgebiet wurde 1982 unter Naturschutz gestellt.<\/p>\n<p>&nbsp;<\/p>\n<div id=\"attachment_10864\" style=\"width: 510px\" class=\"wp-caption alignnone\"><a href=\"https:\/\/www.naturparkmagazin.de\/vdn\/wp-content\/uploads\/sites\/3\/Ettaler-Weidmoos-Eberhard-Starosczikb.jpg\"><img aria-describedby=\"caption-attachment-10864\" decoding=\"async\" loading=\"lazy\" class=\"size-full wp-image-10864\" src=\"https:\/\/www.naturparkmagazin.de\/vdn\/wp-content\/uploads\/sites\/3\/Ettaler-Weidmoos-Eberhard-Starosczikb.jpg\" alt=\"Ettaler Weidmoos \u00a9  Eberhard Starosczik\" width=\"500\" height=\"300\" srcset=\"https:\/\/www.naturparkmagazin.de\/vdn\/wp-content\/uploads\/sites\/3\/Ettaler-Weidmoos-Eberhard-Starosczikb.jpg 500w, https:\/\/www.naturparkmagazin.de\/vdn\/wp-content\/uploads\/sites\/3\/Ettaler-Weidmoos-Eberhard-Starosczikb-300x180.jpg 300w, https:\/\/www.naturparkmagazin.de\/vdn\/wp-content\/uploads\/sites\/3\/Ettaler-Weidmoos-Eberhard-Starosczikb-200x120.jpg 200w\" sizes=\"(max-width: 500px) 100vw, 500px\" \/><\/a><p id=\"caption-attachment-10864\" class=\"wp-caption-text\">Ettaler Weidmoos \u00a9 Eberhard Starosczik<\/p><\/div>\n<p>&nbsp;<\/p>\n","protected":false},"excerpt":{"rendered":"<p>Es steht unter Naturschutz, hat im Naturpark Ammergauer Alpen sein gr\u00f6\u00dftes Vorkommen innerhalb Deutschlands und ist auch als Moork\u00f6nig oder K\u00f6nig-Karl-L\u00e4usekraut bekannt.<\/p>\n","protected":false},"author":73,"featured_media":10863,"comment_status":"open","ping_status":"open","sticky":false,"template":"","format":"standard","meta":{"_links_to":"","_links_to_target":""},"categories":[8],"tags":[384,1564,1556,1560,1559,1555,1558,1562,1563,1561,470,1557],"yoast_head":"<!-- This site is optimized with the Yoast SEO plugin v19.10 - https:\/\/yoast.com\/wordpress\/plugins\/seo\/ -->\n<title>Das Karlszepter<\/title>\n<meta name=\"description\" content=\"Es steht unter Naturschutz, hat im Naturpark Ammergauer Alpen sein gr\u00f6\u00dftes Vorkommen innerhalb Deutschlands und ist auch als Moork\u00f6nig oder K\u00f6nig-Karl-L\u00e4usekraut bekannt.\" \/>\n<meta name=\"robots\" content=\"index, follow, max-snippet:-1, max-image-preview:large, max-video-preview:-1\" \/>\n<link rel=\"canonical\" href=\"https:\/\/www.naturparkmagazin.de\/vdn\/das-karlszepter\/\" \/>\n<meta property=\"og:locale\" content=\"de_DE\" \/>\n<meta property=\"og:type\" content=\"article\" \/>\n<meta property=\"og:title\" content=\"Das Karlszepter\" \/>\n<meta property=\"og:description\" content=\"Es steht unter Naturschutz, hat im Naturpark Ammergauer Alpen sein gr\u00f6\u00dftes Vorkommen innerhalb Deutschlands und ist auch als Moork\u00f6nig oder K\u00f6nig-Karl-L\u00e4usekraut bekannt.\" \/>\n<meta property=\"og:url\" content=\"https:\/\/www.naturparkmagazin.de\/vdn\/das-karlszepter\/\" \/>\n<meta property=\"og:site_name\" content=\"Verband Deutscher Naturparke\" \/>\n<meta property=\"article:published_time\" content=\"2018-12-12T16:55:07+00:00\" \/>\n<meta property=\"article:modified_time\" content=\"2019-01-25T12:48:32+00:00\" \/>\n<meta property=\"og:image\" content=\"https:\/\/www.naturparkmagazin.de\/vdn\/wp-content\/uploads\/sites\/3\/Karlszepter-C-Ammergauer-Alpen-GmbH-Manfred-M\u00fcllerbf.jpg\" \/>\n\t<meta property=\"og:image:width\" content=\"200\" \/>\n\t<meta property=\"og:image:height\" content=\"200\" \/>\n\t<meta property=\"og:image:type\" content=\"image\/jpeg\" \/>\n<meta name=\"author\" content=\"manuelamerz\" \/>\n<meta name=\"twitter:label1\" content=\"Verfasst von\" \/>\n\t<meta name=\"twitter:data1\" content=\"manuelamerz\" \/>\n\t<meta name=\"twitter:label2\" content=\"Gesch\u00e4tzte Lesezeit\" \/>\n\t<meta name=\"twitter:data2\" content=\"1\u00a0Minute\" \/>\n<script type=\"application\/ld+json\" class=\"yoast-schema-graph\">{\"@context\":\"https:\/\/schema.org\",\"@graph\":[{\"@type\":\"WebPage\",\"@id\":\"https:\/\/www.naturparkmagazin.de\/vdn\/das-karlszepter\/\",\"url\":\"https:\/\/www.naturparkmagazin.de\/vdn\/das-karlszepter\/\",\"name\":\"Das Karlszepter\",\"isPartOf\":{\"@id\":\"https:\/\/www.naturparkmagazin.de\/vdn\/#website\"},\"datePublished\":\"2018-12-12T16:55:07+00:00\",\"dateModified\":\"2019-01-25T12:48:32+00:00\",\"author\":{\"@id\":\"https:\/\/www.naturparkmagazin.de\/vdn\/#\/schema\/person\/3cff9b8773ed55f0189255fa9adfd57c\"},\"description\":\"Es steht unter Naturschutz, hat im Naturpark Ammergauer Alpen sein gr\u00f6\u00dftes Vorkommen innerhalb Deutschlands und ist auch als Moork\u00f6nig oder K\u00f6nig-Karl-L\u00e4usekraut bekannt.\",\"breadcrumb\":{\"@id\":\"https:\/\/www.naturparkmagazin.de\/vdn\/das-karlszepter\/#breadcrumb\"},\"inLanguage\":\"de\",\"potentialAction\":[{\"@type\":\"ReadAction\",\"target\":[\"https:\/\/www.naturparkmagazin.de\/vdn\/das-karlszepter\/\"]}]},{\"@type\":\"BreadcrumbList\",\"@id\":\"https:\/\/www.naturparkmagazin.de\/vdn\/das-karlszepter\/#breadcrumb\",\"itemListElement\":[{\"@type\":\"ListItem\",\"position\":1,\"name\":\"Home\",\"item\":\"https:\/\/www.naturparkmagazin.de\/vdn\/\"},{\"@type\":\"ListItem\",\"position\":2,\"name\":\"Das Karlszepter\"}]},{\"@type\":\"WebSite\",\"@id\":\"https:\/\/www.naturparkmagazin.de\/vdn\/#website\",\"url\":\"https:\/\/www.naturparkmagazin.de\/vdn\/\",\"name\":\"Verband Deutscher Naturparke\",\"description\":\"Eine weitere Naturparkmagazin.de Netzwerk Seite\",\"potentialAction\":[{\"@type\":\"SearchAction\",\"target\":{\"@type\":\"EntryPoint\",\"urlTemplate\":\"https:\/\/www.naturparkmagazin.de\/vdn\/?s={search_term_string}\"},\"query-input\":\"required name=search_term_string\"}],\"inLanguage\":\"de\"},{\"@type\":\"Person\",\"@id\":\"https:\/\/www.naturparkmagazin.de\/vdn\/#\/schema\/person\/3cff9b8773ed55f0189255fa9adfd57c\",\"name\":\"manuelamerz\",\"url\":\"https:\/\/www.naturparkmagazin.de\/vdn\/author\/manuelamerz\/\"}]}<\/script>\n<!-- \/ Yoast SEO plugin. -->","yoast_head_json":{"title":"Das Karlszepter","description":"Es steht unter Naturschutz, hat im Naturpark Ammergauer Alpen sein gr\u00f6\u00dftes Vorkommen innerhalb Deutschlands und ist auch als Moork\u00f6nig oder K\u00f6nig-Karl-L\u00e4usekraut bekannt.","robots":{"index":"index","follow":"follow","max-snippet":"max-snippet:-1","max-image-preview":"max-image-preview:large","max-video-preview":"max-video-preview:-1"},"canonical":"https:\/\/www.naturparkmagazin.de\/vdn\/das-karlszepter\/","og_locale":"de_DE","og_type":"article","og_title":"Das Karlszepter","og_description":"Es steht unter Naturschutz, hat im Naturpark Ammergauer Alpen sein gr\u00f6\u00dftes Vorkommen innerhalb Deutschlands und ist auch als Moork\u00f6nig oder K\u00f6nig-Karl-L\u00e4usekraut bekannt.","og_url":"https:\/\/www.naturparkmagazin.de\/vdn\/das-karlszepter\/","og_site_name":"Verband Deutscher Naturparke","article_published_time":"2018-12-12T16:55:07+00:00","article_modified_time":"2019-01-25T12:48:32+00:00","og_image":[{"width":200,"height":200,"url":"https:\/\/www.naturparkmagazin.de\/vdn\/wp-content\/uploads\/sites\/3\/Karlszepter-C-Ammergauer-Alpen-GmbH-Manfred-M\u00fcllerbf.jpg","type":"image\/jpeg"}],"author":"manuelamerz","twitter_misc":{"Verfasst von":"manuelamerz","Gesch\u00e4tzte Lesezeit":"1\u00a0Minute"},"schema":{"@context":"https:\/\/schema.org","@graph":[{"@type":"WebPage","@id":"https:\/\/www.naturparkmagazin.de\/vdn\/das-karlszepter\/","url":"https:\/\/www.naturparkmagazin.de\/vdn\/das-karlszepter\/","name":"Das Karlszepter","isPartOf":{"@id":"https:\/\/www.naturparkmagazin.de\/vdn\/#website"},"datePublished":"2018-12-12T16:55:07+00:00","dateModified":"2019-01-25T12:48:32+00:00","author":{"@id":"https:\/\/www.naturparkmagazin.de\/vdn\/#\/schema\/person\/3cff9b8773ed55f0189255fa9adfd57c"},"description":"Es steht unter Naturschutz, hat im Naturpark Ammergauer Alpen sein gr\u00f6\u00dftes Vorkommen innerhalb Deutschlands und ist auch als Moork\u00f6nig oder K\u00f6nig-Karl-L\u00e4usekraut bekannt.","breadcrumb":{"@id":"https:\/\/www.naturparkmagazin.de\/vdn\/das-karlszepter\/#breadcrumb"},"inLanguage":"de","potentialAction":[{"@type":"ReadAction","target":["https:\/\/www.naturparkmagazin.de\/vdn\/das-karlszepter\/"]}]},{"@type":"BreadcrumbList","@id":"https:\/\/www.naturparkmagazin.de\/vdn\/das-karlszepter\/#breadcrumb","itemListElement":[{"@type":"ListItem","position":1,"name":"Home","item":"https:\/\/www.naturparkmagazin.de\/vdn\/"},{"@type":"ListItem","position":2,"name":"Das Karlszepter"}]},{"@type":"WebSite","@id":"https:\/\/www.naturparkmagazin.de\/vdn\/#website","url":"https:\/\/www.naturparkmagazin.de\/vdn\/","name":"Verband Deutscher Naturparke","description":"Eine weitere Naturparkmagazin.de Netzwerk Seite","potentialAction":[{"@type":"SearchAction","target":{"@type":"EntryPoint","urlTemplate":"https:\/\/www.naturparkmagazin.de\/vdn\/?s={search_term_string}"},"query-input":"required name=search_term_string"}],"inLanguage":"de"},{"@type":"Person","@id":"https:\/\/www.naturparkmagazin.de\/vdn\/#\/schema\/person\/3cff9b8773ed55f0189255fa9adfd57c","name":"manuelamerz","url":"https:\/\/www.naturparkmagazin.de\/vdn\/author\/manuelamerz\/"}]}},"_links":{"self":[{"href":"https:\/\/www.naturparkmagazin.de\/vdn\/wp-json\/wp\/v2\/posts\/10861"}],"collection":[{"href":"https:\/\/www.naturparkmagazin.de\/vdn\/wp-json\/wp\/v2\/posts"}],"about":[{"href":"https:\/\/www.naturparkmagazin.de\/vdn\/wp-json\/wp\/v2\/types\/post"}],"author":[{"embeddable":true,"href":"https:\/\/www.naturparkmagazin.de\/vdn\/wp-json\/wp\/v2\/users\/73"}],"replies":[{"embeddable":true,"href":"https:\/\/www.naturparkmagazin.de\/vdn\/wp-json\/wp\/v2\/comments?post=10861"}],"version-history":[{"count":4,"href":"https:\/\/www.naturparkmagazin.de\/vdn\/wp-json\/wp\/v2\/posts\/10861\/revisions"}],"predecessor-version":[{"id":10915,"href":"https:\/\/www.naturparkmagazin.de\/vdn\/wp-json\/wp\/v2\/posts\/10861\/revisions\/10915"}],"wp:featuredmedia":[{"embeddable":true,"href":"https:\/\/www.naturparkmagazin.de\/vdn\/wp-json\/wp\/v2\/media\/10863"}],"wp:attachment":[{"href":"https:\/\/www.naturparkmagazin.de\/vdn\/wp-json\/wp\/v2\/media?parent=10861"}],"wp:term":[{"taxonomy":"category","embeddable":true,"href":"https:\/\/www.naturparkmagazin.de\/vdn\/wp-json\/wp\/v2\/categories?post=10861"},{"taxonomy":"post_tag","embeddable":true,"href":"https:\/\/www.naturparkmagazin.de\/vdn\/wp-json\/wp\/v2\/tags?post=10861"}],"curies":[{"name":"wp","href":"https:\/\/api.w.org\/{rel}","templated":true}]}}