{"id":10880,"date":"2018-12-12T17:49:04","date_gmt":"2018-12-12T16:49:04","guid":{"rendered":"https:\/\/www.naturparkmagazin.de\/vdn\/?p=10880"},"modified":"2019-01-25T14:54:22","modified_gmt":"2019-01-25T13:54:22","slug":"naturpark-ammergauer-alpen","status":"publish","type":"post","link":"https:\/\/www.naturparkmagazin.de\/vdn\/naturpark-ammergauer-alpen\/","title":{"rendered":"Naturpark Ammergauer Alpen"},"content":{"rendered":"<div id=\"attachment_10883\" style=\"width: 510px\" class=\"wp-caption alignnone\"><a href=\"https:\/\/www.naturparkmagazin.de\/vdn\/wp-content\/uploads\/sites\/3\/Klettergebiet-Ettaler-Manndl-CC-Thomas-Bichlerb.jpg\"><img aria-describedby=\"caption-attachment-10883\" decoding=\"async\" loading=\"lazy\" class=\"size-full wp-image-10883\" src=\"https:\/\/www.naturparkmagazin.de\/vdn\/wp-content\/uploads\/sites\/3\/Klettergebiet-Ettaler-Manndl-CC-Thomas-Bichlerb.jpg\" alt=\"Klettergebiet Ettaler Manndl \u00a9 Thomas Bichler\" width=\"500\" height=\"300\" srcset=\"https:\/\/www.naturparkmagazin.de\/vdn\/wp-content\/uploads\/sites\/3\/Klettergebiet-Ettaler-Manndl-CC-Thomas-Bichlerb.jpg 500w, https:\/\/www.naturparkmagazin.de\/vdn\/wp-content\/uploads\/sites\/3\/Klettergebiet-Ettaler-Manndl-CC-Thomas-Bichlerb-300x180.jpg 300w, https:\/\/www.naturparkmagazin.de\/vdn\/wp-content\/uploads\/sites\/3\/Klettergebiet-Ettaler-Manndl-CC-Thomas-Bichlerb-200x120.jpg 200w\" sizes=\"(max-width: 500px) 100vw, 500px\" \/><\/a><p id=\"caption-attachment-10883\" class=\"wp-caption-text\">Klettergebiet Ettaler Manndl \u00a9 Thomas Bichler<\/p><\/div>\n<p>Artenreiche Wiesmahdh\u00e4nge, einsame Bergw\u00e4lder, einer der letzten naturnahen Alpenfl\u00fcsse und eiszeitlich gepr\u00e4gte Moore &#8211; all das zeichnet den Naturpark am oberbayerischen Alpenrand aus.<\/p>\n<div id=\"attachment_10884\" style=\"width: 510px\" class=\"wp-caption alignnone\"><a href=\"https:\/\/www.naturparkmagazin.de\/vdn\/wp-content\/uploads\/sites\/3\/preview_Wiesmahd_08082016_045_AntonBrey_9192e2db4cb.jpg\"><img aria-describedby=\"caption-attachment-10884\" decoding=\"async\" loading=\"lazy\" class=\"size-full wp-image-10884\" src=\"https:\/\/www.naturparkmagazin.de\/vdn\/wp-content\/uploads\/sites\/3\/preview_Wiesmahd_08082016_045_AntonBrey_9192e2db4cb.jpg\" alt=\"Wiesmahd \u00a9 AntonBrey\" width=\"500\" height=\"300\" srcset=\"https:\/\/www.naturparkmagazin.de\/vdn\/wp-content\/uploads\/sites\/3\/preview_Wiesmahd_08082016_045_AntonBrey_9192e2db4cb.jpg 500w, https:\/\/www.naturparkmagazin.de\/vdn\/wp-content\/uploads\/sites\/3\/preview_Wiesmahd_08082016_045_AntonBrey_9192e2db4cb-300x180.jpg 300w, https:\/\/www.naturparkmagazin.de\/vdn\/wp-content\/uploads\/sites\/3\/preview_Wiesmahd_08082016_045_AntonBrey_9192e2db4cb-200x120.jpg 200w\" sizes=\"(max-width: 500px) 100vw, 500px\" \/><\/a><p id=\"caption-attachment-10884\" class=\"wp-caption-text\">Wiesmahd \u00a9 AntonBrey<\/p><\/div>\n<p>Der erst 2017 ins Leben gerufene Naturpark Ammergauer Alpen ist neben der im Allg\u00e4u gelegenen Nagelfluhkette einer von nur zwei deutschen Alpen-Naturparken und aufgrund seiner \u00e4u\u00dferst vielf\u00e4ltigen und abwechslungsreichen Naturr\u00e4ume sowie Kulturlandschaften Hotspot der Biodiversit\u00e4t und Anziehungspunkt sowie Sehnsuchtsort f\u00fcr unz\u00e4hlige Menschen zugleich.<\/p>\n<p>Auf einer Fl\u00e4che von insgesamt 227,38 km\u00b2 liegt der Naturpark vollst\u00e4ndig innerhalb des Landkreises Garmisch-Partenkirchen im \u00e4u\u00dfersten S\u00fcden Bayerns. Charakteristisch ist die gro\u00dfe Vielfalt unterschiedlicher Lebensr\u00e4ume: Felsige Dolomit-Gebirgsk\u00e4mme bis zu einer H\u00f6he von \u00fcber 2000\u00a0Meter \u00fcber Meeresspiegel, mystische Bergw\u00e4lder und Moore, idyllische Almen und Wiesmahdh\u00e4nge, einer der letzten naturnahen Alpenfl\u00fcsse und traditionsreiche Orte wie Oberammergau oder Ettal \u2013 der Naturpark Ammergauer Alpen ist mit einer schier unendlichen Anzahl an typisch-bayerischen Postkartenmotiven gesegnet.<\/p>\n<div id=\"attachment_10885\" style=\"width: 510px\" class=\"wp-caption alignnone\"><a href=\"https:\/\/www.naturparkmagazin.de\/vdn\/wp-content\/uploads\/sites\/3\/Ammer-zw-Bad-Bayersoien-und-Kammerl-CC-Thorsten-Unseld-8-b.jpg\"><img aria-describedby=\"caption-attachment-10885\" decoding=\"async\" loading=\"lazy\" class=\"wp-image-10885 size-full\" src=\"https:\/\/www.naturparkmagazin.de\/vdn\/wp-content\/uploads\/sites\/3\/Ammer-zw-Bad-Bayersoien-und-Kammerl-CC-Thorsten-Unseld-8-b.jpg\" alt=\"Ammer-zw-Bad-Bayersoien und Kammerl \u00a9 Thorsten-Unseld\" width=\"500\" height=\"300\" srcset=\"https:\/\/www.naturparkmagazin.de\/vdn\/wp-content\/uploads\/sites\/3\/Ammer-zw-Bad-Bayersoien-und-Kammerl-CC-Thorsten-Unseld-8-b.jpg 500w, https:\/\/www.naturparkmagazin.de\/vdn\/wp-content\/uploads\/sites\/3\/Ammer-zw-Bad-Bayersoien-und-Kammerl-CC-Thorsten-Unseld-8-b-300x180.jpg 300w, https:\/\/www.naturparkmagazin.de\/vdn\/wp-content\/uploads\/sites\/3\/Ammer-zw-Bad-Bayersoien-und-Kammerl-CC-Thorsten-Unseld-8-b-200x120.jpg 200w\" sizes=\"(max-width: 500px) 100vw, 500px\" \/><\/a><p id=\"caption-attachment-10885\" class=\"wp-caption-text\">Ammer zwischen Bad Bayersoien und Kammerl \u00a9 Thorsten-Unseld<\/p><\/div>\n<p>Zahlreiche Besonderheiten, wie die h\u00f6chste Gebirgsartenvielfalt und die gr\u00f6\u00dfte H\u00f6henspanne (800\u00a0-2.185 m.\u00fc.M.) aller deutschen Naturparke, f\u00fchren dazu, dass der Naturpark als wahrlich einzigartig gelten kann. Spitzenreiter im Naturparksystem ist er zudem auch bei Arten des alpiden und nordisch-subarktischen Verbreitungstyps einschlie\u00dflich der Eiszeitreliktpflanzen und -tiere. Das Biotopspektrum reicht vom l\u00e4ngsten intakten Flusscanyon Deutschlands entlang der Ammer \u00fcber einige der bedeutendsten Talmoore und Quellgebiete des Alpenraumes bis zum gro\u00dffl\u00e4chig naturnahen alpinen Rasen. Die ausgedehnten Waldgebiete sind gepr\u00e4gt vom extremen Kontrast zwischen urwaldnahen Naturw\u00e4ldern und labilen Altersklassenforsten.<\/p>\n<div id=\"attachment_10886\" style=\"width: 510px\" class=\"wp-caption alignnone\"><a href=\"https:\/\/www.naturparkmagazin.de\/vdn\/wp-content\/uploads\/sites\/3\/Nebel-ueber-Wald-am-Laber-Bernd-Ritschelbf.jpg\"><img aria-describedby=\"caption-attachment-10886\" decoding=\"async\" loading=\"lazy\" class=\"size-full wp-image-10886\" src=\"https:\/\/www.naturparkmagazin.de\/vdn\/wp-content\/uploads\/sites\/3\/Nebel-ueber-Wald-am-Laber-Bernd-Ritschelbf.jpg\" alt=\"Nebel \u00fcber dem Wald am Laber \u00a9 Bernd Ritschel\" width=\"500\" height=\"300\" srcset=\"https:\/\/www.naturparkmagazin.de\/vdn\/wp-content\/uploads\/sites\/3\/Nebel-ueber-Wald-am-Laber-Bernd-Ritschelbf.jpg 500w, https:\/\/www.naturparkmagazin.de\/vdn\/wp-content\/uploads\/sites\/3\/Nebel-ueber-Wald-am-Laber-Bernd-Ritschelbf-300x180.jpg 300w, https:\/\/www.naturparkmagazin.de\/vdn\/wp-content\/uploads\/sites\/3\/Nebel-ueber-Wald-am-Laber-Bernd-Ritschelbf-200x120.jpg 200w\" sizes=\"(max-width: 500px) 100vw, 500px\" \/><\/a><p id=\"caption-attachment-10886\" class=\"wp-caption-text\">Nebel \u00fcber dem Wald am Laber \u00a9 Bernd Ritschel<\/p><\/div>\n<p>Um die eindrucksvollen Kultur- und Natursch\u00f6nheiten der Region zu bewahren, richten sich die Ziele des Naturpark Ammergauer Alpen explizit nach den jeweiligen Protokollen der Alpenkonvention, was die Region zum Vorbildgebiet f\u00fcr die Umsetzung von nachhaltigen Projekten und Ma\u00dfnahmen in den Bereichen Regionalentwicklung, Umweltbildung, Tourismus und Umweltschutz macht. Eine Besonderheit ist dabei die fl\u00e4chenm\u00e4\u00dfige Deckungsgleichheit des Naturparks mit dem Gebiet des Tourismusverbandes der Ammergauer Alpen, was die Schlagkraft speziell im Hinblick auf nachhaltige touristische Projekte deutlich erh\u00f6ht.<\/p>\n<div id=\"attachment_10887\" style=\"width: 510px\" class=\"wp-caption alignnone\"><a href=\"https:\/\/www.naturparkmagazin.de\/vdn\/wp-content\/uploads\/sites\/3\/preview_HinteresHoernle_07092016_086_AntonBrey_e9ab3a2dcfb.jpg\"><img aria-describedby=\"caption-attachment-10887\" decoding=\"async\" loading=\"lazy\" class=\"size-full wp-image-10887\" src=\"https:\/\/www.naturparkmagazin.de\/vdn\/wp-content\/uploads\/sites\/3\/preview_HinteresHoernle_07092016_086_AntonBrey_e9ab3a2dcfb.jpg\" alt=\"Hinteres H\u00f6rnle \u00a9 AntonBrey\" width=\"500\" height=\"300\" srcset=\"https:\/\/www.naturparkmagazin.de\/vdn\/wp-content\/uploads\/sites\/3\/preview_HinteresHoernle_07092016_086_AntonBrey_e9ab3a2dcfb.jpg 500w, https:\/\/www.naturparkmagazin.de\/vdn\/wp-content\/uploads\/sites\/3\/preview_HinteresHoernle_07092016_086_AntonBrey_e9ab3a2dcfb-300x180.jpg 300w, https:\/\/www.naturparkmagazin.de\/vdn\/wp-content\/uploads\/sites\/3\/preview_HinteresHoernle_07092016_086_AntonBrey_e9ab3a2dcfb-200x120.jpg 200w\" sizes=\"(max-width: 500px) 100vw, 500px\" \/><\/a><p id=\"caption-attachment-10887\" class=\"wp-caption-text\">Hinteres H\u00f6rnle \u00a9 AntonBrey<\/p><\/div>\n<p>Spannende Themen- und Weitwanderwege wie der Meditationsweg, der von der barocken Erhabenheit der Wieskirche quer durch alle sechs Naturparkgemeinden bis hin zum schlossgewordenen Traum von K\u00f6nig Ludwig II. in Linderhof f\u00fchrt, erschlie\u00dfen die unz\u00e4hligen Natur- und Kulturhighlights der Ammergauer Alpen.<\/p>\n<p>Die Ammergauer Alpen faszinieren und ern\u00e4hren die Menschen seit Jahrtausenden und haben schon bayerische K\u00f6nige wie Ludwig II. verzaubert. Und damit die Menschen auch in Zukunft in der Lage sein werden, die Sch\u00f6nheit der Region zu genie\u00dfen, leistet der Naturpark Ammergauer Alpen von nun an einen wichtigen Beitrag.<\/p>\n<p>&nbsp;<\/p>\n","protected":false},"excerpt":{"rendered":"<p>Felsige Dolomit-Gebirgsk\u00e4mme bis zu einer H\u00f6he von \u00fcber 2000 Metern \u00fcber dem Meeresspiegel, mystische Bergw\u00e4lder und Moore, idyllische Almen und Wiesmahdh\u00e4nge, einer der letzten naturnahen Alpenfl\u00fcsse und traditionsreiche Orte wie Oberammergau oder Ettal \u2013 der Naturpark Ammergauer Alpen ist mit einer schier unendlichen Anzahl an typisch-bayerischen Postkartenmotiven gesegnet.<\/p>\n","protected":false},"author":73,"featured_media":10881,"comment_status":"open","ping_status":"open","sticky":false,"template":"","format":"standard","meta":{"_links_to":"","_links_to_target":""},"categories":[15],"tags":[1590,1581,1586,1589,1584,1542,1588,1591,1583,1540,1587,1557,1585,1592,1580,1582],"yoast_head":"<!-- This site is optimized with the Yoast SEO plugin v19.10 - https:\/\/yoast.com\/wordpress\/plugins\/seo\/ -->\n<title>Naturpark Ammergauer Alpen<\/title>\n<meta name=\"description\" content=\"Felsige Dolomit-Gebirgsk\u00e4mme bis zu einer H\u00f6he von \u00fcber 2000 Metern \u00fcber dem Meeresspiegel, mystische Bergw\u00e4lder und Moore, idyllische Almen und Wiesmahdh\u00e4nge, einer der letzten naturnahen Alpenfl\u00fcsse und traditionsreiche Orte wie Oberammergau oder Ettal \u2013 der Naturpark Ammergauer Alpen ist mit einer schier unendlichen Anzahl an typisch-bayerischen Postkartenmotiven gesegnet.\" \/>\n<meta name=\"robots\" content=\"index, follow, max-snippet:-1, max-image-preview:large, max-video-preview:-1\" \/>\n<link rel=\"canonical\" href=\"https:\/\/www.naturparkmagazin.de\/vdn\/naturpark-ammergauer-alpen\/\" \/>\n<meta property=\"og:locale\" content=\"de_DE\" \/>\n<meta property=\"og:type\" content=\"article\" \/>\n<meta property=\"og:title\" content=\"Naturpark Ammergauer Alpen\" \/>\n<meta property=\"og:description\" content=\"Felsige Dolomit-Gebirgsk\u00e4mme bis zu einer H\u00f6he von \u00fcber 2000 Metern \u00fcber dem Meeresspiegel, mystische Bergw\u00e4lder und Moore, idyllische Almen und Wiesmahdh\u00e4nge, einer der letzten naturnahen Alpenfl\u00fcsse und traditionsreiche Orte wie Oberammergau oder Ettal \u2013 der Naturpark Ammergauer Alpen ist mit einer schier unendlichen Anzahl an typisch-bayerischen Postkartenmotiven gesegnet.\" \/>\n<meta property=\"og:url\" content=\"https:\/\/www.naturparkmagazin.de\/vdn\/naturpark-ammergauer-alpen\/\" \/>\n<meta property=\"og:site_name\" content=\"Verband Deutscher Naturparke\" \/>\n<meta property=\"article:published_time\" content=\"2018-12-12T16:49:04+00:00\" \/>\n<meta property=\"article:modified_time\" content=\"2019-01-25T13:54:22+00:00\" \/>\n<meta property=\"og:image\" content=\"https:\/\/www.naturparkmagazin.de\/vdn\/wp-content\/uploads\/sites\/3\/Klettergebiet-Ettaler-Manndl-CC-Thomas-Bichlerbf.jpg\" \/>\n\t<meta property=\"og:image:width\" content=\"200\" \/>\n\t<meta property=\"og:image:height\" content=\"200\" \/>\n\t<meta property=\"og:image:type\" content=\"image\/jpeg\" \/>\n<meta name=\"author\" content=\"manuelamerz\" \/>\n<meta name=\"twitter:label1\" content=\"Verfasst von\" \/>\n\t<meta name=\"twitter:data1\" content=\"manuelamerz\" \/>\n\t<meta name=\"twitter:label2\" content=\"Gesch\u00e4tzte Lesezeit\" \/>\n\t<meta name=\"twitter:data2\" content=\"2\u00a0Minuten\" \/>\n<script type=\"application\/ld+json\" class=\"yoast-schema-graph\">{\"@context\":\"https:\/\/schema.org\",\"@graph\":[{\"@type\":\"WebPage\",\"@id\":\"https:\/\/www.naturparkmagazin.de\/vdn\/naturpark-ammergauer-alpen\/\",\"url\":\"https:\/\/www.naturparkmagazin.de\/vdn\/naturpark-ammergauer-alpen\/\",\"name\":\"Naturpark Ammergauer Alpen\",\"isPartOf\":{\"@id\":\"https:\/\/www.naturparkmagazin.de\/vdn\/#website\"},\"datePublished\":\"2018-12-12T16:49:04+00:00\",\"dateModified\":\"2019-01-25T13:54:22+00:00\",\"author\":{\"@id\":\"https:\/\/www.naturparkmagazin.de\/vdn\/#\/schema\/person\/3cff9b8773ed55f0189255fa9adfd57c\"},\"description\":\"Felsige Dolomit-Gebirgsk\u00e4mme bis zu einer H\u00f6he von \u00fcber 2000 Metern \u00fcber dem Meeresspiegel, mystische Bergw\u00e4lder und Moore, idyllische Almen und Wiesmahdh\u00e4nge, einer der letzten naturnahen Alpenfl\u00fcsse und traditionsreiche Orte wie Oberammergau oder Ettal \u2013 der Naturpark Ammergauer Alpen ist mit einer schier unendlichen Anzahl an typisch-bayerischen Postkartenmotiven gesegnet.\",\"breadcrumb\":{\"@id\":\"https:\/\/www.naturparkmagazin.de\/vdn\/naturpark-ammergauer-alpen\/#breadcrumb\"},\"inLanguage\":\"de\",\"potentialAction\":[{\"@type\":\"ReadAction\",\"target\":[\"https:\/\/www.naturparkmagazin.de\/vdn\/naturpark-ammergauer-alpen\/\"]}]},{\"@type\":\"BreadcrumbList\",\"@id\":\"https:\/\/www.naturparkmagazin.de\/vdn\/naturpark-ammergauer-alpen\/#breadcrumb\",\"itemListElement\":[{\"@type\":\"ListItem\",\"position\":1,\"name\":\"Home\",\"item\":\"https:\/\/www.naturparkmagazin.de\/vdn\/\"},{\"@type\":\"ListItem\",\"position\":2,\"name\":\"Naturpark Ammergauer Alpen\"}]},{\"@type\":\"WebSite\",\"@id\":\"https:\/\/www.naturparkmagazin.de\/vdn\/#website\",\"url\":\"https:\/\/www.naturparkmagazin.de\/vdn\/\",\"name\":\"Verband Deutscher Naturparke\",\"description\":\"Eine weitere Naturparkmagazin.de Netzwerk Seite\",\"potentialAction\":[{\"@type\":\"SearchAction\",\"target\":{\"@type\":\"EntryPoint\",\"urlTemplate\":\"https:\/\/www.naturparkmagazin.de\/vdn\/?s={search_term_string}\"},\"query-input\":\"required name=search_term_string\"}],\"inLanguage\":\"de\"},{\"@type\":\"Person\",\"@id\":\"https:\/\/www.naturparkmagazin.de\/vdn\/#\/schema\/person\/3cff9b8773ed55f0189255fa9adfd57c\",\"name\":\"manuelamerz\",\"url\":\"https:\/\/www.naturparkmagazin.de\/vdn\/author\/manuelamerz\/\"}]}<\/script>\n<!-- \/ Yoast SEO plugin. -->","yoast_head_json":{"title":"Naturpark Ammergauer Alpen","description":"Felsige Dolomit-Gebirgsk\u00e4mme bis zu einer H\u00f6he von \u00fcber 2000 Metern \u00fcber dem Meeresspiegel, mystische Bergw\u00e4lder und Moore, idyllische Almen und Wiesmahdh\u00e4nge, einer der letzten naturnahen Alpenfl\u00fcsse und traditionsreiche Orte wie Oberammergau oder Ettal \u2013 der Naturpark Ammergauer Alpen ist mit einer schier unendlichen Anzahl an typisch-bayerischen Postkartenmotiven gesegnet.","robots":{"index":"index","follow":"follow","max-snippet":"max-snippet:-1","max-image-preview":"max-image-preview:large","max-video-preview":"max-video-preview:-1"},"canonical":"https:\/\/www.naturparkmagazin.de\/vdn\/naturpark-ammergauer-alpen\/","og_locale":"de_DE","og_type":"article","og_title":"Naturpark Ammergauer Alpen","og_description":"Felsige Dolomit-Gebirgsk\u00e4mme bis zu einer H\u00f6he von \u00fcber 2000 Metern \u00fcber dem Meeresspiegel, mystische Bergw\u00e4lder und Moore, idyllische Almen und Wiesmahdh\u00e4nge, einer der letzten naturnahen Alpenfl\u00fcsse und traditionsreiche Orte wie Oberammergau oder Ettal \u2013 der Naturpark Ammergauer Alpen ist mit einer schier unendlichen Anzahl an typisch-bayerischen Postkartenmotiven gesegnet.","og_url":"https:\/\/www.naturparkmagazin.de\/vdn\/naturpark-ammergauer-alpen\/","og_site_name":"Verband Deutscher Naturparke","article_published_time":"2018-12-12T16:49:04+00:00","article_modified_time":"2019-01-25T13:54:22+00:00","og_image":[{"width":200,"height":200,"url":"https:\/\/www.naturparkmagazin.de\/vdn\/wp-content\/uploads\/sites\/3\/Klettergebiet-Ettaler-Manndl-CC-Thomas-Bichlerbf.jpg","type":"image\/jpeg"}],"author":"manuelamerz","twitter_misc":{"Verfasst von":"manuelamerz","Gesch\u00e4tzte Lesezeit":"2\u00a0Minuten"},"schema":{"@context":"https:\/\/schema.org","@graph":[{"@type":"WebPage","@id":"https:\/\/www.naturparkmagazin.de\/vdn\/naturpark-ammergauer-alpen\/","url":"https:\/\/www.naturparkmagazin.de\/vdn\/naturpark-ammergauer-alpen\/","name":"Naturpark Ammergauer Alpen","isPartOf":{"@id":"https:\/\/www.naturparkmagazin.de\/vdn\/#website"},"datePublished":"2018-12-12T16:49:04+00:00","dateModified":"2019-01-25T13:54:22+00:00","author":{"@id":"https:\/\/www.naturparkmagazin.de\/vdn\/#\/schema\/person\/3cff9b8773ed55f0189255fa9adfd57c"},"description":"Felsige Dolomit-Gebirgsk\u00e4mme bis zu einer H\u00f6he von \u00fcber 2000 Metern \u00fcber dem Meeresspiegel, mystische Bergw\u00e4lder und Moore, idyllische Almen und Wiesmahdh\u00e4nge, einer der letzten naturnahen Alpenfl\u00fcsse und traditionsreiche Orte wie Oberammergau oder Ettal \u2013 der Naturpark Ammergauer Alpen ist mit einer schier unendlichen Anzahl an typisch-bayerischen Postkartenmotiven gesegnet.","breadcrumb":{"@id":"https:\/\/www.naturparkmagazin.de\/vdn\/naturpark-ammergauer-alpen\/#breadcrumb"},"inLanguage":"de","potentialAction":[{"@type":"ReadAction","target":["https:\/\/www.naturparkmagazin.de\/vdn\/naturpark-ammergauer-alpen\/"]}]},{"@type":"BreadcrumbList","@id":"https:\/\/www.naturparkmagazin.de\/vdn\/naturpark-ammergauer-alpen\/#breadcrumb","itemListElement":[{"@type":"ListItem","position":1,"name":"Home","item":"https:\/\/www.naturparkmagazin.de\/vdn\/"},{"@type":"ListItem","position":2,"name":"Naturpark Ammergauer Alpen"}]},{"@type":"WebSite","@id":"https:\/\/www.naturparkmagazin.de\/vdn\/#website","url":"https:\/\/www.naturparkmagazin.de\/vdn\/","name":"Verband Deutscher Naturparke","description":"Eine weitere Naturparkmagazin.de Netzwerk Seite","potentialAction":[{"@type":"SearchAction","target":{"@type":"EntryPoint","urlTemplate":"https:\/\/www.naturparkmagazin.de\/vdn\/?s={search_term_string}"},"query-input":"required name=search_term_string"}],"inLanguage":"de"},{"@type":"Person","@id":"https:\/\/www.naturparkmagazin.de\/vdn\/#\/schema\/person\/3cff9b8773ed55f0189255fa9adfd57c","name":"manuelamerz","url":"https:\/\/www.naturparkmagazin.de\/vdn\/author\/manuelamerz\/"}]}},"_links":{"self":[{"href":"https:\/\/www.naturparkmagazin.de\/vdn\/wp-json\/wp\/v2\/posts\/10880"}],"collection":[{"href":"https:\/\/www.naturparkmagazin.de\/vdn\/wp-json\/wp\/v2\/posts"}],"about":[{"href":"https:\/\/www.naturparkmagazin.de\/vdn\/wp-json\/wp\/v2\/types\/post"}],"author":[{"embeddable":true,"href":"https:\/\/www.naturparkmagazin.de\/vdn\/wp-json\/wp\/v2\/users\/73"}],"replies":[{"embeddable":true,"href":"https:\/\/www.naturparkmagazin.de\/vdn\/wp-json\/wp\/v2\/comments?post=10880"}],"version-history":[{"count":3,"href":"https:\/\/www.naturparkmagazin.de\/vdn\/wp-json\/wp\/v2\/posts\/10880\/revisions"}],"predecessor-version":[{"id":10890,"href":"https:\/\/www.naturparkmagazin.de\/vdn\/wp-json\/wp\/v2\/posts\/10880\/revisions\/10890"}],"wp:featuredmedia":[{"embeddable":true,"href":"https:\/\/www.naturparkmagazin.de\/vdn\/wp-json\/wp\/v2\/media\/10881"}],"wp:attachment":[{"href":"https:\/\/www.naturparkmagazin.de\/vdn\/wp-json\/wp\/v2\/media?parent=10880"}],"wp:term":[{"taxonomy":"category","embeddable":true,"href":"https:\/\/www.naturparkmagazin.de\/vdn\/wp-json\/wp\/v2\/categories?post=10880"},{"taxonomy":"post_tag","embeddable":true,"href":"https:\/\/www.naturparkmagazin.de\/vdn\/wp-json\/wp\/v2\/tags?post=10880"}],"curies":[{"name":"wp","href":"https:\/\/api.w.org\/{rel}","templated":true}]}}