{"id":10891,"date":"2018-12-12T17:55:27","date_gmt":"2018-12-12T16:55:27","guid":{"rendered":"https:\/\/www.naturparkmagazin.de\/vdn\/?p=10891"},"modified":"2018-12-12T14:06:35","modified_gmt":"2018-12-12T13:06:35","slug":"winterhighlights-entdeckertage-in-naturparken","status":"publish","type":"post","link":"https:\/\/www.naturparkmagazin.de\/vdn\/winterhighlights-entdeckertage-in-naturparken\/","title":{"rendered":"\u201eWinterhighlights\u201c \u2013 Entdeckertage in Naturparken"},"content":{"rendered":"<div id=\"attachment_10892\" style=\"width: 510px\" class=\"wp-caption alignnone\"><a href=\"https:\/\/www.naturparkmagazin.de\/vdn\/wp-content\/uploads\/sites\/3\/Naturpark_Fl\u00e4ming_e_V_David_Ludley_3b.jpg\"><img aria-describedby=\"caption-attachment-10892\" decoding=\"async\" loading=\"lazy\" class=\"size-full wp-image-10892\" src=\"https:\/\/www.naturparkmagazin.de\/vdn\/wp-content\/uploads\/sites\/3\/Naturpark_Fl\u00e4ming_e_V_David_Ludley_3b.jpg\" alt=\"\u00a9 Naturpark Fl\u00e4ming e V David Ludley\" width=\"500\" height=\"300\" srcset=\"https:\/\/www.naturparkmagazin.de\/vdn\/wp-content\/uploads\/sites\/3\/Naturpark_Fl\u00e4ming_e_V_David_Ludley_3b.jpg 500w, https:\/\/www.naturparkmagazin.de\/vdn\/wp-content\/uploads\/sites\/3\/Naturpark_Fl\u00e4ming_e_V_David_Ludley_3b-300x180.jpg 300w, https:\/\/www.naturparkmagazin.de\/vdn\/wp-content\/uploads\/sites\/3\/Naturpark_Fl\u00e4ming_e_V_David_Ludley_3b-200x120.jpg 200w\" sizes=\"(max-width: 500px) 100vw, 500px\" \/><\/a><p id=\"caption-attachment-10892\" class=\"wp-caption-text\">\u00a9 Naturpark Fl\u00e4ming e V David Ludley<\/p><\/div>\n<p>Im Rahmen der \u201eNaturpark-Entdeckertage\u201c k\u00f6nnen Schulen und Kitas jetzt in den Wintermonaten in Deutschlands Naturparken auf Entdeckungsreise gehen. Das Unternehmen CosmosDirekt unterst\u00fctzt als neuer Partner des Verbandes Deutscher Naturparke \u00fcber 40 \u201eNaturpark-Entdeckertage\u201c, die Naturparke in Kooperation mit Schulen oder Kitas bis Ende Februar 2019 durchf\u00fchren werden. Ziel des Projektes ist es, Kindern auch in der kalten Jahreszeit den Zugang zur Natur zu erm\u00f6glichen und Informationen \u00fcber die Natur erlebnisorientiert zu vermitteln.<\/p>\n<p>In Naturparken wird auch der Winter zur Entdeckung. Mit erfahrenen Spurenlesern der Naturparke nach Tierspuren zu fahnden und diese den entsprechenden Tieren zuzuordnen, kann spannender sein als jede Detektivgeschichte. Dabei kann eine Spur weit mehr sein als ein Fu\u00dfabdruck: Ein Erdloch, wie es f\u00fcr den Dachs typisch ist; eine Suhle am Waldboden, die Wildschweine hinterlassen haben; Eierschalen, Kot oder Gew\u00f6lle: Das alles kann eine Menge \u00fcber Tiere in unserer Natur erz\u00e4hlen. Nester von V\u00f6geln und Eichh\u00f6rnchen lassen sich erst jetzt, im winterlichen, kahlen Ge\u00e4st der B\u00e4ume, richtig entdecken. Winterzeit, das bedeutet f\u00fcr viele Tiere auch Nahrungsmangel. Deshalb erz\u00e4hlen viele Spuren auch von der Nahrungssuche und den Essgewohnheiten der Tiere und wie sich oft um ein paar Samenk\u00f6rnchen gestritten wird.<\/p>\n<p>Was die Kinder dabei alles erlebt und entdeckt haben, k\u00f6nnen Sie fortlaufend <a href=\"https:\/\/www.naturparke.de\/aufgaben-ziele\/bildung\/naturpark-entdeckertage.html\" target=\"_blank\">hier<\/a> nachlesen. Sie d\u00fcrfen gespannt sein!<\/p>\n<p>&nbsp;<\/p>\n<div id=\"attachment_10894\" style=\"width: 510px\" class=\"wp-caption alignnone\"><a href=\"https:\/\/www.naturparkmagazin.de\/vdn\/wp-content\/uploads\/sites\/3\/fuchs-2-3-18b.jpg\"><img aria-describedby=\"caption-attachment-10894\" decoding=\"async\" loading=\"lazy\" class=\"size-full wp-image-10894\" src=\"https:\/\/www.naturparkmagazin.de\/vdn\/wp-content\/uploads\/sites\/3\/fuchs-2-3-18b.jpg\" alt=\"Fuchs im Schnee \u00a9 VDN \/ Johannes Brenner\" width=\"500\" height=\"300\" srcset=\"https:\/\/www.naturparkmagazin.de\/vdn\/wp-content\/uploads\/sites\/3\/fuchs-2-3-18b.jpg 500w, https:\/\/www.naturparkmagazin.de\/vdn\/wp-content\/uploads\/sites\/3\/fuchs-2-3-18b-300x180.jpg 300w, https:\/\/www.naturparkmagazin.de\/vdn\/wp-content\/uploads\/sites\/3\/fuchs-2-3-18b-200x120.jpg 200w\" sizes=\"(max-width: 500px) 100vw, 500px\" \/><\/a><p id=\"caption-attachment-10894\" class=\"wp-caption-text\">Fuchs im Schnee \u00a9 VDN \/ Johannes Brenner<\/p><\/div>\n<p>&nbsp;<\/p>\n","protected":false},"excerpt":{"rendered":"<p>Wer denkt, dass die Natur im Winter nichts Spannendes zu bieten hat, der wird bei den Naturpark-Entdeckertagen in Deutschlands Naturparken eines Besseren belehrt. <\/p>\n","protected":false},"author":73,"featured_media":10893,"comment_status":"open","ping_status":"open","sticky":false,"template":"","format":"standard","meta":{"_links_to":"","_links_to_target":""},"categories":[51],"tags":[1593,1595,1594,3154,41,1054,1596],"yoast_head":"<!-- This site is optimized with the Yoast SEO plugin v19.10 - https:\/\/yoast.com\/wordpress\/plugins\/seo\/ -->\n<title>\u201eWinterhighlights\u201c \u2013 Entdeckertage in Naturparken<\/title>\n<meta name=\"description\" content=\"Wer denkt, dass die Natur im Winter nichts Spannendes zu bieten hat, der wird bei den Naturpark-Entdeckertagen in Deutschlands Naturparken eines Besseren belehrt.\" \/>\n<meta name=\"robots\" content=\"index, follow, max-snippet:-1, max-image-preview:large, max-video-preview:-1\" \/>\n<link rel=\"canonical\" href=\"https:\/\/www.naturparkmagazin.de\/vdn\/winterhighlights-entdeckertage-in-naturparken\/\" \/>\n<meta property=\"og:locale\" content=\"de_DE\" \/>\n<meta property=\"og:type\" content=\"article\" \/>\n<meta property=\"og:title\" content=\"\u201eWinterhighlights\u201c \u2013 Entdeckertage in Naturparken\" \/>\n<meta property=\"og:description\" content=\"Wer denkt, dass die Natur im Winter nichts Spannendes zu bieten hat, der wird bei den Naturpark-Entdeckertagen in Deutschlands Naturparken eines Besseren belehrt.\" \/>\n<meta property=\"og:url\" content=\"https:\/\/www.naturparkmagazin.de\/vdn\/winterhighlights-entdeckertage-in-naturparken\/\" \/>\n<meta property=\"og:site_name\" content=\"Verband Deutscher Naturparke\" \/>\n<meta property=\"article:published_time\" content=\"2018-12-12T16:55:27+00:00\" \/>\n<meta property=\"article:modified_time\" content=\"2018-12-12T13:06:35+00:00\" \/>\n<meta property=\"og:image\" content=\"https:\/\/www.naturparkmagazin.de\/vdn\/wp-content\/uploads\/sites\/3\/Naturpark_Fl\u00e4ming_e_V_David_Ludley_3bf.jpg\" \/>\n\t<meta property=\"og:image:width\" content=\"200\" \/>\n\t<meta property=\"og:image:height\" content=\"200\" \/>\n\t<meta property=\"og:image:type\" content=\"image\/jpeg\" \/>\n<meta name=\"author\" content=\"manuelamerz\" \/>\n<meta name=\"twitter:label1\" content=\"Verfasst von\" \/>\n\t<meta name=\"twitter:data1\" content=\"manuelamerz\" \/>\n\t<meta name=\"twitter:label2\" content=\"Gesch\u00e4tzte Lesezeit\" \/>\n\t<meta name=\"twitter:data2\" content=\"1\u00a0Minute\" \/>\n<script type=\"application\/ld+json\" class=\"yoast-schema-graph\">{\"@context\":\"https:\/\/schema.org\",\"@graph\":[{\"@type\":\"WebPage\",\"@id\":\"https:\/\/www.naturparkmagazin.de\/vdn\/winterhighlights-entdeckertage-in-naturparken\/\",\"url\":\"https:\/\/www.naturparkmagazin.de\/vdn\/winterhighlights-entdeckertage-in-naturparken\/\",\"name\":\"\u201eWinterhighlights\u201c \u2013 Entdeckertage in Naturparken\",\"isPartOf\":{\"@id\":\"https:\/\/www.naturparkmagazin.de\/vdn\/#website\"},\"datePublished\":\"2018-12-12T16:55:27+00:00\",\"dateModified\":\"2018-12-12T13:06:35+00:00\",\"author\":{\"@id\":\"https:\/\/www.naturparkmagazin.de\/vdn\/#\/schema\/person\/3cff9b8773ed55f0189255fa9adfd57c\"},\"description\":\"Wer denkt, dass die Natur im Winter nichts Spannendes zu bieten hat, der wird bei den Naturpark-Entdeckertagen in Deutschlands Naturparken eines Besseren belehrt.\",\"breadcrumb\":{\"@id\":\"https:\/\/www.naturparkmagazin.de\/vdn\/winterhighlights-entdeckertage-in-naturparken\/#breadcrumb\"},\"inLanguage\":\"de\",\"potentialAction\":[{\"@type\":\"ReadAction\",\"target\":[\"https:\/\/www.naturparkmagazin.de\/vdn\/winterhighlights-entdeckertage-in-naturparken\/\"]}]},{\"@type\":\"BreadcrumbList\",\"@id\":\"https:\/\/www.naturparkmagazin.de\/vdn\/winterhighlights-entdeckertage-in-naturparken\/#breadcrumb\",\"itemListElement\":[{\"@type\":\"ListItem\",\"position\":1,\"name\":\"Home\",\"item\":\"https:\/\/www.naturparkmagazin.de\/vdn\/\"},{\"@type\":\"ListItem\",\"position\":2,\"name\":\"\u201eWinterhighlights\u201c \u2013 Entdeckertage in Naturparken\"}]},{\"@type\":\"WebSite\",\"@id\":\"https:\/\/www.naturparkmagazin.de\/vdn\/#website\",\"url\":\"https:\/\/www.naturparkmagazin.de\/vdn\/\",\"name\":\"Verband Deutscher Naturparke\",\"description\":\"Eine weitere Naturparkmagazin.de Netzwerk Seite\",\"potentialAction\":[{\"@type\":\"SearchAction\",\"target\":{\"@type\":\"EntryPoint\",\"urlTemplate\":\"https:\/\/www.naturparkmagazin.de\/vdn\/?s={search_term_string}\"},\"query-input\":\"required name=search_term_string\"}],\"inLanguage\":\"de\"},{\"@type\":\"Person\",\"@id\":\"https:\/\/www.naturparkmagazin.de\/vdn\/#\/schema\/person\/3cff9b8773ed55f0189255fa9adfd57c\",\"name\":\"manuelamerz\",\"url\":\"https:\/\/www.naturparkmagazin.de\/vdn\/author\/manuelamerz\/\"}]}<\/script>\n<!-- \/ Yoast SEO plugin. -->","yoast_head_json":{"title":"\u201eWinterhighlights\u201c \u2013 Entdeckertage in Naturparken","description":"Wer denkt, dass die Natur im Winter nichts Spannendes zu bieten hat, der wird bei den Naturpark-Entdeckertagen in Deutschlands Naturparken eines Besseren belehrt.","robots":{"index":"index","follow":"follow","max-snippet":"max-snippet:-1","max-image-preview":"max-image-preview:large","max-video-preview":"max-video-preview:-1"},"canonical":"https:\/\/www.naturparkmagazin.de\/vdn\/winterhighlights-entdeckertage-in-naturparken\/","og_locale":"de_DE","og_type":"article","og_title":"\u201eWinterhighlights\u201c \u2013 Entdeckertage in Naturparken","og_description":"Wer denkt, dass die Natur im Winter nichts Spannendes zu bieten hat, der wird bei den Naturpark-Entdeckertagen in Deutschlands Naturparken eines Besseren belehrt.","og_url":"https:\/\/www.naturparkmagazin.de\/vdn\/winterhighlights-entdeckertage-in-naturparken\/","og_site_name":"Verband Deutscher Naturparke","article_published_time":"2018-12-12T16:55:27+00:00","article_modified_time":"2018-12-12T13:06:35+00:00","og_image":[{"width":200,"height":200,"url":"https:\/\/www.naturparkmagazin.de\/vdn\/wp-content\/uploads\/sites\/3\/Naturpark_Fl\u00e4ming_e_V_David_Ludley_3bf.jpg","type":"image\/jpeg"}],"author":"manuelamerz","twitter_misc":{"Verfasst von":"manuelamerz","Gesch\u00e4tzte Lesezeit":"1\u00a0Minute"},"schema":{"@context":"https:\/\/schema.org","@graph":[{"@type":"WebPage","@id":"https:\/\/www.naturparkmagazin.de\/vdn\/winterhighlights-entdeckertage-in-naturparken\/","url":"https:\/\/www.naturparkmagazin.de\/vdn\/winterhighlights-entdeckertage-in-naturparken\/","name":"\u201eWinterhighlights\u201c \u2013 Entdeckertage in Naturparken","isPartOf":{"@id":"https:\/\/www.naturparkmagazin.de\/vdn\/#website"},"datePublished":"2018-12-12T16:55:27+00:00","dateModified":"2018-12-12T13:06:35+00:00","author":{"@id":"https:\/\/www.naturparkmagazin.de\/vdn\/#\/schema\/person\/3cff9b8773ed55f0189255fa9adfd57c"},"description":"Wer denkt, dass die Natur im Winter nichts Spannendes zu bieten hat, der wird bei den Naturpark-Entdeckertagen in Deutschlands Naturparken eines Besseren belehrt.","breadcrumb":{"@id":"https:\/\/www.naturparkmagazin.de\/vdn\/winterhighlights-entdeckertage-in-naturparken\/#breadcrumb"},"inLanguage":"de","potentialAction":[{"@type":"ReadAction","target":["https:\/\/www.naturparkmagazin.de\/vdn\/winterhighlights-entdeckertage-in-naturparken\/"]}]},{"@type":"BreadcrumbList","@id":"https:\/\/www.naturparkmagazin.de\/vdn\/winterhighlights-entdeckertage-in-naturparken\/#breadcrumb","itemListElement":[{"@type":"ListItem","position":1,"name":"Home","item":"https:\/\/www.naturparkmagazin.de\/vdn\/"},{"@type":"ListItem","position":2,"name":"\u201eWinterhighlights\u201c \u2013 Entdeckertage in Naturparken"}]},{"@type":"WebSite","@id":"https:\/\/www.naturparkmagazin.de\/vdn\/#website","url":"https:\/\/www.naturparkmagazin.de\/vdn\/","name":"Verband Deutscher Naturparke","description":"Eine weitere Naturparkmagazin.de Netzwerk Seite","potentialAction":[{"@type":"SearchAction","target":{"@type":"EntryPoint","urlTemplate":"https:\/\/www.naturparkmagazin.de\/vdn\/?s={search_term_string}"},"query-input":"required name=search_term_string"}],"inLanguage":"de"},{"@type":"Person","@id":"https:\/\/www.naturparkmagazin.de\/vdn\/#\/schema\/person\/3cff9b8773ed55f0189255fa9adfd57c","name":"manuelamerz","url":"https:\/\/www.naturparkmagazin.de\/vdn\/author\/manuelamerz\/"}]}},"_links":{"self":[{"href":"https:\/\/www.naturparkmagazin.de\/vdn\/wp-json\/wp\/v2\/posts\/10891"}],"collection":[{"href":"https:\/\/www.naturparkmagazin.de\/vdn\/wp-json\/wp\/v2\/posts"}],"about":[{"href":"https:\/\/www.naturparkmagazin.de\/vdn\/wp-json\/wp\/v2\/types\/post"}],"author":[{"embeddable":true,"href":"https:\/\/www.naturparkmagazin.de\/vdn\/wp-json\/wp\/v2\/users\/73"}],"replies":[{"embeddable":true,"href":"https:\/\/www.naturparkmagazin.de\/vdn\/wp-json\/wp\/v2\/comments?post=10891"}],"version-history":[{"count":1,"href":"https:\/\/www.naturparkmagazin.de\/vdn\/wp-json\/wp\/v2\/posts\/10891\/revisions"}],"predecessor-version":[{"id":10895,"href":"https:\/\/www.naturparkmagazin.de\/vdn\/wp-json\/wp\/v2\/posts\/10891\/revisions\/10895"}],"wp:featuredmedia":[{"embeddable":true,"href":"https:\/\/www.naturparkmagazin.de\/vdn\/wp-json\/wp\/v2\/media\/10893"}],"wp:attachment":[{"href":"https:\/\/www.naturparkmagazin.de\/vdn\/wp-json\/wp\/v2\/media?parent=10891"}],"wp:term":[{"taxonomy":"category","embeddable":true,"href":"https:\/\/www.naturparkmagazin.de\/vdn\/wp-json\/wp\/v2\/categories?post=10891"},{"taxonomy":"post_tag","embeddable":true,"href":"https:\/\/www.naturparkmagazin.de\/vdn\/wp-json\/wp\/v2\/tags?post=10891"}],"curies":[{"name":"wp","href":"https:\/\/api.w.org\/{rel}","templated":true}]}}