{"id":10961,"date":"2019-01-15T14:43:52","date_gmt":"2019-01-15T13:43:52","guid":{"rendered":"https:\/\/www.naturparkmagazin.de\/vdn\/?p=10961"},"modified":"2019-02-14T16:28:28","modified_gmt":"2019-02-14T15:28:28","slug":"vdn-auf-der-gruenen-woche-2019","status":"publish","type":"post","link":"https:\/\/www.naturparkmagazin.de\/vdn\/vdn-auf-der-gruenen-woche-2019\/","title":{"rendered":"VDN auf der Gr\u00fcnen Woche 2019"},"content":{"rendered":"<div id=\"attachment_10978\" style=\"width: 310px\" class=\"wp-caption alignnone\"><a href=\"https:\/\/www.naturparkmagazin.de\/vdn\/wp-content\/uploads\/sites\/3\/Heuwinkel_Mittelgebirgsstrategie1b.jpg\"><img aria-describedby=\"caption-attachment-10978\" decoding=\"async\" loading=\"lazy\" class=\"size-full wp-image-10978\" src=\"https:\/\/www.naturparkmagazin.de\/vdn\/wp-content\/uploads\/sites\/3\/Heuwinkel_Mittelgebirgsstrategie1b.jpg\" alt=\"Landrat a.D. Friedel Heuwinkel \u00a9 VDN\" width=\"300\" height=\"500\" srcset=\"https:\/\/www.naturparkmagazin.de\/vdn\/wp-content\/uploads\/sites\/3\/Heuwinkel_Mittelgebirgsstrategie1b.jpg 300w, https:\/\/www.naturparkmagazin.de\/vdn\/wp-content\/uploads\/sites\/3\/Heuwinkel_Mittelgebirgsstrategie1b-200x333.jpg 200w\" sizes=\"(max-width: 300px) 100vw, 300px\" \/><\/a><p id=\"caption-attachment-10978\" class=\"wp-caption-text\">Landrat a.D. Friedel Heuwinkel \u00a9 VDN<\/p><\/div>\n<p>Auf der \u201eGr\u00fcnen Woche 2019\u201c lud das Bundesministerium f\u00fcr Ern\u00e4hrung und Landwirtschaft am 23. und 24. Januar zum \u201e12. Zukunftsforum L\u00e4ndliche Entwicklung\u201c ein. Auch der Verband Deutscher Naturparke (VDN) war mit dem Vortrag des VDN-Pr\u00e4sidenten Friedel Heuwinkel in den Fachforen pr\u00e4sent. Im Fachforum \u201eMittelgebirgsstrategie 2030 zur St\u00e4rkung der Mittelgebirgsregionen\u201c stellte er die Aufgaben von Naturparken und ihre Bedeutung f\u00fcr die Mittelgebirgsregionen dar. In seiner Bilanz bieten Naturparke durch ihre Arbeit auf gesetzlicher Grundlage in den vier Themenfeldern \u201eRegionalentwicklung\u201c, \u201eSchutz\u201c, \u201eErholung\u201c und \u201eBildung\u201c einen breiten Ansatz, Mittelgebirgsregionen zu unterst\u00fctzen. Sie verf\u00fcgen \u00fcber etablierte Netzwerke u.a. mit Kommunen, Landwirte, Waldbesitzer, weitere Landnutzer, touristischen Organisationen. Da Naturparke mit langfristiger Perspektive arbeiten, k\u00f6nnen sie f\u00f6rderperioden\u00fcbergreifend Entwicklungen vorantreiben. Daher profitieren Mittelgebirgsregionen erheblich von den Naturparken und k\u00f6nnen durch diese unterst\u00fctzt werden!<\/p>\n<p>&nbsp;<\/p>\n","protected":false},"excerpt":{"rendered":"<p>\u201eMittelgebirgsregionen profitieren erheblich von Naturparken und k\u00f6nnen durch diese unterst\u00fctzt werden\u201c, dies ist Fazit einer Pr\u00e4sentation von VDN-Pr\u00e4sident Friedel Heuwinkel auf der \u201eGr\u00fcnen Woche 2019\u201c in Berlin.<\/p>\n","protected":false},"author":51,"featured_media":10979,"comment_status":"open","ping_status":"open","sticky":false,"template":"","format":"standard","meta":{"_links_to":"","_links_to_target":""},"categories":[7],"tags":[1633,1636,263,1634,1631,3154,486,1635,1632,501],"yoast_head":"<!-- This site is optimized with the Yoast SEO plugin v19.10 - https:\/\/yoast.com\/wordpress\/plugins\/seo\/ -->\n<title>VDN auf der Gr\u00fcnen Woche 2019<\/title>\n<meta name=\"description\" content=\"\u201eMittelgebirgsregionen profitieren erheblich von Naturparken und k\u00f6nnen durch diese unterst\u00fctzt werden\u201c, dies ist Fazit einer Pr\u00e4sentation von VDN-Pr\u00e4sident Friedel Heuwinkel auf der \u201eGr\u00fcnen Woche 2019\u201c in Berlin.\" \/>\n<meta name=\"robots\" content=\"index, follow, max-snippet:-1, max-image-preview:large, max-video-preview:-1\" \/>\n<link rel=\"canonical\" href=\"https:\/\/www.naturparkmagazin.de\/vdn\/vdn-auf-der-gruenen-woche-2019\/\" \/>\n<meta property=\"og:locale\" content=\"de_DE\" \/>\n<meta property=\"og:type\" content=\"article\" \/>\n<meta property=\"og:title\" content=\"VDN auf der Gr\u00fcnen Woche 2019\" \/>\n<meta property=\"og:description\" content=\"\u201eMittelgebirgsregionen profitieren erheblich von Naturparken und k\u00f6nnen durch diese unterst\u00fctzt werden\u201c, dies ist Fazit einer Pr\u00e4sentation von VDN-Pr\u00e4sident Friedel Heuwinkel auf der \u201eGr\u00fcnen Woche 2019\u201c in Berlin.\" \/>\n<meta property=\"og:url\" content=\"https:\/\/www.naturparkmagazin.de\/vdn\/vdn-auf-der-gruenen-woche-2019\/\" \/>\n<meta property=\"og:site_name\" content=\"Verband Deutscher Naturparke\" \/>\n<meta property=\"article:published_time\" content=\"2019-01-15T13:43:52+00:00\" \/>\n<meta property=\"article:modified_time\" content=\"2019-02-14T15:28:28+00:00\" \/>\n<meta property=\"og:image\" content=\"https:\/\/www.naturparkmagazin.de\/vdn\/wp-content\/uploads\/sites\/3\/Heuwinkel_Mittelgebirgsstrategie1bf.jpg\" \/>\n\t<meta property=\"og:image:width\" content=\"200\" \/>\n\t<meta property=\"og:image:height\" content=\"200\" \/>\n\t<meta property=\"og:image:type\" content=\"image\/jpeg\" \/>\n<meta name=\"author\" content=\"beatrixlosem\" \/>\n<meta name=\"twitter:label1\" content=\"Verfasst von\" \/>\n\t<meta name=\"twitter:data1\" content=\"beatrixlosem\" \/>\n\t<meta name=\"twitter:label2\" content=\"Gesch\u00e4tzte Lesezeit\" \/>\n\t<meta name=\"twitter:data2\" content=\"1\u00a0Minute\" \/>\n<script type=\"application\/ld+json\" class=\"yoast-schema-graph\">{\"@context\":\"https:\/\/schema.org\",\"@graph\":[{\"@type\":\"WebPage\",\"@id\":\"https:\/\/www.naturparkmagazin.de\/vdn\/vdn-auf-der-gruenen-woche-2019\/\",\"url\":\"https:\/\/www.naturparkmagazin.de\/vdn\/vdn-auf-der-gruenen-woche-2019\/\",\"name\":\"VDN auf der Gr\u00fcnen Woche 2019\",\"isPartOf\":{\"@id\":\"https:\/\/www.naturparkmagazin.de\/vdn\/#website\"},\"datePublished\":\"2019-01-15T13:43:52+00:00\",\"dateModified\":\"2019-02-14T15:28:28+00:00\",\"author\":{\"@id\":\"https:\/\/www.naturparkmagazin.de\/vdn\/#\/schema\/person\/d71357578c318b6db03be60b1f60396b\"},\"description\":\"\u201eMittelgebirgsregionen profitieren erheblich von Naturparken und k\u00f6nnen durch diese unterst\u00fctzt werden\u201c, dies ist Fazit einer Pr\u00e4sentation von VDN-Pr\u00e4sident Friedel Heuwinkel auf der \u201eGr\u00fcnen Woche 2019\u201c in Berlin.\",\"breadcrumb\":{\"@id\":\"https:\/\/www.naturparkmagazin.de\/vdn\/vdn-auf-der-gruenen-woche-2019\/#breadcrumb\"},\"inLanguage\":\"de\",\"potentialAction\":[{\"@type\":\"ReadAction\",\"target\":[\"https:\/\/www.naturparkmagazin.de\/vdn\/vdn-auf-der-gruenen-woche-2019\/\"]}]},{\"@type\":\"BreadcrumbList\",\"@id\":\"https:\/\/www.naturparkmagazin.de\/vdn\/vdn-auf-der-gruenen-woche-2019\/#breadcrumb\",\"itemListElement\":[{\"@type\":\"ListItem\",\"position\":1,\"name\":\"Home\",\"item\":\"https:\/\/www.naturparkmagazin.de\/vdn\/\"},{\"@type\":\"ListItem\",\"position\":2,\"name\":\"VDN auf der Gr\u00fcnen Woche 2019\"}]},{\"@type\":\"WebSite\",\"@id\":\"https:\/\/www.naturparkmagazin.de\/vdn\/#website\",\"url\":\"https:\/\/www.naturparkmagazin.de\/vdn\/\",\"name\":\"Verband Deutscher Naturparke\",\"description\":\"Eine weitere Naturparkmagazin.de Netzwerk Seite\",\"potentialAction\":[{\"@type\":\"SearchAction\",\"target\":{\"@type\":\"EntryPoint\",\"urlTemplate\":\"https:\/\/www.naturparkmagazin.de\/vdn\/?s={search_term_string}\"},\"query-input\":\"required name=search_term_string\"}],\"inLanguage\":\"de\"},{\"@type\":\"Person\",\"@id\":\"https:\/\/www.naturparkmagazin.de\/vdn\/#\/schema\/person\/d71357578c318b6db03be60b1f60396b\",\"name\":\"beatrixlosem\",\"url\":\"https:\/\/www.naturparkmagazin.de\/vdn\/author\/beatrixlosem\/\"}]}<\/script>\n<!-- \/ Yoast SEO plugin. -->","yoast_head_json":{"title":"VDN auf der Gr\u00fcnen Woche 2019","description":"\u201eMittelgebirgsregionen profitieren erheblich von Naturparken und k\u00f6nnen durch diese unterst\u00fctzt werden\u201c, dies ist Fazit einer Pr\u00e4sentation von VDN-Pr\u00e4sident Friedel Heuwinkel auf der \u201eGr\u00fcnen Woche 2019\u201c in Berlin.","robots":{"index":"index","follow":"follow","max-snippet":"max-snippet:-1","max-image-preview":"max-image-preview:large","max-video-preview":"max-video-preview:-1"},"canonical":"https:\/\/www.naturparkmagazin.de\/vdn\/vdn-auf-der-gruenen-woche-2019\/","og_locale":"de_DE","og_type":"article","og_title":"VDN auf der Gr\u00fcnen Woche 2019","og_description":"\u201eMittelgebirgsregionen profitieren erheblich von Naturparken und k\u00f6nnen durch diese unterst\u00fctzt werden\u201c, dies ist Fazit einer Pr\u00e4sentation von VDN-Pr\u00e4sident Friedel Heuwinkel auf der \u201eGr\u00fcnen Woche 2019\u201c in Berlin.","og_url":"https:\/\/www.naturparkmagazin.de\/vdn\/vdn-auf-der-gruenen-woche-2019\/","og_site_name":"Verband Deutscher Naturparke","article_published_time":"2019-01-15T13:43:52+00:00","article_modified_time":"2019-02-14T15:28:28+00:00","og_image":[{"width":200,"height":200,"url":"https:\/\/www.naturparkmagazin.de\/vdn\/wp-content\/uploads\/sites\/3\/Heuwinkel_Mittelgebirgsstrategie1bf.jpg","type":"image\/jpeg"}],"author":"beatrixlosem","twitter_misc":{"Verfasst von":"beatrixlosem","Gesch\u00e4tzte Lesezeit":"1\u00a0Minute"},"schema":{"@context":"https:\/\/schema.org","@graph":[{"@type":"WebPage","@id":"https:\/\/www.naturparkmagazin.de\/vdn\/vdn-auf-der-gruenen-woche-2019\/","url":"https:\/\/www.naturparkmagazin.de\/vdn\/vdn-auf-der-gruenen-woche-2019\/","name":"VDN auf der Gr\u00fcnen Woche 2019","isPartOf":{"@id":"https:\/\/www.naturparkmagazin.de\/vdn\/#website"},"datePublished":"2019-01-15T13:43:52+00:00","dateModified":"2019-02-14T15:28:28+00:00","author":{"@id":"https:\/\/www.naturparkmagazin.de\/vdn\/#\/schema\/person\/d71357578c318b6db03be60b1f60396b"},"description":"\u201eMittelgebirgsregionen profitieren erheblich von Naturparken und k\u00f6nnen durch diese unterst\u00fctzt werden\u201c, dies ist Fazit einer Pr\u00e4sentation von VDN-Pr\u00e4sident Friedel Heuwinkel auf der \u201eGr\u00fcnen Woche 2019\u201c in Berlin.","breadcrumb":{"@id":"https:\/\/www.naturparkmagazin.de\/vdn\/vdn-auf-der-gruenen-woche-2019\/#breadcrumb"},"inLanguage":"de","potentialAction":[{"@type":"ReadAction","target":["https:\/\/www.naturparkmagazin.de\/vdn\/vdn-auf-der-gruenen-woche-2019\/"]}]},{"@type":"BreadcrumbList","@id":"https:\/\/www.naturparkmagazin.de\/vdn\/vdn-auf-der-gruenen-woche-2019\/#breadcrumb","itemListElement":[{"@type":"ListItem","position":1,"name":"Home","item":"https:\/\/www.naturparkmagazin.de\/vdn\/"},{"@type":"ListItem","position":2,"name":"VDN auf der Gr\u00fcnen Woche 2019"}]},{"@type":"WebSite","@id":"https:\/\/www.naturparkmagazin.de\/vdn\/#website","url":"https:\/\/www.naturparkmagazin.de\/vdn\/","name":"Verband Deutscher Naturparke","description":"Eine weitere Naturparkmagazin.de Netzwerk Seite","potentialAction":[{"@type":"SearchAction","target":{"@type":"EntryPoint","urlTemplate":"https:\/\/www.naturparkmagazin.de\/vdn\/?s={search_term_string}"},"query-input":"required name=search_term_string"}],"inLanguage":"de"},{"@type":"Person","@id":"https:\/\/www.naturparkmagazin.de\/vdn\/#\/schema\/person\/d71357578c318b6db03be60b1f60396b","name":"beatrixlosem","url":"https:\/\/www.naturparkmagazin.de\/vdn\/author\/beatrixlosem\/"}]}},"_links":{"self":[{"href":"https:\/\/www.naturparkmagazin.de\/vdn\/wp-json\/wp\/v2\/posts\/10961"}],"collection":[{"href":"https:\/\/www.naturparkmagazin.de\/vdn\/wp-json\/wp\/v2\/posts"}],"about":[{"href":"https:\/\/www.naturparkmagazin.de\/vdn\/wp-json\/wp\/v2\/types\/post"}],"author":[{"embeddable":true,"href":"https:\/\/www.naturparkmagazin.de\/vdn\/wp-json\/wp\/v2\/users\/51"}],"replies":[{"embeddable":true,"href":"https:\/\/www.naturparkmagazin.de\/vdn\/wp-json\/wp\/v2\/comments?post=10961"}],"version-history":[{"count":3,"href":"https:\/\/www.naturparkmagazin.de\/vdn\/wp-json\/wp\/v2\/posts\/10961\/revisions"}],"predecessor-version":[{"id":10980,"href":"https:\/\/www.naturparkmagazin.de\/vdn\/wp-json\/wp\/v2\/posts\/10961\/revisions\/10980"}],"wp:featuredmedia":[{"embeddable":true,"href":"https:\/\/www.naturparkmagazin.de\/vdn\/wp-json\/wp\/v2\/media\/10979"}],"wp:attachment":[{"href":"https:\/\/www.naturparkmagazin.de\/vdn\/wp-json\/wp\/v2\/media?parent=10961"}],"wp:term":[{"taxonomy":"category","embeddable":true,"href":"https:\/\/www.naturparkmagazin.de\/vdn\/wp-json\/wp\/v2\/categories?post=10961"},{"taxonomy":"post_tag","embeddable":true,"href":"https:\/\/www.naturparkmagazin.de\/vdn\/wp-json\/wp\/v2\/tags?post=10961"}],"curies":[{"name":"wp","href":"https:\/\/api.w.org\/{rel}","templated":true}]}}