{"id":11007,"date":"2019-02-13T14:27:35","date_gmt":"2019-02-13T13:27:35","guid":{"rendered":"https:\/\/www.naturparkmagazin.de\/vdn\/?p=11007"},"modified":"2019-02-26T14:37:27","modified_gmt":"2019-02-26T13:37:27","slug":"fotowettbewerb-2019-in-naturparken-und-geoparks","status":"publish","type":"post","link":"https:\/\/www.naturparkmagazin.de\/vdn\/fotowettbewerb-2019-in-naturparken-und-geoparks\/","title":{"rendered":"Fotowettbewerb 2019 in Naturparken und Geoparks"},"content":{"rendered":"<div id=\"attachment_11009\" style=\"width: 510px\" class=\"wp-caption alignnone\"><a href=\"https:\/\/www.naturparkmagazin.de\/vdn\/wp-content\/uploads\/sites\/3\/mg-9270b.jpg\"><img aria-describedby=\"caption-attachment-11009\" decoding=\"async\" loading=\"lazy\" class=\"size-full wp-image-11009\" src=\"https:\/\/www.naturparkmagazin.de\/vdn\/wp-content\/uploads\/sites\/3\/mg-9270b.jpg\" alt=\"Blau vor Liebe \u00a9 VDN\/Thomas Hinsche\" width=\"500\" height=\"300\" srcset=\"https:\/\/www.naturparkmagazin.de\/vdn\/wp-content\/uploads\/sites\/3\/mg-9270b.jpg 500w, https:\/\/www.naturparkmagazin.de\/vdn\/wp-content\/uploads\/sites\/3\/mg-9270b-300x180.jpg 300w, https:\/\/www.naturparkmagazin.de\/vdn\/wp-content\/uploads\/sites\/3\/mg-9270b-200x120.jpg 200w\" sizes=\"(max-width: 500px) 100vw, 500px\" \/><\/a><p id=\"caption-attachment-11009\" class=\"wp-caption-text\">Blau vor Liebe \u00a9 VDN\/Thomas Hinsche<\/p><\/div>\n<p>Ein Moorfrosch in leuchtenden Farben wirbt als Sympathietr\u00e4ger f\u00fcr den diesj\u00e4hrigen Fotowettbewerb der Naturparke und Geoparks Deutschlands. Erstmalig k\u00f6nnen in diesem Jahr auch Amateur- und Profi-Fotografen mit Fotos aus Geoparks in Deutschland am Wettbewerb teilnehmen. M\u00f6glich wird dies durch eine seit 2018 bestehende Kooperation des VDN mit neun anerkannten Nationalen Geoparks. Der Fotowettbewerb startet am 1. M\u00e4rz und l\u00e4uft bis zum 31. Oktober 2019.<\/p>\n<p>Mit der Einladung zur Teilnahme an der n\u00e4chsten Runde des Fotowettbewerbs &#8222;Augenblick Natur!&#8220; werden in diesem Jahr ausdrucksstarke Motive aus allen 105 Naturparken sowie aus neun Geoparks in Deutschland gesucht \u2013 jeweils aufgenommen aus der ganz pers\u00f6nlichen Perspektive der Besucher.<\/p>\n<p>Zielsetzung des Fotowettbewerbs &#8222;Augenblick Natur!\u201c 2019 ist es wieder, die einzigartige Vielfalt und Sch\u00f6nheit unserer heimatlichen Landschaften aufzuzeigen und die Naturparke sowie Geoparks mit ihren verschiedenen Facetten einer breiten \u00d6ffentlichkeit bekannt zu machen.<\/p>\n<p>&gt;&gt; <a href=\"https:\/\/www.naturparke.de\/service\/presse\/pressemitteilungen\/nachricht\/die-farben-der-natur-in-naturparken-und-geoparks.html\" target=\"_blank\"><strong>Hier<\/strong> <\/a>k\u00f6nnen Sie die Pressemitteilung anschauen<\/p>\n<p>&gt;&gt; <a href=\"https:\/\/www.naturparkfotos.de\/contests\/48\/rating\" target=\"_blank\"><strong>Hier<\/strong><\/a> finden Sie weitere Informationen zum Wettbewerb \u201eAugenblick Natur!\u201c 2019<\/p>\n<p>&gt;&gt; <strong><a href=\"https:\/\/www.naturparke.de\/\" target=\"_blank\">Hier<\/a><\/strong> finden Sie weitere Informationen zu Naturparken und Geoparks<\/p>\n<p>&nbsp;<\/p>\n","protected":false},"excerpt":{"rendered":"<p>Am Fotowettbewerb \u201eAugenblick Natur!\u201c k\u00f6nnen 2019 erstmalig Naturfotografen mit Fotos aus Geoparks in Deutschland teilnehmen. M\u00f6glich wird dies durch eine Kooperation des VDN mit neun anerkannten Nationalen Geoparks. <\/p>\n","protected":false},"author":73,"featured_media":11008,"comment_status":"open","ping_status":"open","sticky":false,"template":"","format":"standard","meta":{"_links_to":"","_links_to_target":""},"categories":[7],"tags":[807,88,1648,806,94],"yoast_head":"<!-- This site is optimized with the Yoast SEO plugin v19.10 - https:\/\/yoast.com\/wordpress\/plugins\/seo\/ -->\n<title>Fotowettbewerb 2019 in Naturparken und Geoparks<\/title>\n<meta name=\"description\" content=\"Am Fotowettbewerb \u201eAugenblick Natur!\u201c k\u00f6nnen 2019 erstmalig Naturfotografen mit Fotos aus Geoparks in Deutschland teilnehmen. M\u00f6glich wird dies durch eine Kooperation des VDN mit neun anerkannten Nationalen Geoparks.\" \/>\n<meta name=\"robots\" content=\"index, follow, max-snippet:-1, max-image-preview:large, max-video-preview:-1\" \/>\n<link rel=\"canonical\" href=\"https:\/\/www.naturparkmagazin.de\/vdn\/fotowettbewerb-2019-in-naturparken-und-geoparks\/\" \/>\n<meta property=\"og:locale\" content=\"de_DE\" \/>\n<meta property=\"og:type\" content=\"article\" \/>\n<meta property=\"og:title\" content=\"Fotowettbewerb 2019 in Naturparken und Geoparks\" \/>\n<meta property=\"og:description\" content=\"Am Fotowettbewerb \u201eAugenblick Natur!\u201c k\u00f6nnen 2019 erstmalig Naturfotografen mit Fotos aus Geoparks in Deutschland teilnehmen. M\u00f6glich wird dies durch eine Kooperation des VDN mit neun anerkannten Nationalen Geoparks.\" \/>\n<meta property=\"og:url\" content=\"https:\/\/www.naturparkmagazin.de\/vdn\/fotowettbewerb-2019-in-naturparken-und-geoparks\/\" \/>\n<meta property=\"og:site_name\" content=\"Verband Deutscher Naturparke\" \/>\n<meta property=\"article:published_time\" content=\"2019-02-13T13:27:35+00:00\" \/>\n<meta property=\"article:modified_time\" content=\"2019-02-26T13:37:27+00:00\" \/>\n<meta property=\"og:image\" content=\"https:\/\/www.naturparkmagazin.de\/vdn\/wp-content\/uploads\/sites\/3\/mg-9270bf.jpg\" \/>\n\t<meta property=\"og:image:width\" content=\"200\" \/>\n\t<meta property=\"og:image:height\" content=\"200\" \/>\n\t<meta property=\"og:image:type\" content=\"image\/jpeg\" \/>\n<meta name=\"author\" content=\"manuelamerz\" \/>\n<meta name=\"twitter:label1\" content=\"Verfasst von\" \/>\n\t<meta name=\"twitter:data1\" content=\"manuelamerz\" \/>\n\t<meta name=\"twitter:label2\" content=\"Gesch\u00e4tzte Lesezeit\" \/>\n\t<meta name=\"twitter:data2\" content=\"1\u00a0Minute\" \/>\n<script type=\"application\/ld+json\" class=\"yoast-schema-graph\">{\"@context\":\"https:\/\/schema.org\",\"@graph\":[{\"@type\":\"WebPage\",\"@id\":\"https:\/\/www.naturparkmagazin.de\/vdn\/fotowettbewerb-2019-in-naturparken-und-geoparks\/\",\"url\":\"https:\/\/www.naturparkmagazin.de\/vdn\/fotowettbewerb-2019-in-naturparken-und-geoparks\/\",\"name\":\"Fotowettbewerb 2019 in Naturparken und Geoparks\",\"isPartOf\":{\"@id\":\"https:\/\/www.naturparkmagazin.de\/vdn\/#website\"},\"datePublished\":\"2019-02-13T13:27:35+00:00\",\"dateModified\":\"2019-02-26T13:37:27+00:00\",\"author\":{\"@id\":\"https:\/\/www.naturparkmagazin.de\/vdn\/#\/schema\/person\/3cff9b8773ed55f0189255fa9adfd57c\"},\"description\":\"Am Fotowettbewerb \u201eAugenblick Natur!\u201c k\u00f6nnen 2019 erstmalig Naturfotografen mit Fotos aus Geoparks in Deutschland teilnehmen. M\u00f6glich wird dies durch eine Kooperation des VDN mit neun anerkannten Nationalen Geoparks.\",\"breadcrumb\":{\"@id\":\"https:\/\/www.naturparkmagazin.de\/vdn\/fotowettbewerb-2019-in-naturparken-und-geoparks\/#breadcrumb\"},\"inLanguage\":\"de\",\"potentialAction\":[{\"@type\":\"ReadAction\",\"target\":[\"https:\/\/www.naturparkmagazin.de\/vdn\/fotowettbewerb-2019-in-naturparken-und-geoparks\/\"]}]},{\"@type\":\"BreadcrumbList\",\"@id\":\"https:\/\/www.naturparkmagazin.de\/vdn\/fotowettbewerb-2019-in-naturparken-und-geoparks\/#breadcrumb\",\"itemListElement\":[{\"@type\":\"ListItem\",\"position\":1,\"name\":\"Home\",\"item\":\"https:\/\/www.naturparkmagazin.de\/vdn\/\"},{\"@type\":\"ListItem\",\"position\":2,\"name\":\"Fotowettbewerb 2019 in Naturparken und Geoparks\"}]},{\"@type\":\"WebSite\",\"@id\":\"https:\/\/www.naturparkmagazin.de\/vdn\/#website\",\"url\":\"https:\/\/www.naturparkmagazin.de\/vdn\/\",\"name\":\"Verband Deutscher Naturparke\",\"description\":\"Eine weitere Naturparkmagazin.de Netzwerk Seite\",\"potentialAction\":[{\"@type\":\"SearchAction\",\"target\":{\"@type\":\"EntryPoint\",\"urlTemplate\":\"https:\/\/www.naturparkmagazin.de\/vdn\/?s={search_term_string}\"},\"query-input\":\"required name=search_term_string\"}],\"inLanguage\":\"de\"},{\"@type\":\"Person\",\"@id\":\"https:\/\/www.naturparkmagazin.de\/vdn\/#\/schema\/person\/3cff9b8773ed55f0189255fa9adfd57c\",\"name\":\"manuelamerz\",\"url\":\"https:\/\/www.naturparkmagazin.de\/vdn\/author\/manuelamerz\/\"}]}<\/script>\n<!-- \/ Yoast SEO plugin. -->","yoast_head_json":{"title":"Fotowettbewerb 2019 in Naturparken und Geoparks","description":"Am Fotowettbewerb \u201eAugenblick Natur!\u201c k\u00f6nnen 2019 erstmalig Naturfotografen mit Fotos aus Geoparks in Deutschland teilnehmen. M\u00f6glich wird dies durch eine Kooperation des VDN mit neun anerkannten Nationalen Geoparks.","robots":{"index":"index","follow":"follow","max-snippet":"max-snippet:-1","max-image-preview":"max-image-preview:large","max-video-preview":"max-video-preview:-1"},"canonical":"https:\/\/www.naturparkmagazin.de\/vdn\/fotowettbewerb-2019-in-naturparken-und-geoparks\/","og_locale":"de_DE","og_type":"article","og_title":"Fotowettbewerb 2019 in Naturparken und Geoparks","og_description":"Am Fotowettbewerb \u201eAugenblick Natur!\u201c k\u00f6nnen 2019 erstmalig Naturfotografen mit Fotos aus Geoparks in Deutschland teilnehmen. M\u00f6glich wird dies durch eine Kooperation des VDN mit neun anerkannten Nationalen Geoparks.","og_url":"https:\/\/www.naturparkmagazin.de\/vdn\/fotowettbewerb-2019-in-naturparken-und-geoparks\/","og_site_name":"Verband Deutscher Naturparke","article_published_time":"2019-02-13T13:27:35+00:00","article_modified_time":"2019-02-26T13:37:27+00:00","og_image":[{"width":200,"height":200,"url":"https:\/\/www.naturparkmagazin.de\/vdn\/wp-content\/uploads\/sites\/3\/mg-9270bf.jpg","type":"image\/jpeg"}],"author":"manuelamerz","twitter_misc":{"Verfasst von":"manuelamerz","Gesch\u00e4tzte Lesezeit":"1\u00a0Minute"},"schema":{"@context":"https:\/\/schema.org","@graph":[{"@type":"WebPage","@id":"https:\/\/www.naturparkmagazin.de\/vdn\/fotowettbewerb-2019-in-naturparken-und-geoparks\/","url":"https:\/\/www.naturparkmagazin.de\/vdn\/fotowettbewerb-2019-in-naturparken-und-geoparks\/","name":"Fotowettbewerb 2019 in Naturparken und Geoparks","isPartOf":{"@id":"https:\/\/www.naturparkmagazin.de\/vdn\/#website"},"datePublished":"2019-02-13T13:27:35+00:00","dateModified":"2019-02-26T13:37:27+00:00","author":{"@id":"https:\/\/www.naturparkmagazin.de\/vdn\/#\/schema\/person\/3cff9b8773ed55f0189255fa9adfd57c"},"description":"Am Fotowettbewerb \u201eAugenblick Natur!\u201c k\u00f6nnen 2019 erstmalig Naturfotografen mit Fotos aus Geoparks in Deutschland teilnehmen. M\u00f6glich wird dies durch eine Kooperation des VDN mit neun anerkannten Nationalen Geoparks.","breadcrumb":{"@id":"https:\/\/www.naturparkmagazin.de\/vdn\/fotowettbewerb-2019-in-naturparken-und-geoparks\/#breadcrumb"},"inLanguage":"de","potentialAction":[{"@type":"ReadAction","target":["https:\/\/www.naturparkmagazin.de\/vdn\/fotowettbewerb-2019-in-naturparken-und-geoparks\/"]}]},{"@type":"BreadcrumbList","@id":"https:\/\/www.naturparkmagazin.de\/vdn\/fotowettbewerb-2019-in-naturparken-und-geoparks\/#breadcrumb","itemListElement":[{"@type":"ListItem","position":1,"name":"Home","item":"https:\/\/www.naturparkmagazin.de\/vdn\/"},{"@type":"ListItem","position":2,"name":"Fotowettbewerb 2019 in Naturparken und Geoparks"}]},{"@type":"WebSite","@id":"https:\/\/www.naturparkmagazin.de\/vdn\/#website","url":"https:\/\/www.naturparkmagazin.de\/vdn\/","name":"Verband Deutscher Naturparke","description":"Eine weitere Naturparkmagazin.de Netzwerk Seite","potentialAction":[{"@type":"SearchAction","target":{"@type":"EntryPoint","urlTemplate":"https:\/\/www.naturparkmagazin.de\/vdn\/?s={search_term_string}"},"query-input":"required name=search_term_string"}],"inLanguage":"de"},{"@type":"Person","@id":"https:\/\/www.naturparkmagazin.de\/vdn\/#\/schema\/person\/3cff9b8773ed55f0189255fa9adfd57c","name":"manuelamerz","url":"https:\/\/www.naturparkmagazin.de\/vdn\/author\/manuelamerz\/"}]}},"_links":{"self":[{"href":"https:\/\/www.naturparkmagazin.de\/vdn\/wp-json\/wp\/v2\/posts\/11007"}],"collection":[{"href":"https:\/\/www.naturparkmagazin.de\/vdn\/wp-json\/wp\/v2\/posts"}],"about":[{"href":"https:\/\/www.naturparkmagazin.de\/vdn\/wp-json\/wp\/v2\/types\/post"}],"author":[{"embeddable":true,"href":"https:\/\/www.naturparkmagazin.de\/vdn\/wp-json\/wp\/v2\/users\/73"}],"replies":[{"embeddable":true,"href":"https:\/\/www.naturparkmagazin.de\/vdn\/wp-json\/wp\/v2\/comments?post=11007"}],"version-history":[{"count":6,"href":"https:\/\/www.naturparkmagazin.de\/vdn\/wp-json\/wp\/v2\/posts\/11007\/revisions"}],"predecessor-version":[{"id":11097,"href":"https:\/\/www.naturparkmagazin.de\/vdn\/wp-json\/wp\/v2\/posts\/11007\/revisions\/11097"}],"wp:featuredmedia":[{"embeddable":true,"href":"https:\/\/www.naturparkmagazin.de\/vdn\/wp-json\/wp\/v2\/media\/11008"}],"wp:attachment":[{"href":"https:\/\/www.naturparkmagazin.de\/vdn\/wp-json\/wp\/v2\/media?parent=11007"}],"wp:term":[{"taxonomy":"category","embeddable":true,"href":"https:\/\/www.naturparkmagazin.de\/vdn\/wp-json\/wp\/v2\/categories?post=11007"},{"taxonomy":"post_tag","embeddable":true,"href":"https:\/\/www.naturparkmagazin.de\/vdn\/wp-json\/wp\/v2\/tags?post=11007"}],"curies":[{"name":"wp","href":"https:\/\/api.w.org\/{rel}","templated":true}]}}