{"id":11021,"date":"2019-02-13T13:03:08","date_gmt":"2019-02-13T12:03:08","guid":{"rendered":"https:\/\/www.naturparkmagazin.de\/vdn\/?p=11021"},"modified":"2019-02-26T14:52:24","modified_gmt":"2019-02-26T13:52:24","slug":"best-practice-natur-erleben-verbindet","status":"publish","type":"post","link":"https:\/\/www.naturparkmagazin.de\/vdn\/best-practice-natur-erleben-verbindet\/","title":{"rendered":"Best Practice Natur erleben verbindet"},"content":{"rendered":"<div id=\"attachment_10623\" style=\"width: 510px\" class=\"wp-caption aligncenter\"><a href=\"https:\/\/www.naturparkmagazin.de\/vdn\/wp-content\/uploads\/sites\/3\/\u00a9-Naturpark-Sauerland-Rothaargebirge-Volker-Prutti-30_Beitrag.jpg\"><img aria-describedby=\"caption-attachment-10623\" decoding=\"async\" loading=\"lazy\" class=\"size-full wp-image-10623\" src=\"https:\/\/www.naturparkmagazin.de\/vdn\/wp-content\/uploads\/sites\/3\/\u00a9-Naturpark-Sauerland-Rothaargebirge-Volker-Prutti-30_Beitrag.jpg\" alt=\"\u00a9 Naturpark Sauerland Rothaargebirge \/Volker Prutt\" width=\"500\" height=\"300\" srcset=\"https:\/\/www.naturparkmagazin.de\/vdn\/wp-content\/uploads\/sites\/3\/\u00a9-Naturpark-Sauerland-Rothaargebirge-Volker-Prutti-30_Beitrag.jpg 500w, https:\/\/www.naturparkmagazin.de\/vdn\/wp-content\/uploads\/sites\/3\/\u00a9-Naturpark-Sauerland-Rothaargebirge-Volker-Prutti-30_Beitrag-300x180.jpg 300w, https:\/\/www.naturparkmagazin.de\/vdn\/wp-content\/uploads\/sites\/3\/\u00a9-Naturpark-Sauerland-Rothaargebirge-Volker-Prutti-30_Beitrag-200x120.jpg 200w\" sizes=\"(max-width: 500px) 100vw, 500px\" \/><\/a><p id=\"caption-attachment-10623\" class=\"wp-caption-text\">\u00a9 Naturpark Sauerland Rothaargebirge \/Volker Prutt<\/p><\/div>\n<p>Von Mai 2017 bis Februar 2019 hat der Verband Deutscher Naturparke (VDN) mit F\u00f6rderung des Bundesamtes f\u00fcr Naturschutz (BfN) mit Mitteln des Bundesministeriums f\u00fcr Umwelt, Naturschutz und nukleare Sicherheit (BMU) das Projekt \u201eNatur erleben verbindet\u201c in den Naturparken Deutschlands durchgef\u00fchrt. Ziel war es, die Angebote der Naturparke f\u00fcr weitere Zielgruppen zu \u00f6ffnen, die bisher kaum \u00fcber die regul\u00e4ren Angebote der Naturparke erreicht werden. Dazu geh\u00f6ren Menschen aus sozial benachteiligten Schichten, Menschen mit Migrationshintergrund und Gefl\u00fcchtete. Im Rahmen des Projekts wurden gezielt Naturerlebnis- und Mitmachangebote entwickelt, die sich an den jeweiligen Lebenswelten der Menschen orientieren und damit einen besseren individuellen Zugang zur Natur erm\u00f6glichen. Dabei ging es vor allem um Angebote, die das gemeinsame Naturerleben von Menschen aus verschiedenen Teilen der Bev\u00f6lkerung erm\u00f6glichen und die Gelegenheit bieten, ein vertieftes Verst\u00e4ndnis von Naturschutzfragen zu erhalten und das Bewusstsein f\u00fcr den Schutz der Umwelt zu st\u00e4rken.<\/p>\n<p>&nbsp;<\/p>\n<div id=\"attachment_11102\" style=\"width: 310px\" class=\"wp-caption aligncenter\"><a href=\"https:\/\/www.naturparkmagazin.de\/vdn\/wp-content\/uploads\/sites\/3\/Broschu\u0308re-Titel.jpg\"><img aria-describedby=\"caption-attachment-11102\" decoding=\"async\" loading=\"lazy\" class=\"wp-image-11102 size-thumbnail\" src=\"https:\/\/www.naturparkmagazin.de\/vdn\/wp-content\/uploads\/sites\/3\/Broschu\u0308re-Titel-300x424.jpg\" alt=\"Natur erleben verbindet - Beispiele aus der Praxis - Copyright: VDN \" width=\"300\" height=\"424\" srcset=\"https:\/\/www.naturparkmagazin.de\/vdn\/wp-content\/uploads\/sites\/3\/Broschu\u0308re-Titel-300x424.jpg 300w, https:\/\/www.naturparkmagazin.de\/vdn\/wp-content\/uploads\/sites\/3\/Broschu\u0308re-Titel-620x877.jpg 620w, https:\/\/www.naturparkmagazin.de\/vdn\/wp-content\/uploads\/sites\/3\/Broschu\u0308re-Titel-940x1329.jpg 940w, https:\/\/www.naturparkmagazin.de\/vdn\/wp-content\/uploads\/sites\/3\/Broschu\u0308re-Titel-670x947.jpg 670w, https:\/\/www.naturparkmagazin.de\/vdn\/wp-content\/uploads\/sites\/3\/Broschu\u0308re-Titel-200x283.jpg 200w, https:\/\/www.naturparkmagazin.de\/vdn\/wp-content\/uploads\/sites\/3\/Broschu\u0308re-Titel.jpg 1654w\" sizes=\"(max-width: 300px) 100vw, 300px\" \/><\/a><p id=\"caption-attachment-11102\" class=\"wp-caption-text\">Natur erleben verbindet &#8211; Beispiele aus der Praxis &#8211; Copyright: VDN<\/p><\/div>\n<p>Die im Projekt durchgef\u00fchrten Aktivit\u00e4ten haben gezeigt, dass Natur- und Umwelthemen vielf\u00e4ltige M\u00f6glichkeiten f\u00fcr soziales Miteinander und Integration bieten. Jede Initiative von \u201eNatur erleben verbindet\u201c ist damit auch ein Beitrag zu sozialer Gerechtigkeit und zur Integration von Menschen mit Migrationshintergrund und von Gefl\u00fcchteten. Einige der zahlreichen Projektideen, die in diesem Zusammenhang in den Naturparken entwickelt und umgesetzt wurden, werden in einer neuen Brosch\u00fcre \u201eNatur erleben verbindet &#8211; Beispiele aus der Praxis\u201c vorgestellt.<\/p>\n<p>&gt;&gt; <a href=\"https:\/\/www.naturparke.de\/service\/infothek.html\" target=\"_blank\"><strong>Hier<\/strong><\/a> k\u00f6nnen Sie die Brosch\u00fcre \u201eNatur erleben verbindet &#8211; Beispiele aus der Praxis\u201c herunterladen.<\/p>\n<p>&gt;&gt; <a href=\"https:\/\/www.naturparke.de\/service\/bestellungen.html\" target=\"_blank\"><strong>Hier<\/strong><\/a> k\u00f6nnen Sie die Brosch\u00fcre \u201eNatur erleben verbindet &#8211; Beispiele aus der Praxis\u201c bestellen.<\/p>\n<p>&nbsp;<\/p>\n","protected":false},"excerpt":{"rendered":"<p>Natur- und Umwelthemen bieten vielf\u00e4ltige M\u00f6glichkeiten f\u00fcr soziales Miteinander und Integration. Eine neue Brosch\u00fcre stellt Beispiele aus der Praxis vor.  <\/p>\n","protected":false},"author":51,"featured_media":10623,"comment_status":"open","ping_status":"open","sticky":false,"template":"","format":"standard","meta":{"_links_to":"","_links_to_target":""},"categories":[7],"tags":[],"yoast_head":"<!-- This site is optimized with the Yoast SEO plugin v19.10 - https:\/\/yoast.com\/wordpress\/plugins\/seo\/ -->\n<title>Best Practice Natur erleben verbindet<\/title>\n<meta name=\"description\" content=\"Natur- und Umwelthemen bieten vielf\u00e4ltige M\u00f6glichkeiten f\u00fcr soziales Miteinander und Integration. Eine neue Brosch\u00fcre stellt Beispiele aus der Praxis vor.\" \/>\n<meta name=\"robots\" content=\"index, follow, max-snippet:-1, max-image-preview:large, max-video-preview:-1\" \/>\n<link rel=\"canonical\" href=\"https:\/\/www.naturparkmagazin.de\/vdn\/best-practice-natur-erleben-verbindet\/\" \/>\n<meta property=\"og:locale\" content=\"de_DE\" \/>\n<meta property=\"og:type\" content=\"article\" \/>\n<meta property=\"og:title\" content=\"Best Practice Natur erleben verbindet\" \/>\n<meta property=\"og:description\" content=\"Natur- und Umwelthemen bieten vielf\u00e4ltige M\u00f6glichkeiten f\u00fcr soziales Miteinander und Integration. Eine neue Brosch\u00fcre stellt Beispiele aus der Praxis vor.\" \/>\n<meta property=\"og:url\" content=\"https:\/\/www.naturparkmagazin.de\/vdn\/best-practice-natur-erleben-verbindet\/\" \/>\n<meta property=\"og:site_name\" content=\"Verband Deutscher Naturparke\" \/>\n<meta property=\"article:published_time\" content=\"2019-02-13T12:03:08+00:00\" \/>\n<meta property=\"article:modified_time\" content=\"2019-02-26T13:52:24+00:00\" \/>\n<meta property=\"og:image\" content=\"https:\/\/www.naturparkmagazin.de\/vdn\/wp-content\/uploads\/sites\/3\/\u00a9-Naturpark-Sauerland-Rothaargebirge-Volker-Prutti-30_Beitrag.jpg\" \/>\n\t<meta property=\"og:image:width\" content=\"500\" \/>\n\t<meta property=\"og:image:height\" content=\"300\" \/>\n\t<meta property=\"og:image:type\" content=\"image\/jpeg\" \/>\n<meta name=\"author\" content=\"beatrixlosem\" \/>\n<meta name=\"twitter:label1\" content=\"Verfasst von\" \/>\n\t<meta name=\"twitter:data1\" content=\"beatrixlosem\" \/>\n\t<meta name=\"twitter:label2\" content=\"Gesch\u00e4tzte Lesezeit\" \/>\n\t<meta name=\"twitter:data2\" content=\"2\u00a0Minuten\" \/>\n<script type=\"application\/ld+json\" class=\"yoast-schema-graph\">{\"@context\":\"https:\/\/schema.org\",\"@graph\":[{\"@type\":\"WebPage\",\"@id\":\"https:\/\/www.naturparkmagazin.de\/vdn\/best-practice-natur-erleben-verbindet\/\",\"url\":\"https:\/\/www.naturparkmagazin.de\/vdn\/best-practice-natur-erleben-verbindet\/\",\"name\":\"Best Practice Natur erleben verbindet\",\"isPartOf\":{\"@id\":\"https:\/\/www.naturparkmagazin.de\/vdn\/#website\"},\"datePublished\":\"2019-02-13T12:03:08+00:00\",\"dateModified\":\"2019-02-26T13:52:24+00:00\",\"author\":{\"@id\":\"https:\/\/www.naturparkmagazin.de\/vdn\/#\/schema\/person\/d71357578c318b6db03be60b1f60396b\"},\"description\":\"Natur- und Umwelthemen bieten vielf\u00e4ltige M\u00f6glichkeiten f\u00fcr soziales Miteinander und Integration. Eine neue Brosch\u00fcre stellt Beispiele aus der Praxis vor.\",\"breadcrumb\":{\"@id\":\"https:\/\/www.naturparkmagazin.de\/vdn\/best-practice-natur-erleben-verbindet\/#breadcrumb\"},\"inLanguage\":\"de\",\"potentialAction\":[{\"@type\":\"ReadAction\",\"target\":[\"https:\/\/www.naturparkmagazin.de\/vdn\/best-practice-natur-erleben-verbindet\/\"]}]},{\"@type\":\"BreadcrumbList\",\"@id\":\"https:\/\/www.naturparkmagazin.de\/vdn\/best-practice-natur-erleben-verbindet\/#breadcrumb\",\"itemListElement\":[{\"@type\":\"ListItem\",\"position\":1,\"name\":\"Home\",\"item\":\"https:\/\/www.naturparkmagazin.de\/vdn\/\"},{\"@type\":\"ListItem\",\"position\":2,\"name\":\"Best Practice Natur erleben verbindet\"}]},{\"@type\":\"WebSite\",\"@id\":\"https:\/\/www.naturparkmagazin.de\/vdn\/#website\",\"url\":\"https:\/\/www.naturparkmagazin.de\/vdn\/\",\"name\":\"Verband Deutscher Naturparke\",\"description\":\"Eine weitere Naturparkmagazin.de Netzwerk Seite\",\"potentialAction\":[{\"@type\":\"SearchAction\",\"target\":{\"@type\":\"EntryPoint\",\"urlTemplate\":\"https:\/\/www.naturparkmagazin.de\/vdn\/?s={search_term_string}\"},\"query-input\":\"required name=search_term_string\"}],\"inLanguage\":\"de\"},{\"@type\":\"Person\",\"@id\":\"https:\/\/www.naturparkmagazin.de\/vdn\/#\/schema\/person\/d71357578c318b6db03be60b1f60396b\",\"name\":\"beatrixlosem\",\"url\":\"https:\/\/www.naturparkmagazin.de\/vdn\/author\/beatrixlosem\/\"}]}<\/script>\n<!-- \/ Yoast SEO plugin. -->","yoast_head_json":{"title":"Best Practice Natur erleben verbindet","description":"Natur- und Umwelthemen bieten vielf\u00e4ltige M\u00f6glichkeiten f\u00fcr soziales Miteinander und Integration. Eine neue Brosch\u00fcre stellt Beispiele aus der Praxis vor.","robots":{"index":"index","follow":"follow","max-snippet":"max-snippet:-1","max-image-preview":"max-image-preview:large","max-video-preview":"max-video-preview:-1"},"canonical":"https:\/\/www.naturparkmagazin.de\/vdn\/best-practice-natur-erleben-verbindet\/","og_locale":"de_DE","og_type":"article","og_title":"Best Practice Natur erleben verbindet","og_description":"Natur- und Umwelthemen bieten vielf\u00e4ltige M\u00f6glichkeiten f\u00fcr soziales Miteinander und Integration. Eine neue Brosch\u00fcre stellt Beispiele aus der Praxis vor.","og_url":"https:\/\/www.naturparkmagazin.de\/vdn\/best-practice-natur-erleben-verbindet\/","og_site_name":"Verband Deutscher Naturparke","article_published_time":"2019-02-13T12:03:08+00:00","article_modified_time":"2019-02-26T13:52:24+00:00","og_image":[{"width":500,"height":300,"url":"https:\/\/www.naturparkmagazin.de\/vdn\/wp-content\/uploads\/sites\/3\/\u00a9-Naturpark-Sauerland-Rothaargebirge-Volker-Prutti-30_Beitrag.jpg","type":"image\/jpeg"}],"author":"beatrixlosem","twitter_misc":{"Verfasst von":"beatrixlosem","Gesch\u00e4tzte Lesezeit":"2\u00a0Minuten"},"schema":{"@context":"https:\/\/schema.org","@graph":[{"@type":"WebPage","@id":"https:\/\/www.naturparkmagazin.de\/vdn\/best-practice-natur-erleben-verbindet\/","url":"https:\/\/www.naturparkmagazin.de\/vdn\/best-practice-natur-erleben-verbindet\/","name":"Best Practice Natur erleben verbindet","isPartOf":{"@id":"https:\/\/www.naturparkmagazin.de\/vdn\/#website"},"datePublished":"2019-02-13T12:03:08+00:00","dateModified":"2019-02-26T13:52:24+00:00","author":{"@id":"https:\/\/www.naturparkmagazin.de\/vdn\/#\/schema\/person\/d71357578c318b6db03be60b1f60396b"},"description":"Natur- und Umwelthemen bieten vielf\u00e4ltige M\u00f6glichkeiten f\u00fcr soziales Miteinander und Integration. Eine neue Brosch\u00fcre stellt Beispiele aus der Praxis vor.","breadcrumb":{"@id":"https:\/\/www.naturparkmagazin.de\/vdn\/best-practice-natur-erleben-verbindet\/#breadcrumb"},"inLanguage":"de","potentialAction":[{"@type":"ReadAction","target":["https:\/\/www.naturparkmagazin.de\/vdn\/best-practice-natur-erleben-verbindet\/"]}]},{"@type":"BreadcrumbList","@id":"https:\/\/www.naturparkmagazin.de\/vdn\/best-practice-natur-erleben-verbindet\/#breadcrumb","itemListElement":[{"@type":"ListItem","position":1,"name":"Home","item":"https:\/\/www.naturparkmagazin.de\/vdn\/"},{"@type":"ListItem","position":2,"name":"Best Practice Natur erleben verbindet"}]},{"@type":"WebSite","@id":"https:\/\/www.naturparkmagazin.de\/vdn\/#website","url":"https:\/\/www.naturparkmagazin.de\/vdn\/","name":"Verband Deutscher Naturparke","description":"Eine weitere Naturparkmagazin.de Netzwerk Seite","potentialAction":[{"@type":"SearchAction","target":{"@type":"EntryPoint","urlTemplate":"https:\/\/www.naturparkmagazin.de\/vdn\/?s={search_term_string}"},"query-input":"required name=search_term_string"}],"inLanguage":"de"},{"@type":"Person","@id":"https:\/\/www.naturparkmagazin.de\/vdn\/#\/schema\/person\/d71357578c318b6db03be60b1f60396b","name":"beatrixlosem","url":"https:\/\/www.naturparkmagazin.de\/vdn\/author\/beatrixlosem\/"}]}},"_links":{"self":[{"href":"https:\/\/www.naturparkmagazin.de\/vdn\/wp-json\/wp\/v2\/posts\/11021"}],"collection":[{"href":"https:\/\/www.naturparkmagazin.de\/vdn\/wp-json\/wp\/v2\/posts"}],"about":[{"href":"https:\/\/www.naturparkmagazin.de\/vdn\/wp-json\/wp\/v2\/types\/post"}],"author":[{"embeddable":true,"href":"https:\/\/www.naturparkmagazin.de\/vdn\/wp-json\/wp\/v2\/users\/51"}],"replies":[{"embeddable":true,"href":"https:\/\/www.naturparkmagazin.de\/vdn\/wp-json\/wp\/v2\/comments?post=11021"}],"version-history":[{"count":7,"href":"https:\/\/www.naturparkmagazin.de\/vdn\/wp-json\/wp\/v2\/posts\/11021\/revisions"}],"predecessor-version":[{"id":11104,"href":"https:\/\/www.naturparkmagazin.de\/vdn\/wp-json\/wp\/v2\/posts\/11021\/revisions\/11104"}],"wp:featuredmedia":[{"embeddable":true,"href":"https:\/\/www.naturparkmagazin.de\/vdn\/wp-json\/wp\/v2\/media\/10623"}],"wp:attachment":[{"href":"https:\/\/www.naturparkmagazin.de\/vdn\/wp-json\/wp\/v2\/media?parent=11021"}],"wp:term":[{"taxonomy":"category","embeddable":true,"href":"https:\/\/www.naturparkmagazin.de\/vdn\/wp-json\/wp\/v2\/categories?post=11021"},{"taxonomy":"post_tag","embeddable":true,"href":"https:\/\/www.naturparkmagazin.de\/vdn\/wp-json\/wp\/v2\/tags?post=11021"}],"curies":[{"name":"wp","href":"https:\/\/api.w.org\/{rel}","templated":true}]}}