{"id":11024,"date":"2019-02-13T12:24:28","date_gmt":"2019-02-13T11:24:28","guid":{"rendered":"https:\/\/www.naturparkmagazin.de\/vdn\/?p=11024"},"modified":"2019-03-13T16:14:23","modified_gmt":"2019-03-13T15:14:23","slug":"nationale-naturlandschaften-und-erneuerbare-energien","status":"publish","type":"post","link":"https:\/\/www.naturparkmagazin.de\/vdn\/nationale-naturlandschaften-und-erneuerbare-energien\/","title":{"rendered":"Nationale Naturlandschaften und erneuerbare Energien"},"content":{"rendered":"<div id=\"attachment_11026\" style=\"width: 510px\" class=\"wp-caption aligncenter\"><a href=\"https:\/\/www.naturparkmagazin.de\/vdn\/wp-content\/uploads\/sites\/3\/08-2008_Uckermark-Klein_Sperrenw_-Morgenstimmung_01_fr_Naturparkfoto_Beitrag.jpg\"><img aria-describedby=\"caption-attachment-11026\" decoding=\"async\" loading=\"lazy\" class=\"size-full wp-image-11026\" src=\"https:\/\/www.naturparkmagazin.de\/vdn\/wp-content\/uploads\/sites\/3\/08-2008_Uckermark-Klein_Sperrenw_-Morgenstimmung_01_fr_Naturparkfoto_Beitrag.jpg\" alt=\"Windkraftr\u00e4der im Fr\u00fchnebel - Copyright: VDN\/Oliver Detgen\" width=\"500\" height=\"300\" srcset=\"https:\/\/www.naturparkmagazin.de\/vdn\/wp-content\/uploads\/sites\/3\/08-2008_Uckermark-Klein_Sperrenw_-Morgenstimmung_01_fr_Naturparkfoto_Beitrag.jpg 500w, https:\/\/www.naturparkmagazin.de\/vdn\/wp-content\/uploads\/sites\/3\/08-2008_Uckermark-Klein_Sperrenw_-Morgenstimmung_01_fr_Naturparkfoto_Beitrag-300x180.jpg 300w, https:\/\/www.naturparkmagazin.de\/vdn\/wp-content\/uploads\/sites\/3\/08-2008_Uckermark-Klein_Sperrenw_-Morgenstimmung_01_fr_Naturparkfoto_Beitrag-200x120.jpg 200w\" sizes=\"(max-width: 500px) 100vw, 500px\" \/><\/a><p id=\"caption-attachment-11026\" class=\"wp-caption-text\">Windkraftr\u00e4der im Fr\u00fchnebel &#8211; Copyright: VDN\/Oliver Detgen<\/p><\/div>\n<p>Vor dem Hintergrund der mit dem Ausbau erneuerbarer Energien einhergehenden Raumanspr\u00fcche befasste sich das F + E-Vorhaben \u201eNationale Naturlandschaften und erneuerbare Energien\u201c mit Steuerungsm\u00f6glichkeiten des Ausbaus sowie der Nutzung in Biosph\u00e4renreservaten und Naturparken. Der in der Zeitschrift \u201eNatur und Landschaft\u201c 1\/2019 ver\u00f6ffentlichte Artikel von Ulrich Gehrlein, Andreas Mengel, Eva Milz, Beatrice Barthelmes, Britta D\u00fcsterhaus, Christoph Mathias, Elke Baranek und Naturschutzreferent J\u00f6rg Liesen bereitet bisherige Erfahrungen auf und beschreibt die untersuchten Steuerungsm\u00f6glichkeiten unterschiedlicher, relevanter Akteurinnen und Akteure.<\/p>\n<p>Handlungsm\u00f6glichkeiten zu folgenden Steuerungsans\u00e4tzen wurden dabei erarbeitet:<\/p>\n<ul>\n<li>konzeptionell-strategische Ans\u00e4tze zur Vorbereitung der Steuerung (z. B. Landschaftsplanung, Planungen von Biosph\u00e4renreservaten und Naturparken),<\/li>\n<li>\u00fcber Ge- und Verbote wirkende regulative Steuerungsans\u00e4tze, meist \u00fcber finanzielle Anreize wirkende anreizorientierte Steuerungsans\u00e4tze sowie<\/li>\n<li>\u00fcber Information, Beteiligung und Zusammenarbeit wirkende kooperativ-persuasive Steuerungsans\u00e4tze.<\/li>\n<\/ul>\n<p>Ferner wurden M\u00f6glichkeiten der Kombination verschiedener Instrumente im Sinne integrierter Ans\u00e4tze und Strategien nachhaltigen regionalen Wirtschaftens herausgearbeitet.<\/p>\n<p>&gt;&gt; <a href=\"https:\/\/www.naturparke.de\/service\/infothek.html\" target=\"_blank\"><strong>Hier<\/strong><\/a> k\u00f6nnen Sie den Artikel \u201eNationale Naturlandschaften und erneuerbare Energien\u201c \u2013 NuL 1\/2019 herunterladen<\/p>\n","protected":false},"excerpt":{"rendered":"<p>Mit dem Ausbau der erneuerbaren Energien gehen Raumanspr\u00fcche einher, die Natur und Landschaft beeinflussen. Hiermit besch\u00e4ftigte sich ein Forschungs- und Entwicklungsvorhaben von 2013-2016.<\/p>\n","protected":false},"author":51,"featured_media":11028,"comment_status":"open","ping_status":"open","sticky":false,"template":"","format":"standard","meta":{"_links_to":"","_links_to_target":""},"categories":[7],"tags":[],"yoast_head":"<!-- This site is optimized with the Yoast SEO plugin v19.10 - https:\/\/yoast.com\/wordpress\/plugins\/seo\/ -->\n<title>Nationale Naturlandschaften und erneuerbare Energien<\/title>\n<meta name=\"description\" content=\"Mit dem Ausbau der erneuerbaren Energien gehen Raumanspr\u00fcche einher, die Natur und Landschaft beeinflussen. Hiermit besch\u00e4ftigte sich ein Forschungs- und Entwicklungsvorhaben von 2013-2016.\" \/>\n<meta name=\"robots\" content=\"index, follow, max-snippet:-1, max-image-preview:large, max-video-preview:-1\" \/>\n<link rel=\"canonical\" href=\"https:\/\/www.naturparkmagazin.de\/vdn\/nationale-naturlandschaften-und-erneuerbare-energien\/\" \/>\n<meta property=\"og:locale\" content=\"de_DE\" \/>\n<meta property=\"og:type\" content=\"article\" \/>\n<meta property=\"og:title\" content=\"Nationale Naturlandschaften und erneuerbare Energien\" \/>\n<meta property=\"og:description\" content=\"Mit dem Ausbau der erneuerbaren Energien gehen Raumanspr\u00fcche einher, die Natur und Landschaft beeinflussen. Hiermit besch\u00e4ftigte sich ein Forschungs- und Entwicklungsvorhaben von 2013-2016.\" \/>\n<meta property=\"og:url\" content=\"https:\/\/www.naturparkmagazin.de\/vdn\/nationale-naturlandschaften-und-erneuerbare-energien\/\" \/>\n<meta property=\"og:site_name\" content=\"Verband Deutscher Naturparke\" \/>\n<meta property=\"article:published_time\" content=\"2019-02-13T11:24:28+00:00\" \/>\n<meta property=\"article:modified_time\" content=\"2019-03-13T15:14:23+00:00\" \/>\n<meta property=\"og:image\" content=\"https:\/\/www.naturparkmagazin.de\/vdn\/wp-content\/uploads\/sites\/3\/08-2008_Uckermark-Klein_Sperrenw_-Morgenstimmung_01_fr_Naturparkfoto_Beitragsbild.jpg\" \/>\n\t<meta property=\"og:image:width\" content=\"200\" \/>\n\t<meta property=\"og:image:height\" content=\"200\" \/>\n\t<meta property=\"og:image:type\" content=\"image\/jpeg\" \/>\n<meta name=\"author\" content=\"beatrixlosem\" \/>\n<meta name=\"twitter:label1\" content=\"Verfasst von\" \/>\n\t<meta name=\"twitter:data1\" content=\"beatrixlosem\" \/>\n\t<meta name=\"twitter:label2\" content=\"Gesch\u00e4tzte Lesezeit\" \/>\n\t<meta name=\"twitter:data2\" content=\"1\u00a0Minute\" \/>\n<script type=\"application\/ld+json\" class=\"yoast-schema-graph\">{\"@context\":\"https:\/\/schema.org\",\"@graph\":[{\"@type\":\"WebPage\",\"@id\":\"https:\/\/www.naturparkmagazin.de\/vdn\/nationale-naturlandschaften-und-erneuerbare-energien\/\",\"url\":\"https:\/\/www.naturparkmagazin.de\/vdn\/nationale-naturlandschaften-und-erneuerbare-energien\/\",\"name\":\"Nationale Naturlandschaften und erneuerbare Energien\",\"isPartOf\":{\"@id\":\"https:\/\/www.naturparkmagazin.de\/vdn\/#website\"},\"datePublished\":\"2019-02-13T11:24:28+00:00\",\"dateModified\":\"2019-03-13T15:14:23+00:00\",\"author\":{\"@id\":\"https:\/\/www.naturparkmagazin.de\/vdn\/#\/schema\/person\/d71357578c318b6db03be60b1f60396b\"},\"description\":\"Mit dem Ausbau der erneuerbaren Energien gehen Raumanspr\u00fcche einher, die Natur und Landschaft beeinflussen. Hiermit besch\u00e4ftigte sich ein Forschungs- und Entwicklungsvorhaben von 2013-2016.\",\"breadcrumb\":{\"@id\":\"https:\/\/www.naturparkmagazin.de\/vdn\/nationale-naturlandschaften-und-erneuerbare-energien\/#breadcrumb\"},\"inLanguage\":\"de\",\"potentialAction\":[{\"@type\":\"ReadAction\",\"target\":[\"https:\/\/www.naturparkmagazin.de\/vdn\/nationale-naturlandschaften-und-erneuerbare-energien\/\"]}]},{\"@type\":\"BreadcrumbList\",\"@id\":\"https:\/\/www.naturparkmagazin.de\/vdn\/nationale-naturlandschaften-und-erneuerbare-energien\/#breadcrumb\",\"itemListElement\":[{\"@type\":\"ListItem\",\"position\":1,\"name\":\"Home\",\"item\":\"https:\/\/www.naturparkmagazin.de\/vdn\/\"},{\"@type\":\"ListItem\",\"position\":2,\"name\":\"Nationale Naturlandschaften und erneuerbare Energien\"}]},{\"@type\":\"WebSite\",\"@id\":\"https:\/\/www.naturparkmagazin.de\/vdn\/#website\",\"url\":\"https:\/\/www.naturparkmagazin.de\/vdn\/\",\"name\":\"Verband Deutscher Naturparke\",\"description\":\"Eine weitere Naturparkmagazin.de Netzwerk Seite\",\"potentialAction\":[{\"@type\":\"SearchAction\",\"target\":{\"@type\":\"EntryPoint\",\"urlTemplate\":\"https:\/\/www.naturparkmagazin.de\/vdn\/?s={search_term_string}\"},\"query-input\":\"required name=search_term_string\"}],\"inLanguage\":\"de\"},{\"@type\":\"Person\",\"@id\":\"https:\/\/www.naturparkmagazin.de\/vdn\/#\/schema\/person\/d71357578c318b6db03be60b1f60396b\",\"name\":\"beatrixlosem\",\"url\":\"https:\/\/www.naturparkmagazin.de\/vdn\/author\/beatrixlosem\/\"}]}<\/script>\n<!-- \/ Yoast SEO plugin. -->","yoast_head_json":{"title":"Nationale Naturlandschaften und erneuerbare Energien","description":"Mit dem Ausbau der erneuerbaren Energien gehen Raumanspr\u00fcche einher, die Natur und Landschaft beeinflussen. Hiermit besch\u00e4ftigte sich ein Forschungs- und Entwicklungsvorhaben von 2013-2016.","robots":{"index":"index","follow":"follow","max-snippet":"max-snippet:-1","max-image-preview":"max-image-preview:large","max-video-preview":"max-video-preview:-1"},"canonical":"https:\/\/www.naturparkmagazin.de\/vdn\/nationale-naturlandschaften-und-erneuerbare-energien\/","og_locale":"de_DE","og_type":"article","og_title":"Nationale Naturlandschaften und erneuerbare Energien","og_description":"Mit dem Ausbau der erneuerbaren Energien gehen Raumanspr\u00fcche einher, die Natur und Landschaft beeinflussen. Hiermit besch\u00e4ftigte sich ein Forschungs- und Entwicklungsvorhaben von 2013-2016.","og_url":"https:\/\/www.naturparkmagazin.de\/vdn\/nationale-naturlandschaften-und-erneuerbare-energien\/","og_site_name":"Verband Deutscher Naturparke","article_published_time":"2019-02-13T11:24:28+00:00","article_modified_time":"2019-03-13T15:14:23+00:00","og_image":[{"width":200,"height":200,"url":"https:\/\/www.naturparkmagazin.de\/vdn\/wp-content\/uploads\/sites\/3\/08-2008_Uckermark-Klein_Sperrenw_-Morgenstimmung_01_fr_Naturparkfoto_Beitragsbild.jpg","type":"image\/jpeg"}],"author":"beatrixlosem","twitter_misc":{"Verfasst von":"beatrixlosem","Gesch\u00e4tzte Lesezeit":"1\u00a0Minute"},"schema":{"@context":"https:\/\/schema.org","@graph":[{"@type":"WebPage","@id":"https:\/\/www.naturparkmagazin.de\/vdn\/nationale-naturlandschaften-und-erneuerbare-energien\/","url":"https:\/\/www.naturparkmagazin.de\/vdn\/nationale-naturlandschaften-und-erneuerbare-energien\/","name":"Nationale Naturlandschaften und erneuerbare Energien","isPartOf":{"@id":"https:\/\/www.naturparkmagazin.de\/vdn\/#website"},"datePublished":"2019-02-13T11:24:28+00:00","dateModified":"2019-03-13T15:14:23+00:00","author":{"@id":"https:\/\/www.naturparkmagazin.de\/vdn\/#\/schema\/person\/d71357578c318b6db03be60b1f60396b"},"description":"Mit dem Ausbau der erneuerbaren Energien gehen Raumanspr\u00fcche einher, die Natur und Landschaft beeinflussen. Hiermit besch\u00e4ftigte sich ein Forschungs- und Entwicklungsvorhaben von 2013-2016.","breadcrumb":{"@id":"https:\/\/www.naturparkmagazin.de\/vdn\/nationale-naturlandschaften-und-erneuerbare-energien\/#breadcrumb"},"inLanguage":"de","potentialAction":[{"@type":"ReadAction","target":["https:\/\/www.naturparkmagazin.de\/vdn\/nationale-naturlandschaften-und-erneuerbare-energien\/"]}]},{"@type":"BreadcrumbList","@id":"https:\/\/www.naturparkmagazin.de\/vdn\/nationale-naturlandschaften-und-erneuerbare-energien\/#breadcrumb","itemListElement":[{"@type":"ListItem","position":1,"name":"Home","item":"https:\/\/www.naturparkmagazin.de\/vdn\/"},{"@type":"ListItem","position":2,"name":"Nationale Naturlandschaften und erneuerbare Energien"}]},{"@type":"WebSite","@id":"https:\/\/www.naturparkmagazin.de\/vdn\/#website","url":"https:\/\/www.naturparkmagazin.de\/vdn\/","name":"Verband Deutscher Naturparke","description":"Eine weitere Naturparkmagazin.de Netzwerk Seite","potentialAction":[{"@type":"SearchAction","target":{"@type":"EntryPoint","urlTemplate":"https:\/\/www.naturparkmagazin.de\/vdn\/?s={search_term_string}"},"query-input":"required name=search_term_string"}],"inLanguage":"de"},{"@type":"Person","@id":"https:\/\/www.naturparkmagazin.de\/vdn\/#\/schema\/person\/d71357578c318b6db03be60b1f60396b","name":"beatrixlosem","url":"https:\/\/www.naturparkmagazin.de\/vdn\/author\/beatrixlosem\/"}]}},"_links":{"self":[{"href":"https:\/\/www.naturparkmagazin.de\/vdn\/wp-json\/wp\/v2\/posts\/11024"}],"collection":[{"href":"https:\/\/www.naturparkmagazin.de\/vdn\/wp-json\/wp\/v2\/posts"}],"about":[{"href":"https:\/\/www.naturparkmagazin.de\/vdn\/wp-json\/wp\/v2\/types\/post"}],"author":[{"embeddable":true,"href":"https:\/\/www.naturparkmagazin.de\/vdn\/wp-json\/wp\/v2\/users\/51"}],"replies":[{"embeddable":true,"href":"https:\/\/www.naturparkmagazin.de\/vdn\/wp-json\/wp\/v2\/comments?post=11024"}],"version-history":[{"count":5,"href":"https:\/\/www.naturparkmagazin.de\/vdn\/wp-json\/wp\/v2\/posts\/11024\/revisions"}],"predecessor-version":[{"id":11108,"href":"https:\/\/www.naturparkmagazin.de\/vdn\/wp-json\/wp\/v2\/posts\/11024\/revisions\/11108"}],"wp:featuredmedia":[{"embeddable":true,"href":"https:\/\/www.naturparkmagazin.de\/vdn\/wp-json\/wp\/v2\/media\/11028"}],"wp:attachment":[{"href":"https:\/\/www.naturparkmagazin.de\/vdn\/wp-json\/wp\/v2\/media?parent=11024"}],"wp:term":[{"taxonomy":"category","embeddable":true,"href":"https:\/\/www.naturparkmagazin.de\/vdn\/wp-json\/wp\/v2\/categories?post=11024"},{"taxonomy":"post_tag","embeddable":true,"href":"https:\/\/www.naturparkmagazin.de\/vdn\/wp-json\/wp\/v2\/tags?post=11024"}],"curies":[{"name":"wp","href":"https:\/\/api.w.org\/{rel}","templated":true}]}}