{"id":11117,"date":"2019-03-18T18:06:08","date_gmt":"2019-03-18T17:06:08","guid":{"rendered":"https:\/\/www.naturparkmagazin.de\/vdn\/?p=11117"},"modified":"2019-04-11T16:28:10","modified_gmt":"2019-04-11T14:28:10","slug":"jetzt-fuer-die-naturaktionstage-bewerben","status":"publish","type":"post","link":"https:\/\/www.naturparkmagazin.de\/vdn\/jetzt-fuer-die-naturaktionstage-bewerben\/","title":{"rendered":"Jetzt f\u00fcr die Naturaktionstage bewerben"},"content":{"rendered":"<div id=\"attachment_11118\" style=\"width: 510px\" class=\"wp-caption aligncenter\"><a href=\"https:\/\/www.naturparkmagazin.de\/vdn\/wp-content\/uploads\/sites\/3\/carolinlauerfotografie-15_Beitrag.jpg\"><img aria-describedby=\"caption-attachment-11118\" decoding=\"async\" loading=\"lazy\" class=\"size-full wp-image-11118\" src=\"https:\/\/www.naturparkmagazin.de\/vdn\/wp-content\/uploads\/sites\/3\/carolinlauerfotografie-15_Beitrag.jpg\" alt=\"Copyright: VDN\/Carolin Lauer\" width=\"500\" height=\"300\" srcset=\"https:\/\/www.naturparkmagazin.de\/vdn\/wp-content\/uploads\/sites\/3\/carolinlauerfotografie-15_Beitrag.jpg 500w, https:\/\/www.naturparkmagazin.de\/vdn\/wp-content\/uploads\/sites\/3\/carolinlauerfotografie-15_Beitrag-300x180.jpg 300w, https:\/\/www.naturparkmagazin.de\/vdn\/wp-content\/uploads\/sites\/3\/carolinlauerfotografie-15_Beitrag-200x120.jpg 200w\" sizes=\"(max-width: 500px) 100vw, 500px\" \/><\/a><p id=\"caption-attachment-11118\" class=\"wp-caption-text\">Copyright: VDN\/Carolin Lauer<\/p><\/div>\n<p>Das Unternehmen Kaufland macht auch in diesem Jahr wieder die Natur in den Naturparken f\u00fcr Grund- und weiterf\u00fchrende Schulen erlebbar. Gemeinsam mit dem Verband Deutscher Naturparke k\u00f6nnen bundesweit 40 Schulklassen mit einem hohem Anteil von Kindern aus sozial benachteiligten Familien einen jeweils eint\u00e4gigen Naturerlebnisausflug in einen nahegelegenen Naturpark unternehmen. Hier lernen die Sch\u00fclerinnen und Sch\u00fcler Tiere und Pflanzen kennen und erleben die Natur hautnah.<\/p>\n<p><strong>Anmeldeschluss ist der 11. April 2019.<\/strong><\/p>\n<p>&gt;&gt;<a href=\"http:\/\/kaufland.de\/naturaktionstage\" target=\"_blank\"> <strong>Hier<\/strong><\/a> k\u00f6nnen Sie sich f\u00fcr die Naturaktionstage anmelden<\/p>\n","protected":false},"excerpt":{"rendered":"<p>Gemeinsam mit dem VDN erm\u00f6glicht Kaufland in diesem Jahr bundesweit 40 Klassen an Grund- und weiterf\u00fchrenden Schulen einen Naturaktionstag in einen nahegelegenen Naturpark. <\/p>\n","protected":false},"author":51,"featured_media":11119,"comment_status":"open","ping_status":"open","sticky":false,"template":"","format":"standard","meta":{"_links_to":"","_links_to_target":""},"categories":[7],"tags":[],"yoast_head":"<!-- This site is optimized with the Yoast SEO plugin v19.10 - https:\/\/yoast.com\/wordpress\/plugins\/seo\/ -->\n<title>Jetzt f\u00fcr die Naturaktionstage bewerben<\/title>\n<meta name=\"description\" content=\"Gemeinsam mit dem VDN erm\u00f6glicht Kaufland in diesem Jahr bundesweit 40 Klassen an Grund- und weiterf\u00fchrenden Schulen einen Naturaktionstag in einen nahegelegenen Naturpark.\" \/>\n<meta name=\"robots\" content=\"index, follow, max-snippet:-1, max-image-preview:large, max-video-preview:-1\" \/>\n<link rel=\"canonical\" href=\"https:\/\/www.naturparkmagazin.de\/vdn\/jetzt-fuer-die-naturaktionstage-bewerben\/\" \/>\n<meta property=\"og:locale\" content=\"de_DE\" \/>\n<meta property=\"og:type\" content=\"article\" \/>\n<meta property=\"og:title\" content=\"Jetzt f\u00fcr die Naturaktionstage bewerben\" \/>\n<meta property=\"og:description\" content=\"Gemeinsam mit dem VDN erm\u00f6glicht Kaufland in diesem Jahr bundesweit 40 Klassen an Grund- und weiterf\u00fchrenden Schulen einen Naturaktionstag in einen nahegelegenen Naturpark.\" \/>\n<meta property=\"og:url\" content=\"https:\/\/www.naturparkmagazin.de\/vdn\/jetzt-fuer-die-naturaktionstage-bewerben\/\" \/>\n<meta property=\"og:site_name\" content=\"Verband Deutscher Naturparke\" \/>\n<meta property=\"article:published_time\" content=\"2019-03-18T17:06:08+00:00\" \/>\n<meta property=\"article:modified_time\" content=\"2019-04-11T14:28:10+00:00\" \/>\n<meta property=\"og:image\" content=\"https:\/\/www.naturparkmagazin.de\/vdn\/wp-content\/uploads\/sites\/3\/carolinlauerfotografie-15_Beitragsbild.jpg\" \/>\n\t<meta property=\"og:image:width\" content=\"200\" \/>\n\t<meta property=\"og:image:height\" content=\"200\" \/>\n\t<meta property=\"og:image:type\" content=\"image\/jpeg\" \/>\n<meta name=\"author\" content=\"beatrixlosem\" \/>\n<meta name=\"twitter:label1\" content=\"Verfasst von\" \/>\n\t<meta name=\"twitter:data1\" content=\"beatrixlosem\" \/>\n<script type=\"application\/ld+json\" class=\"yoast-schema-graph\">{\"@context\":\"https:\/\/schema.org\",\"@graph\":[{\"@type\":\"WebPage\",\"@id\":\"https:\/\/www.naturparkmagazin.de\/vdn\/jetzt-fuer-die-naturaktionstage-bewerben\/\",\"url\":\"https:\/\/www.naturparkmagazin.de\/vdn\/jetzt-fuer-die-naturaktionstage-bewerben\/\",\"name\":\"Jetzt f\u00fcr die Naturaktionstage bewerben\",\"isPartOf\":{\"@id\":\"https:\/\/www.naturparkmagazin.de\/vdn\/#website\"},\"datePublished\":\"2019-03-18T17:06:08+00:00\",\"dateModified\":\"2019-04-11T14:28:10+00:00\",\"author\":{\"@id\":\"https:\/\/www.naturparkmagazin.de\/vdn\/#\/schema\/person\/d71357578c318b6db03be60b1f60396b\"},\"description\":\"Gemeinsam mit dem VDN erm\u00f6glicht Kaufland in diesem Jahr bundesweit 40 Klassen an Grund- und weiterf\u00fchrenden Schulen einen Naturaktionstag in einen nahegelegenen Naturpark.\",\"breadcrumb\":{\"@id\":\"https:\/\/www.naturparkmagazin.de\/vdn\/jetzt-fuer-die-naturaktionstage-bewerben\/#breadcrumb\"},\"inLanguage\":\"de\",\"potentialAction\":[{\"@type\":\"ReadAction\",\"target\":[\"https:\/\/www.naturparkmagazin.de\/vdn\/jetzt-fuer-die-naturaktionstage-bewerben\/\"]}]},{\"@type\":\"BreadcrumbList\",\"@id\":\"https:\/\/www.naturparkmagazin.de\/vdn\/jetzt-fuer-die-naturaktionstage-bewerben\/#breadcrumb\",\"itemListElement\":[{\"@type\":\"ListItem\",\"position\":1,\"name\":\"Home\",\"item\":\"https:\/\/www.naturparkmagazin.de\/vdn\/\"},{\"@type\":\"ListItem\",\"position\":2,\"name\":\"Jetzt f\u00fcr die Naturaktionstage bewerben\"}]},{\"@type\":\"WebSite\",\"@id\":\"https:\/\/www.naturparkmagazin.de\/vdn\/#website\",\"url\":\"https:\/\/www.naturparkmagazin.de\/vdn\/\",\"name\":\"Verband Deutscher Naturparke\",\"description\":\"Eine weitere Naturparkmagazin.de Netzwerk Seite\",\"potentialAction\":[{\"@type\":\"SearchAction\",\"target\":{\"@type\":\"EntryPoint\",\"urlTemplate\":\"https:\/\/www.naturparkmagazin.de\/vdn\/?s={search_term_string}\"},\"query-input\":\"required name=search_term_string\"}],\"inLanguage\":\"de\"},{\"@type\":\"Person\",\"@id\":\"https:\/\/www.naturparkmagazin.de\/vdn\/#\/schema\/person\/d71357578c318b6db03be60b1f60396b\",\"name\":\"beatrixlosem\",\"url\":\"https:\/\/www.naturparkmagazin.de\/vdn\/author\/beatrixlosem\/\"}]}<\/script>\n<!-- \/ Yoast SEO plugin. -->","yoast_head_json":{"title":"Jetzt f\u00fcr die Naturaktionstage bewerben","description":"Gemeinsam mit dem VDN erm\u00f6glicht Kaufland in diesem Jahr bundesweit 40 Klassen an Grund- und weiterf\u00fchrenden Schulen einen Naturaktionstag in einen nahegelegenen Naturpark.","robots":{"index":"index","follow":"follow","max-snippet":"max-snippet:-1","max-image-preview":"max-image-preview:large","max-video-preview":"max-video-preview:-1"},"canonical":"https:\/\/www.naturparkmagazin.de\/vdn\/jetzt-fuer-die-naturaktionstage-bewerben\/","og_locale":"de_DE","og_type":"article","og_title":"Jetzt f\u00fcr die Naturaktionstage bewerben","og_description":"Gemeinsam mit dem VDN erm\u00f6glicht Kaufland in diesem Jahr bundesweit 40 Klassen an Grund- und weiterf\u00fchrenden Schulen einen Naturaktionstag in einen nahegelegenen Naturpark.","og_url":"https:\/\/www.naturparkmagazin.de\/vdn\/jetzt-fuer-die-naturaktionstage-bewerben\/","og_site_name":"Verband Deutscher Naturparke","article_published_time":"2019-03-18T17:06:08+00:00","article_modified_time":"2019-04-11T14:28:10+00:00","og_image":[{"width":200,"height":200,"url":"https:\/\/www.naturparkmagazin.de\/vdn\/wp-content\/uploads\/sites\/3\/carolinlauerfotografie-15_Beitragsbild.jpg","type":"image\/jpeg"}],"author":"beatrixlosem","twitter_misc":{"Verfasst von":"beatrixlosem"},"schema":{"@context":"https:\/\/schema.org","@graph":[{"@type":"WebPage","@id":"https:\/\/www.naturparkmagazin.de\/vdn\/jetzt-fuer-die-naturaktionstage-bewerben\/","url":"https:\/\/www.naturparkmagazin.de\/vdn\/jetzt-fuer-die-naturaktionstage-bewerben\/","name":"Jetzt f\u00fcr die Naturaktionstage bewerben","isPartOf":{"@id":"https:\/\/www.naturparkmagazin.de\/vdn\/#website"},"datePublished":"2019-03-18T17:06:08+00:00","dateModified":"2019-04-11T14:28:10+00:00","author":{"@id":"https:\/\/www.naturparkmagazin.de\/vdn\/#\/schema\/person\/d71357578c318b6db03be60b1f60396b"},"description":"Gemeinsam mit dem VDN erm\u00f6glicht Kaufland in diesem Jahr bundesweit 40 Klassen an Grund- und weiterf\u00fchrenden Schulen einen Naturaktionstag in einen nahegelegenen Naturpark.","breadcrumb":{"@id":"https:\/\/www.naturparkmagazin.de\/vdn\/jetzt-fuer-die-naturaktionstage-bewerben\/#breadcrumb"},"inLanguage":"de","potentialAction":[{"@type":"ReadAction","target":["https:\/\/www.naturparkmagazin.de\/vdn\/jetzt-fuer-die-naturaktionstage-bewerben\/"]}]},{"@type":"BreadcrumbList","@id":"https:\/\/www.naturparkmagazin.de\/vdn\/jetzt-fuer-die-naturaktionstage-bewerben\/#breadcrumb","itemListElement":[{"@type":"ListItem","position":1,"name":"Home","item":"https:\/\/www.naturparkmagazin.de\/vdn\/"},{"@type":"ListItem","position":2,"name":"Jetzt f\u00fcr die Naturaktionstage bewerben"}]},{"@type":"WebSite","@id":"https:\/\/www.naturparkmagazin.de\/vdn\/#website","url":"https:\/\/www.naturparkmagazin.de\/vdn\/","name":"Verband Deutscher Naturparke","description":"Eine weitere Naturparkmagazin.de Netzwerk Seite","potentialAction":[{"@type":"SearchAction","target":{"@type":"EntryPoint","urlTemplate":"https:\/\/www.naturparkmagazin.de\/vdn\/?s={search_term_string}"},"query-input":"required name=search_term_string"}],"inLanguage":"de"},{"@type":"Person","@id":"https:\/\/www.naturparkmagazin.de\/vdn\/#\/schema\/person\/d71357578c318b6db03be60b1f60396b","name":"beatrixlosem","url":"https:\/\/www.naturparkmagazin.de\/vdn\/author\/beatrixlosem\/"}]}},"_links":{"self":[{"href":"https:\/\/www.naturparkmagazin.de\/vdn\/wp-json\/wp\/v2\/posts\/11117"}],"collection":[{"href":"https:\/\/www.naturparkmagazin.de\/vdn\/wp-json\/wp\/v2\/posts"}],"about":[{"href":"https:\/\/www.naturparkmagazin.de\/vdn\/wp-json\/wp\/v2\/types\/post"}],"author":[{"embeddable":true,"href":"https:\/\/www.naturparkmagazin.de\/vdn\/wp-json\/wp\/v2\/users\/51"}],"replies":[{"embeddable":true,"href":"https:\/\/www.naturparkmagazin.de\/vdn\/wp-json\/wp\/v2\/comments?post=11117"}],"version-history":[{"count":6,"href":"https:\/\/www.naturparkmagazin.de\/vdn\/wp-json\/wp\/v2\/posts\/11117\/revisions"}],"predecessor-version":[{"id":11165,"href":"https:\/\/www.naturparkmagazin.de\/vdn\/wp-json\/wp\/v2\/posts\/11117\/revisions\/11165"}],"wp:featuredmedia":[{"embeddable":true,"href":"https:\/\/www.naturparkmagazin.de\/vdn\/wp-json\/wp\/v2\/media\/11119"}],"wp:attachment":[{"href":"https:\/\/www.naturparkmagazin.de\/vdn\/wp-json\/wp\/v2\/media?parent=11117"}],"wp:term":[{"taxonomy":"category","embeddable":true,"href":"https:\/\/www.naturparkmagazin.de\/vdn\/wp-json\/wp\/v2\/categories?post=11117"},{"taxonomy":"post_tag","embeddable":true,"href":"https:\/\/www.naturparkmagazin.de\/vdn\/wp-json\/wp\/v2\/tags?post=11117"}],"curies":[{"name":"wp","href":"https:\/\/api.w.org\/{rel}","templated":true}]}}