{"id":11121,"date":"2019-03-18T15:10:08","date_gmt":"2019-03-18T14:10:08","guid":{"rendered":"https:\/\/www.naturparkmagazin.de\/vdn\/?p=11121"},"modified":"2019-03-26T12:44:44","modified_gmt":"2019-03-26T11:44:44","slug":"zukunftswerkstaetten-2019","status":"publish","type":"post","link":"https:\/\/www.naturparkmagazin.de\/vdn\/zukunftswerkstaetten-2019\/","title":{"rendered":"Zukunftswerkst\u00e4tten 2019"},"content":{"rendered":"<div id=\"attachment_11123\" style=\"width: 510px\" class=\"wp-caption aligncenter\"><a href=\"https:\/\/www.naturparkmagazin.de\/vdn\/wp-content\/uploads\/sites\/3\/Bild-3_Beitrag.jpg\"><img aria-describedby=\"caption-attachment-11123\" decoding=\"async\" loading=\"lazy\" class=\"size-full wp-image-11123\" src=\"https:\/\/www.naturparkmagazin.de\/vdn\/wp-content\/uploads\/sites\/3\/Bild-3_Beitrag.jpg\" alt=\"Copyright: VDN\" width=\"500\" height=\"300\" srcset=\"https:\/\/www.naturparkmagazin.de\/vdn\/wp-content\/uploads\/sites\/3\/Bild-3_Beitrag.jpg 500w, https:\/\/www.naturparkmagazin.de\/vdn\/wp-content\/uploads\/sites\/3\/Bild-3_Beitrag-300x180.jpg 300w, https:\/\/www.naturparkmagazin.de\/vdn\/wp-content\/uploads\/sites\/3\/Bild-3_Beitrag-200x120.jpg 200w\" sizes=\"(max-width: 500px) 100vw, 500px\" \/><\/a><p id=\"caption-attachment-11123\" class=\"wp-caption-text\">Copyright: VDN<\/p><\/div>\n<p>Insgesamt 50 Personen (40 Naturparken, 4 Ministerien, VDN) sind der Einladung zu den beiden Werkstatt-Gespr\u00e4chen in Berlin und Frankfurt gefolgt. Ziel war es \u00fcber aktuelle Themen zu informieren und gemeinsam \u00fcber die Umsetzung des Wartburger Programms zu beraten. In intensiven und konstruktiven Dialogen wurden Vorschl\u00e4ge f\u00fcr die Weiterentwicklung der Naturparke und die Rolle und die Aufgaben des VDN als Netzwerker und Dachverband der Naturparke erarbeitet.<\/p>\n<div id=\"attachment_11122\" style=\"width: 510px\" class=\"wp-caption aligncenter\"><a href=\"https:\/\/www.naturparkmagazin.de\/vdn\/wp-content\/uploads\/sites\/3\/Bild-1_beitrag.jpg\"><img aria-describedby=\"caption-attachment-11122\" decoding=\"async\" loading=\"lazy\" class=\"size-full wp-image-11122\" src=\"https:\/\/www.naturparkmagazin.de\/vdn\/wp-content\/uploads\/sites\/3\/Bild-1_beitrag.jpg\" alt=\"Copyright: VDN\" width=\"500\" height=\"300\" srcset=\"https:\/\/www.naturparkmagazin.de\/vdn\/wp-content\/uploads\/sites\/3\/Bild-1_beitrag.jpg 500w, https:\/\/www.naturparkmagazin.de\/vdn\/wp-content\/uploads\/sites\/3\/Bild-1_beitrag-300x180.jpg 300w, https:\/\/www.naturparkmagazin.de\/vdn\/wp-content\/uploads\/sites\/3\/Bild-1_beitrag-200x120.jpg 200w\" sizes=\"(max-width: 500px) 100vw, 500px\" \/><\/a><p id=\"caption-attachment-11122\" class=\"wp-caption-text\">Copyright: VDN<\/p><\/div>\n<p>Das Wartburger Progamm ist der zentrale Leitrahmen f\u00fcr die Arbeit des VDN und der Naturparke. Daraus entstand die Idee Gespr\u00e4che mit den zust\u00e4ndigen Ministern der L\u00e4nder zu f\u00fchren mit dem Ziel, sie \u00fcber das Wartburger Programm zu informieren und sie als Mitstreiter f\u00fcr die Umsetzung zu gewinnen.<\/p>\n<p>&nbsp;<\/p>\n","protected":false},"excerpt":{"rendered":"<p>40 Naturparke und 4 Vertreter von Ministerien waren der Einladung des VDN zu den beiden Werkstatt-Gespr\u00e4chen in Berlin und Frankfurt gefolgt. <\/p>\n","protected":false},"author":51,"featured_media":11125,"comment_status":"open","ping_status":"open","sticky":false,"template":"","format":"standard","meta":{"_links_to":"","_links_to_target":""},"categories":[7],"tags":[],"yoast_head":"<!-- This site is optimized with the Yoast SEO plugin v19.10 - https:\/\/yoast.com\/wordpress\/plugins\/seo\/ -->\n<title>Zukunftswerkst\u00e4tten 2019<\/title>\n<meta name=\"description\" content=\"40 Naturparke und 4 Vertreter von Ministerien waren der Einladung des VDN zu den beiden Werkstatt-Gespr\u00e4chen in Berlin und Frankfurt gefolgt.\" \/>\n<meta name=\"robots\" content=\"index, follow, max-snippet:-1, max-image-preview:large, max-video-preview:-1\" \/>\n<link rel=\"canonical\" href=\"https:\/\/www.naturparkmagazin.de\/vdn\/zukunftswerkstaetten-2019\/\" \/>\n<meta property=\"og:locale\" content=\"de_DE\" \/>\n<meta property=\"og:type\" content=\"article\" \/>\n<meta property=\"og:title\" content=\"Zukunftswerkst\u00e4tten 2019\" \/>\n<meta property=\"og:description\" content=\"40 Naturparke und 4 Vertreter von Ministerien waren der Einladung des VDN zu den beiden Werkstatt-Gespr\u00e4chen in Berlin und Frankfurt gefolgt.\" \/>\n<meta property=\"og:url\" content=\"https:\/\/www.naturparkmagazin.de\/vdn\/zukunftswerkstaetten-2019\/\" \/>\n<meta property=\"og:site_name\" content=\"Verband Deutscher Naturparke\" \/>\n<meta property=\"article:published_time\" content=\"2019-03-18T14:10:08+00:00\" \/>\n<meta property=\"article:modified_time\" content=\"2019-03-26T11:44:44+00:00\" \/>\n<meta property=\"og:image\" content=\"https:\/\/www.naturparkmagazin.de\/vdn\/wp-content\/uploads\/sites\/3\/Bild-3_Beitragsbild.jpg\" \/>\n\t<meta property=\"og:image:width\" content=\"200\" \/>\n\t<meta property=\"og:image:height\" content=\"200\" \/>\n\t<meta property=\"og:image:type\" content=\"image\/jpeg\" \/>\n<meta name=\"author\" content=\"beatrixlosem\" \/>\n<meta name=\"twitter:label1\" content=\"Verfasst von\" \/>\n\t<meta name=\"twitter:data1\" content=\"beatrixlosem\" \/>\n\t<meta name=\"twitter:label2\" content=\"Gesch\u00e4tzte Lesezeit\" \/>\n\t<meta name=\"twitter:data2\" content=\"1\u00a0Minute\" \/>\n<script type=\"application\/ld+json\" class=\"yoast-schema-graph\">{\"@context\":\"https:\/\/schema.org\",\"@graph\":[{\"@type\":\"WebPage\",\"@id\":\"https:\/\/www.naturparkmagazin.de\/vdn\/zukunftswerkstaetten-2019\/\",\"url\":\"https:\/\/www.naturparkmagazin.de\/vdn\/zukunftswerkstaetten-2019\/\",\"name\":\"Zukunftswerkst\u00e4tten 2019\",\"isPartOf\":{\"@id\":\"https:\/\/www.naturparkmagazin.de\/vdn\/#website\"},\"datePublished\":\"2019-03-18T14:10:08+00:00\",\"dateModified\":\"2019-03-26T11:44:44+00:00\",\"author\":{\"@id\":\"https:\/\/www.naturparkmagazin.de\/vdn\/#\/schema\/person\/d71357578c318b6db03be60b1f60396b\"},\"description\":\"40 Naturparke und 4 Vertreter von Ministerien waren der Einladung des VDN zu den beiden Werkstatt-Gespr\u00e4chen in Berlin und Frankfurt gefolgt.\",\"breadcrumb\":{\"@id\":\"https:\/\/www.naturparkmagazin.de\/vdn\/zukunftswerkstaetten-2019\/#breadcrumb\"},\"inLanguage\":\"de\",\"potentialAction\":[{\"@type\":\"ReadAction\",\"target\":[\"https:\/\/www.naturparkmagazin.de\/vdn\/zukunftswerkstaetten-2019\/\"]}]},{\"@type\":\"BreadcrumbList\",\"@id\":\"https:\/\/www.naturparkmagazin.de\/vdn\/zukunftswerkstaetten-2019\/#breadcrumb\",\"itemListElement\":[{\"@type\":\"ListItem\",\"position\":1,\"name\":\"Home\",\"item\":\"https:\/\/www.naturparkmagazin.de\/vdn\/\"},{\"@type\":\"ListItem\",\"position\":2,\"name\":\"Zukunftswerkst\u00e4tten 2019\"}]},{\"@type\":\"WebSite\",\"@id\":\"https:\/\/www.naturparkmagazin.de\/vdn\/#website\",\"url\":\"https:\/\/www.naturparkmagazin.de\/vdn\/\",\"name\":\"Verband Deutscher Naturparke\",\"description\":\"Eine weitere Naturparkmagazin.de Netzwerk Seite\",\"potentialAction\":[{\"@type\":\"SearchAction\",\"target\":{\"@type\":\"EntryPoint\",\"urlTemplate\":\"https:\/\/www.naturparkmagazin.de\/vdn\/?s={search_term_string}\"},\"query-input\":\"required name=search_term_string\"}],\"inLanguage\":\"de\"},{\"@type\":\"Person\",\"@id\":\"https:\/\/www.naturparkmagazin.de\/vdn\/#\/schema\/person\/d71357578c318b6db03be60b1f60396b\",\"name\":\"beatrixlosem\",\"url\":\"https:\/\/www.naturparkmagazin.de\/vdn\/author\/beatrixlosem\/\"}]}<\/script>\n<!-- \/ Yoast SEO plugin. -->","yoast_head_json":{"title":"Zukunftswerkst\u00e4tten 2019","description":"40 Naturparke und 4 Vertreter von Ministerien waren der Einladung des VDN zu den beiden Werkstatt-Gespr\u00e4chen in Berlin und Frankfurt gefolgt.","robots":{"index":"index","follow":"follow","max-snippet":"max-snippet:-1","max-image-preview":"max-image-preview:large","max-video-preview":"max-video-preview:-1"},"canonical":"https:\/\/www.naturparkmagazin.de\/vdn\/zukunftswerkstaetten-2019\/","og_locale":"de_DE","og_type":"article","og_title":"Zukunftswerkst\u00e4tten 2019","og_description":"40 Naturparke und 4 Vertreter von Ministerien waren der Einladung des VDN zu den beiden Werkstatt-Gespr\u00e4chen in Berlin und Frankfurt gefolgt.","og_url":"https:\/\/www.naturparkmagazin.de\/vdn\/zukunftswerkstaetten-2019\/","og_site_name":"Verband Deutscher Naturparke","article_published_time":"2019-03-18T14:10:08+00:00","article_modified_time":"2019-03-26T11:44:44+00:00","og_image":[{"width":200,"height":200,"url":"https:\/\/www.naturparkmagazin.de\/vdn\/wp-content\/uploads\/sites\/3\/Bild-3_Beitragsbild.jpg","type":"image\/jpeg"}],"author":"beatrixlosem","twitter_misc":{"Verfasst von":"beatrixlosem","Gesch\u00e4tzte Lesezeit":"1\u00a0Minute"},"schema":{"@context":"https:\/\/schema.org","@graph":[{"@type":"WebPage","@id":"https:\/\/www.naturparkmagazin.de\/vdn\/zukunftswerkstaetten-2019\/","url":"https:\/\/www.naturparkmagazin.de\/vdn\/zukunftswerkstaetten-2019\/","name":"Zukunftswerkst\u00e4tten 2019","isPartOf":{"@id":"https:\/\/www.naturparkmagazin.de\/vdn\/#website"},"datePublished":"2019-03-18T14:10:08+00:00","dateModified":"2019-03-26T11:44:44+00:00","author":{"@id":"https:\/\/www.naturparkmagazin.de\/vdn\/#\/schema\/person\/d71357578c318b6db03be60b1f60396b"},"description":"40 Naturparke und 4 Vertreter von Ministerien waren der Einladung des VDN zu den beiden Werkstatt-Gespr\u00e4chen in Berlin und Frankfurt gefolgt.","breadcrumb":{"@id":"https:\/\/www.naturparkmagazin.de\/vdn\/zukunftswerkstaetten-2019\/#breadcrumb"},"inLanguage":"de","potentialAction":[{"@type":"ReadAction","target":["https:\/\/www.naturparkmagazin.de\/vdn\/zukunftswerkstaetten-2019\/"]}]},{"@type":"BreadcrumbList","@id":"https:\/\/www.naturparkmagazin.de\/vdn\/zukunftswerkstaetten-2019\/#breadcrumb","itemListElement":[{"@type":"ListItem","position":1,"name":"Home","item":"https:\/\/www.naturparkmagazin.de\/vdn\/"},{"@type":"ListItem","position":2,"name":"Zukunftswerkst\u00e4tten 2019"}]},{"@type":"WebSite","@id":"https:\/\/www.naturparkmagazin.de\/vdn\/#website","url":"https:\/\/www.naturparkmagazin.de\/vdn\/","name":"Verband Deutscher Naturparke","description":"Eine weitere Naturparkmagazin.de Netzwerk Seite","potentialAction":[{"@type":"SearchAction","target":{"@type":"EntryPoint","urlTemplate":"https:\/\/www.naturparkmagazin.de\/vdn\/?s={search_term_string}"},"query-input":"required name=search_term_string"}],"inLanguage":"de"},{"@type":"Person","@id":"https:\/\/www.naturparkmagazin.de\/vdn\/#\/schema\/person\/d71357578c318b6db03be60b1f60396b","name":"beatrixlosem","url":"https:\/\/www.naturparkmagazin.de\/vdn\/author\/beatrixlosem\/"}]}},"_links":{"self":[{"href":"https:\/\/www.naturparkmagazin.de\/vdn\/wp-json\/wp\/v2\/posts\/11121"}],"collection":[{"href":"https:\/\/www.naturparkmagazin.de\/vdn\/wp-json\/wp\/v2\/posts"}],"about":[{"href":"https:\/\/www.naturparkmagazin.de\/vdn\/wp-json\/wp\/v2\/types\/post"}],"author":[{"embeddable":true,"href":"https:\/\/www.naturparkmagazin.de\/vdn\/wp-json\/wp\/v2\/users\/51"}],"replies":[{"embeddable":true,"href":"https:\/\/www.naturparkmagazin.de\/vdn\/wp-json\/wp\/v2\/comments?post=11121"}],"version-history":[{"count":3,"href":"https:\/\/www.naturparkmagazin.de\/vdn\/wp-json\/wp\/v2\/posts\/11121\/revisions"}],"predecessor-version":[{"id":11201,"href":"https:\/\/www.naturparkmagazin.de\/vdn\/wp-json\/wp\/v2\/posts\/11121\/revisions\/11201"}],"wp:featuredmedia":[{"embeddable":true,"href":"https:\/\/www.naturparkmagazin.de\/vdn\/wp-json\/wp\/v2\/media\/11125"}],"wp:attachment":[{"href":"https:\/\/www.naturparkmagazin.de\/vdn\/wp-json\/wp\/v2\/media?parent=11121"}],"wp:term":[{"taxonomy":"category","embeddable":true,"href":"https:\/\/www.naturparkmagazin.de\/vdn\/wp-json\/wp\/v2\/categories?post=11121"},{"taxonomy":"post_tag","embeddable":true,"href":"https:\/\/www.naturparkmagazin.de\/vdn\/wp-json\/wp\/v2\/tags?post=11121"}],"curies":[{"name":"wp","href":"https:\/\/api.w.org\/{rel}","templated":true}]}}