{"id":11126,"date":"2019-03-18T10:23:39","date_gmt":"2019-03-18T09:23:39","guid":{"rendered":"https:\/\/www.naturparkmagazin.de\/vdn\/?p=11126"},"modified":"2019-03-28T15:23:29","modified_gmt":"2019-03-28T14:23:29","slug":"fit-fuer-den-klimaschutz","status":"publish","type":"post","link":"https:\/\/www.naturparkmagazin.de\/vdn\/fit-fuer-den-klimaschutz\/","title":{"rendered":"Fit f\u00fcr den Klimaschutz"},"content":{"rendered":"<div id=\"attachment_11215\" style=\"width: 510px\" class=\"wp-caption aligncenter\"><a href=\"https:\/\/www.naturparkmagazin.de\/vdn\/wp-content\/uploads\/sites\/3\/DSCN4078_beitrag.jpg\"><img aria-describedby=\"caption-attachment-11215\" decoding=\"async\" loading=\"lazy\" class=\"size-full wp-image-11215\" src=\"https:\/\/www.naturparkmagazin.de\/vdn\/wp-content\/uploads\/sites\/3\/DSCN4078_beitrag.jpg\" alt=\"Katzensprung-Team besucht die felto Filzwelt, Soltau in der L\u00fcneburger Heide - Copyright VDN\/Patrick Appelhans\" width=\"500\" height=\"300\" srcset=\"https:\/\/www.naturparkmagazin.de\/vdn\/wp-content\/uploads\/sites\/3\/DSCN4078_beitrag.jpg 500w, https:\/\/www.naturparkmagazin.de\/vdn\/wp-content\/uploads\/sites\/3\/DSCN4078_beitrag-300x180.jpg 300w, https:\/\/www.naturparkmagazin.de\/vdn\/wp-content\/uploads\/sites\/3\/DSCN4078_beitrag-200x120.jpg 200w\" sizes=\"(max-width: 500px) 100vw, 500px\" \/><\/a><p id=\"caption-attachment-11215\" class=\"wp-caption-text\">Katzensprung-Team besucht die felto Filzwelt, Soltau in der L\u00fcneburger Heide &#8211; Copyright VDN\/Patrick Appelhans<\/p><\/div>\n<p>Das Katzensprung-Team besucht derzeit die f\u00fcnf Modell-Naturparke Ammergauer Alpen, Hessische Rh\u00f6n, L\u00fcneburger Heide, Schwarzwald Mitte\/Nord und Th\u00fcringer Schiefergebirge\/Obere Saale, um dort in Workshops mit den Naturpark-Verantwortlichen und Touristikpartnern den weiteren Ablauf im Rahmen der geplanten Projekte f\u00fcr mehr Klimaschutz im Tourismus vor Ort festzulegen. Jeder Naturpark hat entsprechend der Ergebnisse aus Phase eins und der M\u00f6glichkeiten der realistischen Umsetzung vor Ort im verbleibenden Projektzeitraum ein priorit\u00e4res Handlungsfeld definiert, das bis Jahresende mit Unterst\u00fctzung des Katzensprung-Teams bearbeitet wird.<\/p>\n<p>Ziel ist es zum einen, durch das Erarbeiten von individuellen Einzelma\u00dfnahmen zu Nachhaltigkeit und Klimaschutz in den Naturparken eine Einsparung von CO2-Emissionen zu erreichen. Zum anderen will Katzensprung dabei helfen, in den f\u00fcnf Naturparken eine f\u00fcr Akteure wie G\u00e4ste sichtbare Profilsch\u00e4rfung zu erreichen, die durch flankierende Kommunikationsma\u00dfnahmen dazu f\u00fchren soll, dass an Nachhaltigkeit und Klimaschutz interessiere G\u00e4ste einen Urlaub im eigenen Land planen k\u00f6nnen. Eine B\u00fcndelung von M\u00f6glichkeiten der An- und Abreise mit \u00f6ffentlichen Verkehrsmitteln geh\u00f6ren genauso dazu wie die umweltfreundliche, einfache und g\u00fcnstige Mobilit\u00e4t vor Ort in der Urlaubsregion. Auch klimaschonende Unterk\u00fcnfte, umweltschonende Aktivit\u00e4ten oder eine Gastronomie, die ihren Schwerpunkt auf regionale und artgerecht erzeugte Zutaten legt, sind Bestandteile von nachhaltigem Tourismus.<\/p>\n<p>Weitere Workshops, die zum Ende der Projektlaufzeit (Fr\u00fchjahr 2020) zur Verstetigung der bis dahin entstandenen Netzwerke und Runden Tische f\u00fchren sollen, schlie\u00dfen die Katzensprung-Arbeit in diesem Jahr ab. Im n\u00e4chsten Jahr sollen die Ergebnisse u.a. auf einer gro\u00dfen Nachhaltigkeits-Konferenz pr\u00e4sentiert werden.<\/p>\n<p>&nbsp;<\/p>\n<p>&gt;&gt;<a href=\"https:\/\/www.naturparke.de\/service\/presse\/pressemitteilungen\/nachricht\/katzensprung-macht-fuenf-modell-naturparke-fit-fuer-den-klimaschutz.html\" target=\"_blank\"> <strong>Hier<\/strong><\/a> k\u00f6nnen Sie die Pressemitteilung anschauen.<\/p>\n<p>&gt;&gt;<a href=\"https:\/\/www.katzensprung-deutschland.de\/\" target=\"_blank\"> <strong>Hier<\/strong><\/a> finden Sie weiterf\u00fchrende Informationen zu Katzensprung.<\/p>\n<p>&nbsp;<\/p>\n","protected":false},"excerpt":{"rendered":"<p>F\u00fcnf Modell-Naturparke besucht das Katzensprung-Team, um mit Naturpark-Verantwortlichen und Touristikpartnern Details zu den geplanten Projekte f\u00fcr mehr Klimaschutz im Tourismus festzulegen. <\/p>\n","protected":false},"author":51,"featured_media":11127,"comment_status":"open","ping_status":"open","sticky":false,"template":"","format":"standard","meta":{"_links_to":"","_links_to_target":""},"categories":[7],"tags":[],"yoast_head":"<!-- This site is optimized with the Yoast SEO plugin v19.10 - https:\/\/yoast.com\/wordpress\/plugins\/seo\/ -->\n<title>Fit f\u00fcr den Klimaschutz<\/title>\n<meta name=\"description\" content=\"F\u00fcnf Modell-Naturparke besucht das Katzensprung-Team, um mit Naturpark-Verantwortlichen und Touristikpartnern Details zu den geplanten Projekte f\u00fcr mehr Klimaschutz im Tourismus festzulegen.\" \/>\n<meta name=\"robots\" content=\"index, follow, max-snippet:-1, max-image-preview:large, max-video-preview:-1\" \/>\n<link rel=\"canonical\" href=\"https:\/\/www.naturparkmagazin.de\/vdn\/fit-fuer-den-klimaschutz\/\" \/>\n<meta property=\"og:locale\" content=\"de_DE\" \/>\n<meta property=\"og:type\" content=\"article\" \/>\n<meta property=\"og:title\" content=\"Fit f\u00fcr den Klimaschutz\" \/>\n<meta property=\"og:description\" content=\"F\u00fcnf Modell-Naturparke besucht das Katzensprung-Team, um mit Naturpark-Verantwortlichen und Touristikpartnern Details zu den geplanten Projekte f\u00fcr mehr Klimaschutz im Tourismus festzulegen.\" \/>\n<meta property=\"og:url\" content=\"https:\/\/www.naturparkmagazin.de\/vdn\/fit-fuer-den-klimaschutz\/\" \/>\n<meta property=\"og:site_name\" content=\"Verband Deutscher Naturparke\" \/>\n<meta property=\"article:published_time\" content=\"2019-03-18T09:23:39+00:00\" \/>\n<meta property=\"article:modified_time\" content=\"2019-03-28T14:23:29+00:00\" \/>\n<meta property=\"og:image\" content=\"https:\/\/www.naturparkmagazin.de\/vdn\/wp-content\/uploads\/sites\/3\/DSCN4075_beitragsbild.jpg\" \/>\n\t<meta property=\"og:image:width\" content=\"200\" \/>\n\t<meta property=\"og:image:height\" content=\"200\" \/>\n\t<meta property=\"og:image:type\" content=\"image\/jpeg\" \/>\n<meta name=\"author\" content=\"beatrixlosem\" \/>\n<meta name=\"twitter:label1\" content=\"Verfasst von\" \/>\n\t<meta name=\"twitter:data1\" content=\"beatrixlosem\" \/>\n\t<meta name=\"twitter:label2\" content=\"Gesch\u00e4tzte Lesezeit\" \/>\n\t<meta name=\"twitter:data2\" content=\"2\u00a0Minuten\" \/>\n<script type=\"application\/ld+json\" class=\"yoast-schema-graph\">{\"@context\":\"https:\/\/schema.org\",\"@graph\":[{\"@type\":\"WebPage\",\"@id\":\"https:\/\/www.naturparkmagazin.de\/vdn\/fit-fuer-den-klimaschutz\/\",\"url\":\"https:\/\/www.naturparkmagazin.de\/vdn\/fit-fuer-den-klimaschutz\/\",\"name\":\"Fit f\u00fcr den Klimaschutz\",\"isPartOf\":{\"@id\":\"https:\/\/www.naturparkmagazin.de\/vdn\/#website\"},\"datePublished\":\"2019-03-18T09:23:39+00:00\",\"dateModified\":\"2019-03-28T14:23:29+00:00\",\"author\":{\"@id\":\"https:\/\/www.naturparkmagazin.de\/vdn\/#\/schema\/person\/d71357578c318b6db03be60b1f60396b\"},\"description\":\"F\u00fcnf Modell-Naturparke besucht das Katzensprung-Team, um mit Naturpark-Verantwortlichen und Touristikpartnern Details zu den geplanten Projekte f\u00fcr mehr Klimaschutz im Tourismus festzulegen.\",\"breadcrumb\":{\"@id\":\"https:\/\/www.naturparkmagazin.de\/vdn\/fit-fuer-den-klimaschutz\/#breadcrumb\"},\"inLanguage\":\"de\",\"potentialAction\":[{\"@type\":\"ReadAction\",\"target\":[\"https:\/\/www.naturparkmagazin.de\/vdn\/fit-fuer-den-klimaschutz\/\"]}]},{\"@type\":\"BreadcrumbList\",\"@id\":\"https:\/\/www.naturparkmagazin.de\/vdn\/fit-fuer-den-klimaschutz\/#breadcrumb\",\"itemListElement\":[{\"@type\":\"ListItem\",\"position\":1,\"name\":\"Home\",\"item\":\"https:\/\/www.naturparkmagazin.de\/vdn\/\"},{\"@type\":\"ListItem\",\"position\":2,\"name\":\"Fit f\u00fcr den Klimaschutz\"}]},{\"@type\":\"WebSite\",\"@id\":\"https:\/\/www.naturparkmagazin.de\/vdn\/#website\",\"url\":\"https:\/\/www.naturparkmagazin.de\/vdn\/\",\"name\":\"Verband Deutscher Naturparke\",\"description\":\"Eine weitere Naturparkmagazin.de Netzwerk Seite\",\"potentialAction\":[{\"@type\":\"SearchAction\",\"target\":{\"@type\":\"EntryPoint\",\"urlTemplate\":\"https:\/\/www.naturparkmagazin.de\/vdn\/?s={search_term_string}\"},\"query-input\":\"required name=search_term_string\"}],\"inLanguage\":\"de\"},{\"@type\":\"Person\",\"@id\":\"https:\/\/www.naturparkmagazin.de\/vdn\/#\/schema\/person\/d71357578c318b6db03be60b1f60396b\",\"name\":\"beatrixlosem\",\"url\":\"https:\/\/www.naturparkmagazin.de\/vdn\/author\/beatrixlosem\/\"}]}<\/script>\n<!-- \/ Yoast SEO plugin. -->","yoast_head_json":{"title":"Fit f\u00fcr den Klimaschutz","description":"F\u00fcnf Modell-Naturparke besucht das Katzensprung-Team, um mit Naturpark-Verantwortlichen und Touristikpartnern Details zu den geplanten Projekte f\u00fcr mehr Klimaschutz im Tourismus festzulegen.","robots":{"index":"index","follow":"follow","max-snippet":"max-snippet:-1","max-image-preview":"max-image-preview:large","max-video-preview":"max-video-preview:-1"},"canonical":"https:\/\/www.naturparkmagazin.de\/vdn\/fit-fuer-den-klimaschutz\/","og_locale":"de_DE","og_type":"article","og_title":"Fit f\u00fcr den Klimaschutz","og_description":"F\u00fcnf Modell-Naturparke besucht das Katzensprung-Team, um mit Naturpark-Verantwortlichen und Touristikpartnern Details zu den geplanten Projekte f\u00fcr mehr Klimaschutz im Tourismus festzulegen.","og_url":"https:\/\/www.naturparkmagazin.de\/vdn\/fit-fuer-den-klimaschutz\/","og_site_name":"Verband Deutscher Naturparke","article_published_time":"2019-03-18T09:23:39+00:00","article_modified_time":"2019-03-28T14:23:29+00:00","og_image":[{"width":200,"height":200,"url":"https:\/\/www.naturparkmagazin.de\/vdn\/wp-content\/uploads\/sites\/3\/DSCN4075_beitragsbild.jpg","type":"image\/jpeg"}],"author":"beatrixlosem","twitter_misc":{"Verfasst von":"beatrixlosem","Gesch\u00e4tzte Lesezeit":"2\u00a0Minuten"},"schema":{"@context":"https:\/\/schema.org","@graph":[{"@type":"WebPage","@id":"https:\/\/www.naturparkmagazin.de\/vdn\/fit-fuer-den-klimaschutz\/","url":"https:\/\/www.naturparkmagazin.de\/vdn\/fit-fuer-den-klimaschutz\/","name":"Fit f\u00fcr den Klimaschutz","isPartOf":{"@id":"https:\/\/www.naturparkmagazin.de\/vdn\/#website"},"datePublished":"2019-03-18T09:23:39+00:00","dateModified":"2019-03-28T14:23:29+00:00","author":{"@id":"https:\/\/www.naturparkmagazin.de\/vdn\/#\/schema\/person\/d71357578c318b6db03be60b1f60396b"},"description":"F\u00fcnf Modell-Naturparke besucht das Katzensprung-Team, um mit Naturpark-Verantwortlichen und Touristikpartnern Details zu den geplanten Projekte f\u00fcr mehr Klimaschutz im Tourismus festzulegen.","breadcrumb":{"@id":"https:\/\/www.naturparkmagazin.de\/vdn\/fit-fuer-den-klimaschutz\/#breadcrumb"},"inLanguage":"de","potentialAction":[{"@type":"ReadAction","target":["https:\/\/www.naturparkmagazin.de\/vdn\/fit-fuer-den-klimaschutz\/"]}]},{"@type":"BreadcrumbList","@id":"https:\/\/www.naturparkmagazin.de\/vdn\/fit-fuer-den-klimaschutz\/#breadcrumb","itemListElement":[{"@type":"ListItem","position":1,"name":"Home","item":"https:\/\/www.naturparkmagazin.de\/vdn\/"},{"@type":"ListItem","position":2,"name":"Fit f\u00fcr den Klimaschutz"}]},{"@type":"WebSite","@id":"https:\/\/www.naturparkmagazin.de\/vdn\/#website","url":"https:\/\/www.naturparkmagazin.de\/vdn\/","name":"Verband Deutscher Naturparke","description":"Eine weitere Naturparkmagazin.de Netzwerk Seite","potentialAction":[{"@type":"SearchAction","target":{"@type":"EntryPoint","urlTemplate":"https:\/\/www.naturparkmagazin.de\/vdn\/?s={search_term_string}"},"query-input":"required name=search_term_string"}],"inLanguage":"de"},{"@type":"Person","@id":"https:\/\/www.naturparkmagazin.de\/vdn\/#\/schema\/person\/d71357578c318b6db03be60b1f60396b","name":"beatrixlosem","url":"https:\/\/www.naturparkmagazin.de\/vdn\/author\/beatrixlosem\/"}]}},"_links":{"self":[{"href":"https:\/\/www.naturparkmagazin.de\/vdn\/wp-json\/wp\/v2\/posts\/11126"}],"collection":[{"href":"https:\/\/www.naturparkmagazin.de\/vdn\/wp-json\/wp\/v2\/posts"}],"about":[{"href":"https:\/\/www.naturparkmagazin.de\/vdn\/wp-json\/wp\/v2\/types\/post"}],"author":[{"embeddable":true,"href":"https:\/\/www.naturparkmagazin.de\/vdn\/wp-json\/wp\/v2\/users\/51"}],"replies":[{"embeddable":true,"href":"https:\/\/www.naturparkmagazin.de\/vdn\/wp-json\/wp\/v2\/comments?post=11126"}],"version-history":[{"count":8,"href":"https:\/\/www.naturparkmagazin.de\/vdn\/wp-json\/wp\/v2\/posts\/11126\/revisions"}],"predecessor-version":[{"id":11216,"href":"https:\/\/www.naturparkmagazin.de\/vdn\/wp-json\/wp\/v2\/posts\/11126\/revisions\/11216"}],"wp:featuredmedia":[{"embeddable":true,"href":"https:\/\/www.naturparkmagazin.de\/vdn\/wp-json\/wp\/v2\/media\/11127"}],"wp:attachment":[{"href":"https:\/\/www.naturparkmagazin.de\/vdn\/wp-json\/wp\/v2\/media?parent=11126"}],"wp:term":[{"taxonomy":"category","embeddable":true,"href":"https:\/\/www.naturparkmagazin.de\/vdn\/wp-json\/wp\/v2\/categories?post=11126"},{"taxonomy":"post_tag","embeddable":true,"href":"https:\/\/www.naturparkmagazin.de\/vdn\/wp-json\/wp\/v2\/tags?post=11126"}],"curies":[{"name":"wp","href":"https:\/\/api.w.org\/{rel}","templated":true}]}}