{"id":11129,"date":"2019-03-18T13:27:15","date_gmt":"2019-03-18T12:27:15","guid":{"rendered":"https:\/\/www.naturparkmagazin.de\/vdn\/?p=11129"},"modified":"2019-03-29T12:46:53","modified_gmt":"2019-03-29T11:46:53","slug":"leitfaden-aktiv-fuer-naturparke","status":"publish","type":"post","link":"https:\/\/www.naturparkmagazin.de\/vdn\/leitfaden-aktiv-fuer-naturparke\/","title":{"rendered":"Leitfaden \u201eAktiv f\u00fcr Naturparke\u201c"},"content":{"rendered":"<div id=\"attachment_11131\" style=\"width: 410px\" class=\"wp-caption aligncenter\"><a href=\"https:\/\/www.naturparkmagazin.de\/vdn\/wp-content\/uploads\/sites\/3\/Leitfaden-neu-2-Beitrag.jpg\"><img aria-describedby=\"caption-attachment-11131\" decoding=\"async\" loading=\"lazy\" class=\"size-full wp-image-11131\" src=\"https:\/\/www.naturparkmagazin.de\/vdn\/wp-content\/uploads\/sites\/3\/Leitfaden-neu-2-Beitrag.jpg\" alt=\"Copyright: VDN\" width=\"400\" height=\"550\" srcset=\"https:\/\/www.naturparkmagazin.de\/vdn\/wp-content\/uploads\/sites\/3\/Leitfaden-neu-2-Beitrag.jpg 400w, https:\/\/www.naturparkmagazin.de\/vdn\/wp-content\/uploads\/sites\/3\/Leitfaden-neu-2-Beitrag-300x413.jpg 300w, https:\/\/www.naturparkmagazin.de\/vdn\/wp-content\/uploads\/sites\/3\/Leitfaden-neu-2-Beitrag-200x275.jpg 200w\" sizes=\"(max-width: 400px) 100vw, 400px\" \/><\/a><p id=\"caption-attachment-11131\" class=\"wp-caption-text\">Copyright: VDN<\/p><\/div>\n<p>Der Verband Deutscher Naturparke e.V. (VDN) und die bundesweit derzeit 105 Naturparke in Deutschland haben sich die kontinuierliche Entwicklung von Naturparken zu Modellregionen f\u00fcr nachhaltige Entwicklung zum Ziel gesetzt. Das im neuen Leitfaden vorgestellte Projekt \u201eAktiv f\u00fcr Naturparke\u201c unterst\u00fctzt die Naturparke in dieser Aufgabe, indem es den Rahmen daf\u00fcr schafft, zahlreiche Partner in den einzelnen Naturparken f\u00fcr die gemeinsame Umsetzung dieses Ziels zu gewinnen.<\/p>\n<p>Das Projekt \u201eAktiv f\u00fcr Naturparke\u201c und der Leitfaden sind im F\u00f6rderprojekt \u201eNaturpark-Partner-Netzwerk f\u00fcr naturschutzgerechtes und nachhaltiges Wirtschaften\u201c entwickelt worden, welches der VDN in Zusammenarbeit mit dem Naturpark L\u00fcneburger Heide und unter Mitwirkung aller Naturparke in Niedersachsen durchgef\u00fchrt hat. Gef\u00f6rdert wurde das Projekt vom Land Niedersachsen im Rahmen der Richtlinie Landschaftswerte mit Mitteln des EU-F\u00f6rderprogramms EFRE. Das Konzept und der Kriterienkatalog zur Auszeichnung von Partnern wurden im Bundesbeirat des VDN beraten und vom Vorstand des VDN beschlossen.<\/p>\n<p>Das Naturpark-Partner-Projekt \u201eAktiv f\u00fcr Naturparke\u201c ist ein Auszeichnungsverfahren und steht den Naturparken dauerhaft zur Anwendung zur Verf\u00fcgung. Der VDN wird daf\u00fcr Sorge tragen, dass die Grundlagen und Kriterien dieses Projekts kontinuierlich weiterentwickelt werden. Diesen Prozess gestaltet der VDN gemeinsam mit den Naturparken, die sich aktiv an dem Projekt beteiligen.<\/p>\n<p>&nbsp;<\/p>\n<p>&gt;&gt;<a href=\"https:\/\/www.naturparke.de\/service\/infothek.html\" target=\"_blank\"><strong> Hier<\/strong><\/a> k\u00f6nnen Sie <strong>ab 5. April 2019<\/strong> den Leitfaden \u201eAktiv f\u00fcr Naturparke\u201c downloaden.<\/p>\n<p>&gt;&gt; <a href=\"https:\/\/www.naturparke.de\/service\/bestellungen.html\" target=\"_blank\"><strong>Hier<\/strong><\/a> k\u00f6nnen Sie <strong>ab 5. April 2019<\/strong> den Leitfaden \u201eAktiv f\u00fcr Naturparke\u201c bestellen.<\/p>\n<p>&nbsp;<\/p>\n","protected":false},"excerpt":{"rendered":"<p>Der neue Leitfaden \u201eAktiv f\u00fcr Naturparke\u201c unterst\u00fctzt Naturparke beim Aufbau eines Partner-Netzwerkes auf dem Weg zu Modellregionen f\u00fcr nachhaltige Entwicklung.<\/p>\n","protected":false},"author":51,"featured_media":11133,"comment_status":"open","ping_status":"open","sticky":false,"template":"","format":"standard","meta":{"_links_to":"","_links_to_target":""},"categories":[7],"tags":[],"yoast_head":"<!-- This site is optimized with the Yoast SEO plugin v19.10 - https:\/\/yoast.com\/wordpress\/plugins\/seo\/ -->\n<title>Leitfaden \u201eAktiv f\u00fcr Naturparke\u201c<\/title>\n<meta name=\"description\" content=\"Der neue Leitfaden \u201eAktiv f\u00fcr Naturparke\u201c unterst\u00fctzt Naturparke beim Aufbau eines Partner-Netzwerkes auf dem Weg zu Modellregionen f\u00fcr nachhaltige Entwicklung.\" \/>\n<meta name=\"robots\" content=\"index, follow, max-snippet:-1, max-image-preview:large, max-video-preview:-1\" \/>\n<link rel=\"canonical\" href=\"https:\/\/www.naturparkmagazin.de\/vdn\/leitfaden-aktiv-fuer-naturparke\/\" \/>\n<meta property=\"og:locale\" content=\"de_DE\" \/>\n<meta property=\"og:type\" content=\"article\" \/>\n<meta property=\"og:title\" content=\"Leitfaden \u201eAktiv f\u00fcr Naturparke\u201c\" \/>\n<meta property=\"og:description\" content=\"Der neue Leitfaden \u201eAktiv f\u00fcr Naturparke\u201c unterst\u00fctzt Naturparke beim Aufbau eines Partner-Netzwerkes auf dem Weg zu Modellregionen f\u00fcr nachhaltige Entwicklung.\" \/>\n<meta property=\"og:url\" content=\"https:\/\/www.naturparkmagazin.de\/vdn\/leitfaden-aktiv-fuer-naturparke\/\" \/>\n<meta property=\"og:site_name\" content=\"Verband Deutscher Naturparke\" \/>\n<meta property=\"article:published_time\" content=\"2019-03-18T12:27:15+00:00\" \/>\n<meta property=\"article:modified_time\" content=\"2019-03-29T11:46:53+00:00\" \/>\n<meta property=\"og:image\" content=\"https:\/\/www.naturparkmagazin.de\/vdn\/wp-content\/uploads\/sites\/3\/Leitfaden-neu-2-Beitragsbild.jpg\" \/>\n\t<meta property=\"og:image:width\" content=\"200\" \/>\n\t<meta property=\"og:image:height\" content=\"200\" \/>\n\t<meta property=\"og:image:type\" content=\"image\/jpeg\" \/>\n<meta name=\"author\" content=\"beatrixlosem\" \/>\n<meta name=\"twitter:label1\" content=\"Verfasst von\" \/>\n\t<meta name=\"twitter:data1\" content=\"beatrixlosem\" \/>\n\t<meta name=\"twitter:label2\" content=\"Gesch\u00e4tzte Lesezeit\" \/>\n\t<meta name=\"twitter:data2\" content=\"1\u00a0Minute\" \/>\n<script type=\"application\/ld+json\" class=\"yoast-schema-graph\">{\"@context\":\"https:\/\/schema.org\",\"@graph\":[{\"@type\":\"WebPage\",\"@id\":\"https:\/\/www.naturparkmagazin.de\/vdn\/leitfaden-aktiv-fuer-naturparke\/\",\"url\":\"https:\/\/www.naturparkmagazin.de\/vdn\/leitfaden-aktiv-fuer-naturparke\/\",\"name\":\"Leitfaden \u201eAktiv f\u00fcr Naturparke\u201c\",\"isPartOf\":{\"@id\":\"https:\/\/www.naturparkmagazin.de\/vdn\/#website\"},\"datePublished\":\"2019-03-18T12:27:15+00:00\",\"dateModified\":\"2019-03-29T11:46:53+00:00\",\"author\":{\"@id\":\"https:\/\/www.naturparkmagazin.de\/vdn\/#\/schema\/person\/d71357578c318b6db03be60b1f60396b\"},\"description\":\"Der neue Leitfaden \u201eAktiv f\u00fcr Naturparke\u201c unterst\u00fctzt Naturparke beim Aufbau eines Partner-Netzwerkes auf dem Weg zu Modellregionen f\u00fcr nachhaltige Entwicklung.\",\"breadcrumb\":{\"@id\":\"https:\/\/www.naturparkmagazin.de\/vdn\/leitfaden-aktiv-fuer-naturparke\/#breadcrumb\"},\"inLanguage\":\"de\",\"potentialAction\":[{\"@type\":\"ReadAction\",\"target\":[\"https:\/\/www.naturparkmagazin.de\/vdn\/leitfaden-aktiv-fuer-naturparke\/\"]}]},{\"@type\":\"BreadcrumbList\",\"@id\":\"https:\/\/www.naturparkmagazin.de\/vdn\/leitfaden-aktiv-fuer-naturparke\/#breadcrumb\",\"itemListElement\":[{\"@type\":\"ListItem\",\"position\":1,\"name\":\"Home\",\"item\":\"https:\/\/www.naturparkmagazin.de\/vdn\/\"},{\"@type\":\"ListItem\",\"position\":2,\"name\":\"Leitfaden \u201eAktiv f\u00fcr Naturparke\u201c\"}]},{\"@type\":\"WebSite\",\"@id\":\"https:\/\/www.naturparkmagazin.de\/vdn\/#website\",\"url\":\"https:\/\/www.naturparkmagazin.de\/vdn\/\",\"name\":\"Verband Deutscher Naturparke\",\"description\":\"Eine weitere Naturparkmagazin.de Netzwerk Seite\",\"potentialAction\":[{\"@type\":\"SearchAction\",\"target\":{\"@type\":\"EntryPoint\",\"urlTemplate\":\"https:\/\/www.naturparkmagazin.de\/vdn\/?s={search_term_string}\"},\"query-input\":\"required name=search_term_string\"}],\"inLanguage\":\"de\"},{\"@type\":\"Person\",\"@id\":\"https:\/\/www.naturparkmagazin.de\/vdn\/#\/schema\/person\/d71357578c318b6db03be60b1f60396b\",\"name\":\"beatrixlosem\",\"url\":\"https:\/\/www.naturparkmagazin.de\/vdn\/author\/beatrixlosem\/\"}]}<\/script>\n<!-- \/ Yoast SEO plugin. -->","yoast_head_json":{"title":"Leitfaden \u201eAktiv f\u00fcr Naturparke\u201c","description":"Der neue Leitfaden \u201eAktiv f\u00fcr Naturparke\u201c unterst\u00fctzt Naturparke beim Aufbau eines Partner-Netzwerkes auf dem Weg zu Modellregionen f\u00fcr nachhaltige Entwicklung.","robots":{"index":"index","follow":"follow","max-snippet":"max-snippet:-1","max-image-preview":"max-image-preview:large","max-video-preview":"max-video-preview:-1"},"canonical":"https:\/\/www.naturparkmagazin.de\/vdn\/leitfaden-aktiv-fuer-naturparke\/","og_locale":"de_DE","og_type":"article","og_title":"Leitfaden \u201eAktiv f\u00fcr Naturparke\u201c","og_description":"Der neue Leitfaden \u201eAktiv f\u00fcr Naturparke\u201c unterst\u00fctzt Naturparke beim Aufbau eines Partner-Netzwerkes auf dem Weg zu Modellregionen f\u00fcr nachhaltige Entwicklung.","og_url":"https:\/\/www.naturparkmagazin.de\/vdn\/leitfaden-aktiv-fuer-naturparke\/","og_site_name":"Verband Deutscher Naturparke","article_published_time":"2019-03-18T12:27:15+00:00","article_modified_time":"2019-03-29T11:46:53+00:00","og_image":[{"width":200,"height":200,"url":"https:\/\/www.naturparkmagazin.de\/vdn\/wp-content\/uploads\/sites\/3\/Leitfaden-neu-2-Beitragsbild.jpg","type":"image\/jpeg"}],"author":"beatrixlosem","twitter_misc":{"Verfasst von":"beatrixlosem","Gesch\u00e4tzte Lesezeit":"1\u00a0Minute"},"schema":{"@context":"https:\/\/schema.org","@graph":[{"@type":"WebPage","@id":"https:\/\/www.naturparkmagazin.de\/vdn\/leitfaden-aktiv-fuer-naturparke\/","url":"https:\/\/www.naturparkmagazin.de\/vdn\/leitfaden-aktiv-fuer-naturparke\/","name":"Leitfaden \u201eAktiv f\u00fcr Naturparke\u201c","isPartOf":{"@id":"https:\/\/www.naturparkmagazin.de\/vdn\/#website"},"datePublished":"2019-03-18T12:27:15+00:00","dateModified":"2019-03-29T11:46:53+00:00","author":{"@id":"https:\/\/www.naturparkmagazin.de\/vdn\/#\/schema\/person\/d71357578c318b6db03be60b1f60396b"},"description":"Der neue Leitfaden \u201eAktiv f\u00fcr Naturparke\u201c unterst\u00fctzt Naturparke beim Aufbau eines Partner-Netzwerkes auf dem Weg zu Modellregionen f\u00fcr nachhaltige Entwicklung.","breadcrumb":{"@id":"https:\/\/www.naturparkmagazin.de\/vdn\/leitfaden-aktiv-fuer-naturparke\/#breadcrumb"},"inLanguage":"de","potentialAction":[{"@type":"ReadAction","target":["https:\/\/www.naturparkmagazin.de\/vdn\/leitfaden-aktiv-fuer-naturparke\/"]}]},{"@type":"BreadcrumbList","@id":"https:\/\/www.naturparkmagazin.de\/vdn\/leitfaden-aktiv-fuer-naturparke\/#breadcrumb","itemListElement":[{"@type":"ListItem","position":1,"name":"Home","item":"https:\/\/www.naturparkmagazin.de\/vdn\/"},{"@type":"ListItem","position":2,"name":"Leitfaden \u201eAktiv f\u00fcr Naturparke\u201c"}]},{"@type":"WebSite","@id":"https:\/\/www.naturparkmagazin.de\/vdn\/#website","url":"https:\/\/www.naturparkmagazin.de\/vdn\/","name":"Verband Deutscher Naturparke","description":"Eine weitere Naturparkmagazin.de Netzwerk Seite","potentialAction":[{"@type":"SearchAction","target":{"@type":"EntryPoint","urlTemplate":"https:\/\/www.naturparkmagazin.de\/vdn\/?s={search_term_string}"},"query-input":"required name=search_term_string"}],"inLanguage":"de"},{"@type":"Person","@id":"https:\/\/www.naturparkmagazin.de\/vdn\/#\/schema\/person\/d71357578c318b6db03be60b1f60396b","name":"beatrixlosem","url":"https:\/\/www.naturparkmagazin.de\/vdn\/author\/beatrixlosem\/"}]}},"_links":{"self":[{"href":"https:\/\/www.naturparkmagazin.de\/vdn\/wp-json\/wp\/v2\/posts\/11129"}],"collection":[{"href":"https:\/\/www.naturparkmagazin.de\/vdn\/wp-json\/wp\/v2\/posts"}],"about":[{"href":"https:\/\/www.naturparkmagazin.de\/vdn\/wp-json\/wp\/v2\/types\/post"}],"author":[{"embeddable":true,"href":"https:\/\/www.naturparkmagazin.de\/vdn\/wp-json\/wp\/v2\/users\/51"}],"replies":[{"embeddable":true,"href":"https:\/\/www.naturparkmagazin.de\/vdn\/wp-json\/wp\/v2\/comments?post=11129"}],"version-history":[{"count":5,"href":"https:\/\/www.naturparkmagazin.de\/vdn\/wp-json\/wp\/v2\/posts\/11129\/revisions"}],"predecessor-version":[{"id":11221,"href":"https:\/\/www.naturparkmagazin.de\/vdn\/wp-json\/wp\/v2\/posts\/11129\/revisions\/11221"}],"wp:featuredmedia":[{"embeddable":true,"href":"https:\/\/www.naturparkmagazin.de\/vdn\/wp-json\/wp\/v2\/media\/11133"}],"wp:attachment":[{"href":"https:\/\/www.naturparkmagazin.de\/vdn\/wp-json\/wp\/v2\/media?parent=11129"}],"wp:term":[{"taxonomy":"category","embeddable":true,"href":"https:\/\/www.naturparkmagazin.de\/vdn\/wp-json\/wp\/v2\/categories?post=11129"},{"taxonomy":"post_tag","embeddable":true,"href":"https:\/\/www.naturparkmagazin.de\/vdn\/wp-json\/wp\/v2\/tags?post=11129"}],"curies":[{"name":"wp","href":"https:\/\/api.w.org\/{rel}","templated":true}]}}