{"id":11135,"date":"2019-03-18T16:03:49","date_gmt":"2019-03-18T15:03:49","guid":{"rendered":"https:\/\/www.naturparkmagazin.de\/vdn\/?p=11135"},"modified":"2019-03-29T09:39:25","modified_gmt":"2019-03-29T08:39:25","slug":"so-geht-vielfalt-natur-erleben-fuer-alle","status":"publish","type":"post","link":"https:\/\/www.naturparkmagazin.de\/vdn\/so-geht-vielfalt-natur-erleben-fuer-alle\/","title":{"rendered":"\u201eSo geht Vielfalt\u201c \u2013 Natur erleben f\u00fcr alle"},"content":{"rendered":"<div id=\"attachment_11207\" style=\"width: 510px\" class=\"wp-caption aligncenter\"><a href=\"https:\/\/www.naturparkmagazin.de\/vdn\/wp-content\/uploads\/sites\/3\/\u00a9-EMFA-Bonn-9_beitrag.jpg\"><img aria-describedby=\"caption-attachment-11207\" decoding=\"async\" loading=\"lazy\" class=\"size-full wp-image-11207\" src=\"https:\/\/www.naturparkmagazin.de\/vdn\/wp-content\/uploads\/sites\/3\/\u00a9-EMFA-Bonn-9_beitrag.jpg\" alt=\"\u00a9 EMFA Bonn \" width=\"500\" height=\"300\" srcset=\"https:\/\/www.naturparkmagazin.de\/vdn\/wp-content\/uploads\/sites\/3\/\u00a9-EMFA-Bonn-9_beitrag.jpg 500w, https:\/\/www.naturparkmagazin.de\/vdn\/wp-content\/uploads\/sites\/3\/\u00a9-EMFA-Bonn-9_beitrag-300x180.jpg 300w, https:\/\/www.naturparkmagazin.de\/vdn\/wp-content\/uploads\/sites\/3\/\u00a9-EMFA-Bonn-9_beitrag-200x120.jpg 200w\" sizes=\"(max-width: 500px) 100vw, 500px\" \/><\/a><p id=\"caption-attachment-11207\" class=\"wp-caption-text\">\u00a9 EMFA Bonn<\/p><\/div>\n<p>Naturparke zeichnet seit ihrer Gr\u00fcndung Ende der 1950er Jahre dadurch aus, dass sie Naturschutz und soziale Fragen in ihrer Arbeit verbinden. Ma\u00dfstab f\u00fcr das Tun der Naturparke ist dabei<\/p>\n<ul>\n<li>die Gleichrangigkeit von Natur- und Landschaftsschutz und der Erholungsfunktion einer Landschaft,<\/li>\n<li>die Gemeinwohlorientierung,<\/li>\n<li>einen Beitrag f\u00fcr Zusammenhalt und Teilhabe an der Gesellschaft zu leisten sowie<\/li>\n<li>Angebote zu schaffen, die allen Menschen offenstehen.<\/li>\n<\/ul>\n<div id=\"attachment_11208\" style=\"width: 510px\" class=\"wp-caption aligncenter\"><a href=\"https:\/\/www.naturparkmagazin.de\/vdn\/wp-content\/uploads\/sites\/3\/\u00a9-Geo-Naturpark-Saale-Unstrut-Triasland-e.-V.-Dr.-Matthias-Henniger-2_beitrag.jpg\"><img aria-describedby=\"caption-attachment-11208\" decoding=\"async\" loading=\"lazy\" class=\"size-full wp-image-11208\" src=\"https:\/\/www.naturparkmagazin.de\/vdn\/wp-content\/uploads\/sites\/3\/\u00a9-Geo-Naturpark-Saale-Unstrut-Triasland-e.-V.-Dr.-Matthias-Henniger-2_beitrag.jpg\" alt=\"\u00a9 Geo-Naturpark Saale-Unstrut-Triasland e. V.\/ Dr. Matthias Henniger \" width=\"500\" height=\"300\" srcset=\"https:\/\/www.naturparkmagazin.de\/vdn\/wp-content\/uploads\/sites\/3\/\u00a9-Geo-Naturpark-Saale-Unstrut-Triasland-e.-V.-Dr.-Matthias-Henniger-2_beitrag.jpg 500w, https:\/\/www.naturparkmagazin.de\/vdn\/wp-content\/uploads\/sites\/3\/\u00a9-Geo-Naturpark-Saale-Unstrut-Triasland-e.-V.-Dr.-Matthias-Henniger-2_beitrag-300x180.jpg 300w, https:\/\/www.naturparkmagazin.de\/vdn\/wp-content\/uploads\/sites\/3\/\u00a9-Geo-Naturpark-Saale-Unstrut-Triasland-e.-V.-Dr.-Matthias-Henniger-2_beitrag-200x120.jpg 200w\" sizes=\"(max-width: 500px) 100vw, 500px\" \/><\/a><p id=\"caption-attachment-11208\" class=\"wp-caption-text\">\u00a9 Geo-Naturpark Saale-Unstrut-Triasland e. V.\/ Dr. Matthias Henniger<\/p><\/div>\n<p>Durch ihre naturr\u00e4umliche Vielfalt und ihr breites Aufgabenspektrum bieten Naturparke einen attraktiven Erfahrungsort, um Themen aus dem Bereich der biologischen Vielfalt erlebbar zu machen und f\u00fcr den Schutz und Erhalt zu sensibilisieren. Sie bieten die M\u00f6glichkeit, Heimat (neu) zu entdecken, eine nat\u00fcrliche Verbundenheit zur eigenen Umgebung aufzubauen und die M\u00f6glichkeit der Begegnung \u00fcber soziale und kulturelle Grenzen hinweg.<\/p>\n<div id=\"attachment_11209\" style=\"width: 510px\" class=\"wp-caption aligncenter\"><a href=\"https:\/\/www.naturparkmagazin.de\/vdn\/wp-content\/uploads\/sites\/3\/\u00a9-Naturpark-Arnsberger-Wald_beitrag.jpg\"><img aria-describedby=\"caption-attachment-11209\" decoding=\"async\" loading=\"lazy\" class=\"size-full wp-image-11209\" src=\"https:\/\/www.naturparkmagazin.de\/vdn\/wp-content\/uploads\/sites\/3\/\u00a9-Naturpark-Arnsberger-Wald_beitrag.jpg\" alt=\"\u00a9 Naturpark Arnsberger Wald\" width=\"500\" height=\"300\" srcset=\"https:\/\/www.naturparkmagazin.de\/vdn\/wp-content\/uploads\/sites\/3\/\u00a9-Naturpark-Arnsberger-Wald_beitrag.jpg 500w, https:\/\/www.naturparkmagazin.de\/vdn\/wp-content\/uploads\/sites\/3\/\u00a9-Naturpark-Arnsberger-Wald_beitrag-300x180.jpg 300w, https:\/\/www.naturparkmagazin.de\/vdn\/wp-content\/uploads\/sites\/3\/\u00a9-Naturpark-Arnsberger-Wald_beitrag-200x120.jpg 200w\" sizes=\"(max-width: 500px) 100vw, 500px\" \/><\/a><p id=\"caption-attachment-11209\" class=\"wp-caption-text\">\u00a9 Naturpark Arnsberger Wald<\/p><\/div>\n<p>Vor diesem Hintergrund wurden im Rahmen des Projekts \u201eNatur erleben verbindet\u201c die Angebote der Naturparke weiterentwickelt und gezielt f\u00fcr weitere Zielgruppen ge\u00f6ffnet. Das betrifft die inhaltliche Gestaltung, die Art der Kommunikation sowie die Durchf\u00fchrung der Angebote. Auf diese Weise sollten die an den jeweiligen Lebenswelten und Bed\u00fcrfnissen der Menschen orientierten Naturerlebnis- und Mitmachangebote einen besseren individuellen Zugang zur Natur und ein vertieftes Verst\u00e4ndnis von Naturschutzfragen erm\u00f6glichen. Die Angebote wurden 2018 in den Naturparken durchgef\u00fchrt. Mit dem Projekt wurde die Grundlage daf\u00fcr gelegt, dass auch k\u00fcnftig verst\u00e4rkt Naturerlebnis- und Mitmachangebote f\u00fcr sozial benachteiligte Menschen, Menschen mit Migrationshintergrund und Gefl\u00fcchtete entwickelt werden.<\/p>\n<div id=\"attachment_11210\" style=\"width: 510px\" class=\"wp-caption aligncenter\"><a href=\"https:\/\/www.naturparkmagazin.de\/vdn\/wp-content\/uploads\/sites\/3\/\u00a9-Naturpark-Sauerland-Rothaargebirge-Christina-Ermert-6_beitrag.jpg\"><img aria-describedby=\"caption-attachment-11210\" decoding=\"async\" loading=\"lazy\" class=\"size-full wp-image-11210\" src=\"https:\/\/www.naturparkmagazin.de\/vdn\/wp-content\/uploads\/sites\/3\/\u00a9-Naturpark-Sauerland-Rothaargebirge-Christina-Ermert-6_beitrag.jpg\" alt=\"\u00a9 Naturpark Sauerland Rothaargebirge\/Christina Ermert \" width=\"500\" height=\"300\" srcset=\"https:\/\/www.naturparkmagazin.de\/vdn\/wp-content\/uploads\/sites\/3\/\u00a9-Naturpark-Sauerland-Rothaargebirge-Christina-Ermert-6_beitrag.jpg 500w, https:\/\/www.naturparkmagazin.de\/vdn\/wp-content\/uploads\/sites\/3\/\u00a9-Naturpark-Sauerland-Rothaargebirge-Christina-Ermert-6_beitrag-300x180.jpg 300w, https:\/\/www.naturparkmagazin.de\/vdn\/wp-content\/uploads\/sites\/3\/\u00a9-Naturpark-Sauerland-Rothaargebirge-Christina-Ermert-6_beitrag-200x120.jpg 200w\" sizes=\"(max-width: 500px) 100vw, 500px\" \/><\/a><p id=\"caption-attachment-11210\" class=\"wp-caption-text\">\u00a9 Naturpark Sauerland Rothaargebirge\/Christina Ermert<\/p><\/div>\n<p>Die Zusammenarbeit der Naturparke mit den Sozial- und Tandempartnern bot nicht nur gemeinsame Wege der Ansprache und \u00d6ffentlichkeitsarbeit, sondern auch wertvolle Erfahrungswerte, um die Angebote so zu gestalten, dass sie auf das Interesse der Menschen aus den Zielgruppen sto\u00dfen.<\/p>\n<div id=\"attachment_11211\" style=\"width: 510px\" class=\"wp-caption aligncenter\"><a href=\"https:\/\/www.naturparkmagazin.de\/vdn\/wp-content\/uploads\/sites\/3\/\u00a9-Naturpark-Sauerland-Rothaargebirge-Volker-Prutti-61_beitrag.jpg\"><img aria-describedby=\"caption-attachment-11211\" decoding=\"async\" loading=\"lazy\" class=\"size-full wp-image-11211\" src=\"https:\/\/www.naturparkmagazin.de\/vdn\/wp-content\/uploads\/sites\/3\/\u00a9-Naturpark-Sauerland-Rothaargebirge-Volker-Prutti-61_beitrag.jpg\" alt=\"\u00a9 Naturpark Sauerland Rothaargebirge\/Volker Prutti\" width=\"500\" height=\"300\" srcset=\"https:\/\/www.naturparkmagazin.de\/vdn\/wp-content\/uploads\/sites\/3\/\u00a9-Naturpark-Sauerland-Rothaargebirge-Volker-Prutti-61_beitrag.jpg 500w, https:\/\/www.naturparkmagazin.de\/vdn\/wp-content\/uploads\/sites\/3\/\u00a9-Naturpark-Sauerland-Rothaargebirge-Volker-Prutti-61_beitrag-300x180.jpg 300w, https:\/\/www.naturparkmagazin.de\/vdn\/wp-content\/uploads\/sites\/3\/\u00a9-Naturpark-Sauerland-Rothaargebirge-Volker-Prutti-61_beitrag-200x120.jpg 200w\" sizes=\"(max-width: 500px) 100vw, 500px\" \/><\/a><p id=\"caption-attachment-11211\" class=\"wp-caption-text\">\u00a9 Naturpark Sauerland Rothaargebirge\/Volker Prutti<\/p><\/div>\n<p>In der Vielf\u00e4ltigkeit der durchgef\u00fchrten Angebote zeigt sich das Potenzial, das die Naturparke im Bereich der zielgruppenspezifischen Angebotsgestaltung bieten. Die Wege hierf\u00fcr k\u00f6nnen ganz unterschiedlich sein. Gemeinsam aber ist allen Naturerlebnis- und Mitmachangeboten: Sie leben die Vielfalt in Natur und Landschaft.<\/p>\n<p>&gt;&gt; <a href=\"https:\/\/www.naturparke.de\/aufgaben-ziele\/bildung\/natur-erleben-verbindet.html\" target=\"_blank\"><strong>Hier<\/strong><\/a> k\u00f6nnen Sie sich \u00fcber das Projekt \u201eNatur erleben verbindet\u201c informieren.<\/p>\n<p>&nbsp;<\/p>\n<p>&nbsp;<\/p>\n","protected":false},"excerpt":{"rendered":"<p>Natur- und Umweltschutzthemen bieten vielf\u00e4ltige M\u00f6glichkeiten f\u00fcr ein soziales Miteinander \u2013 \u00fcber kulturelle und soziale Grenzen hinweg.  Das Projekt &#8222;Natur erleben verbindet&#8220; entwickelte Initiativen, die einen wichtigen Beitrag zu sozialer Gerechtigkeit und Integration leisten.  <\/p>\n","protected":false},"author":51,"featured_media":11136,"comment_status":"open","ping_status":"open","sticky":false,"template":"","format":"standard","meta":{"_links_to":"","_links_to_target":""},"categories":[51],"tags":[],"yoast_head":"<!-- This site is optimized with the Yoast SEO plugin v19.10 - https:\/\/yoast.com\/wordpress\/plugins\/seo\/ -->\n<title>\u201eSo geht Vielfalt\u201c \u2013 Natur erleben f\u00fcr alle<\/title>\n<meta name=\"description\" content=\"Natur- und Umweltschutzthemen bieten vielf\u00e4ltige M\u00f6glichkeiten f\u00fcr ein soziales Miteinander \u2013 \u00fcber kulturelle und soziale Grenzen hinweg. Das Projekt &quot;Natur erleben verbindet&quot; entwickelte Initiativen, die einen wichtigen Beitrag zu sozialer Gerechtigkeit und Integration leisten.\" \/>\n<meta name=\"robots\" content=\"index, follow, max-snippet:-1, max-image-preview:large, max-video-preview:-1\" \/>\n<link rel=\"canonical\" href=\"https:\/\/www.naturparkmagazin.de\/vdn\/so-geht-vielfalt-natur-erleben-fuer-alle\/\" \/>\n<meta property=\"og:locale\" content=\"de_DE\" \/>\n<meta property=\"og:type\" content=\"article\" \/>\n<meta property=\"og:title\" content=\"\u201eSo geht Vielfalt\u201c \u2013 Natur erleben f\u00fcr alle\" \/>\n<meta property=\"og:description\" content=\"Natur- und Umweltschutzthemen bieten vielf\u00e4ltige M\u00f6glichkeiten f\u00fcr ein soziales Miteinander \u2013 \u00fcber kulturelle und soziale Grenzen hinweg. Das Projekt &quot;Natur erleben verbindet&quot; entwickelte Initiativen, die einen wichtigen Beitrag zu sozialer Gerechtigkeit und Integration leisten.\" \/>\n<meta property=\"og:url\" content=\"https:\/\/www.naturparkmagazin.de\/vdn\/so-geht-vielfalt-natur-erleben-fuer-alle\/\" \/>\n<meta property=\"og:site_name\" content=\"Verband Deutscher Naturparke\" \/>\n<meta property=\"article:published_time\" content=\"2019-03-18T15:03:49+00:00\" \/>\n<meta property=\"article:modified_time\" content=\"2019-03-29T08:39:25+00:00\" \/>\n<meta property=\"og:image\" content=\"https:\/\/www.naturparkmagazin.de\/vdn\/wp-content\/uploads\/sites\/3\/\u00a9-EMFA-Bonn-9_beitragsbild.jpg\" \/>\n\t<meta property=\"og:image:width\" content=\"200\" \/>\n\t<meta property=\"og:image:height\" content=\"200\" \/>\n\t<meta property=\"og:image:type\" content=\"image\/jpeg\" \/>\n<meta name=\"author\" content=\"beatrixlosem\" \/>\n<meta name=\"twitter:label1\" content=\"Verfasst von\" \/>\n\t<meta name=\"twitter:data1\" content=\"beatrixlosem\" \/>\n\t<meta name=\"twitter:label2\" content=\"Gesch\u00e4tzte Lesezeit\" \/>\n\t<meta name=\"twitter:data2\" content=\"2\u00a0Minuten\" \/>\n<script type=\"application\/ld+json\" class=\"yoast-schema-graph\">{\"@context\":\"https:\/\/schema.org\",\"@graph\":[{\"@type\":\"WebPage\",\"@id\":\"https:\/\/www.naturparkmagazin.de\/vdn\/so-geht-vielfalt-natur-erleben-fuer-alle\/\",\"url\":\"https:\/\/www.naturparkmagazin.de\/vdn\/so-geht-vielfalt-natur-erleben-fuer-alle\/\",\"name\":\"\u201eSo geht Vielfalt\u201c \u2013 Natur erleben f\u00fcr alle\",\"isPartOf\":{\"@id\":\"https:\/\/www.naturparkmagazin.de\/vdn\/#website\"},\"datePublished\":\"2019-03-18T15:03:49+00:00\",\"dateModified\":\"2019-03-29T08:39:25+00:00\",\"author\":{\"@id\":\"https:\/\/www.naturparkmagazin.de\/vdn\/#\/schema\/person\/d71357578c318b6db03be60b1f60396b\"},\"description\":\"Natur- und Umweltschutzthemen bieten vielf\u00e4ltige M\u00f6glichkeiten f\u00fcr ein soziales Miteinander \u2013 \u00fcber kulturelle und soziale Grenzen hinweg. Das Projekt \\\"Natur erleben verbindet\\\" entwickelte Initiativen, die einen wichtigen Beitrag zu sozialer Gerechtigkeit und Integration leisten.\",\"breadcrumb\":{\"@id\":\"https:\/\/www.naturparkmagazin.de\/vdn\/so-geht-vielfalt-natur-erleben-fuer-alle\/#breadcrumb\"},\"inLanguage\":\"de\",\"potentialAction\":[{\"@type\":\"ReadAction\",\"target\":[\"https:\/\/www.naturparkmagazin.de\/vdn\/so-geht-vielfalt-natur-erleben-fuer-alle\/\"]}]},{\"@type\":\"BreadcrumbList\",\"@id\":\"https:\/\/www.naturparkmagazin.de\/vdn\/so-geht-vielfalt-natur-erleben-fuer-alle\/#breadcrumb\",\"itemListElement\":[{\"@type\":\"ListItem\",\"position\":1,\"name\":\"Home\",\"item\":\"https:\/\/www.naturparkmagazin.de\/vdn\/\"},{\"@type\":\"ListItem\",\"position\":2,\"name\":\"\u201eSo geht Vielfalt\u201c \u2013 Natur erleben f\u00fcr alle\"}]},{\"@type\":\"WebSite\",\"@id\":\"https:\/\/www.naturparkmagazin.de\/vdn\/#website\",\"url\":\"https:\/\/www.naturparkmagazin.de\/vdn\/\",\"name\":\"Verband Deutscher Naturparke\",\"description\":\"Eine weitere Naturparkmagazin.de Netzwerk Seite\",\"potentialAction\":[{\"@type\":\"SearchAction\",\"target\":{\"@type\":\"EntryPoint\",\"urlTemplate\":\"https:\/\/www.naturparkmagazin.de\/vdn\/?s={search_term_string}\"},\"query-input\":\"required name=search_term_string\"}],\"inLanguage\":\"de\"},{\"@type\":\"Person\",\"@id\":\"https:\/\/www.naturparkmagazin.de\/vdn\/#\/schema\/person\/d71357578c318b6db03be60b1f60396b\",\"name\":\"beatrixlosem\",\"url\":\"https:\/\/www.naturparkmagazin.de\/vdn\/author\/beatrixlosem\/\"}]}<\/script>\n<!-- \/ Yoast SEO plugin. -->","yoast_head_json":{"title":"\u201eSo geht Vielfalt\u201c \u2013 Natur erleben f\u00fcr alle","description":"Natur- und Umweltschutzthemen bieten vielf\u00e4ltige M\u00f6glichkeiten f\u00fcr ein soziales Miteinander \u2013 \u00fcber kulturelle und soziale Grenzen hinweg. Das Projekt \"Natur erleben verbindet\" entwickelte Initiativen, die einen wichtigen Beitrag zu sozialer Gerechtigkeit und Integration leisten.","robots":{"index":"index","follow":"follow","max-snippet":"max-snippet:-1","max-image-preview":"max-image-preview:large","max-video-preview":"max-video-preview:-1"},"canonical":"https:\/\/www.naturparkmagazin.de\/vdn\/so-geht-vielfalt-natur-erleben-fuer-alle\/","og_locale":"de_DE","og_type":"article","og_title":"\u201eSo geht Vielfalt\u201c \u2013 Natur erleben f\u00fcr alle","og_description":"Natur- und Umweltschutzthemen bieten vielf\u00e4ltige M\u00f6glichkeiten f\u00fcr ein soziales Miteinander \u2013 \u00fcber kulturelle und soziale Grenzen hinweg. Das Projekt \"Natur erleben verbindet\" entwickelte Initiativen, die einen wichtigen Beitrag zu sozialer Gerechtigkeit und Integration leisten.","og_url":"https:\/\/www.naturparkmagazin.de\/vdn\/so-geht-vielfalt-natur-erleben-fuer-alle\/","og_site_name":"Verband Deutscher Naturparke","article_published_time":"2019-03-18T15:03:49+00:00","article_modified_time":"2019-03-29T08:39:25+00:00","og_image":[{"width":200,"height":200,"url":"https:\/\/www.naturparkmagazin.de\/vdn\/wp-content\/uploads\/sites\/3\/\u00a9-EMFA-Bonn-9_beitragsbild.jpg","type":"image\/jpeg"}],"author":"beatrixlosem","twitter_misc":{"Verfasst von":"beatrixlosem","Gesch\u00e4tzte Lesezeit":"2\u00a0Minuten"},"schema":{"@context":"https:\/\/schema.org","@graph":[{"@type":"WebPage","@id":"https:\/\/www.naturparkmagazin.de\/vdn\/so-geht-vielfalt-natur-erleben-fuer-alle\/","url":"https:\/\/www.naturparkmagazin.de\/vdn\/so-geht-vielfalt-natur-erleben-fuer-alle\/","name":"\u201eSo geht Vielfalt\u201c \u2013 Natur erleben f\u00fcr alle","isPartOf":{"@id":"https:\/\/www.naturparkmagazin.de\/vdn\/#website"},"datePublished":"2019-03-18T15:03:49+00:00","dateModified":"2019-03-29T08:39:25+00:00","author":{"@id":"https:\/\/www.naturparkmagazin.de\/vdn\/#\/schema\/person\/d71357578c318b6db03be60b1f60396b"},"description":"Natur- und Umweltschutzthemen bieten vielf\u00e4ltige M\u00f6glichkeiten f\u00fcr ein soziales Miteinander \u2013 \u00fcber kulturelle und soziale Grenzen hinweg. Das Projekt \"Natur erleben verbindet\" entwickelte Initiativen, die einen wichtigen Beitrag zu sozialer Gerechtigkeit und Integration leisten.","breadcrumb":{"@id":"https:\/\/www.naturparkmagazin.de\/vdn\/so-geht-vielfalt-natur-erleben-fuer-alle\/#breadcrumb"},"inLanguage":"de","potentialAction":[{"@type":"ReadAction","target":["https:\/\/www.naturparkmagazin.de\/vdn\/so-geht-vielfalt-natur-erleben-fuer-alle\/"]}]},{"@type":"BreadcrumbList","@id":"https:\/\/www.naturparkmagazin.de\/vdn\/so-geht-vielfalt-natur-erleben-fuer-alle\/#breadcrumb","itemListElement":[{"@type":"ListItem","position":1,"name":"Home","item":"https:\/\/www.naturparkmagazin.de\/vdn\/"},{"@type":"ListItem","position":2,"name":"\u201eSo geht Vielfalt\u201c \u2013 Natur erleben f\u00fcr alle"}]},{"@type":"WebSite","@id":"https:\/\/www.naturparkmagazin.de\/vdn\/#website","url":"https:\/\/www.naturparkmagazin.de\/vdn\/","name":"Verband Deutscher Naturparke","description":"Eine weitere Naturparkmagazin.de Netzwerk Seite","potentialAction":[{"@type":"SearchAction","target":{"@type":"EntryPoint","urlTemplate":"https:\/\/www.naturparkmagazin.de\/vdn\/?s={search_term_string}"},"query-input":"required name=search_term_string"}],"inLanguage":"de"},{"@type":"Person","@id":"https:\/\/www.naturparkmagazin.de\/vdn\/#\/schema\/person\/d71357578c318b6db03be60b1f60396b","name":"beatrixlosem","url":"https:\/\/www.naturparkmagazin.de\/vdn\/author\/beatrixlosem\/"}]}},"_links":{"self":[{"href":"https:\/\/www.naturparkmagazin.de\/vdn\/wp-json\/wp\/v2\/posts\/11135"}],"collection":[{"href":"https:\/\/www.naturparkmagazin.de\/vdn\/wp-json\/wp\/v2\/posts"}],"about":[{"href":"https:\/\/www.naturparkmagazin.de\/vdn\/wp-json\/wp\/v2\/types\/post"}],"author":[{"embeddable":true,"href":"https:\/\/www.naturparkmagazin.de\/vdn\/wp-json\/wp\/v2\/users\/51"}],"replies":[{"embeddable":true,"href":"https:\/\/www.naturparkmagazin.de\/vdn\/wp-json\/wp\/v2\/comments?post=11135"}],"version-history":[{"count":9,"href":"https:\/\/www.naturparkmagazin.de\/vdn\/wp-json\/wp\/v2\/posts\/11135\/revisions"}],"predecessor-version":[{"id":11219,"href":"https:\/\/www.naturparkmagazin.de\/vdn\/wp-json\/wp\/v2\/posts\/11135\/revisions\/11219"}],"wp:featuredmedia":[{"embeddable":true,"href":"https:\/\/www.naturparkmagazin.de\/vdn\/wp-json\/wp\/v2\/media\/11136"}],"wp:attachment":[{"href":"https:\/\/www.naturparkmagazin.de\/vdn\/wp-json\/wp\/v2\/media?parent=11135"}],"wp:term":[{"taxonomy":"category","embeddable":true,"href":"https:\/\/www.naturparkmagazin.de\/vdn\/wp-json\/wp\/v2\/categories?post=11135"},{"taxonomy":"post_tag","embeddable":true,"href":"https:\/\/www.naturparkmagazin.de\/vdn\/wp-json\/wp\/v2\/tags?post=11135"}],"curies":[{"name":"wp","href":"https:\/\/api.w.org\/{rel}","templated":true}]}}