{"id":11243,"date":"2019-04-15T12:54:42","date_gmt":"2019-04-15T10:54:42","guid":{"rendered":"https:\/\/www.naturparkmagazin.de\/vdn\/?p=11243"},"modified":"2019-05-28T14:34:36","modified_gmt":"2019-05-28T12:34:36","slug":"naturpark-entdeckertage","status":"publish","type":"post","link":"https:\/\/www.naturparkmagazin.de\/vdn\/naturpark-entdeckertage\/","title":{"rendered":"Naturpark-Entdeckertage"},"content":{"rendered":"<div id=\"attachment_11245\" style=\"width: 310px\" class=\"wp-caption alignnone\"><a href=\"https:\/\/www.naturparkmagazin.de\/vdn\/wp-content\/uploads\/sites\/3\/IMG_0755_Naturpark-Hirschwaldbb.jpg\"><img aria-describedby=\"caption-attachment-11245\" decoding=\"async\" loading=\"lazy\" class=\"size-full wp-image-11245\" src=\"https:\/\/www.naturparkmagazin.de\/vdn\/wp-content\/uploads\/sites\/3\/IMG_0755_Naturpark-Hirschwaldbb.jpg\" alt=\"Entdeckertag \u00a9 Naturpark Hirschwald\" width=\"300\" height=\"500\" srcset=\"https:\/\/www.naturparkmagazin.de\/vdn\/wp-content\/uploads\/sites\/3\/IMG_0755_Naturpark-Hirschwaldbb.jpg 300w, https:\/\/www.naturparkmagazin.de\/vdn\/wp-content\/uploads\/sites\/3\/IMG_0755_Naturpark-Hirschwaldbb-200x333.jpg 200w\" sizes=\"(max-width: 300px) 100vw, 300px\" \/><\/a><p id=\"caption-attachment-11245\" class=\"wp-caption-text\">Entdeckertag \u00a9 Naturpark Hirschwald<\/p><\/div>\n<p>Naturparke haben bei den \u201eNaturpark-Entdeckertagen\u201c einmal mehr bewiesen, dass in der Natur auch der Winter spannend sein kann. Mit erfahrenen Spurenlesern der Naturparke wurde nach Tierspuren gefahndet und diese den entsprechenden Tieren zugeordnet. Spuren von der Nahrungssuche und den Essgewohnheiten der Tiere im Winter wurden erforscht, Nester von V\u00f6geln und Eichh\u00f6rnchen entdeckt. Was die Kinder bei den \u201eNaturpark-Entdeckertagen\u201c erleben konnten war oft spannender als jede Detektivgeschichte. Erm\u00f6glicht wurden die \u00fcber 40 \u201eNaturpark-Entdeckertage\u201c, die Naturparke in Kooperation mit Schulen oder Kitas in den Winterwochen 2018\/19 durchgef\u00fchrt haben, durch das Unternehmen CosmosDirekt, das den Verband Deutscher Naturparke als neuer Partner unterst\u00fctzt. Ziel des Projektes ist es, Kindern den Zugang zur Natur zu erm\u00f6glichen und Informationen \u00fcber die Natur erlebnisorientiert zu vermitteln.<\/p>\n<p>&nbsp;<\/p>\n<div id=\"attachment_11246\" style=\"width: 510px\" class=\"wp-caption alignnone\"><a href=\"https:\/\/www.naturparkmagazin.de\/vdn\/wp-content\/uploads\/sites\/3\/IMG_7364b.jpg\"><img aria-describedby=\"caption-attachment-11246\" decoding=\"async\" loading=\"lazy\" class=\"size-full wp-image-11246\" src=\"https:\/\/www.naturparkmagazin.de\/vdn\/wp-content\/uploads\/sites\/3\/IMG_7364b.jpg\" alt=\"Entdeckertag \u00a9 Naturpark Schwarzwald Mitte\/Nord\" width=\"500\" height=\"300\" srcset=\"https:\/\/www.naturparkmagazin.de\/vdn\/wp-content\/uploads\/sites\/3\/IMG_7364b.jpg 500w, https:\/\/www.naturparkmagazin.de\/vdn\/wp-content\/uploads\/sites\/3\/IMG_7364b-300x180.jpg 300w, https:\/\/www.naturparkmagazin.de\/vdn\/wp-content\/uploads\/sites\/3\/IMG_7364b-200x120.jpg 200w\" sizes=\"(max-width: 500px) 100vw, 500px\" \/><\/a><p id=\"caption-attachment-11246\" class=\"wp-caption-text\">Entdeckertag \u00a9 Naturpark Schwarzwald Mitte\/Nord<\/p><\/div>\n<p>&nbsp;<\/p>\n<p>&gt;&gt; <a href=\"https:\/\/www.naturparke.de\/aufgaben-ziele\/bildung\/naturpark-entdeckertage.html\" target=\"_blank\">Hier<\/a> k\u00f6nnen Sie nachlesen, was die Kinder bei den \u201eNaturpark-Entdeckertagen\u201c alles erlebt und entdeckt haben<\/p>\n<p>&nbsp;<\/p>\n<div id=\"attachment_11247\" style=\"width: 510px\" class=\"wp-caption alignnone\"><a href=\"https:\/\/www.naturparkmagazin.de\/vdn\/wp-content\/uploads\/sites\/3\/NP-Entdeckertag_190219_Dominik-Landerer-28-minb.jpg\"><img aria-describedby=\"caption-attachment-11247\" decoding=\"async\" loading=\"lazy\" class=\"size-full wp-image-11247\" src=\"https:\/\/www.naturparkmagazin.de\/vdn\/wp-content\/uploads\/sites\/3\/NP-Entdeckertag_190219_Dominik-Landerer-28-minb.jpg\" alt=\"Entdeckertag in den Ammergauer Alpen \u00a9 Dominik Landerer\" width=\"500\" height=\"300\" srcset=\"https:\/\/www.naturparkmagazin.de\/vdn\/wp-content\/uploads\/sites\/3\/NP-Entdeckertag_190219_Dominik-Landerer-28-minb.jpg 500w, https:\/\/www.naturparkmagazin.de\/vdn\/wp-content\/uploads\/sites\/3\/NP-Entdeckertag_190219_Dominik-Landerer-28-minb-300x180.jpg 300w, https:\/\/www.naturparkmagazin.de\/vdn\/wp-content\/uploads\/sites\/3\/NP-Entdeckertag_190219_Dominik-Landerer-28-minb-200x120.jpg 200w\" sizes=\"(max-width: 500px) 100vw, 500px\" \/><\/a><p id=\"caption-attachment-11247\" class=\"wp-caption-text\">Entdeckertag in den Ammergauer Alpen \u00a9 Dominik Landerer<\/p><\/div>\n<p>&nbsp;<\/p>\n","protected":false},"excerpt":{"rendered":"<p>An \u00fcber 40 \u201eNaturpark-Entdeckertagen\u201c konnten Schulen und Kitas in den Wintermonaten 2018\/19 in Naturparken auf Entdeckungsreise gehen.  <\/p>\n","protected":false},"author":73,"featured_media":11248,"comment_status":"open","ping_status":"open","sticky":false,"template":"","format":"standard","meta":{"_links_to":"","_links_to_target":""},"categories":[7],"tags":[1593,81,1670,3154,1671,327,41,501],"yoast_head":"<!-- This site is optimized with the Yoast SEO plugin v19.10 - https:\/\/yoast.com\/wordpress\/plugins\/seo\/ -->\n<title>Naturpark-Entdeckertage<\/title>\n<meta name=\"description\" content=\"An \u00fcber 40 \u201eNaturpark-Entdeckertagen\u201c konnten Schulen und Kitas in den Wintermonaten 2018\/19 in Naturparken auf Entdeckungsreise gehen.\" \/>\n<meta name=\"robots\" content=\"index, follow, max-snippet:-1, max-image-preview:large, max-video-preview:-1\" \/>\n<link rel=\"canonical\" href=\"https:\/\/www.naturparkmagazin.de\/vdn\/naturpark-entdeckertage\/\" \/>\n<meta property=\"og:locale\" content=\"de_DE\" \/>\n<meta property=\"og:type\" content=\"article\" \/>\n<meta property=\"og:title\" content=\"Naturpark-Entdeckertage\" \/>\n<meta property=\"og:description\" content=\"An \u00fcber 40 \u201eNaturpark-Entdeckertagen\u201c konnten Schulen und Kitas in den Wintermonaten 2018\/19 in Naturparken auf Entdeckungsreise gehen.\" \/>\n<meta property=\"og:url\" content=\"https:\/\/www.naturparkmagazin.de\/vdn\/naturpark-entdeckertage\/\" \/>\n<meta property=\"og:site_name\" content=\"Verband Deutscher Naturparke\" \/>\n<meta property=\"article:published_time\" content=\"2019-04-15T10:54:42+00:00\" \/>\n<meta property=\"article:modified_time\" content=\"2019-05-28T12:34:36+00:00\" \/>\n<meta property=\"og:image\" content=\"https:\/\/www.naturparkmagazin.de\/vdn\/wp-content\/uploads\/sites\/3\/IMG_0755_Naturpark-Hirschwaldbdf.jpg\" \/>\n\t<meta property=\"og:image:width\" content=\"200\" \/>\n\t<meta property=\"og:image:height\" content=\"200\" \/>\n\t<meta property=\"og:image:type\" content=\"image\/jpeg\" \/>\n<meta name=\"author\" content=\"manuelamerz\" \/>\n<meta name=\"twitter:label1\" content=\"Verfasst von\" \/>\n\t<meta name=\"twitter:data1\" content=\"manuelamerz\" \/>\n\t<meta name=\"twitter:label2\" content=\"Gesch\u00e4tzte Lesezeit\" \/>\n\t<meta name=\"twitter:data2\" content=\"1\u00a0Minute\" \/>\n<script type=\"application\/ld+json\" class=\"yoast-schema-graph\">{\"@context\":\"https:\/\/schema.org\",\"@graph\":[{\"@type\":\"WebPage\",\"@id\":\"https:\/\/www.naturparkmagazin.de\/vdn\/naturpark-entdeckertage\/\",\"url\":\"https:\/\/www.naturparkmagazin.de\/vdn\/naturpark-entdeckertage\/\",\"name\":\"Naturpark-Entdeckertage\",\"isPartOf\":{\"@id\":\"https:\/\/www.naturparkmagazin.de\/vdn\/#website\"},\"datePublished\":\"2019-04-15T10:54:42+00:00\",\"dateModified\":\"2019-05-28T12:34:36+00:00\",\"author\":{\"@id\":\"https:\/\/www.naturparkmagazin.de\/vdn\/#\/schema\/person\/3cff9b8773ed55f0189255fa9adfd57c\"},\"description\":\"An \u00fcber 40 \u201eNaturpark-Entdeckertagen\u201c konnten Schulen und Kitas in den Wintermonaten 2018\/19 in Naturparken auf Entdeckungsreise gehen.\",\"breadcrumb\":{\"@id\":\"https:\/\/www.naturparkmagazin.de\/vdn\/naturpark-entdeckertage\/#breadcrumb\"},\"inLanguage\":\"de\",\"potentialAction\":[{\"@type\":\"ReadAction\",\"target\":[\"https:\/\/www.naturparkmagazin.de\/vdn\/naturpark-entdeckertage\/\"]}]},{\"@type\":\"BreadcrumbList\",\"@id\":\"https:\/\/www.naturparkmagazin.de\/vdn\/naturpark-entdeckertage\/#breadcrumb\",\"itemListElement\":[{\"@type\":\"ListItem\",\"position\":1,\"name\":\"Home\",\"item\":\"https:\/\/www.naturparkmagazin.de\/vdn\/\"},{\"@type\":\"ListItem\",\"position\":2,\"name\":\"Naturpark-Entdeckertage\"}]},{\"@type\":\"WebSite\",\"@id\":\"https:\/\/www.naturparkmagazin.de\/vdn\/#website\",\"url\":\"https:\/\/www.naturparkmagazin.de\/vdn\/\",\"name\":\"Verband Deutscher Naturparke\",\"description\":\"Eine weitere Naturparkmagazin.de Netzwerk Seite\",\"potentialAction\":[{\"@type\":\"SearchAction\",\"target\":{\"@type\":\"EntryPoint\",\"urlTemplate\":\"https:\/\/www.naturparkmagazin.de\/vdn\/?s={search_term_string}\"},\"query-input\":\"required name=search_term_string\"}],\"inLanguage\":\"de\"},{\"@type\":\"Person\",\"@id\":\"https:\/\/www.naturparkmagazin.de\/vdn\/#\/schema\/person\/3cff9b8773ed55f0189255fa9adfd57c\",\"name\":\"manuelamerz\",\"url\":\"https:\/\/www.naturparkmagazin.de\/vdn\/author\/manuelamerz\/\"}]}<\/script>\n<!-- \/ Yoast SEO plugin. -->","yoast_head_json":{"title":"Naturpark-Entdeckertage","description":"An \u00fcber 40 \u201eNaturpark-Entdeckertagen\u201c konnten Schulen und Kitas in den Wintermonaten 2018\/19 in Naturparken auf Entdeckungsreise gehen.","robots":{"index":"index","follow":"follow","max-snippet":"max-snippet:-1","max-image-preview":"max-image-preview:large","max-video-preview":"max-video-preview:-1"},"canonical":"https:\/\/www.naturparkmagazin.de\/vdn\/naturpark-entdeckertage\/","og_locale":"de_DE","og_type":"article","og_title":"Naturpark-Entdeckertage","og_description":"An \u00fcber 40 \u201eNaturpark-Entdeckertagen\u201c konnten Schulen und Kitas in den Wintermonaten 2018\/19 in Naturparken auf Entdeckungsreise gehen.","og_url":"https:\/\/www.naturparkmagazin.de\/vdn\/naturpark-entdeckertage\/","og_site_name":"Verband Deutscher Naturparke","article_published_time":"2019-04-15T10:54:42+00:00","article_modified_time":"2019-05-28T12:34:36+00:00","og_image":[{"width":200,"height":200,"url":"https:\/\/www.naturparkmagazin.de\/vdn\/wp-content\/uploads\/sites\/3\/IMG_0755_Naturpark-Hirschwaldbdf.jpg","type":"image\/jpeg"}],"author":"manuelamerz","twitter_misc":{"Verfasst von":"manuelamerz","Gesch\u00e4tzte Lesezeit":"1\u00a0Minute"},"schema":{"@context":"https:\/\/schema.org","@graph":[{"@type":"WebPage","@id":"https:\/\/www.naturparkmagazin.de\/vdn\/naturpark-entdeckertage\/","url":"https:\/\/www.naturparkmagazin.de\/vdn\/naturpark-entdeckertage\/","name":"Naturpark-Entdeckertage","isPartOf":{"@id":"https:\/\/www.naturparkmagazin.de\/vdn\/#website"},"datePublished":"2019-04-15T10:54:42+00:00","dateModified":"2019-05-28T12:34:36+00:00","author":{"@id":"https:\/\/www.naturparkmagazin.de\/vdn\/#\/schema\/person\/3cff9b8773ed55f0189255fa9adfd57c"},"description":"An \u00fcber 40 \u201eNaturpark-Entdeckertagen\u201c konnten Schulen und Kitas in den Wintermonaten 2018\/19 in Naturparken auf Entdeckungsreise gehen.","breadcrumb":{"@id":"https:\/\/www.naturparkmagazin.de\/vdn\/naturpark-entdeckertage\/#breadcrumb"},"inLanguage":"de","potentialAction":[{"@type":"ReadAction","target":["https:\/\/www.naturparkmagazin.de\/vdn\/naturpark-entdeckertage\/"]}]},{"@type":"BreadcrumbList","@id":"https:\/\/www.naturparkmagazin.de\/vdn\/naturpark-entdeckertage\/#breadcrumb","itemListElement":[{"@type":"ListItem","position":1,"name":"Home","item":"https:\/\/www.naturparkmagazin.de\/vdn\/"},{"@type":"ListItem","position":2,"name":"Naturpark-Entdeckertage"}]},{"@type":"WebSite","@id":"https:\/\/www.naturparkmagazin.de\/vdn\/#website","url":"https:\/\/www.naturparkmagazin.de\/vdn\/","name":"Verband Deutscher Naturparke","description":"Eine weitere Naturparkmagazin.de Netzwerk Seite","potentialAction":[{"@type":"SearchAction","target":{"@type":"EntryPoint","urlTemplate":"https:\/\/www.naturparkmagazin.de\/vdn\/?s={search_term_string}"},"query-input":"required name=search_term_string"}],"inLanguage":"de"},{"@type":"Person","@id":"https:\/\/www.naturparkmagazin.de\/vdn\/#\/schema\/person\/3cff9b8773ed55f0189255fa9adfd57c","name":"manuelamerz","url":"https:\/\/www.naturparkmagazin.de\/vdn\/author\/manuelamerz\/"}]}},"_links":{"self":[{"href":"https:\/\/www.naturparkmagazin.de\/vdn\/wp-json\/wp\/v2\/posts\/11243"}],"collection":[{"href":"https:\/\/www.naturparkmagazin.de\/vdn\/wp-json\/wp\/v2\/posts"}],"about":[{"href":"https:\/\/www.naturparkmagazin.de\/vdn\/wp-json\/wp\/v2\/types\/post"}],"author":[{"embeddable":true,"href":"https:\/\/www.naturparkmagazin.de\/vdn\/wp-json\/wp\/v2\/users\/73"}],"replies":[{"embeddable":true,"href":"https:\/\/www.naturparkmagazin.de\/vdn\/wp-json\/wp\/v2\/comments?post=11243"}],"version-history":[{"count":2,"href":"https:\/\/www.naturparkmagazin.de\/vdn\/wp-json\/wp\/v2\/posts\/11243\/revisions"}],"predecessor-version":[{"id":11250,"href":"https:\/\/www.naturparkmagazin.de\/vdn\/wp-json\/wp\/v2\/posts\/11243\/revisions\/11250"}],"wp:featuredmedia":[{"embeddable":true,"href":"https:\/\/www.naturparkmagazin.de\/vdn\/wp-json\/wp\/v2\/media\/11248"}],"wp:attachment":[{"href":"https:\/\/www.naturparkmagazin.de\/vdn\/wp-json\/wp\/v2\/media?parent=11243"}],"wp:term":[{"taxonomy":"category","embeddable":true,"href":"https:\/\/www.naturparkmagazin.de\/vdn\/wp-json\/wp\/v2\/categories?post=11243"},{"taxonomy":"post_tag","embeddable":true,"href":"https:\/\/www.naturparkmagazin.de\/vdn\/wp-json\/wp\/v2\/tags?post=11243"}],"curies":[{"name":"wp","href":"https:\/\/api.w.org\/{rel}","templated":true}]}}