{"id":11251,"date":"2019-04-12T12:50:27","date_gmt":"2019-04-12T10:50:27","guid":{"rendered":"https:\/\/www.naturparkmagazin.de\/vdn\/?p=11251"},"modified":"2019-04-15T14:06:38","modified_gmt":"2019-04-15T12:06:38","slug":"neue-wildnis-in-der-kellerwald-region-gesichert","status":"publish","type":"post","link":"https:\/\/www.naturparkmagazin.de\/vdn\/neue-wildnis-in-der-kellerwald-region-gesichert\/","title":{"rendered":"Neue Wildnis in der Kellerwald-Region gesichert"},"content":{"rendered":"<div id=\"attachment_11255\" style=\"width: 510px\" class=\"wp-caption alignnone\"><a href=\"https:\/\/www.naturparkmagazin.de\/vdn\/wp-content\/uploads\/sites\/3\/sein-revier-ohne-kompromisseb.jpg\"><img aria-describedby=\"caption-attachment-11255\" decoding=\"async\" loading=\"lazy\" class=\"size-full wp-image-11255\" src=\"https:\/\/www.naturparkmagazin.de\/vdn\/wp-content\/uploads\/sites\/3\/sein-revier-ohne-kompromisseb.jpg\" alt=\"Sein Revier ohne Kompromisse \u00a9 VDN\/Johannes Brenner\" width=\"500\" height=\"300\" srcset=\"https:\/\/www.naturparkmagazin.de\/vdn\/wp-content\/uploads\/sites\/3\/sein-revier-ohne-kompromisseb.jpg 500w, https:\/\/www.naturparkmagazin.de\/vdn\/wp-content\/uploads\/sites\/3\/sein-revier-ohne-kompromisseb-300x180.jpg 300w, https:\/\/www.naturparkmagazin.de\/vdn\/wp-content\/uploads\/sites\/3\/sein-revier-ohne-kompromisseb-200x120.jpg 200w\" sizes=\"(max-width: 500px) 100vw, 500px\" \/><\/a><p id=\"caption-attachment-11255\" class=\"wp-caption-text\">Sein Revier ohne Kompromisse \u00a9 VDN\/Johannes Brenner<\/p><\/div>\n<p>Nach fast zehn Jahren ist die Umsetzungsphase des Naturschutzgro\u00dfprojekts \u201eKellerwald-Region\u201c im F\u00f6rderprogramm \u201echance.natur\u201c abgeschlossen. Ziel war es, die Region mit ihren ausgedehnten Buchenw\u00e4ldern, mit Kleinmooren, Feuchtw\u00e4ldern, Bachwiesent\u00e4lern und einer kleinb\u00e4uerlichen Kulturlandschaft zu sch\u00fctzen und weiterzuentwickeln. Rund 6,7 Millionen Euro wurden daf\u00fcr aufgewandt. Die Finanzierung erfolgte ma\u00dfgeblich durch das Bundesamt f\u00fcr Naturschutz (BfN) mit Mitteln des Bundesumweltministeriums, weiterhin waren das Land Hessen und der Zweckverband Naturpark Kellerwald-Edersee beteiligt.<\/p>\n<p>Mit dem Programm \u201echance.natur\u201c verfolgt die Bundesregierung das Ziel, die herausragenden repr\u00e4sentativen Landschaften Deutschlands zu erhalten und zu sichern. Bislang wurden 80 Naturschutzgro\u00dfprojekte mit einer Gesamtfl\u00e4che von mehr als 3.700 Quadratkilometern gef\u00f6rdert. Daf\u00fcr hat der Bund seit 1979 rund 500 Millionen Euro bereitgestellt. Derzeit stehen j\u00e4hrlich 14 Millionen Euro f\u00fcr den Erhalt und die Optimierung bundesweit bedeutender Natur- und Kulturlandschaften zur Verf\u00fcgung.<\/p>\n<p>&nbsp;<\/p>\n<div id=\"attachment_11256\" style=\"width: 510px\" class=\"wp-caption alignnone\"><a href=\"https:\/\/www.naturparkmagazin.de\/vdn\/wp-content\/uploads\/sites\/3\/10-oktober-2014-naturpark-im-gegenlicht-kellerwald-ederseeb.jpg\"><img aria-describedby=\"caption-attachment-11256\" decoding=\"async\" loading=\"lazy\" class=\"size-full wp-image-11256\" src=\"https:\/\/www.naturparkmagazin.de\/vdn\/wp-content\/uploads\/sites\/3\/10-oktober-2014-naturpark-im-gegenlicht-kellerwald-ederseeb.jpg\" alt=\"Schaufenster \u00a9 VDN\/DrWFaust\" width=\"500\" height=\"300\" srcset=\"https:\/\/www.naturparkmagazin.de\/vdn\/wp-content\/uploads\/sites\/3\/10-oktober-2014-naturpark-im-gegenlicht-kellerwald-ederseeb.jpg 500w, https:\/\/www.naturparkmagazin.de\/vdn\/wp-content\/uploads\/sites\/3\/10-oktober-2014-naturpark-im-gegenlicht-kellerwald-ederseeb-300x180.jpg 300w, https:\/\/www.naturparkmagazin.de\/vdn\/wp-content\/uploads\/sites\/3\/10-oktober-2014-naturpark-im-gegenlicht-kellerwald-ederseeb-200x120.jpg 200w\" sizes=\"(max-width: 500px) 100vw, 500px\" \/><\/a><p id=\"caption-attachment-11256\" class=\"wp-caption-text\">Schaufenster \u00a9 VDN\/DrWFaust<\/p><\/div>\n<p>&gt;&gt; <a href=\"https:\/\/www.bfn.de\/presse\/pressemitteilung.html?no_cache=1&amp;tx_ttnews%5Btt_news%5D=6594&amp;cHash=2ba93986eec4da2df6f02bf018d96a0c\" target=\"_blank\">Hier<\/a> k\u00f6nnen Sie die Pressemitteilung des BfN nachlesen<\/p>\n<p>&gt;&gt; <a href=\"https:\/\/www.bfn.de\/themen\/biologische-vielfalt\/nationale-strategie\/projekt-des-monats\/archiv\/kellerwald.html\" target=\"_blank\">Hier<\/a> finden Sie weitere Informationen zum Naturschutzgro\u00dfprojekt \u201eKellerwald-Region\u201c<\/p>\n<div id=\"attachment_11257\" style=\"width: 310px\" class=\"wp-caption alignnone\"><a href=\"https:\/\/www.naturparkmagazin.de\/vdn\/wp-content\/uploads\/sites\/3\/TiefenbachGE_ROb.jpg\"><img aria-describedby=\"caption-attachment-11257\" decoding=\"async\" loading=\"lazy\" class=\"size-full wp-image-11257\" src=\"https:\/\/www.naturparkmagazin.de\/vdn\/wp-content\/uploads\/sites\/3\/TiefenbachGE_ROb.jpg\" alt=\"Kulturlandschaft \u00a9 VDN\/Reiner Ohlsen\" width=\"300\" height=\"500\" srcset=\"https:\/\/www.naturparkmagazin.de\/vdn\/wp-content\/uploads\/sites\/3\/TiefenbachGE_ROb.jpg 300w, https:\/\/www.naturparkmagazin.de\/vdn\/wp-content\/uploads\/sites\/3\/TiefenbachGE_ROb-200x333.jpg 200w\" sizes=\"(max-width: 300px) 100vw, 300px\" \/><\/a><p id=\"caption-attachment-11257\" class=\"wp-caption-text\">Kulturlandschaft \u00a9 VDN\/Reiner Ohlsen<\/p><\/div>\n<p>&nbsp;<\/p>\n","protected":false},"excerpt":{"rendered":"<p>Mit dem Abschluss des Naturschutzgro\u00dfprojekts \u201eKellerwald-Region\u201c ist jetzt eine einzigartige Landschaft und ein Lebensraum f\u00fcr Tiere und Pflanzen von bundesweiter Bedeutung langfristig gesichert. <\/p>\n","protected":false},"author":73,"featured_media":11253,"comment_status":"open","ping_status":"open","sticky":false,"template":"","format":"standard","meta":{"_links_to":"","_links_to_target":""},"categories":[7],"tags":[1676,1443,1269,895,1673,1675,1672,1677,1674,1270,470,1678,1679],"yoast_head":"<!-- This site is optimized with the Yoast SEO plugin v19.10 - https:\/\/yoast.com\/wordpress\/plugins\/seo\/ -->\n<title>Neue Wildnis in der Kellerwald-Region gesichert<\/title>\n<meta name=\"description\" content=\"Mit dem Abschluss des Naturschutzgro\u00dfprojekts \u201eKellerwald-Region\u201c ist jetzt eine einzigartige Landschaft und ein Lebensraum f\u00fcr Tiere und Pflanzen von bundesweiter Bedeutung langfristig gesichert.\" \/>\n<meta name=\"robots\" content=\"index, follow, max-snippet:-1, max-image-preview:large, max-video-preview:-1\" \/>\n<link rel=\"canonical\" href=\"https:\/\/www.naturparkmagazin.de\/vdn\/neue-wildnis-in-der-kellerwald-region-gesichert\/\" \/>\n<meta property=\"og:locale\" content=\"de_DE\" \/>\n<meta property=\"og:type\" content=\"article\" \/>\n<meta property=\"og:title\" content=\"Neue Wildnis in der Kellerwald-Region gesichert\" \/>\n<meta property=\"og:description\" content=\"Mit dem Abschluss des Naturschutzgro\u00dfprojekts \u201eKellerwald-Region\u201c ist jetzt eine einzigartige Landschaft und ein Lebensraum f\u00fcr Tiere und Pflanzen von bundesweiter Bedeutung langfristig gesichert.\" \/>\n<meta property=\"og:url\" content=\"https:\/\/www.naturparkmagazin.de\/vdn\/neue-wildnis-in-der-kellerwald-region-gesichert\/\" \/>\n<meta property=\"og:site_name\" content=\"Verband Deutscher Naturparke\" \/>\n<meta property=\"article:published_time\" content=\"2019-04-12T10:50:27+00:00\" \/>\n<meta property=\"article:modified_time\" content=\"2019-04-15T12:06:38+00:00\" \/>\n<meta property=\"og:image\" content=\"https:\/\/www.naturparkmagazin.de\/vdn\/wp-content\/uploads\/sites\/3\/sein-revier-ohne-kompromissebf.jpg\" \/>\n\t<meta property=\"og:image:width\" content=\"200\" \/>\n\t<meta property=\"og:image:height\" content=\"200\" \/>\n\t<meta property=\"og:image:type\" content=\"image\/jpeg\" \/>\n<meta name=\"author\" content=\"manuelamerz\" \/>\n<meta name=\"twitter:label1\" content=\"Verfasst von\" \/>\n\t<meta name=\"twitter:data1\" content=\"manuelamerz\" \/>\n\t<meta name=\"twitter:label2\" content=\"Gesch\u00e4tzte Lesezeit\" \/>\n\t<meta name=\"twitter:data2\" content=\"1\u00a0Minute\" \/>\n<script type=\"application\/ld+json\" class=\"yoast-schema-graph\">{\"@context\":\"https:\/\/schema.org\",\"@graph\":[{\"@type\":\"WebPage\",\"@id\":\"https:\/\/www.naturparkmagazin.de\/vdn\/neue-wildnis-in-der-kellerwald-region-gesichert\/\",\"url\":\"https:\/\/www.naturparkmagazin.de\/vdn\/neue-wildnis-in-der-kellerwald-region-gesichert\/\",\"name\":\"Neue Wildnis in der Kellerwald-Region gesichert\",\"isPartOf\":{\"@id\":\"https:\/\/www.naturparkmagazin.de\/vdn\/#website\"},\"datePublished\":\"2019-04-12T10:50:27+00:00\",\"dateModified\":\"2019-04-15T12:06:38+00:00\",\"author\":{\"@id\":\"https:\/\/www.naturparkmagazin.de\/vdn\/#\/schema\/person\/3cff9b8773ed55f0189255fa9adfd57c\"},\"description\":\"Mit dem Abschluss des Naturschutzgro\u00dfprojekts \u201eKellerwald-Region\u201c ist jetzt eine einzigartige Landschaft und ein Lebensraum f\u00fcr Tiere und Pflanzen von bundesweiter Bedeutung langfristig gesichert.\",\"breadcrumb\":{\"@id\":\"https:\/\/www.naturparkmagazin.de\/vdn\/neue-wildnis-in-der-kellerwald-region-gesichert\/#breadcrumb\"},\"inLanguage\":\"de\",\"potentialAction\":[{\"@type\":\"ReadAction\",\"target\":[\"https:\/\/www.naturparkmagazin.de\/vdn\/neue-wildnis-in-der-kellerwald-region-gesichert\/\"]}]},{\"@type\":\"BreadcrumbList\",\"@id\":\"https:\/\/www.naturparkmagazin.de\/vdn\/neue-wildnis-in-der-kellerwald-region-gesichert\/#breadcrumb\",\"itemListElement\":[{\"@type\":\"ListItem\",\"position\":1,\"name\":\"Home\",\"item\":\"https:\/\/www.naturparkmagazin.de\/vdn\/\"},{\"@type\":\"ListItem\",\"position\":2,\"name\":\"Neue Wildnis in der Kellerwald-Region gesichert\"}]},{\"@type\":\"WebSite\",\"@id\":\"https:\/\/www.naturparkmagazin.de\/vdn\/#website\",\"url\":\"https:\/\/www.naturparkmagazin.de\/vdn\/\",\"name\":\"Verband Deutscher Naturparke\",\"description\":\"Eine weitere Naturparkmagazin.de Netzwerk Seite\",\"potentialAction\":[{\"@type\":\"SearchAction\",\"target\":{\"@type\":\"EntryPoint\",\"urlTemplate\":\"https:\/\/www.naturparkmagazin.de\/vdn\/?s={search_term_string}\"},\"query-input\":\"required name=search_term_string\"}],\"inLanguage\":\"de\"},{\"@type\":\"Person\",\"@id\":\"https:\/\/www.naturparkmagazin.de\/vdn\/#\/schema\/person\/3cff9b8773ed55f0189255fa9adfd57c\",\"name\":\"manuelamerz\",\"url\":\"https:\/\/www.naturparkmagazin.de\/vdn\/author\/manuelamerz\/\"}]}<\/script>\n<!-- \/ Yoast SEO plugin. -->","yoast_head_json":{"title":"Neue Wildnis in der Kellerwald-Region gesichert","description":"Mit dem Abschluss des Naturschutzgro\u00dfprojekts \u201eKellerwald-Region\u201c ist jetzt eine einzigartige Landschaft und ein Lebensraum f\u00fcr Tiere und Pflanzen von bundesweiter Bedeutung langfristig gesichert.","robots":{"index":"index","follow":"follow","max-snippet":"max-snippet:-1","max-image-preview":"max-image-preview:large","max-video-preview":"max-video-preview:-1"},"canonical":"https:\/\/www.naturparkmagazin.de\/vdn\/neue-wildnis-in-der-kellerwald-region-gesichert\/","og_locale":"de_DE","og_type":"article","og_title":"Neue Wildnis in der Kellerwald-Region gesichert","og_description":"Mit dem Abschluss des Naturschutzgro\u00dfprojekts \u201eKellerwald-Region\u201c ist jetzt eine einzigartige Landschaft und ein Lebensraum f\u00fcr Tiere und Pflanzen von bundesweiter Bedeutung langfristig gesichert.","og_url":"https:\/\/www.naturparkmagazin.de\/vdn\/neue-wildnis-in-der-kellerwald-region-gesichert\/","og_site_name":"Verband Deutscher Naturparke","article_published_time":"2019-04-12T10:50:27+00:00","article_modified_time":"2019-04-15T12:06:38+00:00","og_image":[{"width":200,"height":200,"url":"https:\/\/www.naturparkmagazin.de\/vdn\/wp-content\/uploads\/sites\/3\/sein-revier-ohne-kompromissebf.jpg","type":"image\/jpeg"}],"author":"manuelamerz","twitter_misc":{"Verfasst von":"manuelamerz","Gesch\u00e4tzte Lesezeit":"1\u00a0Minute"},"schema":{"@context":"https:\/\/schema.org","@graph":[{"@type":"WebPage","@id":"https:\/\/www.naturparkmagazin.de\/vdn\/neue-wildnis-in-der-kellerwald-region-gesichert\/","url":"https:\/\/www.naturparkmagazin.de\/vdn\/neue-wildnis-in-der-kellerwald-region-gesichert\/","name":"Neue Wildnis in der Kellerwald-Region gesichert","isPartOf":{"@id":"https:\/\/www.naturparkmagazin.de\/vdn\/#website"},"datePublished":"2019-04-12T10:50:27+00:00","dateModified":"2019-04-15T12:06:38+00:00","author":{"@id":"https:\/\/www.naturparkmagazin.de\/vdn\/#\/schema\/person\/3cff9b8773ed55f0189255fa9adfd57c"},"description":"Mit dem Abschluss des Naturschutzgro\u00dfprojekts \u201eKellerwald-Region\u201c ist jetzt eine einzigartige Landschaft und ein Lebensraum f\u00fcr Tiere und Pflanzen von bundesweiter Bedeutung langfristig gesichert.","breadcrumb":{"@id":"https:\/\/www.naturparkmagazin.de\/vdn\/neue-wildnis-in-der-kellerwald-region-gesichert\/#breadcrumb"},"inLanguage":"de","potentialAction":[{"@type":"ReadAction","target":["https:\/\/www.naturparkmagazin.de\/vdn\/neue-wildnis-in-der-kellerwald-region-gesichert\/"]}]},{"@type":"BreadcrumbList","@id":"https:\/\/www.naturparkmagazin.de\/vdn\/neue-wildnis-in-der-kellerwald-region-gesichert\/#breadcrumb","itemListElement":[{"@type":"ListItem","position":1,"name":"Home","item":"https:\/\/www.naturparkmagazin.de\/vdn\/"},{"@type":"ListItem","position":2,"name":"Neue Wildnis in der Kellerwald-Region gesichert"}]},{"@type":"WebSite","@id":"https:\/\/www.naturparkmagazin.de\/vdn\/#website","url":"https:\/\/www.naturparkmagazin.de\/vdn\/","name":"Verband Deutscher Naturparke","description":"Eine weitere Naturparkmagazin.de Netzwerk Seite","potentialAction":[{"@type":"SearchAction","target":{"@type":"EntryPoint","urlTemplate":"https:\/\/www.naturparkmagazin.de\/vdn\/?s={search_term_string}"},"query-input":"required name=search_term_string"}],"inLanguage":"de"},{"@type":"Person","@id":"https:\/\/www.naturparkmagazin.de\/vdn\/#\/schema\/person\/3cff9b8773ed55f0189255fa9adfd57c","name":"manuelamerz","url":"https:\/\/www.naturparkmagazin.de\/vdn\/author\/manuelamerz\/"}]}},"_links":{"self":[{"href":"https:\/\/www.naturparkmagazin.de\/vdn\/wp-json\/wp\/v2\/posts\/11251"}],"collection":[{"href":"https:\/\/www.naturparkmagazin.de\/vdn\/wp-json\/wp\/v2\/posts"}],"about":[{"href":"https:\/\/www.naturparkmagazin.de\/vdn\/wp-json\/wp\/v2\/types\/post"}],"author":[{"embeddable":true,"href":"https:\/\/www.naturparkmagazin.de\/vdn\/wp-json\/wp\/v2\/users\/73"}],"replies":[{"embeddable":true,"href":"https:\/\/www.naturparkmagazin.de\/vdn\/wp-json\/wp\/v2\/comments?post=11251"}],"version-history":[{"count":3,"href":"https:\/\/www.naturparkmagazin.de\/vdn\/wp-json\/wp\/v2\/posts\/11251\/revisions"}],"predecessor-version":[{"id":11258,"href":"https:\/\/www.naturparkmagazin.de\/vdn\/wp-json\/wp\/v2\/posts\/11251\/revisions\/11258"}],"wp:featuredmedia":[{"embeddable":true,"href":"https:\/\/www.naturparkmagazin.de\/vdn\/wp-json\/wp\/v2\/media\/11253"}],"wp:attachment":[{"href":"https:\/\/www.naturparkmagazin.de\/vdn\/wp-json\/wp\/v2\/media?parent=11251"}],"wp:term":[{"taxonomy":"category","embeddable":true,"href":"https:\/\/www.naturparkmagazin.de\/vdn\/wp-json\/wp\/v2\/categories?post=11251"},{"taxonomy":"post_tag","embeddable":true,"href":"https:\/\/www.naturparkmagazin.de\/vdn\/wp-json\/wp\/v2\/tags?post=11251"}],"curies":[{"name":"wp","href":"https:\/\/api.w.org\/{rel}","templated":true}]}}