{"id":11259,"date":"2019-04-15T12:50:20","date_gmt":"2019-04-15T10:50:20","guid":{"rendered":"https:\/\/www.naturparkmagazin.de\/vdn\/?p=11259"},"modified":"2019-05-28T14:34:52","modified_gmt":"2019-05-28T12:34:52","slug":"naturpark-wandertag-2019","status":"publish","type":"post","link":"https:\/\/www.naturparkmagazin.de\/vdn\/naturpark-wandertag-2019\/","title":{"rendered":"Naturpark-Wandertag 2019"},"content":{"rendered":"<p>&nbsp;<\/p>\n<div id=\"attachment_11260\" style=\"width: 510px\" class=\"wp-caption alignnone\"><a href=\"https:\/\/www.naturparkmagazin.de\/vdn\/wp-content\/uploads\/sites\/3\/mai-wanb1.jpg\"><img aria-describedby=\"caption-attachment-11260\" decoding=\"async\" loading=\"lazy\" class=\"size-full wp-image-11260\" src=\"https:\/\/www.naturparkmagazin.de\/vdn\/wp-content\/uploads\/sites\/3\/mai-wanb1.jpg\" alt=\"Wandern durch D\u00f6rfer \u00a9 VDN\/Ulrike Sobick\" width=\"500\" height=\"300\" srcset=\"https:\/\/www.naturparkmagazin.de\/vdn\/wp-content\/uploads\/sites\/3\/mai-wanb1.jpg 500w, https:\/\/www.naturparkmagazin.de\/vdn\/wp-content\/uploads\/sites\/3\/mai-wanb1-300x180.jpg 300w, https:\/\/www.naturparkmagazin.de\/vdn\/wp-content\/uploads\/sites\/3\/mai-wanb1-200x120.jpg 200w\" sizes=\"(max-width: 500px) 100vw, 500px\" \/><\/a><p id=\"caption-attachment-11260\" class=\"wp-caption-text\">Wandern durch D\u00f6rfer \u00a9 VDN\/Ulrike Sobick<\/p><\/div>\n<p>Entdecken Sie die sch\u00f6nsten Landschaften Deutschlands in ihrer ganzen Vielfalt und nehmen Sie teil am Wandertag der Deutschen Naturparke, der in diesem Jahr am 26. Mai stattfindet. In den 105 Naturparken in Deutschland finden am letzten Maiwochenende ganz besondere Veranstaltungen statt. Dabei stehen das gemeinsame Naturerlebnis und das Gl\u00fcck, mit allen Sinnen die Natur zu erleben, im Mittelpunkt. Zahlreiche Erlebnistouren werden von fachkundigen F\u00fchrern begleitet. Ob Fahrradwanderung, Vogelstimmentour oder fantastische Reise zu Mythen und Sagen \u2013 au\u00dfergew\u00f6hnliche Erlebnisse sind am Naturpark-Wandertag 2019 garantiert.<\/p>\n<p>Der Naturpark-Wandertag findet anl\u00e4sslich des Europ\u00e4ischen Tags der Parke statt, der in ganz Europa am 24. Mai gefeiert wird. Mehr Informationen hierzu erhalten Sie beim <a href=\"http:\/\/europarc.org\/whats-on\/european-day-of-park.\" target=\"_blank\">Europ\u00e4ischen Dachverband der Gro\u00dfschutzgebiete EUROPARC Federation<\/a>.<\/p>\n<p>&gt;&gt; <a href=\"https:\/\/www.naturparke.de\/naturparke-erleben\/naturpark-wandertag-2019.html\" target=\"_blank\">Hier<\/a> geht\u00b4s zu den Veranstaltungsterminen der Naturparke<\/p>\n<div id=\"attachment_11262\" style=\"width: 510px\" class=\"wp-caption alignnone\"><a href=\"https:\/\/www.naturparkmagazin.de\/vdn\/wp-content\/uploads\/sites\/3\/imgp7402-npb.jpg\"><img aria-describedby=\"caption-attachment-11262\" decoding=\"async\" loading=\"lazy\" class=\"size-full wp-image-11262\" src=\"https:\/\/www.naturparkmagazin.de\/vdn\/wp-content\/uploads\/sites\/3\/imgp7402-npb.jpg\" alt=\"Fr\u00fchmorgens Wandern \u00a9 VDN\/Gudrun Treuke-Daglioglu\" width=\"500\" height=\"300\" srcset=\"https:\/\/www.naturparkmagazin.de\/vdn\/wp-content\/uploads\/sites\/3\/imgp7402-npb.jpg 500w, https:\/\/www.naturparkmagazin.de\/vdn\/wp-content\/uploads\/sites\/3\/imgp7402-npb-300x180.jpg 300w, https:\/\/www.naturparkmagazin.de\/vdn\/wp-content\/uploads\/sites\/3\/imgp7402-npb-200x120.jpg 200w\" sizes=\"(max-width: 500px) 100vw, 500px\" \/><\/a><p id=\"caption-attachment-11262\" class=\"wp-caption-text\">Fr\u00fchmorgens Wandern \u00a9 VDN\/Gudrun Treuke-Daglioglu<\/p><\/div>\n<p>&nbsp;<\/p>\n<p>&nbsp;<\/p>\n","protected":false},"excerpt":{"rendered":"<p>Manchmal liegt das Gl\u00fcck ganz nahe. Gleich vor Ihrer Haust\u00fcr lockt die Natur mit ihrer Vielfalt an Farben und Formen. Erleben Sie dieses Gl\u00fcck am 26. Mai beim Naturpark-Wandertag.<\/p>\n","protected":false},"author":73,"featured_media":11261,"comment_status":"open","ping_status":"open","sticky":false,"template":"","format":"standard","meta":{"_links_to":"","_links_to_target":""},"categories":[7],"tags":[1680,539,81,1141,95],"yoast_head":"<!-- This site is optimized with the Yoast SEO plugin v19.10 - https:\/\/yoast.com\/wordpress\/plugins\/seo\/ -->\n<title>Naturpark-Wandertag 2019<\/title>\n<meta name=\"description\" content=\"Manchmal liegt das Gl\u00fcck ganz nahe. Gleich vor Ihrer Haust\u00fcr lockt die Natur mit ihrer Vielfalt an Farben und Formen. Erleben Sie dieses Gl\u00fcck am 26. Mai beim Naturpark-Wandertag.\" \/>\n<meta name=\"robots\" content=\"index, follow, max-snippet:-1, max-image-preview:large, max-video-preview:-1\" \/>\n<link rel=\"canonical\" href=\"https:\/\/www.naturparkmagazin.de\/vdn\/naturpark-wandertag-2019\/\" \/>\n<meta property=\"og:locale\" content=\"de_DE\" \/>\n<meta property=\"og:type\" content=\"article\" \/>\n<meta property=\"og:title\" content=\"Naturpark-Wandertag 2019\" \/>\n<meta property=\"og:description\" content=\"Manchmal liegt das Gl\u00fcck ganz nahe. Gleich vor Ihrer Haust\u00fcr lockt die Natur mit ihrer Vielfalt an Farben und Formen. Erleben Sie dieses Gl\u00fcck am 26. Mai beim Naturpark-Wandertag.\" \/>\n<meta property=\"og:url\" content=\"https:\/\/www.naturparkmagazin.de\/vdn\/naturpark-wandertag-2019\/\" \/>\n<meta property=\"og:site_name\" content=\"Verband Deutscher Naturparke\" \/>\n<meta property=\"article:published_time\" content=\"2019-04-15T10:50:20+00:00\" \/>\n<meta property=\"article:modified_time\" content=\"2019-05-28T12:34:52+00:00\" \/>\n<meta property=\"og:image\" content=\"https:\/\/www.naturparkmagazin.de\/vdn\/wp-content\/uploads\/sites\/3\/mai-wanbf.jpg\" \/>\n\t<meta property=\"og:image:width\" content=\"200\" \/>\n\t<meta property=\"og:image:height\" content=\"200\" \/>\n\t<meta property=\"og:image:type\" content=\"image\/jpeg\" \/>\n<meta name=\"author\" content=\"manuelamerz\" \/>\n<meta name=\"twitter:label1\" content=\"Verfasst von\" \/>\n\t<meta name=\"twitter:data1\" content=\"manuelamerz\" \/>\n\t<meta name=\"twitter:label2\" content=\"Gesch\u00e4tzte Lesezeit\" \/>\n\t<meta name=\"twitter:data2\" content=\"1\u00a0Minute\" \/>\n<script type=\"application\/ld+json\" class=\"yoast-schema-graph\">{\"@context\":\"https:\/\/schema.org\",\"@graph\":[{\"@type\":\"WebPage\",\"@id\":\"https:\/\/www.naturparkmagazin.de\/vdn\/naturpark-wandertag-2019\/\",\"url\":\"https:\/\/www.naturparkmagazin.de\/vdn\/naturpark-wandertag-2019\/\",\"name\":\"Naturpark-Wandertag 2019\",\"isPartOf\":{\"@id\":\"https:\/\/www.naturparkmagazin.de\/vdn\/#website\"},\"datePublished\":\"2019-04-15T10:50:20+00:00\",\"dateModified\":\"2019-05-28T12:34:52+00:00\",\"author\":{\"@id\":\"https:\/\/www.naturparkmagazin.de\/vdn\/#\/schema\/person\/3cff9b8773ed55f0189255fa9adfd57c\"},\"description\":\"Manchmal liegt das Gl\u00fcck ganz nahe. Gleich vor Ihrer Haust\u00fcr lockt die Natur mit ihrer Vielfalt an Farben und Formen. Erleben Sie dieses Gl\u00fcck am 26. Mai beim Naturpark-Wandertag.\",\"breadcrumb\":{\"@id\":\"https:\/\/www.naturparkmagazin.de\/vdn\/naturpark-wandertag-2019\/#breadcrumb\"},\"inLanguage\":\"de\",\"potentialAction\":[{\"@type\":\"ReadAction\",\"target\":[\"https:\/\/www.naturparkmagazin.de\/vdn\/naturpark-wandertag-2019\/\"]}]},{\"@type\":\"BreadcrumbList\",\"@id\":\"https:\/\/www.naturparkmagazin.de\/vdn\/naturpark-wandertag-2019\/#breadcrumb\",\"itemListElement\":[{\"@type\":\"ListItem\",\"position\":1,\"name\":\"Home\",\"item\":\"https:\/\/www.naturparkmagazin.de\/vdn\/\"},{\"@type\":\"ListItem\",\"position\":2,\"name\":\"Naturpark-Wandertag 2019\"}]},{\"@type\":\"WebSite\",\"@id\":\"https:\/\/www.naturparkmagazin.de\/vdn\/#website\",\"url\":\"https:\/\/www.naturparkmagazin.de\/vdn\/\",\"name\":\"Verband Deutscher Naturparke\",\"description\":\"Eine weitere Naturparkmagazin.de Netzwerk Seite\",\"potentialAction\":[{\"@type\":\"SearchAction\",\"target\":{\"@type\":\"EntryPoint\",\"urlTemplate\":\"https:\/\/www.naturparkmagazin.de\/vdn\/?s={search_term_string}\"},\"query-input\":\"required name=search_term_string\"}],\"inLanguage\":\"de\"},{\"@type\":\"Person\",\"@id\":\"https:\/\/www.naturparkmagazin.de\/vdn\/#\/schema\/person\/3cff9b8773ed55f0189255fa9adfd57c\",\"name\":\"manuelamerz\",\"url\":\"https:\/\/www.naturparkmagazin.de\/vdn\/author\/manuelamerz\/\"}]}<\/script>\n<!-- \/ Yoast SEO plugin. -->","yoast_head_json":{"title":"Naturpark-Wandertag 2019","description":"Manchmal liegt das Gl\u00fcck ganz nahe. Gleich vor Ihrer Haust\u00fcr lockt die Natur mit ihrer Vielfalt an Farben und Formen. Erleben Sie dieses Gl\u00fcck am 26. Mai beim Naturpark-Wandertag.","robots":{"index":"index","follow":"follow","max-snippet":"max-snippet:-1","max-image-preview":"max-image-preview:large","max-video-preview":"max-video-preview:-1"},"canonical":"https:\/\/www.naturparkmagazin.de\/vdn\/naturpark-wandertag-2019\/","og_locale":"de_DE","og_type":"article","og_title":"Naturpark-Wandertag 2019","og_description":"Manchmal liegt das Gl\u00fcck ganz nahe. Gleich vor Ihrer Haust\u00fcr lockt die Natur mit ihrer Vielfalt an Farben und Formen. Erleben Sie dieses Gl\u00fcck am 26. Mai beim Naturpark-Wandertag.","og_url":"https:\/\/www.naturparkmagazin.de\/vdn\/naturpark-wandertag-2019\/","og_site_name":"Verband Deutscher Naturparke","article_published_time":"2019-04-15T10:50:20+00:00","article_modified_time":"2019-05-28T12:34:52+00:00","og_image":[{"width":200,"height":200,"url":"https:\/\/www.naturparkmagazin.de\/vdn\/wp-content\/uploads\/sites\/3\/mai-wanbf.jpg","type":"image\/jpeg"}],"author":"manuelamerz","twitter_misc":{"Verfasst von":"manuelamerz","Gesch\u00e4tzte Lesezeit":"1\u00a0Minute"},"schema":{"@context":"https:\/\/schema.org","@graph":[{"@type":"WebPage","@id":"https:\/\/www.naturparkmagazin.de\/vdn\/naturpark-wandertag-2019\/","url":"https:\/\/www.naturparkmagazin.de\/vdn\/naturpark-wandertag-2019\/","name":"Naturpark-Wandertag 2019","isPartOf":{"@id":"https:\/\/www.naturparkmagazin.de\/vdn\/#website"},"datePublished":"2019-04-15T10:50:20+00:00","dateModified":"2019-05-28T12:34:52+00:00","author":{"@id":"https:\/\/www.naturparkmagazin.de\/vdn\/#\/schema\/person\/3cff9b8773ed55f0189255fa9adfd57c"},"description":"Manchmal liegt das Gl\u00fcck ganz nahe. Gleich vor Ihrer Haust\u00fcr lockt die Natur mit ihrer Vielfalt an Farben und Formen. Erleben Sie dieses Gl\u00fcck am 26. Mai beim Naturpark-Wandertag.","breadcrumb":{"@id":"https:\/\/www.naturparkmagazin.de\/vdn\/naturpark-wandertag-2019\/#breadcrumb"},"inLanguage":"de","potentialAction":[{"@type":"ReadAction","target":["https:\/\/www.naturparkmagazin.de\/vdn\/naturpark-wandertag-2019\/"]}]},{"@type":"BreadcrumbList","@id":"https:\/\/www.naturparkmagazin.de\/vdn\/naturpark-wandertag-2019\/#breadcrumb","itemListElement":[{"@type":"ListItem","position":1,"name":"Home","item":"https:\/\/www.naturparkmagazin.de\/vdn\/"},{"@type":"ListItem","position":2,"name":"Naturpark-Wandertag 2019"}]},{"@type":"WebSite","@id":"https:\/\/www.naturparkmagazin.de\/vdn\/#website","url":"https:\/\/www.naturparkmagazin.de\/vdn\/","name":"Verband Deutscher Naturparke","description":"Eine weitere Naturparkmagazin.de Netzwerk Seite","potentialAction":[{"@type":"SearchAction","target":{"@type":"EntryPoint","urlTemplate":"https:\/\/www.naturparkmagazin.de\/vdn\/?s={search_term_string}"},"query-input":"required name=search_term_string"}],"inLanguage":"de"},{"@type":"Person","@id":"https:\/\/www.naturparkmagazin.de\/vdn\/#\/schema\/person\/3cff9b8773ed55f0189255fa9adfd57c","name":"manuelamerz","url":"https:\/\/www.naturparkmagazin.de\/vdn\/author\/manuelamerz\/"}]}},"_links":{"self":[{"href":"https:\/\/www.naturparkmagazin.de\/vdn\/wp-json\/wp\/v2\/posts\/11259"}],"collection":[{"href":"https:\/\/www.naturparkmagazin.de\/vdn\/wp-json\/wp\/v2\/posts"}],"about":[{"href":"https:\/\/www.naturparkmagazin.de\/vdn\/wp-json\/wp\/v2\/types\/post"}],"author":[{"embeddable":true,"href":"https:\/\/www.naturparkmagazin.de\/vdn\/wp-json\/wp\/v2\/users\/73"}],"replies":[{"embeddable":true,"href":"https:\/\/www.naturparkmagazin.de\/vdn\/wp-json\/wp\/v2\/comments?post=11259"}],"version-history":[{"count":5,"href":"https:\/\/www.naturparkmagazin.de\/vdn\/wp-json\/wp\/v2\/posts\/11259\/revisions"}],"predecessor-version":[{"id":11283,"href":"https:\/\/www.naturparkmagazin.de\/vdn\/wp-json\/wp\/v2\/posts\/11259\/revisions\/11283"}],"wp:featuredmedia":[{"embeddable":true,"href":"https:\/\/www.naturparkmagazin.de\/vdn\/wp-json\/wp\/v2\/media\/11261"}],"wp:attachment":[{"href":"https:\/\/www.naturparkmagazin.de\/vdn\/wp-json\/wp\/v2\/media?parent=11259"}],"wp:term":[{"taxonomy":"category","embeddable":true,"href":"https:\/\/www.naturparkmagazin.de\/vdn\/wp-json\/wp\/v2\/categories?post=11259"},{"taxonomy":"post_tag","embeddable":true,"href":"https:\/\/www.naturparkmagazin.de\/vdn\/wp-json\/wp\/v2\/tags?post=11259"}],"curies":[{"name":"wp","href":"https:\/\/api.w.org\/{rel}","templated":true}]}}