{"id":1126,"date":"2013-06-04T12:16:32","date_gmt":"2013-06-04T10:16:32","guid":{"rendered":"http:\/\/www.naturparkmagazin.de\/vdn\/?p=1126"},"modified":"2013-06-06T12:23:48","modified_gmt":"2013-06-06T10:23:48","slug":"junge-wilde-nachwuchs-im-naturpark","status":"publish","type":"post","link":"https:\/\/www.naturparkmagazin.de\/vdn\/junge-wilde-nachwuchs-im-naturpark\/","title":{"rendered":"&#8222;Junge Wilde&#8220; &#8211; Nachwuchs im Naturpark"},"content":{"rendered":"<p style=\"text-align: center\"><a href=\"https:\/\/www.naturparkmagazin.de\/vdn\/wp-content\/uploads\/sites\/3\/Strche1nw.jpg\"><img decoding=\"async\" loading=\"lazy\" class=\"size-medium wp-image-1244 aligncenter\" title=\"Wei\u00dfst\u00f6rche bei der Balz - Copyright: VDN\/Schwalbenschwanz\" alt=\"Wei\u00dfst\u00f6rche bei der Balz - Copyright: VDN\/Schwalbenschwanz\" src=\"https:\/\/www.naturparkmagazin.de\/vdn\/wp-content\/uploads\/sites\/3\/Strche1nw-620x462.jpg\" width=\"620\" height=\"462\" \/><\/a><\/p>\n<p>Zu keiner Zeit gestaltet sich in den Naturparken das Wachsen und Werden so spektakul\u00e4r wie zu dieser Jahreszeit. Wenn Eis und Schnee endlich geschmolzen sind und die B\u00e4ume knospen, \u00fcberw\u00e4ltigen Fr\u00fchlingsgef\u00fchle auch die Tiere, die in den Naturparken leben. Worin diese Gef\u00fchle m\u00fcnden k\u00f6nnen, ist am besten beim Wei\u00dfstorch zu beobachten, baut er seine Nester doch gern in luftige H\u00f6he; fr\u00fcher suchte er nach geeigneten B\u00e4umen, heute bevorzugt er T\u00fcrme und Schornsteine.<\/p>\n<p>&nbsp;<\/p>\n<p style=\"text-align: center\"><a href=\"https:\/\/www.naturparkmagazin.de\/vdn\/wp-content\/uploads\/sites\/3\/OST_5271aa.jpg\"><img decoding=\"async\" loading=\"lazy\" class=\"size-medium wp-image-1247 aligncenter\" title=\"Wei\u00dfstorchnest mit Jungen - Copyright: VDN\/Dieter O.\" alt=\"Wei\u00dfstorchnest mit Jungen - Copyright: VDN\/Dieter O.\" src=\"https:\/\/www.naturparkmagazin.de\/vdn\/wp-content\/uploads\/sites\/3\/OST_5271aa-620x442.jpg\" width=\"620\" height=\"442\" \/><\/a><\/p>\n<p>Schon das Gebalze der k\u00fcnftigen Elternv\u00f6gel ist ein Spektakel. Laut mit den Schn\u00e4beln klappernd biegen sie ihre H\u00e4lse weit zur\u00fcck. Wenn die Jungen geschl\u00fcpft sind, pr\u00e4sentieren die St\u00f6rche dem staunenden Fu\u00dfvolk eine spektakul\u00e4re Freiluft-F\u00fctterung. Insekten, Fr\u00f6sche und anderes Getier werden auf umliegenden Wiesen gesucht und aufgeschnappt und dann an den Nachwuchs verf\u00fcttert. Wie sich die Jungen nach den leckeren Happen recken und strecken, ist immer wieder ein Schauspiel.<\/p>\n","protected":false},"excerpt":{"rendered":"<p>Zu keiner Zeit gestaltet sich in den Naturparken das Wachsen und Werden so spektakul\u00e4r wie zu dieser Jahreszeit. Wenn Eis und Schnee endlich geschmolzen sind und die B\u00e4ume knospen, \u00fcberw\u00e4ltigen Fr\u00fchlingsgef\u00fchle auch die Tiere, die in den Naturparken leben. <\/p>\n","protected":false},"author":14,"featured_media":1247,"comment_status":"open","ping_status":"open","sticky":false,"template":"","format":"standard","meta":{"_links_to":"","_links_to_target":""},"categories":[51],"tags":[],"yoast_head":"<!-- This site is optimized with the Yoast SEO plugin v19.10 - https:\/\/yoast.com\/wordpress\/plugins\/seo\/ -->\n<title>&quot;Junge Wilde&quot; - Nachwuchs im Naturpark<\/title>\n<meta name=\"description\" content=\"Zu keiner Zeit gestaltet sich in den Naturparken das Wachsen und Werden so spektakul\u00e4r wie zu dieser Jahreszeit. Wenn Eis und Schnee endlich geschmolzen sind und die B\u00e4ume knospen, \u00fcberw\u00e4ltigen Fr\u00fchlingsgef\u00fchle auch die Tiere, die in den Naturparken leben.\" \/>\n<meta name=\"robots\" content=\"index, follow, max-snippet:-1, max-image-preview:large, max-video-preview:-1\" \/>\n<link rel=\"canonical\" href=\"https:\/\/www.naturparkmagazin.de\/vdn\/junge-wilde-nachwuchs-im-naturpark\/\" \/>\n<meta property=\"og:locale\" content=\"de_DE\" \/>\n<meta property=\"og:type\" content=\"article\" \/>\n<meta property=\"og:title\" content=\"&quot;Junge Wilde&quot; - Nachwuchs im Naturpark\" \/>\n<meta property=\"og:description\" content=\"Zu keiner Zeit gestaltet sich in den Naturparken das Wachsen und Werden so spektakul\u00e4r wie zu dieser Jahreszeit. Wenn Eis und Schnee endlich geschmolzen sind und die B\u00e4ume knospen, \u00fcberw\u00e4ltigen Fr\u00fchlingsgef\u00fchle auch die Tiere, die in den Naturparken leben.\" \/>\n<meta property=\"og:url\" content=\"https:\/\/www.naturparkmagazin.de\/vdn\/junge-wilde-nachwuchs-im-naturpark\/\" \/>\n<meta property=\"og:site_name\" content=\"Verband Deutscher Naturparke\" \/>\n<meta property=\"article:published_time\" content=\"2013-06-04T10:16:32+00:00\" \/>\n<meta property=\"article:modified_time\" content=\"2013-06-06T10:23:48+00:00\" \/>\n<meta property=\"og:image\" content=\"https:\/\/www.naturparkmagazin.de\/vdn\/wp-content\/uploads\/sites\/3\/OST_5271aa.jpg\" \/>\n\t<meta property=\"og:image:width\" content=\"1024\" \/>\n\t<meta property=\"og:image:height\" content=\"731\" \/>\n\t<meta property=\"og:image:type\" content=\"image\/jpeg\" \/>\n<meta name=\"author\" content=\"vdnnational\" \/>\n<meta name=\"twitter:label1\" content=\"Verfasst von\" \/>\n\t<meta name=\"twitter:data1\" content=\"vdnnational\" \/>\n\t<meta name=\"twitter:label2\" content=\"Gesch\u00e4tzte Lesezeit\" \/>\n\t<meta name=\"twitter:data2\" content=\"1\u00a0Minute\" \/>\n<script type=\"application\/ld+json\" class=\"yoast-schema-graph\">{\"@context\":\"https:\/\/schema.org\",\"@graph\":[{\"@type\":\"WebPage\",\"@id\":\"https:\/\/www.naturparkmagazin.de\/vdn\/junge-wilde-nachwuchs-im-naturpark\/\",\"url\":\"https:\/\/www.naturparkmagazin.de\/vdn\/junge-wilde-nachwuchs-im-naturpark\/\",\"name\":\"\\\"Junge Wilde\\\" - Nachwuchs im Naturpark\",\"isPartOf\":{\"@id\":\"https:\/\/www.naturparkmagazin.de\/vdn\/#website\"},\"datePublished\":\"2013-06-04T10:16:32+00:00\",\"dateModified\":\"2013-06-06T10:23:48+00:00\",\"author\":{\"@id\":\"https:\/\/www.naturparkmagazin.de\/vdn\/#\/schema\/person\/e28d931df83318a48d52ae72b08d2bfb\"},\"description\":\"Zu keiner Zeit gestaltet sich in den Naturparken das Wachsen und Werden so spektakul\u00e4r wie zu dieser Jahreszeit. Wenn Eis und Schnee endlich geschmolzen sind und die B\u00e4ume knospen, \u00fcberw\u00e4ltigen Fr\u00fchlingsgef\u00fchle auch die Tiere, die in den Naturparken leben.\",\"breadcrumb\":{\"@id\":\"https:\/\/www.naturparkmagazin.de\/vdn\/junge-wilde-nachwuchs-im-naturpark\/#breadcrumb\"},\"inLanguage\":\"de\",\"potentialAction\":[{\"@type\":\"ReadAction\",\"target\":[\"https:\/\/www.naturparkmagazin.de\/vdn\/junge-wilde-nachwuchs-im-naturpark\/\"]}]},{\"@type\":\"BreadcrumbList\",\"@id\":\"https:\/\/www.naturparkmagazin.de\/vdn\/junge-wilde-nachwuchs-im-naturpark\/#breadcrumb\",\"itemListElement\":[{\"@type\":\"ListItem\",\"position\":1,\"name\":\"Home\",\"item\":\"https:\/\/www.naturparkmagazin.de\/vdn\/\"},{\"@type\":\"ListItem\",\"position\":2,\"name\":\"&#8222;Junge Wilde&#8220; &#8211; Nachwuchs im Naturpark\"}]},{\"@type\":\"WebSite\",\"@id\":\"https:\/\/www.naturparkmagazin.de\/vdn\/#website\",\"url\":\"https:\/\/www.naturparkmagazin.de\/vdn\/\",\"name\":\"Verband Deutscher Naturparke\",\"description\":\"Eine weitere Naturparkmagazin.de Netzwerk Seite\",\"potentialAction\":[{\"@type\":\"SearchAction\",\"target\":{\"@type\":\"EntryPoint\",\"urlTemplate\":\"https:\/\/www.naturparkmagazin.de\/vdn\/?s={search_term_string}\"},\"query-input\":\"required name=search_term_string\"}],\"inLanguage\":\"de\"},{\"@type\":\"Person\",\"@id\":\"https:\/\/www.naturparkmagazin.de\/vdn\/#\/schema\/person\/e28d931df83318a48d52ae72b08d2bfb\",\"name\":\"vdnnational\",\"url\":\"https:\/\/www.naturparkmagazin.de\/vdn\/author\/vdnnational\/\"}]}<\/script>\n<!-- \/ Yoast SEO plugin. -->","yoast_head_json":{"title":"\"Junge Wilde\" - Nachwuchs im Naturpark","description":"Zu keiner Zeit gestaltet sich in den Naturparken das Wachsen und Werden so spektakul\u00e4r wie zu dieser Jahreszeit. Wenn Eis und Schnee endlich geschmolzen sind und die B\u00e4ume knospen, \u00fcberw\u00e4ltigen Fr\u00fchlingsgef\u00fchle auch die Tiere, die in den Naturparken leben.","robots":{"index":"index","follow":"follow","max-snippet":"max-snippet:-1","max-image-preview":"max-image-preview:large","max-video-preview":"max-video-preview:-1"},"canonical":"https:\/\/www.naturparkmagazin.de\/vdn\/junge-wilde-nachwuchs-im-naturpark\/","og_locale":"de_DE","og_type":"article","og_title":"\"Junge Wilde\" - Nachwuchs im Naturpark","og_description":"Zu keiner Zeit gestaltet sich in den Naturparken das Wachsen und Werden so spektakul\u00e4r wie zu dieser Jahreszeit. Wenn Eis und Schnee endlich geschmolzen sind und die B\u00e4ume knospen, \u00fcberw\u00e4ltigen Fr\u00fchlingsgef\u00fchle auch die Tiere, die in den Naturparken leben.","og_url":"https:\/\/www.naturparkmagazin.de\/vdn\/junge-wilde-nachwuchs-im-naturpark\/","og_site_name":"Verband Deutscher Naturparke","article_published_time":"2013-06-04T10:16:32+00:00","article_modified_time":"2013-06-06T10:23:48+00:00","og_image":[{"width":1024,"height":731,"url":"https:\/\/www.naturparkmagazin.de\/vdn\/wp-content\/uploads\/sites\/3\/OST_5271aa.jpg","type":"image\/jpeg"}],"author":"vdnnational","twitter_misc":{"Verfasst von":"vdnnational","Gesch\u00e4tzte Lesezeit":"1\u00a0Minute"},"schema":{"@context":"https:\/\/schema.org","@graph":[{"@type":"WebPage","@id":"https:\/\/www.naturparkmagazin.de\/vdn\/junge-wilde-nachwuchs-im-naturpark\/","url":"https:\/\/www.naturparkmagazin.de\/vdn\/junge-wilde-nachwuchs-im-naturpark\/","name":"\"Junge Wilde\" - Nachwuchs im Naturpark","isPartOf":{"@id":"https:\/\/www.naturparkmagazin.de\/vdn\/#website"},"datePublished":"2013-06-04T10:16:32+00:00","dateModified":"2013-06-06T10:23:48+00:00","author":{"@id":"https:\/\/www.naturparkmagazin.de\/vdn\/#\/schema\/person\/e28d931df83318a48d52ae72b08d2bfb"},"description":"Zu keiner Zeit gestaltet sich in den Naturparken das Wachsen und Werden so spektakul\u00e4r wie zu dieser Jahreszeit. Wenn Eis und Schnee endlich geschmolzen sind und die B\u00e4ume knospen, \u00fcberw\u00e4ltigen Fr\u00fchlingsgef\u00fchle auch die Tiere, die in den Naturparken leben.","breadcrumb":{"@id":"https:\/\/www.naturparkmagazin.de\/vdn\/junge-wilde-nachwuchs-im-naturpark\/#breadcrumb"},"inLanguage":"de","potentialAction":[{"@type":"ReadAction","target":["https:\/\/www.naturparkmagazin.de\/vdn\/junge-wilde-nachwuchs-im-naturpark\/"]}]},{"@type":"BreadcrumbList","@id":"https:\/\/www.naturparkmagazin.de\/vdn\/junge-wilde-nachwuchs-im-naturpark\/#breadcrumb","itemListElement":[{"@type":"ListItem","position":1,"name":"Home","item":"https:\/\/www.naturparkmagazin.de\/vdn\/"},{"@type":"ListItem","position":2,"name":"&#8222;Junge Wilde&#8220; &#8211; Nachwuchs im Naturpark"}]},{"@type":"WebSite","@id":"https:\/\/www.naturparkmagazin.de\/vdn\/#website","url":"https:\/\/www.naturparkmagazin.de\/vdn\/","name":"Verband Deutscher Naturparke","description":"Eine weitere Naturparkmagazin.de Netzwerk Seite","potentialAction":[{"@type":"SearchAction","target":{"@type":"EntryPoint","urlTemplate":"https:\/\/www.naturparkmagazin.de\/vdn\/?s={search_term_string}"},"query-input":"required name=search_term_string"}],"inLanguage":"de"},{"@type":"Person","@id":"https:\/\/www.naturparkmagazin.de\/vdn\/#\/schema\/person\/e28d931df83318a48d52ae72b08d2bfb","name":"vdnnational","url":"https:\/\/www.naturparkmagazin.de\/vdn\/author\/vdnnational\/"}]}},"_links":{"self":[{"href":"https:\/\/www.naturparkmagazin.de\/vdn\/wp-json\/wp\/v2\/posts\/1126"}],"collection":[{"href":"https:\/\/www.naturparkmagazin.de\/vdn\/wp-json\/wp\/v2\/posts"}],"about":[{"href":"https:\/\/www.naturparkmagazin.de\/vdn\/wp-json\/wp\/v2\/types\/post"}],"author":[{"embeddable":true,"href":"https:\/\/www.naturparkmagazin.de\/vdn\/wp-json\/wp\/v2\/users\/14"}],"replies":[{"embeddable":true,"href":"https:\/\/www.naturparkmagazin.de\/vdn\/wp-json\/wp\/v2\/comments?post=1126"}],"version-history":[{"count":25,"href":"https:\/\/www.naturparkmagazin.de\/vdn\/wp-json\/wp\/v2\/posts\/1126\/revisions"}],"predecessor-version":[{"id":1387,"href":"https:\/\/www.naturparkmagazin.de\/vdn\/wp-json\/wp\/v2\/posts\/1126\/revisions\/1387"}],"wp:featuredmedia":[{"embeddable":true,"href":"https:\/\/www.naturparkmagazin.de\/vdn\/wp-json\/wp\/v2\/media\/1247"}],"wp:attachment":[{"href":"https:\/\/www.naturparkmagazin.de\/vdn\/wp-json\/wp\/v2\/media?parent=1126"}],"wp:term":[{"taxonomy":"category","embeddable":true,"href":"https:\/\/www.naturparkmagazin.de\/vdn\/wp-json\/wp\/v2\/categories?post=1126"},{"taxonomy":"post_tag","embeddable":true,"href":"https:\/\/www.naturparkmagazin.de\/vdn\/wp-json\/wp\/v2\/tags?post=1126"}],"curies":[{"name":"wp","href":"https:\/\/api.w.org\/{rel}","templated":true}]}}