{"id":11266,"date":"2019-04-15T12:59:49","date_gmt":"2019-04-15T10:59:49","guid":{"rendered":"https:\/\/www.naturparkmagazin.de\/vdn\/?p=11266"},"modified":"2019-05-28T14:34:14","modified_gmt":"2019-05-28T12:34:14","slug":"umweltaktionstage-2019-in-naturparken","status":"publish","type":"post","link":"https:\/\/www.naturparkmagazin.de\/vdn\/umweltaktionstage-2019-in-naturparken\/","title":{"rendered":"Umweltaktionstage 2019 in Naturparken"},"content":{"rendered":"<div id=\"attachment_11267\" style=\"width: 510px\" class=\"wp-caption alignnone\"><a href=\"https:\/\/www.naturparkmagazin.de\/vdn\/wp-content\/uploads\/sites\/3\/Umweltaktionstage_2018_Naturpark_Schule_Zuesch-1_VDN_Carolin_Lauer-8b.jpg\"><img aria-describedby=\"caption-attachment-11267\" decoding=\"async\" loading=\"lazy\" class=\"size-full wp-image-11267\" src=\"https:\/\/www.naturparkmagazin.de\/vdn\/wp-content\/uploads\/sites\/3\/Umweltaktionstage_2018_Naturpark_Schule_Zuesch-1_VDN_Carolin_Lauer-8b.jpg\" alt=\"Umweltaktionstage 2018 Naturparkschule Zuesch \u00a9 VDN \/ Carolin Lauer \" width=\"500\" height=\"300\" srcset=\"https:\/\/www.naturparkmagazin.de\/vdn\/wp-content\/uploads\/sites\/3\/Umweltaktionstage_2018_Naturpark_Schule_Zuesch-1_VDN_Carolin_Lauer-8b.jpg 500w, https:\/\/www.naturparkmagazin.de\/vdn\/wp-content\/uploads\/sites\/3\/Umweltaktionstage_2018_Naturpark_Schule_Zuesch-1_VDN_Carolin_Lauer-8b-300x180.jpg 300w, https:\/\/www.naturparkmagazin.de\/vdn\/wp-content\/uploads\/sites\/3\/Umweltaktionstage_2018_Naturpark_Schule_Zuesch-1_VDN_Carolin_Lauer-8b-200x120.jpg 200w\" sizes=\"(max-width: 500px) 100vw, 500px\" \/><\/a><p id=\"caption-attachment-11267\" class=\"wp-caption-text\">Umweltaktionstage 2018 Naturparkschule Zuesch \u00a9 VDN \/ Carolin Lauer<\/p><\/div>\n<p>Der Naturpark Saar-Hunsr\u00fcck er\u00f6ffnete am 29. M\u00e4rz 2019 die Saison f\u00fcr die Umweltaktionstage 2019 in Deutschlands Naturparken. Bis Oktober wird Umweltexperte Albrecht Trenz Naturparke besuchen und in Kitas und Grundschulen die Themen \u201eBienen\u201c oder \u201ePlastik\u201c auf anschauliche Weise vermitteln.<\/p>\n<p>4 Grundschulen im Naturpark Saar-Hunsr\u00fcck hatten sich bei ihren \u201eUmweltaktionstagen\u201c f\u00fcr das Thema \u201eBienen\u201c entschieden. Die Kinder konnten u.a. erfahren, wie wirksamer Bienenschutz aussehen kann.<\/p>\n<p>&nbsp;<\/p>\n<div id=\"attachment_11269\" style=\"width: 510px\" class=\"wp-caption alignnone\"><a href=\"https:\/\/www.naturparkmagazin.de\/vdn\/wp-content\/uploads\/sites\/3\/honigbiene-apis-mellifera-volkmar-brockhausb.jpg\"><img aria-describedby=\"caption-attachment-11269\" decoding=\"async\" loading=\"lazy\" class=\"wp-image-11269 size-full\" src=\"https:\/\/www.naturparkmagazin.de\/vdn\/wp-content\/uploads\/sites\/3\/honigbiene-apis-mellifera-volkmar-brockhausb.jpg\" alt=\"Honigbiene beim Nektarsammeln auf der Bl\u00fcte einer Margerite \u00a9 VDN\/Volkmar Brockhaus M\u00c3\u00a4rzenbecher, Bl\u00c3\u00bcte in Nahaufnahme, sehr seltene Art, im Naturpark Ebbegebirge, nur an wenigen Stellen zu finden\" width=\"500\" height=\"300\" srcset=\"https:\/\/www.naturparkmagazin.de\/vdn\/wp-content\/uploads\/sites\/3\/honigbiene-apis-mellifera-volkmar-brockhausb.jpg 500w, https:\/\/www.naturparkmagazin.de\/vdn\/wp-content\/uploads\/sites\/3\/honigbiene-apis-mellifera-volkmar-brockhausb-300x180.jpg 300w, https:\/\/www.naturparkmagazin.de\/vdn\/wp-content\/uploads\/sites\/3\/honigbiene-apis-mellifera-volkmar-brockhausb-200x120.jpg 200w\" sizes=\"(max-width: 500px) 100vw, 500px\" \/><\/a><p id=\"caption-attachment-11269\" class=\"wp-caption-text\">Honigbiene beim Nektarsammeln auf der Bl\u00fcte einer Margerite \u00a9 VDN\/Volkmar Brockhaus<\/p><\/div>\n<p>Bienen sind ein Meisterwerk der Natur und haben eine wesentliche Bedeutung f\u00fcr unser \u00d6kosystem. Ziel der Umweltaktionstage im Naturpark Saar-Hunsr\u00fcck war es vor allem, dass die Teilnehmer Bienen k\u00fcnftig positiver wahrnehmen, dass sie ihre gro\u00dfe Bedeutung f\u00fcr Natur und Mensch erkennen und dass sie zuk\u00fcnftig bereit sind, sich f\u00fcr den Schutz der Bienen einzusetzen.<\/p>\n<p>Seit 2004 engagiert sich Kaufland mit einem Umweltp\u00e4dagogikprogramm, das Kindern auf spielerische Weise Natur und Umwelt n\u00e4herbringt. Unter dem Motto \u201eUmweltaktionstage\u201c stehen heimische Tiere sowie Natur- und Umweltthemen im Zentrum der 150 Veranstaltungen. Das Programm ist fester Bestandteil des gesellschaftlichen Engagements von Kaufland und wird in enger Zusammenarbeit mit den Naturparken Deutschland und dem VDN durchgef\u00fchrt.<\/p>\n<p>&nbsp;<\/p>\n<p>&gt;&gt; <a href=\"https:\/\/unternehmen.kaufland.de\/unsere-verantwortung\/machen-macht-den-unterschied\/gesellschaftliches-engagement\/erlebnis-umwelt-fuer-kinder.html??cid=F0140C00014K0017W0020M00107P0001\" target=\"_blank\">Hier<\/a> erhalten Sie mehr Informationen zu den Umweltaktionstagen 2019<\/p>\n<p>&gt;&gt; <a href=\"https:\/\/www.naturparke.de\/aufgaben-ziele\/bildung\/umweltaktionstage.html\" target=\"_blank\">Hier<\/a> erhalten Sie einen R\u00fcckblick auf die Umweltaktionstage 2018<\/p>\n<p>&nbsp;<\/p>\n","protected":false},"excerpt":{"rendered":"<p>Vom 29. M\u00e4rz bis 5. April waren die \u201eUmweltaktionstage\u201c mit dem Thema \u201eBienen\u201c zu Gast im Naturpark Saar-Hunsr\u00fcck. Damit er\u00f6ffnete der Naturpark die Tour der Umweltaktionstage 2019 in Deutschlands Naturparken. <\/p>\n","protected":false},"author":73,"featured_media":11268,"comment_status":"open","ping_status":"open","sticky":false,"template":"","format":"standard","meta":{"_links_to":"","_links_to_target":""},"categories":[7],"tags":[1684,522,1681,1625,1682,1683,1626,41,501],"yoast_head":"<!-- This site is optimized with the Yoast SEO plugin v19.10 - https:\/\/yoast.com\/wordpress\/plugins\/seo\/ -->\n<title>Umweltaktionstage 2019 in Naturparken<\/title>\n<meta name=\"description\" content=\"Vom 29. M\u00e4rz bis 5. April waren die \u201eUmweltaktionstage\u201c mit dem Thema \u201eBienen\u201c zu Gast im Naturpark Saar-Hunsr\u00fcck. Damit er\u00f6ffnete der Naturpark die Tour der Umweltaktionstage 2019 in Deutschlands Naturparken.\" \/>\n<meta name=\"robots\" content=\"index, follow, max-snippet:-1, max-image-preview:large, max-video-preview:-1\" \/>\n<link rel=\"canonical\" href=\"https:\/\/www.naturparkmagazin.de\/vdn\/umweltaktionstage-2019-in-naturparken\/\" \/>\n<meta property=\"og:locale\" content=\"de_DE\" \/>\n<meta property=\"og:type\" content=\"article\" \/>\n<meta property=\"og:title\" content=\"Umweltaktionstage 2019 in Naturparken\" \/>\n<meta property=\"og:description\" content=\"Vom 29. M\u00e4rz bis 5. April waren die \u201eUmweltaktionstage\u201c mit dem Thema \u201eBienen\u201c zu Gast im Naturpark Saar-Hunsr\u00fcck. Damit er\u00f6ffnete der Naturpark die Tour der Umweltaktionstage 2019 in Deutschlands Naturparken.\" \/>\n<meta property=\"og:url\" content=\"https:\/\/www.naturparkmagazin.de\/vdn\/umweltaktionstage-2019-in-naturparken\/\" \/>\n<meta property=\"og:site_name\" content=\"Verband Deutscher Naturparke\" \/>\n<meta property=\"article:published_time\" content=\"2019-04-15T10:59:49+00:00\" \/>\n<meta property=\"article:modified_time\" content=\"2019-05-28T12:34:14+00:00\" \/>\n<meta property=\"og:image\" content=\"https:\/\/www.naturparkmagazin.de\/vdn\/wp-content\/uploads\/sites\/3\/Umweltaktionstage_2018_Naturpark_Schule_Zuesch-1_VDN_Carolin_Lauer-8bf.jpg\" \/>\n\t<meta property=\"og:image:width\" content=\"200\" \/>\n\t<meta property=\"og:image:height\" content=\"200\" \/>\n\t<meta property=\"og:image:type\" content=\"image\/jpeg\" \/>\n<meta name=\"author\" content=\"manuelamerz\" \/>\n<meta name=\"twitter:label1\" content=\"Verfasst von\" \/>\n\t<meta name=\"twitter:data1\" content=\"manuelamerz\" \/>\n\t<meta name=\"twitter:label2\" content=\"Gesch\u00e4tzte Lesezeit\" \/>\n\t<meta name=\"twitter:data2\" content=\"1\u00a0Minute\" \/>\n<script type=\"application\/ld+json\" class=\"yoast-schema-graph\">{\"@context\":\"https:\/\/schema.org\",\"@graph\":[{\"@type\":\"WebPage\",\"@id\":\"https:\/\/www.naturparkmagazin.de\/vdn\/umweltaktionstage-2019-in-naturparken\/\",\"url\":\"https:\/\/www.naturparkmagazin.de\/vdn\/umweltaktionstage-2019-in-naturparken\/\",\"name\":\"Umweltaktionstage 2019 in Naturparken\",\"isPartOf\":{\"@id\":\"https:\/\/www.naturparkmagazin.de\/vdn\/#website\"},\"datePublished\":\"2019-04-15T10:59:49+00:00\",\"dateModified\":\"2019-05-28T12:34:14+00:00\",\"author\":{\"@id\":\"https:\/\/www.naturparkmagazin.de\/vdn\/#\/schema\/person\/3cff9b8773ed55f0189255fa9adfd57c\"},\"description\":\"Vom 29. M\u00e4rz bis 5. April waren die \u201eUmweltaktionstage\u201c mit dem Thema \u201eBienen\u201c zu Gast im Naturpark Saar-Hunsr\u00fcck. Damit er\u00f6ffnete der Naturpark die Tour der Umweltaktionstage 2019 in Deutschlands Naturparken.\",\"breadcrumb\":{\"@id\":\"https:\/\/www.naturparkmagazin.de\/vdn\/umweltaktionstage-2019-in-naturparken\/#breadcrumb\"},\"inLanguage\":\"de\",\"potentialAction\":[{\"@type\":\"ReadAction\",\"target\":[\"https:\/\/www.naturparkmagazin.de\/vdn\/umweltaktionstage-2019-in-naturparken\/\"]}]},{\"@type\":\"BreadcrumbList\",\"@id\":\"https:\/\/www.naturparkmagazin.de\/vdn\/umweltaktionstage-2019-in-naturparken\/#breadcrumb\",\"itemListElement\":[{\"@type\":\"ListItem\",\"position\":1,\"name\":\"Home\",\"item\":\"https:\/\/www.naturparkmagazin.de\/vdn\/\"},{\"@type\":\"ListItem\",\"position\":2,\"name\":\"Umweltaktionstage 2019 in Naturparken\"}]},{\"@type\":\"WebSite\",\"@id\":\"https:\/\/www.naturparkmagazin.de\/vdn\/#website\",\"url\":\"https:\/\/www.naturparkmagazin.de\/vdn\/\",\"name\":\"Verband Deutscher Naturparke\",\"description\":\"Eine weitere Naturparkmagazin.de Netzwerk Seite\",\"potentialAction\":[{\"@type\":\"SearchAction\",\"target\":{\"@type\":\"EntryPoint\",\"urlTemplate\":\"https:\/\/www.naturparkmagazin.de\/vdn\/?s={search_term_string}\"},\"query-input\":\"required name=search_term_string\"}],\"inLanguage\":\"de\"},{\"@type\":\"Person\",\"@id\":\"https:\/\/www.naturparkmagazin.de\/vdn\/#\/schema\/person\/3cff9b8773ed55f0189255fa9adfd57c\",\"name\":\"manuelamerz\",\"url\":\"https:\/\/www.naturparkmagazin.de\/vdn\/author\/manuelamerz\/\"}]}<\/script>\n<!-- \/ Yoast SEO plugin. -->","yoast_head_json":{"title":"Umweltaktionstage 2019 in Naturparken","description":"Vom 29. M\u00e4rz bis 5. April waren die \u201eUmweltaktionstage\u201c mit dem Thema \u201eBienen\u201c zu Gast im Naturpark Saar-Hunsr\u00fcck. Damit er\u00f6ffnete der Naturpark die Tour der Umweltaktionstage 2019 in Deutschlands Naturparken.","robots":{"index":"index","follow":"follow","max-snippet":"max-snippet:-1","max-image-preview":"max-image-preview:large","max-video-preview":"max-video-preview:-1"},"canonical":"https:\/\/www.naturparkmagazin.de\/vdn\/umweltaktionstage-2019-in-naturparken\/","og_locale":"de_DE","og_type":"article","og_title":"Umweltaktionstage 2019 in Naturparken","og_description":"Vom 29. M\u00e4rz bis 5. April waren die \u201eUmweltaktionstage\u201c mit dem Thema \u201eBienen\u201c zu Gast im Naturpark Saar-Hunsr\u00fcck. Damit er\u00f6ffnete der Naturpark die Tour der Umweltaktionstage 2019 in Deutschlands Naturparken.","og_url":"https:\/\/www.naturparkmagazin.de\/vdn\/umweltaktionstage-2019-in-naturparken\/","og_site_name":"Verband Deutscher Naturparke","article_published_time":"2019-04-15T10:59:49+00:00","article_modified_time":"2019-05-28T12:34:14+00:00","og_image":[{"width":200,"height":200,"url":"https:\/\/www.naturparkmagazin.de\/vdn\/wp-content\/uploads\/sites\/3\/Umweltaktionstage_2018_Naturpark_Schule_Zuesch-1_VDN_Carolin_Lauer-8bf.jpg","type":"image\/jpeg"}],"author":"manuelamerz","twitter_misc":{"Verfasst von":"manuelamerz","Gesch\u00e4tzte Lesezeit":"1\u00a0Minute"},"schema":{"@context":"https:\/\/schema.org","@graph":[{"@type":"WebPage","@id":"https:\/\/www.naturparkmagazin.de\/vdn\/umweltaktionstage-2019-in-naturparken\/","url":"https:\/\/www.naturparkmagazin.de\/vdn\/umweltaktionstage-2019-in-naturparken\/","name":"Umweltaktionstage 2019 in Naturparken","isPartOf":{"@id":"https:\/\/www.naturparkmagazin.de\/vdn\/#website"},"datePublished":"2019-04-15T10:59:49+00:00","dateModified":"2019-05-28T12:34:14+00:00","author":{"@id":"https:\/\/www.naturparkmagazin.de\/vdn\/#\/schema\/person\/3cff9b8773ed55f0189255fa9adfd57c"},"description":"Vom 29. M\u00e4rz bis 5. April waren die \u201eUmweltaktionstage\u201c mit dem Thema \u201eBienen\u201c zu Gast im Naturpark Saar-Hunsr\u00fcck. Damit er\u00f6ffnete der Naturpark die Tour der Umweltaktionstage 2019 in Deutschlands Naturparken.","breadcrumb":{"@id":"https:\/\/www.naturparkmagazin.de\/vdn\/umweltaktionstage-2019-in-naturparken\/#breadcrumb"},"inLanguage":"de","potentialAction":[{"@type":"ReadAction","target":["https:\/\/www.naturparkmagazin.de\/vdn\/umweltaktionstage-2019-in-naturparken\/"]}]},{"@type":"BreadcrumbList","@id":"https:\/\/www.naturparkmagazin.de\/vdn\/umweltaktionstage-2019-in-naturparken\/#breadcrumb","itemListElement":[{"@type":"ListItem","position":1,"name":"Home","item":"https:\/\/www.naturparkmagazin.de\/vdn\/"},{"@type":"ListItem","position":2,"name":"Umweltaktionstage 2019 in Naturparken"}]},{"@type":"WebSite","@id":"https:\/\/www.naturparkmagazin.de\/vdn\/#website","url":"https:\/\/www.naturparkmagazin.de\/vdn\/","name":"Verband Deutscher Naturparke","description":"Eine weitere Naturparkmagazin.de Netzwerk Seite","potentialAction":[{"@type":"SearchAction","target":{"@type":"EntryPoint","urlTemplate":"https:\/\/www.naturparkmagazin.de\/vdn\/?s={search_term_string}"},"query-input":"required name=search_term_string"}],"inLanguage":"de"},{"@type":"Person","@id":"https:\/\/www.naturparkmagazin.de\/vdn\/#\/schema\/person\/3cff9b8773ed55f0189255fa9adfd57c","name":"manuelamerz","url":"https:\/\/www.naturparkmagazin.de\/vdn\/author\/manuelamerz\/"}]}},"_links":{"self":[{"href":"https:\/\/www.naturparkmagazin.de\/vdn\/wp-json\/wp\/v2\/posts\/11266"}],"collection":[{"href":"https:\/\/www.naturparkmagazin.de\/vdn\/wp-json\/wp\/v2\/posts"}],"about":[{"href":"https:\/\/www.naturparkmagazin.de\/vdn\/wp-json\/wp\/v2\/types\/post"}],"author":[{"embeddable":true,"href":"https:\/\/www.naturparkmagazin.de\/vdn\/wp-json\/wp\/v2\/users\/73"}],"replies":[{"embeddable":true,"href":"https:\/\/www.naturparkmagazin.de\/vdn\/wp-json\/wp\/v2\/comments?post=11266"}],"version-history":[{"count":3,"href":"https:\/\/www.naturparkmagazin.de\/vdn\/wp-json\/wp\/v2\/posts\/11266\/revisions"}],"predecessor-version":[{"id":11272,"href":"https:\/\/www.naturparkmagazin.de\/vdn\/wp-json\/wp\/v2\/posts\/11266\/revisions\/11272"}],"wp:featuredmedia":[{"embeddable":true,"href":"https:\/\/www.naturparkmagazin.de\/vdn\/wp-json\/wp\/v2\/media\/11268"}],"wp:attachment":[{"href":"https:\/\/www.naturparkmagazin.de\/vdn\/wp-json\/wp\/v2\/media?parent=11266"}],"wp:term":[{"taxonomy":"category","embeddable":true,"href":"https:\/\/www.naturparkmagazin.de\/vdn\/wp-json\/wp\/v2\/categories?post=11266"},{"taxonomy":"post_tag","embeddable":true,"href":"https:\/\/www.naturparkmagazin.de\/vdn\/wp-json\/wp\/v2\/tags?post=11266"}],"curies":[{"name":"wp","href":"https:\/\/api.w.org\/{rel}","templated":true}]}}