{"id":11287,"date":"2019-04-12T11:31:57","date_gmt":"2019-04-12T09:31:57","guid":{"rendered":"https:\/\/www.naturparkmagazin.de\/vdn\/?p=11287"},"modified":"2019-05-28T15:40:37","modified_gmt":"2019-05-28T13:40:37","slug":"baumwipfelpfad-und-terra-vita-pavillon-in-bad-iburg","status":"publish","type":"post","link":"https:\/\/www.naturparkmagazin.de\/vdn\/baumwipfelpfad-und-terra-vita-pavillon-in-bad-iburg\/","title":{"rendered":"Baumwipfelpfad und TERRA.vita Pavillon in Bad Iburg"},"content":{"rendered":"<div id=\"attachment_11288\" style=\"width: 510px\" class=\"wp-caption alignnone\"><a href=\"https:\/\/www.naturparkmagazin.de\/vdn\/wp-content\/uploads\/sites\/3\/Aufstiegsturm-des-Baumwipfelpfadesb.jpg\"><img aria-describedby=\"caption-attachment-11288\" decoding=\"async\" loading=\"lazy\" class=\"size-full wp-image-11288\" src=\"https:\/\/www.naturparkmagazin.de\/vdn\/wp-content\/uploads\/sites\/3\/Aufstiegsturm-des-Baumwipfelpfadesb.jpg\" alt=\"Aufstiegsturm des Baumwipfelpfades \u00a9 Naturpark TERRA.Vita\" width=\"500\" height=\"300\" srcset=\"https:\/\/www.naturparkmagazin.de\/vdn\/wp-content\/uploads\/sites\/3\/Aufstiegsturm-des-Baumwipfelpfadesb.jpg 500w, https:\/\/www.naturparkmagazin.de\/vdn\/wp-content\/uploads\/sites\/3\/Aufstiegsturm-des-Baumwipfelpfadesb-300x180.jpg 300w, https:\/\/www.naturparkmagazin.de\/vdn\/wp-content\/uploads\/sites\/3\/Aufstiegsturm-des-Baumwipfelpfadesb-200x120.jpg 200w\" sizes=\"(max-width: 500px) 100vw, 500px\" \/><\/a><p id=\"caption-attachment-11288\" class=\"wp-caption-text\">Aufstiegsturm des Baumwipfelpfades \u00a9 Naturpark TERRA.Vita<\/p><\/div>\n<p>Durch die Erdgeschichte auf den Wipfelpfad!\nEinen ersten Eindruck von 300 Mio. Jahre Erdgeschichte, welche die TERRA.vita-Region pr\u00e4gt, bekommt man beim Durchqueren des Pavillons. Geplant wurde ein organisch ausgeformtes Geb\u00e4ude unter Verwendung regionaltypischer \u00a0Materialien. In seiner barrierefreien Gesamtheit inklusive der Au\u00dfenanlagen symbolisiert der Pavillon den Lebenslauf der Erde \u00a0und die Entstehung des Lebens, was sich als symbolischer\u00a0 Wasserlauf darstellt, der als Sinuskurve im hinteren Au\u00dfenbereich dem Quell des Lebens zuflie\u00dft. Sitzgelegenheiten, \u00a0Sandsteinbl\u00f6cke und \u00a0Begr\u00fcnung bieten Aufenthaltsqualit\u00e4t im Freien<\/p>\n<p>Im Innenraum finden sich Schauelemente, die mit der Gebietskulisse des Natur- und Geoparks und den Sehensw\u00fcrdigkeiten und Sch\u00e4tzen dieser Vorbildlandschaft vertraut machen. \u00a0So \u201eerz\u00e4hlt\u201c die Sinneswand, gefertigt aus erdgeschichtlich relevanten Materialien, \u00fcber unsere Erdzeitalter.<\/p>\n<p>Das Herzst\u00fcck bildet ein taktiles Bronze-Relief, welches das gesamte Parkgebiet und seine geologischen Formen abbildet. Hier sind neun Stellen typischer fossiler Funde verortet, die alle f\u00fcr entsprechende Erdzeitalter stehen. Die meisten dieser Funde werden im Original oder als Abguss \u00a0in Vitrinen pr\u00e4sentiert. Das lebensgro\u00dfe Modell eines Flugsauriers aus der Kreidezeit mit einer Fl\u00fcgelspannweite von 2,50 m \u201ewacht\u201c aus der Luft \u00fcber den Eingangsbereich des Baumwipfelpfades.<\/p>\n<p>Der Baumwipfelpfad \u2013 mit fast 600 Metern Laufl\u00e4nge (mit Auf- und Abstieg) und Stationen wie Vogelnester geformt \u2013 bietet nicht nur Informationen \u00fcber Natur, Geologie, Geschichte und Waldpers\u00f6nlichkeit. Er ist ein perfektes Ausflugziel f\u00fcr die ganze Familie.<\/p>\n<p>158 Stufen hinauf ins Sonnenlicht: Wer aus dem Schatten des Bad Iburger Waldkurparks in die Wipfel der uralten Baumriesen hinaufsteigt, muss zun\u00e4chst immer ein bisschen blinzeln, muss sich erstmal an die Helligkeit in gut 30 Metern H\u00f6he gew\u00f6hnen. Hier oben ist alles anders als unten im Wald: die Bl\u00e4tter zarter, die Vogelstimmen lauter und klarer, das Licht und die Luft reiner, der Himmel ein St\u00fcck n\u00e4her.<\/p>\n<p>Sie wandern auf massiven L\u00e4rchenbohlen durch die ansonsten verborgene Welt der Eichh\u00f6rnchen, Flederm\u00e4use und Spechte. Infotafeln weisen auf die Schlafh\u00f6hlen zahlreicher Wanldbewohner hin. Sie erkl\u00e4ren, wie Spechte ihre Nisth\u00f6hlen zimmern und warum Eichkater so gute Kletterer sind. Der Baumwipfelpfad sch\u00e4rft die Sinne f\u00fcr zahlreiche weitere Details und f\u00fcr die Besonderheiten des Lebensraumes Wald und die besondere Geologie rund um Bad Iburg. Er verhilft aber auch zu bezaubernden Ausblicken und inspirierenden \u00dcberblicken, denn \u00fcber die Kronen hinweg f\u00e4llt der Blick immer wieder auf Schloss Iburg, auf die umliegenden Parkanlagen und auf die tiefgr\u00fcnen H\u00f6hen des Teutoburger Waldes.<\/p>\n<p>Der Baumwipfelpfad hat t\u00e4glich ge\u00f6ffnet. Weitere Infos:\n<a href=\"http:\/\/www.baumwipfelpfad-badiburg.de\">www.baumwipfelpfad-badiburg.de<\/a><\/p>\n","protected":false},"excerpt":{"rendered":"<p>Der Baumwipfelpfad und TERRA.vita Pavillon in Bad Iburg f\u00fchrt sie durch 300 Millionen Jahre Erdgeschichte<\/p>\n","protected":false},"author":73,"featured_media":11289,"comment_status":"open","ping_status":"open","sticky":false,"template":"","format":"standard","meta":{"_links_to":"","_links_to_target":""},"categories":[617],"tags":[],"yoast_head":"<!-- This site is optimized with the Yoast SEO plugin v19.10 - https:\/\/yoast.com\/wordpress\/plugins\/seo\/ -->\n<title>Baumwipfelpfad und TERRA.vita Pavillon in Bad Iburg<\/title>\n<meta name=\"description\" content=\"Der Baumwipfelpfad und TERRA.vita Pavillon in Bad Iburg f\u00fchrt sie durch 300 Millionen Jahre Erdgeschichte\" \/>\n<meta name=\"robots\" content=\"index, follow, max-snippet:-1, max-image-preview:large, max-video-preview:-1\" \/>\n<link rel=\"canonical\" href=\"https:\/\/www.naturparkmagazin.de\/vdn\/baumwipfelpfad-und-terra-vita-pavillon-in-bad-iburg\/\" \/>\n<meta property=\"og:locale\" content=\"de_DE\" \/>\n<meta property=\"og:type\" content=\"article\" \/>\n<meta property=\"og:title\" content=\"Baumwipfelpfad und TERRA.vita Pavillon in Bad Iburg\" \/>\n<meta property=\"og:description\" content=\"Der Baumwipfelpfad und TERRA.vita Pavillon in Bad Iburg f\u00fchrt sie durch 300 Millionen Jahre Erdgeschichte\" \/>\n<meta property=\"og:url\" content=\"https:\/\/www.naturparkmagazin.de\/vdn\/baumwipfelpfad-und-terra-vita-pavillon-in-bad-iburg\/\" \/>\n<meta property=\"og:site_name\" content=\"Verband Deutscher Naturparke\" \/>\n<meta property=\"article:published_time\" content=\"2019-04-12T09:31:57+00:00\" \/>\n<meta property=\"article:modified_time\" content=\"2019-05-28T13:40:37+00:00\" \/>\n<meta property=\"og:image\" content=\"https:\/\/www.naturparkmagazin.de\/vdn\/wp-content\/uploads\/sites\/3\/Aufstiegsturm-des-Baumwipfelpfadesbf.jpg\" \/>\n\t<meta property=\"og:image:width\" content=\"200\" \/>\n\t<meta property=\"og:image:height\" content=\"200\" \/>\n\t<meta property=\"og:image:type\" content=\"image\/jpeg\" \/>\n<meta name=\"author\" content=\"manuelamerz\" \/>\n<meta name=\"twitter:label1\" content=\"Verfasst von\" \/>\n\t<meta name=\"twitter:data1\" content=\"manuelamerz\" \/>\n\t<meta name=\"twitter:label2\" content=\"Gesch\u00e4tzte Lesezeit\" \/>\n\t<meta name=\"twitter:data2\" content=\"2\u00a0Minuten\" \/>\n<script type=\"application\/ld+json\" class=\"yoast-schema-graph\">{\"@context\":\"https:\/\/schema.org\",\"@graph\":[{\"@type\":\"WebPage\",\"@id\":\"https:\/\/www.naturparkmagazin.de\/vdn\/baumwipfelpfad-und-terra-vita-pavillon-in-bad-iburg\/\",\"url\":\"https:\/\/www.naturparkmagazin.de\/vdn\/baumwipfelpfad-und-terra-vita-pavillon-in-bad-iburg\/\",\"name\":\"Baumwipfelpfad und TERRA.vita Pavillon in Bad Iburg\",\"isPartOf\":{\"@id\":\"https:\/\/www.naturparkmagazin.de\/vdn\/#website\"},\"datePublished\":\"2019-04-12T09:31:57+00:00\",\"dateModified\":\"2019-05-28T13:40:37+00:00\",\"author\":{\"@id\":\"https:\/\/www.naturparkmagazin.de\/vdn\/#\/schema\/person\/3cff9b8773ed55f0189255fa9adfd57c\"},\"description\":\"Der Baumwipfelpfad und TERRA.vita Pavillon in Bad Iburg f\u00fchrt sie durch 300 Millionen Jahre Erdgeschichte\",\"breadcrumb\":{\"@id\":\"https:\/\/www.naturparkmagazin.de\/vdn\/baumwipfelpfad-und-terra-vita-pavillon-in-bad-iburg\/#breadcrumb\"},\"inLanguage\":\"de\",\"potentialAction\":[{\"@type\":\"ReadAction\",\"target\":[\"https:\/\/www.naturparkmagazin.de\/vdn\/baumwipfelpfad-und-terra-vita-pavillon-in-bad-iburg\/\"]}]},{\"@type\":\"BreadcrumbList\",\"@id\":\"https:\/\/www.naturparkmagazin.de\/vdn\/baumwipfelpfad-und-terra-vita-pavillon-in-bad-iburg\/#breadcrumb\",\"itemListElement\":[{\"@type\":\"ListItem\",\"position\":1,\"name\":\"Home\",\"item\":\"https:\/\/www.naturparkmagazin.de\/vdn\/\"},{\"@type\":\"ListItem\",\"position\":2,\"name\":\"Baumwipfelpfad und TERRA.vita Pavillon in Bad Iburg\"}]},{\"@type\":\"WebSite\",\"@id\":\"https:\/\/www.naturparkmagazin.de\/vdn\/#website\",\"url\":\"https:\/\/www.naturparkmagazin.de\/vdn\/\",\"name\":\"Verband Deutscher Naturparke\",\"description\":\"Eine weitere Naturparkmagazin.de Netzwerk Seite\",\"potentialAction\":[{\"@type\":\"SearchAction\",\"target\":{\"@type\":\"EntryPoint\",\"urlTemplate\":\"https:\/\/www.naturparkmagazin.de\/vdn\/?s={search_term_string}\"},\"query-input\":\"required name=search_term_string\"}],\"inLanguage\":\"de\"},{\"@type\":\"Person\",\"@id\":\"https:\/\/www.naturparkmagazin.de\/vdn\/#\/schema\/person\/3cff9b8773ed55f0189255fa9adfd57c\",\"name\":\"manuelamerz\",\"url\":\"https:\/\/www.naturparkmagazin.de\/vdn\/author\/manuelamerz\/\"}]}<\/script>\n<!-- \/ Yoast SEO plugin. -->","yoast_head_json":{"title":"Baumwipfelpfad und TERRA.vita Pavillon in Bad Iburg","description":"Der Baumwipfelpfad und TERRA.vita Pavillon in Bad Iburg f\u00fchrt sie durch 300 Millionen Jahre Erdgeschichte","robots":{"index":"index","follow":"follow","max-snippet":"max-snippet:-1","max-image-preview":"max-image-preview:large","max-video-preview":"max-video-preview:-1"},"canonical":"https:\/\/www.naturparkmagazin.de\/vdn\/baumwipfelpfad-und-terra-vita-pavillon-in-bad-iburg\/","og_locale":"de_DE","og_type":"article","og_title":"Baumwipfelpfad und TERRA.vita Pavillon in Bad Iburg","og_description":"Der Baumwipfelpfad und TERRA.vita Pavillon in Bad Iburg f\u00fchrt sie durch 300 Millionen Jahre Erdgeschichte","og_url":"https:\/\/www.naturparkmagazin.de\/vdn\/baumwipfelpfad-und-terra-vita-pavillon-in-bad-iburg\/","og_site_name":"Verband Deutscher Naturparke","article_published_time":"2019-04-12T09:31:57+00:00","article_modified_time":"2019-05-28T13:40:37+00:00","og_image":[{"width":200,"height":200,"url":"https:\/\/www.naturparkmagazin.de\/vdn\/wp-content\/uploads\/sites\/3\/Aufstiegsturm-des-Baumwipfelpfadesbf.jpg","type":"image\/jpeg"}],"author":"manuelamerz","twitter_misc":{"Verfasst von":"manuelamerz","Gesch\u00e4tzte Lesezeit":"2\u00a0Minuten"},"schema":{"@context":"https:\/\/schema.org","@graph":[{"@type":"WebPage","@id":"https:\/\/www.naturparkmagazin.de\/vdn\/baumwipfelpfad-und-terra-vita-pavillon-in-bad-iburg\/","url":"https:\/\/www.naturparkmagazin.de\/vdn\/baumwipfelpfad-und-terra-vita-pavillon-in-bad-iburg\/","name":"Baumwipfelpfad und TERRA.vita Pavillon in Bad Iburg","isPartOf":{"@id":"https:\/\/www.naturparkmagazin.de\/vdn\/#website"},"datePublished":"2019-04-12T09:31:57+00:00","dateModified":"2019-05-28T13:40:37+00:00","author":{"@id":"https:\/\/www.naturparkmagazin.de\/vdn\/#\/schema\/person\/3cff9b8773ed55f0189255fa9adfd57c"},"description":"Der Baumwipfelpfad und TERRA.vita Pavillon in Bad Iburg f\u00fchrt sie durch 300 Millionen Jahre Erdgeschichte","breadcrumb":{"@id":"https:\/\/www.naturparkmagazin.de\/vdn\/baumwipfelpfad-und-terra-vita-pavillon-in-bad-iburg\/#breadcrumb"},"inLanguage":"de","potentialAction":[{"@type":"ReadAction","target":["https:\/\/www.naturparkmagazin.de\/vdn\/baumwipfelpfad-und-terra-vita-pavillon-in-bad-iburg\/"]}]},{"@type":"BreadcrumbList","@id":"https:\/\/www.naturparkmagazin.de\/vdn\/baumwipfelpfad-und-terra-vita-pavillon-in-bad-iburg\/#breadcrumb","itemListElement":[{"@type":"ListItem","position":1,"name":"Home","item":"https:\/\/www.naturparkmagazin.de\/vdn\/"},{"@type":"ListItem","position":2,"name":"Baumwipfelpfad und TERRA.vita Pavillon in Bad Iburg"}]},{"@type":"WebSite","@id":"https:\/\/www.naturparkmagazin.de\/vdn\/#website","url":"https:\/\/www.naturparkmagazin.de\/vdn\/","name":"Verband Deutscher Naturparke","description":"Eine weitere Naturparkmagazin.de Netzwerk Seite","potentialAction":[{"@type":"SearchAction","target":{"@type":"EntryPoint","urlTemplate":"https:\/\/www.naturparkmagazin.de\/vdn\/?s={search_term_string}"},"query-input":"required name=search_term_string"}],"inLanguage":"de"},{"@type":"Person","@id":"https:\/\/www.naturparkmagazin.de\/vdn\/#\/schema\/person\/3cff9b8773ed55f0189255fa9adfd57c","name":"manuelamerz","url":"https:\/\/www.naturparkmagazin.de\/vdn\/author\/manuelamerz\/"}]}},"_links":{"self":[{"href":"https:\/\/www.naturparkmagazin.de\/vdn\/wp-json\/wp\/v2\/posts\/11287"}],"collection":[{"href":"https:\/\/www.naturparkmagazin.de\/vdn\/wp-json\/wp\/v2\/posts"}],"about":[{"href":"https:\/\/www.naturparkmagazin.de\/vdn\/wp-json\/wp\/v2\/types\/post"}],"author":[{"embeddable":true,"href":"https:\/\/www.naturparkmagazin.de\/vdn\/wp-json\/wp\/v2\/users\/73"}],"replies":[{"embeddable":true,"href":"https:\/\/www.naturparkmagazin.de\/vdn\/wp-json\/wp\/v2\/comments?post=11287"}],"version-history":[{"count":1,"href":"https:\/\/www.naturparkmagazin.de\/vdn\/wp-json\/wp\/v2\/posts\/11287\/revisions"}],"predecessor-version":[{"id":11291,"href":"https:\/\/www.naturparkmagazin.de\/vdn\/wp-json\/wp\/v2\/posts\/11287\/revisions\/11291"}],"wp:featuredmedia":[{"embeddable":true,"href":"https:\/\/www.naturparkmagazin.de\/vdn\/wp-json\/wp\/v2\/media\/11289"}],"wp:attachment":[{"href":"https:\/\/www.naturparkmagazin.de\/vdn\/wp-json\/wp\/v2\/media?parent=11287"}],"wp:term":[{"taxonomy":"category","embeddable":true,"href":"https:\/\/www.naturparkmagazin.de\/vdn\/wp-json\/wp\/v2\/categories?post=11287"},{"taxonomy":"post_tag","embeddable":true,"href":"https:\/\/www.naturparkmagazin.de\/vdn\/wp-json\/wp\/v2\/tags?post=11287"}],"curies":[{"name":"wp","href":"https:\/\/api.w.org\/{rel}","templated":true}]}}