{"id":11294,"date":"2019-04-15T11:09:59","date_gmt":"2019-04-15T09:09:59","guid":{"rendered":"https:\/\/www.naturparkmagazin.de\/vdn\/?p=11294"},"modified":"2019-05-28T15:40:16","modified_gmt":"2019-05-28T13:40:16","slug":"natur-und-geopark-terra-vita","status":"publish","type":"post","link":"https:\/\/www.naturparkmagazin.de\/vdn\/natur-und-geopark-terra-vita\/","title":{"rendered":"Natur- und Geopark TERRA.vita"},"content":{"rendered":"<div id=\"attachment_11309\" style=\"width: 510px\" class=\"wp-caption aligncenter\"><a href=\"https:\/\/www.naturparkmagazin.de\/vdn\/wp-content\/uploads\/sites\/3\/Traumhaft-Weitblick-in-den-Naturpark-von-der-Steinegge-in-Dissen_Beitrag-.jpg\"><img aria-describedby=\"caption-attachment-11309\" decoding=\"async\" loading=\"lazy\" class=\"size-full wp-image-11309\" src=\"https:\/\/www.naturparkmagazin.de\/vdn\/wp-content\/uploads\/sites\/3\/Traumhaft-Weitblick-in-den-Naturpark-von-der-Steinegge-in-Dissen_Beitrag-.jpg\" alt=\"Traumhaft - Weitblick in den Naturpark von der Steinegge in Dissen - Copyright: Natur- und Geopark TERRA.vita\" width=\"500\" height=\"300\" srcset=\"https:\/\/www.naturparkmagazin.de\/vdn\/wp-content\/uploads\/sites\/3\/Traumhaft-Weitblick-in-den-Naturpark-von-der-Steinegge-in-Dissen_Beitrag-.jpg 500w, https:\/\/www.naturparkmagazin.de\/vdn\/wp-content\/uploads\/sites\/3\/Traumhaft-Weitblick-in-den-Naturpark-von-der-Steinegge-in-Dissen_Beitrag--300x180.jpg 300w, https:\/\/www.naturparkmagazin.de\/vdn\/wp-content\/uploads\/sites\/3\/Traumhaft-Weitblick-in-den-Naturpark-von-der-Steinegge-in-Dissen_Beitrag--200x120.jpg 200w\" sizes=\"(max-width: 500px) 100vw, 500px\" \/><\/a><p id=\"caption-attachment-11309\" class=\"wp-caption-text\">Traumhaft &#8211; Weitblick in den Naturpark von der Steinegge in Dissen &#8211; Copyright: Natur- und Geopark TERRA.vita<\/p><\/div>\n<p>Hier k\u00f6nnen Sie die Seele baumeln lassen und sich Ihrer Sehnsucht nach Abwechslung vom Alltag hingeben. Pr\u00e4gend sind die bewaldeten H\u00f6henz\u00fcge des Teutoburger Waldes, des Wiehengebirges, die eiszeitlich gepr\u00e4gte\u00a0 Ankumer H\u00f6hen sowie die Parklandschaft des Osnabr\u00fccker Landes. Der Naturpark TERRA.vita geh\u00f6rt zu den wenigen Naturparken in Deutschland mit allen Landschaftsformen \u2013 bis auf ein \u201eaktives\u201c Wattenmeer.<\/p>\n<div id=\"attachment_11301\" style=\"width: 510px\" class=\"wp-caption aligncenter\"><a href=\"https:\/\/www.naturparkmagazin.de\/vdn\/wp-content\/uploads\/sites\/3\/Aussichtsplattform-am-Piesberg_Beitrag.jpg\"><img aria-describedby=\"caption-attachment-11301\" decoding=\"async\" loading=\"lazy\" class=\"size-full wp-image-11301\" src=\"https:\/\/www.naturparkmagazin.de\/vdn\/wp-content\/uploads\/sites\/3\/Aussichtsplattform-am-Piesberg_Beitrag.jpg\" alt=\"Aussichtsplattform am Piesberg - Copyright: Natur- und Geopark TERRA.vita\" width=\"500\" height=\"300\" srcset=\"https:\/\/www.naturparkmagazin.de\/vdn\/wp-content\/uploads\/sites\/3\/Aussichtsplattform-am-Piesberg_Beitrag.jpg 500w, https:\/\/www.naturparkmagazin.de\/vdn\/wp-content\/uploads\/sites\/3\/Aussichtsplattform-am-Piesberg_Beitrag-300x180.jpg 300w, https:\/\/www.naturparkmagazin.de\/vdn\/wp-content\/uploads\/sites\/3\/Aussichtsplattform-am-Piesberg_Beitrag-200x120.jpg 200w\" sizes=\"(max-width: 500px) 100vw, 500px\" \/><\/a><p id=\"caption-attachment-11301\" class=\"wp-caption-text\">Aussichtsplattform am Piesberg &#8211; Copyright: Natur- und Geopark TERRA.vita<\/p><\/div>\n<p>Er ist als erster deutscher Naturpark in das Europ\u00e4ische Geopark-Netzwerk aufgenommen worden. Die Themen Boden und Geologie verbinden die unterschiedlichen Landschaftsformen: ob Saurierspuren, Varusschlacht, Sole, Seen oder Bodensch\u00e4tze von Karbonquarzit bis Sand: aller Ursprung kommt aus der Erde. Dies ist der rote Faden von TERRA.vita.<\/p>\n<div id=\"attachment_11303\" style=\"width: 510px\" class=\"wp-caption aligncenter\"><a href=\"https:\/\/www.naturparkmagazin.de\/vdn\/wp-content\/uploads\/sites\/3\/Felsplatte-mit-Saurierf\u00e4hrten_Beitrag.jpg\"><img aria-describedby=\"caption-attachment-11303\" decoding=\"async\" loading=\"lazy\" class=\"size-full wp-image-11303\" src=\"https:\/\/www.naturparkmagazin.de\/vdn\/wp-content\/uploads\/sites\/3\/Felsplatte-mit-Saurierf\u00e4hrten_Beitrag.jpg\" alt=\"Felsplatte mit Saurierf\u00e4hrten - Copyright: Natur- und Geopark TERRA.vita\" width=\"500\" height=\"300\" srcset=\"https:\/\/www.naturparkmagazin.de\/vdn\/wp-content\/uploads\/sites\/3\/Felsplatte-mit-Saurierf\u00e4hrten_Beitrag.jpg 500w, https:\/\/www.naturparkmagazin.de\/vdn\/wp-content\/uploads\/sites\/3\/Felsplatte-mit-Saurierf\u00e4hrten_Beitrag-300x180.jpg 300w, https:\/\/www.naturparkmagazin.de\/vdn\/wp-content\/uploads\/sites\/3\/Felsplatte-mit-Saurierf\u00e4hrten_Beitrag-200x120.jpg 200w\" sizes=\"(max-width: 500px) 100vw, 500px\" \/><\/a><p id=\"caption-attachment-11303\" class=\"wp-caption-text\">Felsplatte mit Saurierf\u00e4hrten &#8211; Copyright: Natur- und Geopark TERRA.vita<\/p><\/div>\n<p>Im Osnabr\u00fccker Land finden sich viele mittelalterliche Burgen. Typisch f\u00fcr die Landschaft sind die sch\u00f6nen traditionsreichen Fachwerkbauten und -h\u00f6fe. Zu den besonderen Sehensw\u00fcrdigkeiten z\u00e4hlen die D\u00f6rfer und die reizvollen historischen Ortskerne mit ihren liebevoll restaurierten Fachwerkh\u00e4usern aus dem 17. und 18. Jahrhundert sowie Wasser- und Windm\u00fchlen.<\/p>\n<div id=\"attachment_11300\" style=\"width: 510px\" class=\"wp-caption aligncenter\"><a href=\"https:\/\/www.naturparkmagazin.de\/vdn\/wp-content\/uploads\/sites\/3\/Aktiv-im-Naturpark_beitrag.jpg\"><img aria-describedby=\"caption-attachment-11300\" decoding=\"async\" loading=\"lazy\" class=\"size-full wp-image-11300\" src=\"https:\/\/www.naturparkmagazin.de\/vdn\/wp-content\/uploads\/sites\/3\/Aktiv-im-Naturpark_beitrag.jpg\" alt=\"Aktiv im Naturpark - Copyright: Natur- und Geopark TERRA.vitab\" width=\"500\" height=\"300\" srcset=\"https:\/\/www.naturparkmagazin.de\/vdn\/wp-content\/uploads\/sites\/3\/Aktiv-im-Naturpark_beitrag.jpg 500w, https:\/\/www.naturparkmagazin.de\/vdn\/wp-content\/uploads\/sites\/3\/Aktiv-im-Naturpark_beitrag-300x180.jpg 300w, https:\/\/www.naturparkmagazin.de\/vdn\/wp-content\/uploads\/sites\/3\/Aktiv-im-Naturpark_beitrag-200x120.jpg 200w\" sizes=\"(max-width: 500px) 100vw, 500px\" \/><\/a><p id=\"caption-attachment-11300\" class=\"wp-caption-text\">Aktiv im Naturpark &#8211; Copyright: Natur- und Geopark TERRA.vitab<\/p><\/div>\n<div id=\"attachment_11308\" style=\"width: 510px\" class=\"wp-caption aligncenter\"><a href=\"https:\/\/www.naturparkmagazin.de\/vdn\/wp-content\/uploads\/sites\/3\/Mittelgebirgswanderung-auf-dem-Ahornweg_Beitrag.jpg\"><img aria-describedby=\"caption-attachment-11308\" decoding=\"async\" loading=\"lazy\" class=\"size-full wp-image-11308\" src=\"https:\/\/www.naturparkmagazin.de\/vdn\/wp-content\/uploads\/sites\/3\/Mittelgebirgswanderung-auf-dem-Ahornweg_Beitrag.jpg\" alt=\"Mittelgebirgswanderung auf dem Ahornweg - Copyright: Natur- und Geopark TERRA.vita\" width=\"500\" height=\"300\" srcset=\"https:\/\/www.naturparkmagazin.de\/vdn\/wp-content\/uploads\/sites\/3\/Mittelgebirgswanderung-auf-dem-Ahornweg_Beitrag.jpg 500w, https:\/\/www.naturparkmagazin.de\/vdn\/wp-content\/uploads\/sites\/3\/Mittelgebirgswanderung-auf-dem-Ahornweg_Beitrag-300x180.jpg 300w, https:\/\/www.naturparkmagazin.de\/vdn\/wp-content\/uploads\/sites\/3\/Mittelgebirgswanderung-auf-dem-Ahornweg_Beitrag-200x120.jpg 200w\" sizes=\"(max-width: 500px) 100vw, 500px\" \/><\/a><p id=\"caption-attachment-11308\" class=\"wp-caption-text\">Mittelgebirgswanderung auf dem Ahornweg &#8211; Copyright: Natur- und Geopark TERRA.vita<\/p><\/div>\n<p>Der Naturpark l\u00e4sst sich auf zahlreichen Wanderwegen, Radwegen oder auf dem Wasser entdecken. Sole-, Thermalsole- oder Kneippkurorte geben zahlreichen Erholungssuchenden \u00a0die Heilkr\u00e4fte der Natur.<\/p>\n<div id=\"attachment_11302\" style=\"width: 510px\" class=\"wp-caption aligncenter\"><a href=\"https:\/\/www.naturparkmagazin.de\/vdn\/wp-content\/uploads\/sites\/3\/D\u00f6renther-Klippen_Beitrag.jpg\"><img aria-describedby=\"caption-attachment-11302\" decoding=\"async\" loading=\"lazy\" class=\"size-full wp-image-11302\" src=\"https:\/\/www.naturparkmagazin.de\/vdn\/wp-content\/uploads\/sites\/3\/D\u00f6renther-Klippen_Beitrag.jpg\" alt=\"D\u00f6renther Klippen - Copyright: Natur- und Geopark TERRA.vita\" width=\"500\" height=\"300\" srcset=\"https:\/\/www.naturparkmagazin.de\/vdn\/wp-content\/uploads\/sites\/3\/D\u00f6renther-Klippen_Beitrag.jpg 500w, https:\/\/www.naturparkmagazin.de\/vdn\/wp-content\/uploads\/sites\/3\/D\u00f6renther-Klippen_Beitrag-300x180.jpg 300w, https:\/\/www.naturparkmagazin.de\/vdn\/wp-content\/uploads\/sites\/3\/D\u00f6renther-Klippen_Beitrag-200x120.jpg 200w\" sizes=\"(max-width: 500px) 100vw, 500px\" \/><\/a><p id=\"caption-attachment-11302\" class=\"wp-caption-text\">D\u00f6renther Klippen &#8211; Copyright: Natur- und Geopark TERRA.vita<\/p><\/div>\n<p>Der Name des Natur- und Geoparks l\u00e4sst sich mit \u201eLebenslauf der Erde\u201c \u00fcbersetzen. Und der verlief im wahrsten Sinne des Wortes nicht immer glatt. Auffaltung und Erosion, \u00dcberflutung und Vergletscherung, W\u00fcstenklima oder Permafrost \u2013 ganze Lebenswelten gingen unter und Neue wurden immer wieder hervorgebracht. Die Tier-, Pilz- und Pflanzenwelt f\u00fcgte sich in die geologischen Umw\u00e4lzungen. Meeresb\u00f6den &#8211; aufgefaltet zu steilen K\u00e4mmen, tropische W\u00e4lder &#8211; gepresst zu Anthrazit, ganze H\u00f6henz\u00fcge &#8211; aufgeschoben von gewaltigen Gletschern. Kaum zu glauben, was die Gesteine als Zeugen uns alles berichten.<\/p>\n<div id=\"attachment_11307\" style=\"width: 510px\" class=\"wp-caption aligncenter\"><a href=\"https:\/\/www.naturparkmagazin.de\/vdn\/wp-content\/uploads\/sites\/3\/Kalksinterterrassen-in-Dissen-a.T.W_Beitrag..jpg\"><img aria-describedby=\"caption-attachment-11307\" decoding=\"async\" loading=\"lazy\" class=\"size-full wp-image-11307\" src=\"https:\/\/www.naturparkmagazin.de\/vdn\/wp-content\/uploads\/sites\/3\/Kalksinterterrassen-in-Dissen-a.T.W_Beitrag..jpg\" alt=\"Kalksinterterrassen in Dissen a.T.W - Copyright: Natur- und Geopark TERRA.vita\" width=\"500\" height=\"300\" srcset=\"https:\/\/www.naturparkmagazin.de\/vdn\/wp-content\/uploads\/sites\/3\/Kalksinterterrassen-in-Dissen-a.T.W_Beitrag..jpg 500w, https:\/\/www.naturparkmagazin.de\/vdn\/wp-content\/uploads\/sites\/3\/Kalksinterterrassen-in-Dissen-a.T.W_Beitrag.-300x180.jpg 300w, https:\/\/www.naturparkmagazin.de\/vdn\/wp-content\/uploads\/sites\/3\/Kalksinterterrassen-in-Dissen-a.T.W_Beitrag.-200x120.jpg 200w\" sizes=\"(max-width: 500px) 100vw, 500px\" \/><\/a><p id=\"caption-attachment-11307\" class=\"wp-caption-text\">Kalksinterterrassen in Dissen a.T.W &#8211; Copyright: Natur- und Geopark TERRA.vita<\/p><\/div>\n<div id=\"attachment_11305\" style=\"width: 510px\" class=\"wp-caption aligncenter\"><a href=\"https:\/\/www.naturparkmagazin.de\/vdn\/wp-content\/uploads\/sites\/3\/Ich-mag-drau\u00dfen_Beitrag.jpg\"><img aria-describedby=\"caption-attachment-11305\" decoding=\"async\" loading=\"lazy\" class=\"size-full wp-image-11305\" src=\"https:\/\/www.naturparkmagazin.de\/vdn\/wp-content\/uploads\/sites\/3\/Ich-mag-drau\u00dfen_Beitrag.jpg\" alt=\"Ich mag drau\u00dfen! - Copyright: Natur- und Geopark TERRA.vita\" width=\"500\" height=\"300\" srcset=\"https:\/\/www.naturparkmagazin.de\/vdn\/wp-content\/uploads\/sites\/3\/Ich-mag-drau\u00dfen_Beitrag.jpg 500w, https:\/\/www.naturparkmagazin.de\/vdn\/wp-content\/uploads\/sites\/3\/Ich-mag-drau\u00dfen_Beitrag-300x180.jpg 300w, https:\/\/www.naturparkmagazin.de\/vdn\/wp-content\/uploads\/sites\/3\/Ich-mag-drau\u00dfen_Beitrag-200x120.jpg 200w\" sizes=\"(max-width: 500px) 100vw, 500px\" \/><\/a><p id=\"caption-attachment-11305\" class=\"wp-caption-text\">Ich mag drau\u00dfen! &#8211; Copyright: Natur- und Geopark TERRA.vita<\/p><\/div>\n<p>Schauen Sie ruhig auf den Boden der Tatsachen und achten Sie auf filigrane Gesellen wie Pilze und Farne, treffen Sie auf bet\u00f6rend sch\u00f6ne Gestalten wie Orchideen und Waldhyazinthen oder auf ganz harte Kerle wie Findlinge und Gro\u00dfsteingr\u00e4ber. Genie\u00dfen Sie m\u00e4andernde Bachl\u00e4ufe, stille Moore, sandige Geestfl\u00e4chen oder die bewaldeten H\u00f6henz\u00fcge des Teutoburger Waldes und Wiehengebirges; entdecken Sie, wie lebendig Totholz sein kann und lassen Sie sich von versteinerten Lebewesen eigenartig sch\u00f6ne Geschichten erz\u00e4hlen.<\/p>\n<div id=\"attachment_11304\" style=\"width: 510px\" class=\"wp-caption aligncenter\"><a href=\"https:\/\/www.naturparkmagazin.de\/vdn\/wp-content\/uploads\/sites\/3\/Fuchsp\u00e4rchen_Beitrag.jpg\"><img aria-describedby=\"caption-attachment-11304\" decoding=\"async\" loading=\"lazy\" class=\"size-full wp-image-11304\" src=\"https:\/\/www.naturparkmagazin.de\/vdn\/wp-content\/uploads\/sites\/3\/Fuchsp\u00e4rchen_Beitrag.jpg\" alt=\"Fuchsp\u00e4rchen - Copyright: Natur- und Geopark TERRA.vita\" width=\"500\" height=\"300\" srcset=\"https:\/\/www.naturparkmagazin.de\/vdn\/wp-content\/uploads\/sites\/3\/Fuchsp\u00e4rchen_Beitrag.jpg 500w, https:\/\/www.naturparkmagazin.de\/vdn\/wp-content\/uploads\/sites\/3\/Fuchsp\u00e4rchen_Beitrag-300x180.jpg 300w, https:\/\/www.naturparkmagazin.de\/vdn\/wp-content\/uploads\/sites\/3\/Fuchsp\u00e4rchen_Beitrag-200x120.jpg 200w\" sizes=\"(max-width: 500px) 100vw, 500px\" \/><\/a><p id=\"caption-attachment-11304\" class=\"wp-caption-text\">Fuchsp\u00e4rchen &#8211; Copyright: Natur- und Geopark TERRA.vita<\/p><\/div>\n<p>Erleben Sie Mystisches im Morgendunst: ein paar Waldtiere, die sich schemenhaft im Schleier des beginnenden Tages zur\u00fcckziehen \u2013 oder waren es vielleicht doch die geheimnisvollen Sg\u00f6naunken, die Ihnen auf Ihrer Wanderung begegnet sind? Der Naturreichtum und die geologischen Besonderheiten in unseren Landschaften wurden immer mit Sagen und Legenden in Verbindung gebracht, die nicht nur von wunderlichen Gestalten und Dingen berichten, sondern auch von \u201ealten\u201c Botschaften vom respektvollen Umgang der Menschen untereinander und mit den Sch\u00f6pfungen der Natur erz\u00e4hlen.<\/p>\n<div id=\"attachment_11311\" style=\"width: 510px\" class=\"wp-caption aligncenter\"><a href=\"https:\/\/www.naturparkmagazin.de\/vdn\/wp-content\/uploads\/sites\/3\/Zuhause-schmeckt-2_Beitrag.jpg\"><img aria-describedby=\"caption-attachment-11311\" decoding=\"async\" loading=\"lazy\" class=\"size-full wp-image-11311\" src=\"https:\/\/www.naturparkmagazin.de\/vdn\/wp-content\/uploads\/sites\/3\/Zuhause-schmeckt-2_Beitrag.jpg\" alt=\"Zuhause schmeckt - Copyright: Natur- und Geopark TERRA.vita\" width=\"500\" height=\"300\" srcset=\"https:\/\/www.naturparkmagazin.de\/vdn\/wp-content\/uploads\/sites\/3\/Zuhause-schmeckt-2_Beitrag.jpg 500w, https:\/\/www.naturparkmagazin.de\/vdn\/wp-content\/uploads\/sites\/3\/Zuhause-schmeckt-2_Beitrag-300x180.jpg 300w, https:\/\/www.naturparkmagazin.de\/vdn\/wp-content\/uploads\/sites\/3\/Zuhause-schmeckt-2_Beitrag-200x120.jpg 200w\" sizes=\"(max-width: 500px) 100vw, 500px\" \/><\/a><p id=\"caption-attachment-11311\" class=\"wp-caption-text\">Zuhause schmeckt &#8211; Copyright: Natur- und Geopark TERRA.vita<\/p><\/div>\n<div id=\"attachment_11306\" style=\"width: 510px\" class=\"wp-caption aligncenter\"><a href=\"https:\/\/www.naturparkmagazin.de\/vdn\/wp-content\/uploads\/sites\/3\/Ich-mag-drau\u00dfen_Beitrag1.jpg\"><img aria-describedby=\"caption-attachment-11306\" decoding=\"async\" loading=\"lazy\" class=\"size-full wp-image-11306\" src=\"https:\/\/www.naturparkmagazin.de\/vdn\/wp-content\/uploads\/sites\/3\/Ich-mag-drau\u00dfen_Beitrag1.jpg\" alt=\"Ich mag drau\u00dfen! - Copyright: Natur- und Geopark TERRA.vita\" width=\"500\" height=\"300\" srcset=\"https:\/\/www.naturparkmagazin.de\/vdn\/wp-content\/uploads\/sites\/3\/Ich-mag-drau\u00dfen_Beitrag1.jpg 500w, https:\/\/www.naturparkmagazin.de\/vdn\/wp-content\/uploads\/sites\/3\/Ich-mag-drau\u00dfen_Beitrag1-300x180.jpg 300w, https:\/\/www.naturparkmagazin.de\/vdn\/wp-content\/uploads\/sites\/3\/Ich-mag-drau\u00dfen_Beitrag1-200x120.jpg 200w\" sizes=\"(max-width: 500px) 100vw, 500px\" \/><\/a><p id=\"caption-attachment-11306\" class=\"wp-caption-text\">Ich mag drau\u00dfen! &#8211; Copyright: Natur- und Geopark TERRA.vita<\/p><\/div>\n<p><strong>Lassen Sie sich faszinieren und seien Sie uns herzlich willkommen!<\/strong><\/p>\n<p>&nbsp;<\/p>\n","protected":false},"excerpt":{"rendered":"<p>Vom gro\u00dfen Weserbogen an der Porta Westfalica \u00fcber Osnabr\u00fcck bis zum Hahnenmoor im Artland und von Bielefeld bis zum Wasserdreieck Mittellandkanal\/Dortmund-Ems Kanal in H\u00f6rstel erstreckt sich der Natur- und Geopark TERRA.vita. Der Name des Natur- und Geoparks l\u00e4sst sich mit \u201eLebenslauf der Erde\u201c \u00fcbersetzen: 300 Mio. Jahre Erdgeschichte lassen sich hier an einem Tag erleben. TERRA.vita ist einer von nur sechs UNESCO Geoparks in Deutschland!<\/p>\n","protected":false},"author":51,"featured_media":11310,"comment_status":"open","ping_status":"open","sticky":false,"template":"","format":"standard","meta":{"_links_to":"","_links_to_target":""},"categories":[15],"tags":[],"yoast_head":"<!-- This site is optimized with the Yoast SEO plugin v19.10 - https:\/\/yoast.com\/wordpress\/plugins\/seo\/ -->\n<title>Natur- und Geopark TERRA.vita<\/title>\n<meta name=\"description\" content=\"Vom gro\u00dfen Weserbogen an der Porta Westfalica \u00fcber Osnabr\u00fcck bis zum Hahnenmoor im Artland und von Bielefeld bis zum Wasserdreieck Mittellandkanal\/Dortmund-Ems Kanal in H\u00f6rstel erstreckt sich der Natur- und Geopark TERRA.vita. Der Name des Natur- und Geoparks l\u00e4sst sich mit \u201eLebenslauf der Erde\u201c \u00fcbersetzen: 300 Mio. Jahre Erdgeschichte lassen sich hier an einem Tag erleben. TERRA.vita ist einer von nur sechs UNESCO Geoparks in Deutschland!\" \/>\n<meta name=\"robots\" content=\"index, follow, max-snippet:-1, max-image-preview:large, max-video-preview:-1\" \/>\n<link rel=\"canonical\" href=\"https:\/\/www.naturparkmagazin.de\/vdn\/natur-und-geopark-terra-vita\/\" \/>\n<meta property=\"og:locale\" content=\"de_DE\" \/>\n<meta property=\"og:type\" content=\"article\" \/>\n<meta property=\"og:title\" content=\"Natur- und Geopark TERRA.vita\" \/>\n<meta property=\"og:description\" content=\"Vom gro\u00dfen Weserbogen an der Porta Westfalica \u00fcber Osnabr\u00fcck bis zum Hahnenmoor im Artland und von Bielefeld bis zum Wasserdreieck Mittellandkanal\/Dortmund-Ems Kanal in H\u00f6rstel erstreckt sich der Natur- und Geopark TERRA.vita. Der Name des Natur- und Geoparks l\u00e4sst sich mit \u201eLebenslauf der Erde\u201c \u00fcbersetzen: 300 Mio. Jahre Erdgeschichte lassen sich hier an einem Tag erleben. TERRA.vita ist einer von nur sechs UNESCO Geoparks in Deutschland!\" \/>\n<meta property=\"og:url\" content=\"https:\/\/www.naturparkmagazin.de\/vdn\/natur-und-geopark-terra-vita\/\" \/>\n<meta property=\"og:site_name\" content=\"Verband Deutscher Naturparke\" \/>\n<meta property=\"article:published_time\" content=\"2019-04-15T09:09:59+00:00\" \/>\n<meta property=\"article:modified_time\" content=\"2019-05-28T13:40:16+00:00\" \/>\n<meta property=\"og:image\" content=\"https:\/\/www.naturparkmagazin.de\/vdn\/wp-content\/uploads\/sites\/3\/Traumhaft-Weitblick-in-den-Naturpark-von-der-Steinegge-in-Dissen_Beitragsbild-.jpg\" \/>\n\t<meta property=\"og:image:width\" content=\"200\" \/>\n\t<meta property=\"og:image:height\" content=\"200\" \/>\n\t<meta property=\"og:image:type\" content=\"image\/jpeg\" \/>\n<meta name=\"author\" content=\"beatrixlosem\" \/>\n<meta name=\"twitter:label1\" content=\"Verfasst von\" \/>\n\t<meta name=\"twitter:data1\" content=\"beatrixlosem\" \/>\n\t<meta name=\"twitter:label2\" content=\"Gesch\u00e4tzte Lesezeit\" \/>\n\t<meta name=\"twitter:data2\" content=\"3\u00a0Minuten\" \/>\n<script type=\"application\/ld+json\" class=\"yoast-schema-graph\">{\"@context\":\"https:\/\/schema.org\",\"@graph\":[{\"@type\":\"WebPage\",\"@id\":\"https:\/\/www.naturparkmagazin.de\/vdn\/natur-und-geopark-terra-vita\/\",\"url\":\"https:\/\/www.naturparkmagazin.de\/vdn\/natur-und-geopark-terra-vita\/\",\"name\":\"Natur- und Geopark TERRA.vita\",\"isPartOf\":{\"@id\":\"https:\/\/www.naturparkmagazin.de\/vdn\/#website\"},\"datePublished\":\"2019-04-15T09:09:59+00:00\",\"dateModified\":\"2019-05-28T13:40:16+00:00\",\"author\":{\"@id\":\"https:\/\/www.naturparkmagazin.de\/vdn\/#\/schema\/person\/d71357578c318b6db03be60b1f60396b\"},\"description\":\"Vom gro\u00dfen Weserbogen an der Porta Westfalica \u00fcber Osnabr\u00fcck bis zum Hahnenmoor im Artland und von Bielefeld bis zum Wasserdreieck Mittellandkanal\/Dortmund-Ems Kanal in H\u00f6rstel erstreckt sich der Natur- und Geopark TERRA.vita. Der Name des Natur- und Geoparks l\u00e4sst sich mit \u201eLebenslauf der Erde\u201c \u00fcbersetzen: 300 Mio. Jahre Erdgeschichte lassen sich hier an einem Tag erleben. TERRA.vita ist einer von nur sechs UNESCO Geoparks in Deutschland!\",\"breadcrumb\":{\"@id\":\"https:\/\/www.naturparkmagazin.de\/vdn\/natur-und-geopark-terra-vita\/#breadcrumb\"},\"inLanguage\":\"de\",\"potentialAction\":[{\"@type\":\"ReadAction\",\"target\":[\"https:\/\/www.naturparkmagazin.de\/vdn\/natur-und-geopark-terra-vita\/\"]}]},{\"@type\":\"BreadcrumbList\",\"@id\":\"https:\/\/www.naturparkmagazin.de\/vdn\/natur-und-geopark-terra-vita\/#breadcrumb\",\"itemListElement\":[{\"@type\":\"ListItem\",\"position\":1,\"name\":\"Home\",\"item\":\"https:\/\/www.naturparkmagazin.de\/vdn\/\"},{\"@type\":\"ListItem\",\"position\":2,\"name\":\"Natur- und Geopark TERRA.vita\"}]},{\"@type\":\"WebSite\",\"@id\":\"https:\/\/www.naturparkmagazin.de\/vdn\/#website\",\"url\":\"https:\/\/www.naturparkmagazin.de\/vdn\/\",\"name\":\"Verband Deutscher Naturparke\",\"description\":\"Eine weitere Naturparkmagazin.de Netzwerk Seite\",\"potentialAction\":[{\"@type\":\"SearchAction\",\"target\":{\"@type\":\"EntryPoint\",\"urlTemplate\":\"https:\/\/www.naturparkmagazin.de\/vdn\/?s={search_term_string}\"},\"query-input\":\"required name=search_term_string\"}],\"inLanguage\":\"de\"},{\"@type\":\"Person\",\"@id\":\"https:\/\/www.naturparkmagazin.de\/vdn\/#\/schema\/person\/d71357578c318b6db03be60b1f60396b\",\"name\":\"beatrixlosem\",\"url\":\"https:\/\/www.naturparkmagazin.de\/vdn\/author\/beatrixlosem\/\"}]}<\/script>\n<!-- \/ Yoast SEO plugin. -->","yoast_head_json":{"title":"Natur- und Geopark TERRA.vita","description":"Vom gro\u00dfen Weserbogen an der Porta Westfalica \u00fcber Osnabr\u00fcck bis zum Hahnenmoor im Artland und von Bielefeld bis zum Wasserdreieck Mittellandkanal\/Dortmund-Ems Kanal in H\u00f6rstel erstreckt sich der Natur- und Geopark TERRA.vita. Der Name des Natur- und Geoparks l\u00e4sst sich mit \u201eLebenslauf der Erde\u201c \u00fcbersetzen: 300 Mio. Jahre Erdgeschichte lassen sich hier an einem Tag erleben. TERRA.vita ist einer von nur sechs UNESCO Geoparks in Deutschland!","robots":{"index":"index","follow":"follow","max-snippet":"max-snippet:-1","max-image-preview":"max-image-preview:large","max-video-preview":"max-video-preview:-1"},"canonical":"https:\/\/www.naturparkmagazin.de\/vdn\/natur-und-geopark-terra-vita\/","og_locale":"de_DE","og_type":"article","og_title":"Natur- und Geopark TERRA.vita","og_description":"Vom gro\u00dfen Weserbogen an der Porta Westfalica \u00fcber Osnabr\u00fcck bis zum Hahnenmoor im Artland und von Bielefeld bis zum Wasserdreieck Mittellandkanal\/Dortmund-Ems Kanal in H\u00f6rstel erstreckt sich der Natur- und Geopark TERRA.vita. Der Name des Natur- und Geoparks l\u00e4sst sich mit \u201eLebenslauf der Erde\u201c \u00fcbersetzen: 300 Mio. Jahre Erdgeschichte lassen sich hier an einem Tag erleben. TERRA.vita ist einer von nur sechs UNESCO Geoparks in Deutschland!","og_url":"https:\/\/www.naturparkmagazin.de\/vdn\/natur-und-geopark-terra-vita\/","og_site_name":"Verband Deutscher Naturparke","article_published_time":"2019-04-15T09:09:59+00:00","article_modified_time":"2019-05-28T13:40:16+00:00","og_image":[{"width":200,"height":200,"url":"https:\/\/www.naturparkmagazin.de\/vdn\/wp-content\/uploads\/sites\/3\/Traumhaft-Weitblick-in-den-Naturpark-von-der-Steinegge-in-Dissen_Beitragsbild-.jpg","type":"image\/jpeg"}],"author":"beatrixlosem","twitter_misc":{"Verfasst von":"beatrixlosem","Gesch\u00e4tzte Lesezeit":"3\u00a0Minuten"},"schema":{"@context":"https:\/\/schema.org","@graph":[{"@type":"WebPage","@id":"https:\/\/www.naturparkmagazin.de\/vdn\/natur-und-geopark-terra-vita\/","url":"https:\/\/www.naturparkmagazin.de\/vdn\/natur-und-geopark-terra-vita\/","name":"Natur- und Geopark TERRA.vita","isPartOf":{"@id":"https:\/\/www.naturparkmagazin.de\/vdn\/#website"},"datePublished":"2019-04-15T09:09:59+00:00","dateModified":"2019-05-28T13:40:16+00:00","author":{"@id":"https:\/\/www.naturparkmagazin.de\/vdn\/#\/schema\/person\/d71357578c318b6db03be60b1f60396b"},"description":"Vom gro\u00dfen Weserbogen an der Porta Westfalica \u00fcber Osnabr\u00fcck bis zum Hahnenmoor im Artland und von Bielefeld bis zum Wasserdreieck Mittellandkanal\/Dortmund-Ems Kanal in H\u00f6rstel erstreckt sich der Natur- und Geopark TERRA.vita. Der Name des Natur- und Geoparks l\u00e4sst sich mit \u201eLebenslauf der Erde\u201c \u00fcbersetzen: 300 Mio. Jahre Erdgeschichte lassen sich hier an einem Tag erleben. TERRA.vita ist einer von nur sechs UNESCO Geoparks in Deutschland!","breadcrumb":{"@id":"https:\/\/www.naturparkmagazin.de\/vdn\/natur-und-geopark-terra-vita\/#breadcrumb"},"inLanguage":"de","potentialAction":[{"@type":"ReadAction","target":["https:\/\/www.naturparkmagazin.de\/vdn\/natur-und-geopark-terra-vita\/"]}]},{"@type":"BreadcrumbList","@id":"https:\/\/www.naturparkmagazin.de\/vdn\/natur-und-geopark-terra-vita\/#breadcrumb","itemListElement":[{"@type":"ListItem","position":1,"name":"Home","item":"https:\/\/www.naturparkmagazin.de\/vdn\/"},{"@type":"ListItem","position":2,"name":"Natur- und Geopark TERRA.vita"}]},{"@type":"WebSite","@id":"https:\/\/www.naturparkmagazin.de\/vdn\/#website","url":"https:\/\/www.naturparkmagazin.de\/vdn\/","name":"Verband Deutscher Naturparke","description":"Eine weitere Naturparkmagazin.de Netzwerk Seite","potentialAction":[{"@type":"SearchAction","target":{"@type":"EntryPoint","urlTemplate":"https:\/\/www.naturparkmagazin.de\/vdn\/?s={search_term_string}"},"query-input":"required name=search_term_string"}],"inLanguage":"de"},{"@type":"Person","@id":"https:\/\/www.naturparkmagazin.de\/vdn\/#\/schema\/person\/d71357578c318b6db03be60b1f60396b","name":"beatrixlosem","url":"https:\/\/www.naturparkmagazin.de\/vdn\/author\/beatrixlosem\/"}]}},"_links":{"self":[{"href":"https:\/\/www.naturparkmagazin.de\/vdn\/wp-json\/wp\/v2\/posts\/11294"}],"collection":[{"href":"https:\/\/www.naturparkmagazin.de\/vdn\/wp-json\/wp\/v2\/posts"}],"about":[{"href":"https:\/\/www.naturparkmagazin.de\/vdn\/wp-json\/wp\/v2\/types\/post"}],"author":[{"embeddable":true,"href":"https:\/\/www.naturparkmagazin.de\/vdn\/wp-json\/wp\/v2\/users\/51"}],"replies":[{"embeddable":true,"href":"https:\/\/www.naturparkmagazin.de\/vdn\/wp-json\/wp\/v2\/comments?post=11294"}],"version-history":[{"count":4,"href":"https:\/\/www.naturparkmagazin.de\/vdn\/wp-json\/wp\/v2\/posts\/11294\/revisions"}],"predecessor-version":[{"id":11316,"href":"https:\/\/www.naturparkmagazin.de\/vdn\/wp-json\/wp\/v2\/posts\/11294\/revisions\/11316"}],"wp:featuredmedia":[{"embeddable":true,"href":"https:\/\/www.naturparkmagazin.de\/vdn\/wp-json\/wp\/v2\/media\/11310"}],"wp:attachment":[{"href":"https:\/\/www.naturparkmagazin.de\/vdn\/wp-json\/wp\/v2\/media?parent=11294"}],"wp:term":[{"taxonomy":"category","embeddable":true,"href":"https:\/\/www.naturparkmagazin.de\/vdn\/wp-json\/wp\/v2\/categories?post=11294"},{"taxonomy":"post_tag","embeddable":true,"href":"https:\/\/www.naturparkmagazin.de\/vdn\/wp-json\/wp\/v2\/tags?post=11294"}],"curies":[{"name":"wp","href":"https:\/\/api.w.org\/{rel}","templated":true}]}}