{"id":11318,"date":"2019-05-15T11:46:47","date_gmt":"2019-05-15T09:46:47","guid":{"rendered":"https:\/\/www.naturparkmagazin.de\/vdn\/?p=11318"},"modified":"2019-05-17T08:37:20","modified_gmt":"2019-05-17T06:37:20","slug":"die-varusschlacht-im-osnabruecker-land-museum-und-park-kalkriese","status":"publish","type":"post","link":"https:\/\/www.naturparkmagazin.de\/vdn\/die-varusschlacht-im-osnabruecker-land-museum-und-park-kalkriese\/","title":{"rendered":"Die Varusschlacht im Osnabr\u00fccker Land \u2013 Museum und Park Kalkriese"},"content":{"rendered":"<div id=\"attachment_11325\" style=\"width: 510px\" class=\"wp-caption alignnone\"><a href=\"https:\/\/www.naturparkmagazin.de\/vdn\/wp-content\/uploads\/sites\/3\/R\u00f6mer-und-Germanentageb.jpg\"><img aria-describedby=\"caption-attachment-11325\" decoding=\"async\" loading=\"lazy\" class=\"size-full wp-image-11325\" src=\"https:\/\/www.naturparkmagazin.de\/vdn\/wp-content\/uploads\/sites\/3\/R\u00f6mer-und-Germanentageb.jpg\" alt=\"R\u00f6mer- und Germanentage 2009; 2000 Jahre Varusschlacht; Wallerst\u00fcrmung, Kalkriese, Bramsche 11.06.2009, Photo &amp; Copyright: Gert Westd\u00f6rp, Zum J\u00e4gerberg 32, 49170 Hagen aTW, Tel.: 05405-9990050, email: gert.westdoerp@osnanet.de\" width=\"500\" height=\"300\" srcset=\"https:\/\/www.naturparkmagazin.de\/vdn\/wp-content\/uploads\/sites\/3\/R\u00f6mer-und-Germanentageb.jpg 500w, https:\/\/www.naturparkmagazin.de\/vdn\/wp-content\/uploads\/sites\/3\/R\u00f6mer-und-Germanentageb-300x180.jpg 300w, https:\/\/www.naturparkmagazin.de\/vdn\/wp-content\/uploads\/sites\/3\/R\u00f6mer-und-Germanentageb-200x120.jpg 200w\" sizes=\"(max-width: 500px) 100vw, 500px\" \/><\/a><p id=\"caption-attachment-11325\" class=\"wp-caption-text\">R\u00f6mer- und Germanentage 2009; 2000 Jahre Varusschlacht; Wallerst\u00fcrmung, Kalkriese, Bramsche 11.06.2009, Photo &amp; Copyright: Gert Westd\u00f6rp, Zum J\u00e4gerberg 32, 49170 Hagen aTW, Tel.: 05405-9990050, email: gert.westdoerp@osnanet.de<\/p><\/div>\n<p>Es gibt Ereignisse in der Weltgeschichte, die man nicht anders als &#8222;legend\u00e4r&#8220; beschreiben kann. Die vernichtende Niederlage der r\u00f6mischen Legionen unter Varus im Jahre 9 n. Chr. geh\u00f6rt zweifellos dazu. Wie konnte es den &#8222;barbarischen&#8220; Germanenkriegern gelingen, diesen eindeutigen Sieg gegen bestens ausger\u00fcstete und organisierte Kohorten der r\u00f6mischen Weltmacht zu erringen?\nUnd wo im damaligen Germanien hat die Schlacht \u00fcberhaupt stattgefunden?<\/p>\n<p>Und wo im damaligen Germanien hat die Schlacht \u00fcberhaupt stattgefunden? Viel Stoff f\u00fcr Mythenbildung und jahrhundertelange Spekulationen. Als \u201eSchlacht im Teutoburger Wald\u201c ging der blutige Konflikt schlie\u00dflich in die Geschichte ein und f\u00fchrte zu mehr als 700 Theorien \u00fcber Verlauf und Ort des Geschehens.<\/p>\n<p>Der Bereich zwischen Dichtung und Wahrheit begann sich zu erhellen, als Major Clunn 1987\/1988 in der Kalkrieser-Niewedder Senke r\u00f6mische Silberm\u00fcnzen und Schleuderbleie aufsp\u00fcrte. Bis heute wurden mehrere Tausend Fundst\u00fccke geborgen und wissenschaftlich analysiert. Von Geografie \u00fcber Botanik bis zur Anthropologie reicht heute das wissenschaftliche Spektrum, in dem das antike Schlachtfeld in Bramsche-Kalkriese untersucht wurde und wird und das Ergebnis erlaubt, dass hier tats\u00e4chlich ein Ereignis im Kontext zur Varusschlacht im Jahre 9.n.Chr. stattfand.<\/p>\n<p>F\u00fcr das r\u00f6mische Reich bedeutete dieses traumatische Ereignis einen abrupten Stopp der damaligen Expansionspl\u00e4ne in Germanien. Die furchtbare Schlacht, in der drei Legionen mit 15.000 Menschen vernichtend geschlagen wurden, j\u00e4hrte sich 2009 zum 2000. Mal.<\/p>\n<div id=\"attachment_11326\" style=\"width: 510px\" class=\"wp-caption alignnone\"><a href=\"https:\/\/www.naturparkmagazin.de\/vdn\/wp-content\/uploads\/sites\/3\/Dauerausstellung_2b.jpg\"><img aria-describedby=\"caption-attachment-11326\" decoding=\"async\" loading=\"lazy\" class=\"size-full wp-image-11326\" src=\"https:\/\/www.naturparkmagazin.de\/vdn\/wp-content\/uploads\/sites\/3\/Dauerausstellung_2b.jpg\" alt=\"Dauerausstellung \u00a9 Natur- und Geopark TERRA.Vita\" width=\"500\" height=\"300\" srcset=\"https:\/\/www.naturparkmagazin.de\/vdn\/wp-content\/uploads\/sites\/3\/Dauerausstellung_2b.jpg 500w, https:\/\/www.naturparkmagazin.de\/vdn\/wp-content\/uploads\/sites\/3\/Dauerausstellung_2b-300x180.jpg 300w, https:\/\/www.naturparkmagazin.de\/vdn\/wp-content\/uploads\/sites\/3\/Dauerausstellung_2b-200x120.jpg 200w\" sizes=\"(max-width: 500px) 100vw, 500px\" \/><\/a><p id=\"caption-attachment-11326\" class=\"wp-caption-text\">Dauerausstellung \u00a9 Natur- und Geopark TERRA.Vita<\/p><\/div>\n<p>Die beeindruckende Dauerausstellung zur Varusschlacht vermittelt den Besuchern anhand eindrucksvoller Fundst\u00fccke und anschaulicher Darstellungen den aktuellen Stand der Wissenschaft zur Varusschlacht und zum Schauplatz Kalkriese sowie die neuesten Methoden der Forschung.<\/p>\n<p>Sehenswerte <strong>Sonderausstellungen,<\/strong> wie zur Zeit \u201eRoms Legionen\u201c, \u00a0und \u00fcberregional bekannte Veranstaltungen wie das <strong>Osterleuchten<\/strong> oder die <strong>R\u00f6mer- und Germanentage<\/strong> komplettieren das au\u00dfergew\u00f6hnliche Museumskonzept.<\/p>\n<div id=\"attachment_11327\" style=\"width: 510px\" class=\"wp-caption alignnone\"><a href=\"https:\/\/www.naturparkmagazin.de\/vdn\/wp-content\/uploads\/sites\/3\/Mueumsgeb\u00e4ude-bei-Nachtb.jpg\"><img aria-describedby=\"caption-attachment-11327\" decoding=\"async\" loading=\"lazy\" class=\"size-full wp-image-11327\" src=\"https:\/\/www.naturparkmagazin.de\/vdn\/wp-content\/uploads\/sites\/3\/Mueumsgeb\u00e4ude-bei-Nachtb.jpg\" alt=\"Museumsgebaeude:  Varusschlacht im Osnabruecker Land, Museum und Park Kalkriese. Postkartengroesse (nach den Richtlinien der Deutschen Post): 16,0 cm \/ 11,57 cm. Aufnahme Datum: 04.09.2002 Bearbeitetes JPEG \/ Photoshop 6.01 ueber PC\" width=\"500\" height=\"300\" srcset=\"https:\/\/www.naturparkmagazin.de\/vdn\/wp-content\/uploads\/sites\/3\/Mueumsgeb\u00e4ude-bei-Nachtb.jpg 500w, https:\/\/www.naturparkmagazin.de\/vdn\/wp-content\/uploads\/sites\/3\/Mueumsgeb\u00e4ude-bei-Nachtb-300x180.jpg 300w, https:\/\/www.naturparkmagazin.de\/vdn\/wp-content\/uploads\/sites\/3\/Mueumsgeb\u00e4ude-bei-Nachtb-200x120.jpg 200w\" sizes=\"(max-width: 500px) 100vw, 500px\" \/><\/a><p id=\"caption-attachment-11327\" class=\"wp-caption-text\">Museumsgebaeude: Varusschlacht im Osnabruecker Land, Museum und Park Kalkriese. Postkartengroesse (nach den Richtlinien der Deutschen Post): 16,0 cm \/ 11,57 cm.Aufnahme Datum: 04.09.2002Bearbeitetes JPEG \/ Photoshop 6.01 ueber PC<\/p><\/div>\n<p><strong>\nInformationen und Buchung<\/strong><\/p>\n<p>VARUSSCHLACHT im Osnabr\u00fccker Land gGmbH\nMuseum und Park Kalkriese\nVenner Stra\u00dfe 69\nD &#8211; 49565 Bramsche-Kalkriese\nTel. 05468 9204 200\nFax 05468 9204 45<\/p>\n<p><a href=\"http:\/\/www.kalkriese-varusschlacht.de\" target=\"_blank\">www.kalkriese-varusschlacht.de<\/a><\/p>\n<div id=\"attachment_11328\" style=\"width: 510px\" class=\"wp-caption alignnone\"><a href=\"https:\/\/www.naturparkmagazin.de\/vdn\/wp-content\/uploads\/sites\/3\/Prominentestes-Fundst\u00fcck_R\u00f6mische-Gesichtsmaskeb.jpg\"><img aria-describedby=\"caption-attachment-11328\" decoding=\"async\" loading=\"lazy\" class=\"wp-image-11328 size-full\" src=\"https:\/\/www.naturparkmagazin.de\/vdn\/wp-content\/uploads\/sites\/3\/Prominentestes-Fundst\u00fcck_R\u00f6mische-Gesichtsmaskeb.jpg\" alt=\"Prominentestes Fundst\u00fcck_R\u00f6mische Gesichtsmaskeb\" width=\"500\" height=\"300\" srcset=\"https:\/\/www.naturparkmagazin.de\/vdn\/wp-content\/uploads\/sites\/3\/Prominentestes-Fundst\u00fcck_R\u00f6mische-Gesichtsmaskeb.jpg 500w, https:\/\/www.naturparkmagazin.de\/vdn\/wp-content\/uploads\/sites\/3\/Prominentestes-Fundst\u00fcck_R\u00f6mische-Gesichtsmaskeb-300x180.jpg 300w, https:\/\/www.naturparkmagazin.de\/vdn\/wp-content\/uploads\/sites\/3\/Prominentestes-Fundst\u00fcck_R\u00f6mische-Gesichtsmaskeb-200x120.jpg 200w\" sizes=\"(max-width: 500px) 100vw, 500px\" \/><\/a><p id=\"caption-attachment-11328\" class=\"wp-caption-text\">Prominentestes Fundst\u00fcck: R\u00f6mische Gesichtsmaske \u00a9 Museum und Park Kalkriese<\/p><\/div>\n","protected":false},"excerpt":{"rendered":"<p>Es gibt Ereignisse in der Weltgeschichte, die man nicht anders als &#8222;legend\u00e4r&#8220; beschreiben kann. Die vernichtende Niederlage der r\u00f6mischen Legionen unter Varus im Jahre 9 n. Chr. geh\u00f6rt zweifellos dazu. <\/p>\n","protected":false},"author":51,"featured_media":11323,"comment_status":"open","ping_status":"open","sticky":false,"template":"","format":"standard","meta":{"_links_to":"","_links_to_target":""},"categories":[8],"tags":[],"yoast_head":"<!-- This site is optimized with the Yoast SEO plugin v19.10 - https:\/\/yoast.com\/wordpress\/plugins\/seo\/ -->\n<title>Die Varusschlacht im Osnabr\u00fccker Land \u2013 Museum und Park Kalkriese<\/title>\n<meta name=\"description\" content=\"Es gibt Ereignisse in der Weltgeschichte, die man nicht anders als &quot;legend\u00e4r&quot; beschreiben kann. Die vernichtende Niederlage der r\u00f6mischen Legionen unter Varus im Jahre 9 n. Chr. geh\u00f6rt zweifellos dazu.\" \/>\n<meta name=\"robots\" content=\"index, follow, max-snippet:-1, max-image-preview:large, max-video-preview:-1\" \/>\n<link rel=\"canonical\" href=\"https:\/\/www.naturparkmagazin.de\/vdn\/die-varusschlacht-im-osnabruecker-land-museum-und-park-kalkriese\/\" \/>\n<meta property=\"og:locale\" content=\"de_DE\" \/>\n<meta property=\"og:type\" content=\"article\" \/>\n<meta property=\"og:title\" content=\"Die Varusschlacht im Osnabr\u00fccker Land \u2013 Museum und Park Kalkriese\" \/>\n<meta property=\"og:description\" content=\"Es gibt Ereignisse in der Weltgeschichte, die man nicht anders als &quot;legend\u00e4r&quot; beschreiben kann. Die vernichtende Niederlage der r\u00f6mischen Legionen unter Varus im Jahre 9 n. Chr. geh\u00f6rt zweifellos dazu.\" \/>\n<meta property=\"og:url\" content=\"https:\/\/www.naturparkmagazin.de\/vdn\/die-varusschlacht-im-osnabruecker-land-museum-und-park-kalkriese\/\" \/>\n<meta property=\"og:site_name\" content=\"Verband Deutscher Naturparke\" \/>\n<meta property=\"article:published_time\" content=\"2019-05-15T09:46:47+00:00\" \/>\n<meta property=\"article:modified_time\" content=\"2019-05-17T06:37:20+00:00\" \/>\n<meta property=\"og:image\" content=\"https:\/\/www.naturparkmagazin.de\/vdn\/wp-content\/uploads\/sites\/3\/R\u00f6mer-und-Germanentagebf.jpg\" \/>\n\t<meta property=\"og:image:width\" content=\"200\" \/>\n\t<meta property=\"og:image:height\" content=\"200\" \/>\n\t<meta property=\"og:image:type\" content=\"image\/jpeg\" \/>\n<meta name=\"author\" content=\"beatrixlosem\" \/>\n<meta name=\"twitter:label1\" content=\"Verfasst von\" \/>\n\t<meta name=\"twitter:data1\" content=\"beatrixlosem\" \/>\n\t<meta name=\"twitter:label2\" content=\"Gesch\u00e4tzte Lesezeit\" \/>\n\t<meta name=\"twitter:data2\" content=\"2\u00a0Minuten\" \/>\n<script type=\"application\/ld+json\" class=\"yoast-schema-graph\">{\"@context\":\"https:\/\/schema.org\",\"@graph\":[{\"@type\":\"WebPage\",\"@id\":\"https:\/\/www.naturparkmagazin.de\/vdn\/die-varusschlacht-im-osnabruecker-land-museum-und-park-kalkriese\/\",\"url\":\"https:\/\/www.naturparkmagazin.de\/vdn\/die-varusschlacht-im-osnabruecker-land-museum-und-park-kalkriese\/\",\"name\":\"Die Varusschlacht im Osnabr\u00fccker Land \u2013 Museum und Park Kalkriese\",\"isPartOf\":{\"@id\":\"https:\/\/www.naturparkmagazin.de\/vdn\/#website\"},\"datePublished\":\"2019-05-15T09:46:47+00:00\",\"dateModified\":\"2019-05-17T06:37:20+00:00\",\"author\":{\"@id\":\"https:\/\/www.naturparkmagazin.de\/vdn\/#\/schema\/person\/d71357578c318b6db03be60b1f60396b\"},\"description\":\"Es gibt Ereignisse in der Weltgeschichte, die man nicht anders als \\\"legend\u00e4r\\\" beschreiben kann. Die vernichtende Niederlage der r\u00f6mischen Legionen unter Varus im Jahre 9 n. Chr. geh\u00f6rt zweifellos dazu.\",\"breadcrumb\":{\"@id\":\"https:\/\/www.naturparkmagazin.de\/vdn\/die-varusschlacht-im-osnabruecker-land-museum-und-park-kalkriese\/#breadcrumb\"},\"inLanguage\":\"de\",\"potentialAction\":[{\"@type\":\"ReadAction\",\"target\":[\"https:\/\/www.naturparkmagazin.de\/vdn\/die-varusschlacht-im-osnabruecker-land-museum-und-park-kalkriese\/\"]}]},{\"@type\":\"BreadcrumbList\",\"@id\":\"https:\/\/www.naturparkmagazin.de\/vdn\/die-varusschlacht-im-osnabruecker-land-museum-und-park-kalkriese\/#breadcrumb\",\"itemListElement\":[{\"@type\":\"ListItem\",\"position\":1,\"name\":\"Home\",\"item\":\"https:\/\/www.naturparkmagazin.de\/vdn\/\"},{\"@type\":\"ListItem\",\"position\":2,\"name\":\"Die Varusschlacht im Osnabr\u00fccker Land \u2013 Museum und Park Kalkriese\"}]},{\"@type\":\"WebSite\",\"@id\":\"https:\/\/www.naturparkmagazin.de\/vdn\/#website\",\"url\":\"https:\/\/www.naturparkmagazin.de\/vdn\/\",\"name\":\"Verband Deutscher Naturparke\",\"description\":\"Eine weitere Naturparkmagazin.de Netzwerk Seite\",\"potentialAction\":[{\"@type\":\"SearchAction\",\"target\":{\"@type\":\"EntryPoint\",\"urlTemplate\":\"https:\/\/www.naturparkmagazin.de\/vdn\/?s={search_term_string}\"},\"query-input\":\"required name=search_term_string\"}],\"inLanguage\":\"de\"},{\"@type\":\"Person\",\"@id\":\"https:\/\/www.naturparkmagazin.de\/vdn\/#\/schema\/person\/d71357578c318b6db03be60b1f60396b\",\"name\":\"beatrixlosem\",\"url\":\"https:\/\/www.naturparkmagazin.de\/vdn\/author\/beatrixlosem\/\"}]}<\/script>\n<!-- \/ Yoast SEO plugin. -->","yoast_head_json":{"title":"Die Varusschlacht im Osnabr\u00fccker Land \u2013 Museum und Park Kalkriese","description":"Es gibt Ereignisse in der Weltgeschichte, die man nicht anders als \"legend\u00e4r\" beschreiben kann. Die vernichtende Niederlage der r\u00f6mischen Legionen unter Varus im Jahre 9 n. Chr. geh\u00f6rt zweifellos dazu.","robots":{"index":"index","follow":"follow","max-snippet":"max-snippet:-1","max-image-preview":"max-image-preview:large","max-video-preview":"max-video-preview:-1"},"canonical":"https:\/\/www.naturparkmagazin.de\/vdn\/die-varusschlacht-im-osnabruecker-land-museum-und-park-kalkriese\/","og_locale":"de_DE","og_type":"article","og_title":"Die Varusschlacht im Osnabr\u00fccker Land \u2013 Museum und Park Kalkriese","og_description":"Es gibt Ereignisse in der Weltgeschichte, die man nicht anders als \"legend\u00e4r\" beschreiben kann. Die vernichtende Niederlage der r\u00f6mischen Legionen unter Varus im Jahre 9 n. Chr. geh\u00f6rt zweifellos dazu.","og_url":"https:\/\/www.naturparkmagazin.de\/vdn\/die-varusschlacht-im-osnabruecker-land-museum-und-park-kalkriese\/","og_site_name":"Verband Deutscher Naturparke","article_published_time":"2019-05-15T09:46:47+00:00","article_modified_time":"2019-05-17T06:37:20+00:00","og_image":[{"width":200,"height":200,"url":"https:\/\/www.naturparkmagazin.de\/vdn\/wp-content\/uploads\/sites\/3\/R\u00f6mer-und-Germanentagebf.jpg","type":"image\/jpeg"}],"author":"beatrixlosem","twitter_misc":{"Verfasst von":"beatrixlosem","Gesch\u00e4tzte Lesezeit":"2\u00a0Minuten"},"schema":{"@context":"https:\/\/schema.org","@graph":[{"@type":"WebPage","@id":"https:\/\/www.naturparkmagazin.de\/vdn\/die-varusschlacht-im-osnabruecker-land-museum-und-park-kalkriese\/","url":"https:\/\/www.naturparkmagazin.de\/vdn\/die-varusschlacht-im-osnabruecker-land-museum-und-park-kalkriese\/","name":"Die Varusschlacht im Osnabr\u00fccker Land \u2013 Museum und Park Kalkriese","isPartOf":{"@id":"https:\/\/www.naturparkmagazin.de\/vdn\/#website"},"datePublished":"2019-05-15T09:46:47+00:00","dateModified":"2019-05-17T06:37:20+00:00","author":{"@id":"https:\/\/www.naturparkmagazin.de\/vdn\/#\/schema\/person\/d71357578c318b6db03be60b1f60396b"},"description":"Es gibt Ereignisse in der Weltgeschichte, die man nicht anders als \"legend\u00e4r\" beschreiben kann. Die vernichtende Niederlage der r\u00f6mischen Legionen unter Varus im Jahre 9 n. Chr. geh\u00f6rt zweifellos dazu.","breadcrumb":{"@id":"https:\/\/www.naturparkmagazin.de\/vdn\/die-varusschlacht-im-osnabruecker-land-museum-und-park-kalkriese\/#breadcrumb"},"inLanguage":"de","potentialAction":[{"@type":"ReadAction","target":["https:\/\/www.naturparkmagazin.de\/vdn\/die-varusschlacht-im-osnabruecker-land-museum-und-park-kalkriese\/"]}]},{"@type":"BreadcrumbList","@id":"https:\/\/www.naturparkmagazin.de\/vdn\/die-varusschlacht-im-osnabruecker-land-museum-und-park-kalkriese\/#breadcrumb","itemListElement":[{"@type":"ListItem","position":1,"name":"Home","item":"https:\/\/www.naturparkmagazin.de\/vdn\/"},{"@type":"ListItem","position":2,"name":"Die Varusschlacht im Osnabr\u00fccker Land \u2013 Museum und Park Kalkriese"}]},{"@type":"WebSite","@id":"https:\/\/www.naturparkmagazin.de\/vdn\/#website","url":"https:\/\/www.naturparkmagazin.de\/vdn\/","name":"Verband Deutscher Naturparke","description":"Eine weitere Naturparkmagazin.de Netzwerk Seite","potentialAction":[{"@type":"SearchAction","target":{"@type":"EntryPoint","urlTemplate":"https:\/\/www.naturparkmagazin.de\/vdn\/?s={search_term_string}"},"query-input":"required name=search_term_string"}],"inLanguage":"de"},{"@type":"Person","@id":"https:\/\/www.naturparkmagazin.de\/vdn\/#\/schema\/person\/d71357578c318b6db03be60b1f60396b","name":"beatrixlosem","url":"https:\/\/www.naturparkmagazin.de\/vdn\/author\/beatrixlosem\/"}]}},"_links":{"self":[{"href":"https:\/\/www.naturparkmagazin.de\/vdn\/wp-json\/wp\/v2\/posts\/11318"}],"collection":[{"href":"https:\/\/www.naturparkmagazin.de\/vdn\/wp-json\/wp\/v2\/posts"}],"about":[{"href":"https:\/\/www.naturparkmagazin.de\/vdn\/wp-json\/wp\/v2\/types\/post"}],"author":[{"embeddable":true,"href":"https:\/\/www.naturparkmagazin.de\/vdn\/wp-json\/wp\/v2\/users\/51"}],"replies":[{"embeddable":true,"href":"https:\/\/www.naturparkmagazin.de\/vdn\/wp-json\/wp\/v2\/comments?post=11318"}],"version-history":[{"count":4,"href":"https:\/\/www.naturparkmagazin.de\/vdn\/wp-json\/wp\/v2\/posts\/11318\/revisions"}],"predecessor-version":[{"id":11330,"href":"https:\/\/www.naturparkmagazin.de\/vdn\/wp-json\/wp\/v2\/posts\/11318\/revisions\/11330"}],"wp:featuredmedia":[{"embeddable":true,"href":"https:\/\/www.naturparkmagazin.de\/vdn\/wp-json\/wp\/v2\/media\/11323"}],"wp:attachment":[{"href":"https:\/\/www.naturparkmagazin.de\/vdn\/wp-json\/wp\/v2\/media?parent=11318"}],"wp:term":[{"taxonomy":"category","embeddable":true,"href":"https:\/\/www.naturparkmagazin.de\/vdn\/wp-json\/wp\/v2\/categories?post=11318"},{"taxonomy":"post_tag","embeddable":true,"href":"https:\/\/www.naturparkmagazin.de\/vdn\/wp-json\/wp\/v2\/tags?post=11318"}],"curies":[{"name":"wp","href":"https:\/\/api.w.org\/{rel}","templated":true}]}}