{"id":11366,"date":"2019-05-15T15:41:17","date_gmt":"2019-05-15T13:41:17","guid":{"rendered":"https:\/\/www.naturparkmagazin.de\/vdn\/?p=11366"},"modified":"2019-10-22T12:29:48","modified_gmt":"2019-10-22T10:29:48","slug":"thueringer-wald","status":"publish","type":"post","link":"https:\/\/www.naturparkmagazin.de\/vdn\/thueringer-wald\/","title":{"rendered":"Th\u00fcringer Wald"},"content":{"rendered":"<div id=\"attachment_11367\" style=\"width: 510px\" class=\"wp-caption alignnone\"><a href=\"https:\/\/www.naturparkmagazin.de\/vdn\/wp-content\/uploads\/sites\/3\/Berg-und-Tal-VDN-Petra-K\u00fcsterb.jpg\"><img aria-describedby=\"caption-attachment-11367\" decoding=\"async\" loading=\"lazy\" class=\"size-full wp-image-11367\" src=\"https:\/\/www.naturparkmagazin.de\/vdn\/wp-content\/uploads\/sites\/3\/Berg-und-Tal-VDN-Petra-K\u00fcsterb.jpg\" alt=\"Berg und Tal \u00a9 VDN \/ Petra K\u00fcster\" width=\"500\" height=\"300\" srcset=\"https:\/\/www.naturparkmagazin.de\/vdn\/wp-content\/uploads\/sites\/3\/Berg-und-Tal-VDN-Petra-K\u00fcsterb.jpg 500w, https:\/\/www.naturparkmagazin.de\/vdn\/wp-content\/uploads\/sites\/3\/Berg-und-Tal-VDN-Petra-K\u00fcsterb-300x180.jpg 300w, https:\/\/www.naturparkmagazin.de\/vdn\/wp-content\/uploads\/sites\/3\/Berg-und-Tal-VDN-Petra-K\u00fcsterb-200x120.jpg 200w\" sizes=\"(max-width: 500px) 100vw, 500px\" \/><\/a><p id=\"caption-attachment-11367\" class=\"wp-caption-text\">Berg und Tal \u00a9 VDN \/ Petra K\u00fcster<\/p><\/div>\n<p>Der Th\u00fcringer Wald besteht, wie schon der Name andeutet, \u00fcberwiegend aus Wald. Hier finden Naturfreunde ruhige, dunkelgr\u00fcne Fichtenw\u00e4lder, rauschende Buchenw\u00e4lder, kleinw\u00fcchsigen Moorwald und Laubw\u00e4lder mit m\u00e4chtigen B\u00e4umen an den B\u00e4chen. Obstalleen begleiten Sie von Ort zu Ort. Zahlreiche Bergwiesen, die Ortsfluren der Bergd\u00f6rfer und Aussichtspunkte geben immer wieder die Sicht auf eine interessante Kulturlandschaft links und rechts des Rennsteigs frei.<\/p>\n<p>Im Naturpark liegen verschiedene Naturr\u00e4ume, von denen jeder seine besonderen Reize hat. Im nordwestlichen Th\u00fcringer Wald gleicht die Landschaft einem schmalen Gebirgszug. Das Gebiet ist stark zerkl\u00fcftet und von Buchenw\u00e4ldern bedeckt. Der Inselsberg (916 m NN) erm\u00f6glicht einen weiten Blick \u00fcber das Th\u00fcringer Land bis zu Harz und zur Rh\u00f6n.<\/p>\n<p>&nbsp;<\/p>\n<div id=\"attachment_11369\" style=\"width: 510px\" class=\"wp-caption alignnone\"><a href=\"https:\/\/www.naturparkmagazin.de\/vdn\/wp-content\/uploads\/sites\/3\/ein-St\u00fcck-Th\u00fcringen-VDN-Petra-K\u00fcsterb.jpg\"><img aria-describedby=\"caption-attachment-11369\" decoding=\"async\" loading=\"lazy\" class=\"size-full wp-image-11369\" src=\"https:\/\/www.naturparkmagazin.de\/vdn\/wp-content\/uploads\/sites\/3\/ein-St\u00fcck-Th\u00fcringen-VDN-Petra-K\u00fcsterb.jpg\" alt=\"Ein St\u00fcck Th\u00fcringen \u00a9 VDN \/ Petra K\u00fcster\" width=\"500\" height=\"300\" srcset=\"https:\/\/www.naturparkmagazin.de\/vdn\/wp-content\/uploads\/sites\/3\/ein-St\u00fcck-Th\u00fcringen-VDN-Petra-K\u00fcsterb.jpg 500w, https:\/\/www.naturparkmagazin.de\/vdn\/wp-content\/uploads\/sites\/3\/ein-St\u00fcck-Th\u00fcringen-VDN-Petra-K\u00fcsterb-300x180.jpg 300w, https:\/\/www.naturparkmagazin.de\/vdn\/wp-content\/uploads\/sites\/3\/ein-St\u00fcck-Th\u00fcringen-VDN-Petra-K\u00fcsterb-200x120.jpg 200w\" sizes=\"(max-width: 500px) 100vw, 500px\" \/><\/a><p id=\"caption-attachment-11369\" class=\"wp-caption-text\">Ein St\u00fcck Th\u00fcringen \u00a9 VDN \/ Petra K\u00fcster<\/p><\/div>\n<p>Der mittlere Th\u00fcringer Wald ist der h\u00f6chste Gebirgsteil. Auf dem Gro\u00dfen Beerberg (982 m NN) finden Sie Fichtenw\u00e4lder, die vom st\u00fcrmischen Wetter zerzaust sind und Regenmoore. Die Nadelw\u00e4lder ziehen sich bis an den Gebirgsrand und laden zu Ruhe und Besinnung ein. Der Luftkurort Oberhof ist das Wintersportzentrum Th\u00fcringens.<\/p>\n<p>Auch im westlichen Schiefergebirge finden sich schneesichere Lagen. Eingeebnete Hochfl\u00e4chen auf dem breiten Gebirgsr\u00fccken sind charakteristisch f\u00fcr diesen Teil des Naturparks. Das Schwarzatal, weithin bekannt, ist tief in das Gebirge eingeschnitten und bildet eine wildromantische Kulisse f\u00fcr die naturbetonte Erholung.<\/p>\n<div id=\"attachment_11370\" style=\"width: 510px\" class=\"wp-caption alignnone\"><a href=\"https:\/\/www.naturparkmagazin.de\/vdn\/wp-content\/uploads\/sites\/3\/panoramablick2b-Blick-auf-die-Wartburg-bei-Sonnenuntergang-VDN-kwerblick.jpg\"><img aria-describedby=\"caption-attachment-11370\" decoding=\"async\" loading=\"lazy\" class=\"size-full wp-image-11370\" src=\"https:\/\/www.naturparkmagazin.de\/vdn\/wp-content\/uploads\/sites\/3\/panoramablick2b-Blick-auf-die-Wartburg-bei-Sonnenuntergang-VDN-kwerblick.jpg\" alt=\"Blick auf die Wartburg bei Sonnenuntergang \u00a9 VDN \/ kwerblick\" width=\"500\" height=\"300\" srcset=\"https:\/\/www.naturparkmagazin.de\/vdn\/wp-content\/uploads\/sites\/3\/panoramablick2b-Blick-auf-die-Wartburg-bei-Sonnenuntergang-VDN-kwerblick.jpg 500w, https:\/\/www.naturparkmagazin.de\/vdn\/wp-content\/uploads\/sites\/3\/panoramablick2b-Blick-auf-die-Wartburg-bei-Sonnenuntergang-VDN-kwerblick-300x180.jpg 300w, https:\/\/www.naturparkmagazin.de\/vdn\/wp-content\/uploads\/sites\/3\/panoramablick2b-Blick-auf-die-Wartburg-bei-Sonnenuntergang-VDN-kwerblick-200x120.jpg 200w\" sizes=\"(max-width: 500px) 100vw, 500px\" \/><\/a><p id=\"caption-attachment-11370\" class=\"wp-caption-text\">Blick auf die Wartburg bei Sonnenuntergang \u00a9 VDN \/ kwerblick<\/p><\/div>\n<p>Das Gebirgsvorland im Norden und S\u00fcden des Th\u00fcringer Waldes ist klimatisch beg\u00fcnstigt. W\u00e4rmeliebende Pflanzen und Tiere haben hier ihren Lebensraum. Kleine Eichenmischw\u00e4lder, Streuobstwiesen, Alleen und Hecken betonen den offenen Charakter dieser Landschaft. Mitten im Th\u00fcringer Wald liegt das Biosph\u00e4renreservat Th\u00fcringer Wald mit 33 700 Hektar. Seit 2017 ist es Teil des Naturparks.<\/p>\n<div id=\"attachment_11371\" style=\"width: 510px\" class=\"wp-caption alignnone\"><a href=\"https:\/\/www.naturparkmagazin.de\/vdn\/wp-content\/uploads\/sites\/3\/Teichlandschaft-VDN-Horst-Bradschb.jpg\"><img aria-describedby=\"caption-attachment-11371\" decoding=\"async\" loading=\"lazy\" class=\"size-full wp-image-11371\" src=\"https:\/\/www.naturparkmagazin.de\/vdn\/wp-content\/uploads\/sites\/3\/Teichlandschaft-VDN-Horst-Bradschb.jpg\" alt=\"Teichlandschaft \u00a9 VDN \/ Horst Bradsch\" width=\"500\" height=\"300\" srcset=\"https:\/\/www.naturparkmagazin.de\/vdn\/wp-content\/uploads\/sites\/3\/Teichlandschaft-VDN-Horst-Bradschb.jpg 500w, https:\/\/www.naturparkmagazin.de\/vdn\/wp-content\/uploads\/sites\/3\/Teichlandschaft-VDN-Horst-Bradschb-300x180.jpg 300w, https:\/\/www.naturparkmagazin.de\/vdn\/wp-content\/uploads\/sites\/3\/Teichlandschaft-VDN-Horst-Bradschb-200x120.jpg 200w\" sizes=\"(max-width: 500px) 100vw, 500px\" \/><\/a><p id=\"caption-attachment-11371\" class=\"wp-caption-text\">Teichlandschaft \u00a9 VDN \/ Horst Bradsch<\/p><\/div>\n","protected":false},"excerpt":{"rendered":"<p>Seit \u00fcber einhundert Jahren wird im Naturpark T\u00fcringer Wald in der Mitte Deutschlands gewandert. Und das nicht ohne Grund: der Rennsteig, ein attraktiver H\u00f6henwanderweg, verl\u00e4uft \u00fcber 130 Kilometer durch den Naturpark \u2013 unterwegs eine reichhaltige Natur- und Kulturlandschaft zwischen Eisenach und Sonneberg, Schmalkalden, Bad Blankenburg und Saalfeld.<\/p>\n","protected":false},"author":73,"featured_media":11368,"comment_status":"open","ping_status":"open","sticky":false,"template":"","format":"standard","meta":{"_links_to":"","_links_to_target":""},"categories":[15],"tags":[1333,41,501],"yoast_head":"<!-- This site is optimized with the Yoast SEO plugin v19.10 - https:\/\/yoast.com\/wordpress\/plugins\/seo\/ -->\n<title>Th\u00fcringer Wald<\/title>\n<meta name=\"description\" content=\"Seit \u00fcber einhundert Jahren wird im Naturpark T\u00fcringer Wald in der Mitte Deutschlands gewandert. Und das nicht ohne Grund: der Rennsteig, ein attraktiver H\u00f6henwanderweg, verl\u00e4uft \u00fcber 130 Kilometer durch den Naturpark \u2013 unterwegs eine reichhaltige Natur- und Kulturlandschaft zwischen Eisenach und Sonneberg, Schmalkalden, Bad Blankenburg und Saalfeld.\" \/>\n<meta name=\"robots\" content=\"index, follow, max-snippet:-1, max-image-preview:large, max-video-preview:-1\" \/>\n<link rel=\"canonical\" href=\"https:\/\/www.naturparkmagazin.de\/vdn\/thueringer-wald\/\" \/>\n<meta property=\"og:locale\" content=\"de_DE\" \/>\n<meta property=\"og:type\" content=\"article\" \/>\n<meta property=\"og:title\" content=\"Th\u00fcringer Wald\" \/>\n<meta property=\"og:description\" content=\"Seit \u00fcber einhundert Jahren wird im Naturpark T\u00fcringer Wald in der Mitte Deutschlands gewandert. Und das nicht ohne Grund: der Rennsteig, ein attraktiver H\u00f6henwanderweg, verl\u00e4uft \u00fcber 130 Kilometer durch den Naturpark \u2013 unterwegs eine reichhaltige Natur- und Kulturlandschaft zwischen Eisenach und Sonneberg, Schmalkalden, Bad Blankenburg und Saalfeld.\" \/>\n<meta property=\"og:url\" content=\"https:\/\/www.naturparkmagazin.de\/vdn\/thueringer-wald\/\" \/>\n<meta property=\"og:site_name\" content=\"Verband Deutscher Naturparke\" \/>\n<meta property=\"article:published_time\" content=\"2019-05-15T13:41:17+00:00\" \/>\n<meta property=\"article:modified_time\" content=\"2019-10-22T10:29:48+00:00\" \/>\n<meta property=\"og:image\" content=\"https:\/\/www.naturparkmagazin.de\/vdn\/wp-content\/uploads\/sites\/3\/Berg-und-Tal-VDN-Petra-K\u00fcsterbf.jpg\" \/>\n\t<meta property=\"og:image:width\" content=\"200\" \/>\n\t<meta property=\"og:image:height\" content=\"200\" \/>\n\t<meta property=\"og:image:type\" content=\"image\/jpeg\" \/>\n<meta name=\"author\" content=\"manuelamerz\" \/>\n<meta name=\"twitter:label1\" content=\"Verfasst von\" \/>\n\t<meta name=\"twitter:data1\" content=\"manuelamerz\" \/>\n\t<meta name=\"twitter:label2\" content=\"Gesch\u00e4tzte Lesezeit\" \/>\n\t<meta name=\"twitter:data2\" content=\"2\u00a0Minuten\" \/>\n<script type=\"application\/ld+json\" class=\"yoast-schema-graph\">{\"@context\":\"https:\/\/schema.org\",\"@graph\":[{\"@type\":\"WebPage\",\"@id\":\"https:\/\/www.naturparkmagazin.de\/vdn\/thueringer-wald\/\",\"url\":\"https:\/\/www.naturparkmagazin.de\/vdn\/thueringer-wald\/\",\"name\":\"Th\u00fcringer Wald\",\"isPartOf\":{\"@id\":\"https:\/\/www.naturparkmagazin.de\/vdn\/#website\"},\"datePublished\":\"2019-05-15T13:41:17+00:00\",\"dateModified\":\"2019-10-22T10:29:48+00:00\",\"author\":{\"@id\":\"https:\/\/www.naturparkmagazin.de\/vdn\/#\/schema\/person\/3cff9b8773ed55f0189255fa9adfd57c\"},\"description\":\"Seit \u00fcber einhundert Jahren wird im Naturpark T\u00fcringer Wald in der Mitte Deutschlands gewandert. Und das nicht ohne Grund: der Rennsteig, ein attraktiver H\u00f6henwanderweg, verl\u00e4uft \u00fcber 130 Kilometer durch den Naturpark \u2013 unterwegs eine reichhaltige Natur- und Kulturlandschaft zwischen Eisenach und Sonneberg, Schmalkalden, Bad Blankenburg und Saalfeld.\",\"breadcrumb\":{\"@id\":\"https:\/\/www.naturparkmagazin.de\/vdn\/thueringer-wald\/#breadcrumb\"},\"inLanguage\":\"de\",\"potentialAction\":[{\"@type\":\"ReadAction\",\"target\":[\"https:\/\/www.naturparkmagazin.de\/vdn\/thueringer-wald\/\"]}]},{\"@type\":\"BreadcrumbList\",\"@id\":\"https:\/\/www.naturparkmagazin.de\/vdn\/thueringer-wald\/#breadcrumb\",\"itemListElement\":[{\"@type\":\"ListItem\",\"position\":1,\"name\":\"Home\",\"item\":\"https:\/\/www.naturparkmagazin.de\/vdn\/\"},{\"@type\":\"ListItem\",\"position\":2,\"name\":\"Th\u00fcringer Wald\"}]},{\"@type\":\"WebSite\",\"@id\":\"https:\/\/www.naturparkmagazin.de\/vdn\/#website\",\"url\":\"https:\/\/www.naturparkmagazin.de\/vdn\/\",\"name\":\"Verband Deutscher Naturparke\",\"description\":\"Eine weitere Naturparkmagazin.de Netzwerk Seite\",\"potentialAction\":[{\"@type\":\"SearchAction\",\"target\":{\"@type\":\"EntryPoint\",\"urlTemplate\":\"https:\/\/www.naturparkmagazin.de\/vdn\/?s={search_term_string}\"},\"query-input\":\"required name=search_term_string\"}],\"inLanguage\":\"de\"},{\"@type\":\"Person\",\"@id\":\"https:\/\/www.naturparkmagazin.de\/vdn\/#\/schema\/person\/3cff9b8773ed55f0189255fa9adfd57c\",\"name\":\"manuelamerz\",\"url\":\"https:\/\/www.naturparkmagazin.de\/vdn\/author\/manuelamerz\/\"}]}<\/script>\n<!-- \/ Yoast SEO plugin. -->","yoast_head_json":{"title":"Th\u00fcringer Wald","description":"Seit \u00fcber einhundert Jahren wird im Naturpark T\u00fcringer Wald in der Mitte Deutschlands gewandert. Und das nicht ohne Grund: der Rennsteig, ein attraktiver H\u00f6henwanderweg, verl\u00e4uft \u00fcber 130 Kilometer durch den Naturpark \u2013 unterwegs eine reichhaltige Natur- und Kulturlandschaft zwischen Eisenach und Sonneberg, Schmalkalden, Bad Blankenburg und Saalfeld.","robots":{"index":"index","follow":"follow","max-snippet":"max-snippet:-1","max-image-preview":"max-image-preview:large","max-video-preview":"max-video-preview:-1"},"canonical":"https:\/\/www.naturparkmagazin.de\/vdn\/thueringer-wald\/","og_locale":"de_DE","og_type":"article","og_title":"Th\u00fcringer Wald","og_description":"Seit \u00fcber einhundert Jahren wird im Naturpark T\u00fcringer Wald in der Mitte Deutschlands gewandert. Und das nicht ohne Grund: der Rennsteig, ein attraktiver H\u00f6henwanderweg, verl\u00e4uft \u00fcber 130 Kilometer durch den Naturpark \u2013 unterwegs eine reichhaltige Natur- und Kulturlandschaft zwischen Eisenach und Sonneberg, Schmalkalden, Bad Blankenburg und Saalfeld.","og_url":"https:\/\/www.naturparkmagazin.de\/vdn\/thueringer-wald\/","og_site_name":"Verband Deutscher Naturparke","article_published_time":"2019-05-15T13:41:17+00:00","article_modified_time":"2019-10-22T10:29:48+00:00","og_image":[{"width":200,"height":200,"url":"https:\/\/www.naturparkmagazin.de\/vdn\/wp-content\/uploads\/sites\/3\/Berg-und-Tal-VDN-Petra-K\u00fcsterbf.jpg","type":"image\/jpeg"}],"author":"manuelamerz","twitter_misc":{"Verfasst von":"manuelamerz","Gesch\u00e4tzte Lesezeit":"2\u00a0Minuten"},"schema":{"@context":"https:\/\/schema.org","@graph":[{"@type":"WebPage","@id":"https:\/\/www.naturparkmagazin.de\/vdn\/thueringer-wald\/","url":"https:\/\/www.naturparkmagazin.de\/vdn\/thueringer-wald\/","name":"Th\u00fcringer Wald","isPartOf":{"@id":"https:\/\/www.naturparkmagazin.de\/vdn\/#website"},"datePublished":"2019-05-15T13:41:17+00:00","dateModified":"2019-10-22T10:29:48+00:00","author":{"@id":"https:\/\/www.naturparkmagazin.de\/vdn\/#\/schema\/person\/3cff9b8773ed55f0189255fa9adfd57c"},"description":"Seit \u00fcber einhundert Jahren wird im Naturpark T\u00fcringer Wald in der Mitte Deutschlands gewandert. Und das nicht ohne Grund: der Rennsteig, ein attraktiver H\u00f6henwanderweg, verl\u00e4uft \u00fcber 130 Kilometer durch den Naturpark \u2013 unterwegs eine reichhaltige Natur- und Kulturlandschaft zwischen Eisenach und Sonneberg, Schmalkalden, Bad Blankenburg und Saalfeld.","breadcrumb":{"@id":"https:\/\/www.naturparkmagazin.de\/vdn\/thueringer-wald\/#breadcrumb"},"inLanguage":"de","potentialAction":[{"@type":"ReadAction","target":["https:\/\/www.naturparkmagazin.de\/vdn\/thueringer-wald\/"]}]},{"@type":"BreadcrumbList","@id":"https:\/\/www.naturparkmagazin.de\/vdn\/thueringer-wald\/#breadcrumb","itemListElement":[{"@type":"ListItem","position":1,"name":"Home","item":"https:\/\/www.naturparkmagazin.de\/vdn\/"},{"@type":"ListItem","position":2,"name":"Th\u00fcringer Wald"}]},{"@type":"WebSite","@id":"https:\/\/www.naturparkmagazin.de\/vdn\/#website","url":"https:\/\/www.naturparkmagazin.de\/vdn\/","name":"Verband Deutscher Naturparke","description":"Eine weitere Naturparkmagazin.de Netzwerk Seite","potentialAction":[{"@type":"SearchAction","target":{"@type":"EntryPoint","urlTemplate":"https:\/\/www.naturparkmagazin.de\/vdn\/?s={search_term_string}"},"query-input":"required name=search_term_string"}],"inLanguage":"de"},{"@type":"Person","@id":"https:\/\/www.naturparkmagazin.de\/vdn\/#\/schema\/person\/3cff9b8773ed55f0189255fa9adfd57c","name":"manuelamerz","url":"https:\/\/www.naturparkmagazin.de\/vdn\/author\/manuelamerz\/"}]}},"_links":{"self":[{"href":"https:\/\/www.naturparkmagazin.de\/vdn\/wp-json\/wp\/v2\/posts\/11366"}],"collection":[{"href":"https:\/\/www.naturparkmagazin.de\/vdn\/wp-json\/wp\/v2\/posts"}],"about":[{"href":"https:\/\/www.naturparkmagazin.de\/vdn\/wp-json\/wp\/v2\/types\/post"}],"author":[{"embeddable":true,"href":"https:\/\/www.naturparkmagazin.de\/vdn\/wp-json\/wp\/v2\/users\/73"}],"replies":[{"embeddable":true,"href":"https:\/\/www.naturparkmagazin.de\/vdn\/wp-json\/wp\/v2\/comments?post=11366"}],"version-history":[{"count":2,"href":"https:\/\/www.naturparkmagazin.de\/vdn\/wp-json\/wp\/v2\/posts\/11366\/revisions"}],"predecessor-version":[{"id":11374,"href":"https:\/\/www.naturparkmagazin.de\/vdn\/wp-json\/wp\/v2\/posts\/11366\/revisions\/11374"}],"wp:featuredmedia":[{"embeddable":true,"href":"https:\/\/www.naturparkmagazin.de\/vdn\/wp-json\/wp\/v2\/media\/11368"}],"wp:attachment":[{"href":"https:\/\/www.naturparkmagazin.de\/vdn\/wp-json\/wp\/v2\/media?parent=11366"}],"wp:term":[{"taxonomy":"category","embeddable":true,"href":"https:\/\/www.naturparkmagazin.de\/vdn\/wp-json\/wp\/v2\/categories?post=11366"},{"taxonomy":"post_tag","embeddable":true,"href":"https:\/\/www.naturparkmagazin.de\/vdn\/wp-json\/wp\/v2\/tags?post=11366"}],"curies":[{"name":"wp","href":"https:\/\/api.w.org\/{rel}","templated":true}]}}