{"id":11376,"date":"2019-05-17T10:38:16","date_gmt":"2019-05-17T08:38:16","guid":{"rendered":"https:\/\/www.naturparkmagazin.de\/vdn\/?p=11376"},"modified":"2019-10-22T12:32:33","modified_gmt":"2019-10-22T10:32:33","slug":"geschaeftsfuehrertagung-2019","status":"publish","type":"post","link":"https:\/\/www.naturparkmagazin.de\/vdn\/geschaeftsfuehrertagung-2019\/","title":{"rendered":"Gesch\u00e4ftsf\u00fchrertagung 2019"},"content":{"rendered":"<div id=\"attachment_11378\" style=\"width: 510px\" class=\"wp-caption aligncenter\"><a href=\"https:\/\/www.naturparkmagazin.de\/vdn\/wp-content\/uploads\/sites\/3\/IMG-20190523-WA0004_Beitrag.jpg\"><img aria-describedby=\"caption-attachment-11378\" decoding=\"async\" loading=\"lazy\" class=\"size-full wp-image-11378\" src=\"https:\/\/www.naturparkmagazin.de\/vdn\/wp-content\/uploads\/sites\/3\/IMG-20190523-WA0004_Beitrag.jpg\" alt=\"Wanderung auf der Gesch\u00e4ftsf\u00fchrertagung 2019 im Naturpark Ammergauer Alpen - Copyright: Mathias Allg\u00e4uer\" width=\"500\" height=\"300\" srcset=\"https:\/\/www.naturparkmagazin.de\/vdn\/wp-content\/uploads\/sites\/3\/IMG-20190523-WA0004_Beitrag.jpg 500w, https:\/\/www.naturparkmagazin.de\/vdn\/wp-content\/uploads\/sites\/3\/IMG-20190523-WA0004_Beitrag-300x180.jpg 300w, https:\/\/www.naturparkmagazin.de\/vdn\/wp-content\/uploads\/sites\/3\/IMG-20190523-WA0004_Beitrag-200x120.jpg 200w\" sizes=\"(max-width: 500px) 100vw, 500px\" \/><\/a><p id=\"caption-attachment-11378\" class=\"wp-caption-text\">Wanderung auf der Gesch\u00e4ftsf\u00fchrertagung 2019 im Naturpark Ammergauer Alpen &#8211; Copyright: Mathias Allg\u00e4uer<\/p><\/div>\n<p>J\u00e4hrlich l\u00e4dt der Dachverband, der Verband Deutscher Naturparke (VDN), zur Tagung der Gesch\u00e4ftsf\u00fchrer*innen und Leiter*innen der deutschen Naturparke ein, um sich \u00fcber die Naturparkgrenzen hinweg \u00fcber aktuelle Themen ihrer Arbeit auszutauschen und um \u00fcber bundesweite Projekte zu diskutieren.<\/p>\n<div id=\"attachment_11383\" style=\"width: 510px\" class=\"wp-caption aligncenter\"><a href=\"https:\/\/www.naturparkmagazin.de\/vdn\/wp-content\/uploads\/sites\/3\/IMG_0094_beitrag.jpg\"><img aria-describedby=\"caption-attachment-11383\" decoding=\"async\" loading=\"lazy\" class=\"size-full wp-image-11383\" src=\"https:\/\/www.naturparkmagazin.de\/vdn\/wp-content\/uploads\/sites\/3\/IMG_0094_beitrag.jpg\" alt=\"Festveranstaltung zur Gr\u00fcndung  des Naturparks Ammergauer Alpen - Copyright: J\u00f6rg Liesen\" width=\"500\" height=\"300\" srcset=\"https:\/\/www.naturparkmagazin.de\/vdn\/wp-content\/uploads\/sites\/3\/IMG_0094_beitrag.jpg 500w, https:\/\/www.naturparkmagazin.de\/vdn\/wp-content\/uploads\/sites\/3\/IMG_0094_beitrag-300x180.jpg 300w, https:\/\/www.naturparkmagazin.de\/vdn\/wp-content\/uploads\/sites\/3\/IMG_0094_beitrag-200x120.jpg 200w\" sizes=\"(max-width: 500px) 100vw, 500px\" \/><\/a><p id=\"caption-attachment-11383\" class=\"wp-caption-text\">Festveranstaltung zur Gr\u00fcndung des Naturparks Ammergauer Alpen &#8211; Copyright: J\u00f6rg Liesen<\/p><\/div>\n<p>Am Er\u00f6ffnungsabend am 13. Mai 2019 wurde die Gr\u00fcndung von Bayerns j\u00fcngstem Naturpark in Anwesenheit von Thorsten Glauber, dem Bayerischen Staatsminister f\u00fcr Umwelt und Verbraucherschutz, mit einem Festakt im Ammergauer Haus gefeiert.<\/p>\n<p>Tagungsthemen am Dienstagvormittag sind u.a. die Umsetzung des Wartburger Programms mit den Leitlinien f\u00fcr die Arbeit der Naturparke bis 2030 und die Strategie \u201eUnsere Mittelgebirge im Jahr 2030\u201c.<\/p>\n<div id=\"attachment_11386\" style=\"width: 510px\" class=\"wp-caption aligncenter\"><a href=\"https:\/\/www.naturparkmagazin.de\/vdn\/wp-content\/uploads\/sites\/3\/IMG_0236_beitrag.jpg\"><img aria-describedby=\"caption-attachment-11386\" decoding=\"async\" loading=\"lazy\" class=\"size-full wp-image-11386\" src=\"https:\/\/www.naturparkmagazin.de\/vdn\/wp-content\/uploads\/sites\/3\/IMG_0236_beitrag.jpg\" alt=\"Wanderung auf der Gesch\u00e4ftsf\u00fchrertagung 2019 im Naturpark Ammergauer Alpen - Copyright: J\u00f6rg Liesen\" width=\"500\" height=\"300\" srcset=\"https:\/\/www.naturparkmagazin.de\/vdn\/wp-content\/uploads\/sites\/3\/IMG_0236_beitrag.jpg 500w, https:\/\/www.naturparkmagazin.de\/vdn\/wp-content\/uploads\/sites\/3\/IMG_0236_beitrag-300x180.jpg 300w, https:\/\/www.naturparkmagazin.de\/vdn\/wp-content\/uploads\/sites\/3\/IMG_0236_beitrag-200x120.jpg 200w\" sizes=\"(max-width: 500px) 100vw, 500px\" \/><\/a><p id=\"caption-attachment-11386\" class=\"wp-caption-text\">Wanderung auf der Gesch\u00e4ftsf\u00fchrertagung 2019 im Naturpark Ammergauer Alpen &#8211; Copyright: J\u00f6rg Liesen<\/p><\/div>\n<div id=\"attachment_11384\" style=\"width: 510px\" class=\"wp-caption aligncenter\"><a href=\"https:\/\/www.naturparkmagazin.de\/vdn\/wp-content\/uploads\/sites\/3\/IMG_0160_beitrag.jpg\"><img aria-describedby=\"caption-attachment-11384\" decoding=\"async\" loading=\"lazy\" class=\"size-full wp-image-11384\" src=\"https:\/\/www.naturparkmagazin.de\/vdn\/wp-content\/uploads\/sites\/3\/IMG_0160_beitrag.jpg\" alt=\"Wanderung auf der Gesch\u00e4ftsf\u00fchrertagung 2019 im Naturpark Ammergauer Alpen - Copyright: J\u00f6rg Liesen\" width=\"500\" height=\"300\" srcset=\"https:\/\/www.naturparkmagazin.de\/vdn\/wp-content\/uploads\/sites\/3\/IMG_0160_beitrag.jpg 500w, https:\/\/www.naturparkmagazin.de\/vdn\/wp-content\/uploads\/sites\/3\/IMG_0160_beitrag-300x180.jpg 300w, https:\/\/www.naturparkmagazin.de\/vdn\/wp-content\/uploads\/sites\/3\/IMG_0160_beitrag-200x120.jpg 200w\" sizes=\"(max-width: 500px) 100vw, 500px\" \/><\/a><p id=\"caption-attachment-11384\" class=\"wp-caption-text\">Wanderung auf der Gesch\u00e4ftsf\u00fchrertagung 2019 im Naturpark Ammergauer Alpen &#8211; Copyright: J\u00f6rg Liesen<\/p><\/div>\n<div id=\"attachment_11385\" style=\"width: 510px\" class=\"wp-caption aligncenter\"><a href=\"https:\/\/www.naturparkmagazin.de\/vdn\/wp-content\/uploads\/sites\/3\/IMG_0262_Beitrag.jpg\"><img aria-describedby=\"caption-attachment-11385\" decoding=\"async\" loading=\"lazy\" class=\"size-full wp-image-11385\" src=\"https:\/\/www.naturparkmagazin.de\/vdn\/wp-content\/uploads\/sites\/3\/IMG_0262_Beitrag.jpg\" alt=\"Besuch des Klosters Ettal im Rahmen der Gesch\u00e4ftsf\u00fchrertagung 2019 im Naturpark Ammergauer Alpen - Copyright: J\u00f6rg Liesen\" width=\"500\" height=\"300\" srcset=\"https:\/\/www.naturparkmagazin.de\/vdn\/wp-content\/uploads\/sites\/3\/IMG_0262_Beitrag.jpg 500w, https:\/\/www.naturparkmagazin.de\/vdn\/wp-content\/uploads\/sites\/3\/IMG_0262_Beitrag-300x180.jpg 300w, https:\/\/www.naturparkmagazin.de\/vdn\/wp-content\/uploads\/sites\/3\/IMG_0262_Beitrag-200x120.jpg 200w\" sizes=\"(max-width: 500px) 100vw, 500px\" \/><\/a><p id=\"caption-attachment-11385\" class=\"wp-caption-text\">Besuch des Klosters Ettal im Rahmen der Gesch\u00e4ftsf\u00fchrertagung 2019 im Naturpark Ammergauer Alpen &#8211; Copyright: J\u00f6rg Liesen<\/p><\/div>\n<p>In zwei Exkursionen stellt der Naturpark Ammergauer Alpen in den kommenden beiden Tagen den G\u00e4sten aus den bundesweiten Naturparken seine Arbeit vor. Dabei stehen Projektideen zur F\u00f6rderung der kleinteiligen Landwirtschaft bei einer Wanderung von Oberammergau entlang der Ammer zum Pulvermoos, die Besichtigung des Klosters Ettal mit seiner ber\u00fchmten Klosterkirche, den Klosterbetrieben sowie der Schauk\u00e4serei Ettal sowie ein Abstecher in das Weidmoos zum Thema Besucherlenkung.<\/p>\n<p><a href=\"https:\/\/www.naturparke.de\/fileadmin\/files\/public\/Aktuelles\/Pressemitteilungen_pdf\/PM_05-2019_01_GFT_2019_final.pdf\" target=\"_blank\">&gt;&gt; Hier k\u00f6nnen Sie die Pressemitteilung nachlesen<\/a><\/p>\n<p>&nbsp;<\/p>\n","protected":false},"excerpt":{"rendered":"<p>Vom 13. bis 15. Mai 2019 trafen sich ca. 70 Vertreter aus 49 deutschen Naturparken im Naturpark Ammergauer Alpen. <\/p>\n","protected":false},"author":51,"featured_media":11380,"comment_status":"open","ping_status":"open","sticky":false,"template":"","format":"standard","meta":{"_links_to":"","_links_to_target":""},"categories":[7],"tags":[],"yoast_head":"<!-- This site is optimized with the Yoast SEO plugin v19.10 - https:\/\/yoast.com\/wordpress\/plugins\/seo\/ -->\n<title>Gesch\u00e4ftsf\u00fchrertagung 2019<\/title>\n<meta name=\"description\" content=\"Vom 13. bis 15. Mai 2019 trafen sich ca. 70 Vertreter aus 49 deutschen Naturparken im Naturpark Ammergauer Alpen.\" \/>\n<meta name=\"robots\" content=\"index, follow, max-snippet:-1, max-image-preview:large, max-video-preview:-1\" \/>\n<link rel=\"canonical\" href=\"https:\/\/www.naturparkmagazin.de\/vdn\/geschaeftsfuehrertagung-2019\/\" \/>\n<meta property=\"og:locale\" content=\"de_DE\" \/>\n<meta property=\"og:type\" content=\"article\" \/>\n<meta property=\"og:title\" content=\"Gesch\u00e4ftsf\u00fchrertagung 2019\" \/>\n<meta property=\"og:description\" content=\"Vom 13. bis 15. Mai 2019 trafen sich ca. 70 Vertreter aus 49 deutschen Naturparken im Naturpark Ammergauer Alpen.\" \/>\n<meta property=\"og:url\" content=\"https:\/\/www.naturparkmagazin.de\/vdn\/geschaeftsfuehrertagung-2019\/\" \/>\n<meta property=\"og:site_name\" content=\"Verband Deutscher Naturparke\" \/>\n<meta property=\"article:published_time\" content=\"2019-05-17T08:38:16+00:00\" \/>\n<meta property=\"article:modified_time\" content=\"2019-10-22T10:32:33+00:00\" \/>\n<meta property=\"og:image\" content=\"https:\/\/www.naturparkmagazin.de\/vdn\/wp-content\/uploads\/sites\/3\/IMG-20190523-WA0004_Beitragsbild.jpg\" \/>\n\t<meta property=\"og:image:width\" content=\"200\" \/>\n\t<meta property=\"og:image:height\" content=\"200\" \/>\n\t<meta property=\"og:image:type\" content=\"image\/jpeg\" \/>\n<meta name=\"author\" content=\"beatrixlosem\" \/>\n<meta name=\"twitter:label1\" content=\"Verfasst von\" \/>\n\t<meta name=\"twitter:data1\" content=\"beatrixlosem\" \/>\n\t<meta name=\"twitter:label2\" content=\"Gesch\u00e4tzte Lesezeit\" \/>\n\t<meta name=\"twitter:data2\" content=\"1\u00a0Minute\" \/>\n<script type=\"application\/ld+json\" class=\"yoast-schema-graph\">{\"@context\":\"https:\/\/schema.org\",\"@graph\":[{\"@type\":\"WebPage\",\"@id\":\"https:\/\/www.naturparkmagazin.de\/vdn\/geschaeftsfuehrertagung-2019\/\",\"url\":\"https:\/\/www.naturparkmagazin.de\/vdn\/geschaeftsfuehrertagung-2019\/\",\"name\":\"Gesch\u00e4ftsf\u00fchrertagung 2019\",\"isPartOf\":{\"@id\":\"https:\/\/www.naturparkmagazin.de\/vdn\/#website\"},\"datePublished\":\"2019-05-17T08:38:16+00:00\",\"dateModified\":\"2019-10-22T10:32:33+00:00\",\"author\":{\"@id\":\"https:\/\/www.naturparkmagazin.de\/vdn\/#\/schema\/person\/d71357578c318b6db03be60b1f60396b\"},\"description\":\"Vom 13. bis 15. Mai 2019 trafen sich ca. 70 Vertreter aus 49 deutschen Naturparken im Naturpark Ammergauer Alpen.\",\"breadcrumb\":{\"@id\":\"https:\/\/www.naturparkmagazin.de\/vdn\/geschaeftsfuehrertagung-2019\/#breadcrumb\"},\"inLanguage\":\"de\",\"potentialAction\":[{\"@type\":\"ReadAction\",\"target\":[\"https:\/\/www.naturparkmagazin.de\/vdn\/geschaeftsfuehrertagung-2019\/\"]}]},{\"@type\":\"BreadcrumbList\",\"@id\":\"https:\/\/www.naturparkmagazin.de\/vdn\/geschaeftsfuehrertagung-2019\/#breadcrumb\",\"itemListElement\":[{\"@type\":\"ListItem\",\"position\":1,\"name\":\"Home\",\"item\":\"https:\/\/www.naturparkmagazin.de\/vdn\/\"},{\"@type\":\"ListItem\",\"position\":2,\"name\":\"Gesch\u00e4ftsf\u00fchrertagung 2019\"}]},{\"@type\":\"WebSite\",\"@id\":\"https:\/\/www.naturparkmagazin.de\/vdn\/#website\",\"url\":\"https:\/\/www.naturparkmagazin.de\/vdn\/\",\"name\":\"Verband Deutscher Naturparke\",\"description\":\"Eine weitere Naturparkmagazin.de Netzwerk Seite\",\"potentialAction\":[{\"@type\":\"SearchAction\",\"target\":{\"@type\":\"EntryPoint\",\"urlTemplate\":\"https:\/\/www.naturparkmagazin.de\/vdn\/?s={search_term_string}\"},\"query-input\":\"required name=search_term_string\"}],\"inLanguage\":\"de\"},{\"@type\":\"Person\",\"@id\":\"https:\/\/www.naturparkmagazin.de\/vdn\/#\/schema\/person\/d71357578c318b6db03be60b1f60396b\",\"name\":\"beatrixlosem\",\"url\":\"https:\/\/www.naturparkmagazin.de\/vdn\/author\/beatrixlosem\/\"}]}<\/script>\n<!-- \/ Yoast SEO plugin. -->","yoast_head_json":{"title":"Gesch\u00e4ftsf\u00fchrertagung 2019","description":"Vom 13. bis 15. Mai 2019 trafen sich ca. 70 Vertreter aus 49 deutschen Naturparken im Naturpark Ammergauer Alpen.","robots":{"index":"index","follow":"follow","max-snippet":"max-snippet:-1","max-image-preview":"max-image-preview:large","max-video-preview":"max-video-preview:-1"},"canonical":"https:\/\/www.naturparkmagazin.de\/vdn\/geschaeftsfuehrertagung-2019\/","og_locale":"de_DE","og_type":"article","og_title":"Gesch\u00e4ftsf\u00fchrertagung 2019","og_description":"Vom 13. bis 15. Mai 2019 trafen sich ca. 70 Vertreter aus 49 deutschen Naturparken im Naturpark Ammergauer Alpen.","og_url":"https:\/\/www.naturparkmagazin.de\/vdn\/geschaeftsfuehrertagung-2019\/","og_site_name":"Verband Deutscher Naturparke","article_published_time":"2019-05-17T08:38:16+00:00","article_modified_time":"2019-10-22T10:32:33+00:00","og_image":[{"width":200,"height":200,"url":"https:\/\/www.naturparkmagazin.de\/vdn\/wp-content\/uploads\/sites\/3\/IMG-20190523-WA0004_Beitragsbild.jpg","type":"image\/jpeg"}],"author":"beatrixlosem","twitter_misc":{"Verfasst von":"beatrixlosem","Gesch\u00e4tzte Lesezeit":"1\u00a0Minute"},"schema":{"@context":"https:\/\/schema.org","@graph":[{"@type":"WebPage","@id":"https:\/\/www.naturparkmagazin.de\/vdn\/geschaeftsfuehrertagung-2019\/","url":"https:\/\/www.naturparkmagazin.de\/vdn\/geschaeftsfuehrertagung-2019\/","name":"Gesch\u00e4ftsf\u00fchrertagung 2019","isPartOf":{"@id":"https:\/\/www.naturparkmagazin.de\/vdn\/#website"},"datePublished":"2019-05-17T08:38:16+00:00","dateModified":"2019-10-22T10:32:33+00:00","author":{"@id":"https:\/\/www.naturparkmagazin.de\/vdn\/#\/schema\/person\/d71357578c318b6db03be60b1f60396b"},"description":"Vom 13. bis 15. Mai 2019 trafen sich ca. 70 Vertreter aus 49 deutschen Naturparken im Naturpark Ammergauer Alpen.","breadcrumb":{"@id":"https:\/\/www.naturparkmagazin.de\/vdn\/geschaeftsfuehrertagung-2019\/#breadcrumb"},"inLanguage":"de","potentialAction":[{"@type":"ReadAction","target":["https:\/\/www.naturparkmagazin.de\/vdn\/geschaeftsfuehrertagung-2019\/"]}]},{"@type":"BreadcrumbList","@id":"https:\/\/www.naturparkmagazin.de\/vdn\/geschaeftsfuehrertagung-2019\/#breadcrumb","itemListElement":[{"@type":"ListItem","position":1,"name":"Home","item":"https:\/\/www.naturparkmagazin.de\/vdn\/"},{"@type":"ListItem","position":2,"name":"Gesch\u00e4ftsf\u00fchrertagung 2019"}]},{"@type":"WebSite","@id":"https:\/\/www.naturparkmagazin.de\/vdn\/#website","url":"https:\/\/www.naturparkmagazin.de\/vdn\/","name":"Verband Deutscher Naturparke","description":"Eine weitere Naturparkmagazin.de Netzwerk Seite","potentialAction":[{"@type":"SearchAction","target":{"@type":"EntryPoint","urlTemplate":"https:\/\/www.naturparkmagazin.de\/vdn\/?s={search_term_string}"},"query-input":"required name=search_term_string"}],"inLanguage":"de"},{"@type":"Person","@id":"https:\/\/www.naturparkmagazin.de\/vdn\/#\/schema\/person\/d71357578c318b6db03be60b1f60396b","name":"beatrixlosem","url":"https:\/\/www.naturparkmagazin.de\/vdn\/author\/beatrixlosem\/"}]}},"_links":{"self":[{"href":"https:\/\/www.naturparkmagazin.de\/vdn\/wp-json\/wp\/v2\/posts\/11376"}],"collection":[{"href":"https:\/\/www.naturparkmagazin.de\/vdn\/wp-json\/wp\/v2\/posts"}],"about":[{"href":"https:\/\/www.naturparkmagazin.de\/vdn\/wp-json\/wp\/v2\/types\/post"}],"author":[{"embeddable":true,"href":"https:\/\/www.naturparkmagazin.de\/vdn\/wp-json\/wp\/v2\/users\/51"}],"replies":[{"embeddable":true,"href":"https:\/\/www.naturparkmagazin.de\/vdn\/wp-json\/wp\/v2\/comments?post=11376"}],"version-history":[{"count":7,"href":"https:\/\/www.naturparkmagazin.de\/vdn\/wp-json\/wp\/v2\/posts\/11376\/revisions"}],"predecessor-version":[{"id":11396,"href":"https:\/\/www.naturparkmagazin.de\/vdn\/wp-json\/wp\/v2\/posts\/11376\/revisions\/11396"}],"wp:featuredmedia":[{"embeddable":true,"href":"https:\/\/www.naturparkmagazin.de\/vdn\/wp-json\/wp\/v2\/media\/11380"}],"wp:attachment":[{"href":"https:\/\/www.naturparkmagazin.de\/vdn\/wp-json\/wp\/v2\/media?parent=11376"}],"wp:term":[{"taxonomy":"category","embeddable":true,"href":"https:\/\/www.naturparkmagazin.de\/vdn\/wp-json\/wp\/v2\/categories?post=11376"},{"taxonomy":"post_tag","embeddable":true,"href":"https:\/\/www.naturparkmagazin.de\/vdn\/wp-json\/wp\/v2\/tags?post=11376"}],"curies":[{"name":"wp","href":"https:\/\/api.w.org\/{rel}","templated":true}]}}