{"id":11389,"date":"2019-05-17T10:13:04","date_gmt":"2019-05-17T08:13:04","guid":{"rendered":"https:\/\/www.naturparkmagazin.de\/vdn\/?p=11389"},"modified":"2019-10-22T12:32:24","modified_gmt":"2019-10-22T10:32:24","slug":"naturaktionstage-2019","status":"publish","type":"post","link":"https:\/\/www.naturparkmagazin.de\/vdn\/naturaktionstage-2019\/","title":{"rendered":"Naturaktionstage 2019"},"content":{"rendered":"<div id=\"attachment_11391\" style=\"width: 510px\" class=\"wp-caption aligncenter\"><a href=\"https:\/\/www.naturparkmagazin.de\/vdn\/wp-content\/uploads\/sites\/3\/carolinlauerfotografie-49_Beitrag.jpg\"><img aria-describedby=\"caption-attachment-11391\" decoding=\"async\" loading=\"lazy\" class=\"size-full wp-image-11391\" src=\"https:\/\/www.naturparkmagazin.de\/vdn\/wp-content\/uploads\/sites\/3\/carolinlauerfotografie-49_Beitrag.jpg\" alt=\"Unterricht im Freien - Copyright: VDN\/ Carolin Lauer\" width=\"500\" height=\"300\" srcset=\"https:\/\/www.naturparkmagazin.de\/vdn\/wp-content\/uploads\/sites\/3\/carolinlauerfotografie-49_Beitrag.jpg 500w, https:\/\/www.naturparkmagazin.de\/vdn\/wp-content\/uploads\/sites\/3\/carolinlauerfotografie-49_Beitrag-300x180.jpg 300w, https:\/\/www.naturparkmagazin.de\/vdn\/wp-content\/uploads\/sites\/3\/carolinlauerfotografie-49_Beitrag-200x120.jpg 200w\" sizes=\"(max-width: 500px) 100vw, 500px\" \/><\/a><p id=\"caption-attachment-11391\" class=\"wp-caption-text\">Unterricht im Freien &#8211; Copyright: VDN\/ Carolin Lauer<\/p><\/div>\n<p>Bei den Naturaktionstagen in Deutschlands Naturparken k\u00f6nnen Sch\u00fcler*innen erleben, wie spannend Unterricht sein kann, wenn er drau\u00dfen in der Natur stattfindet. Tiere und Pflanzen kennenlernen und die Natur mit allen Sinnen auf vielf\u00e4ltige Art und Weise entdecken und erleben, das begeistert jeden. M\u00f6glich wurde die Exkursion durch eine Kooperation des Verbandes Deutscher Naturparke e. V. (VDN) mit dem Unternehmen Kaufland, das den Naturaktionstag der Schulklasse finanziert.<\/p>\n<p>Kinder aus einem st\u00e4dtischen Umfeld haben h\u00e4ufig wenige Naturerfahrungen. Ziel der Kooperation von VDN und Kaufland ist es, diesen Kindern den Zugang zur Natur zu erm\u00f6glichen. Zwischen Juni und November 2019 erm\u00f6glicht das Unternehmen deutschlandweit 40 Klassen an Grundschulen und weiterf\u00fchrenden Schulen mit den Naturaktionstagen eine eint\u00e4gige Exkursion in einen nahegelegenen Naturpark. Jede dieser Exkursionen wird inklusive der Anreise durch Kaufland finanziert.<\/p>\n<p>Das p\u00e4dagogische Konzept der Naturaktionstage wurde vom VDN erarbeitet. Durchgef\u00fchrt, organisiert und betreut wird die Exkursion durch den entsprechenden Naturpark. Die Vorbereitung erfolgt in enger Abstimmung zwischen Schule und Naturpark. Dies gew\u00e4hrleistet, dass der Ausflug auf die individuellen Interessen der Sch\u00fcler zugeschnitten wird und jeder Naturpark die standortspezifischen Besonderheiten einflie\u00dfen lassen kann.<\/p>\n<p>Die Naturaktionstage sind Teil des breit angelegten gemeinsamen Engagements von Kaufland und dem VDN f\u00fcr die Naturparke in Deutschland.<\/p>\n<p><a href=\"https:\/\/www.naturparke.de\/aufgaben-ziele\/bildung\/naturaktionstage.html\" target=\"_blank\">&gt;&gt; Hier erhalten Sie n\u00e4here Information zu den Naturaktionstagen<\/a><\/p>\n","protected":false},"excerpt":{"rendered":"<p>Die W\u00fcrfel sind gefallen: Unter den \u00fcber 300 Bewerbungen sind jetzt die 40 Schulen ausgew\u00e4hlt, die einen Naturaktionstag in einem Naturpark erleben d\u00fcrfen.<\/p>\n","protected":false},"author":51,"featured_media":11390,"comment_status":"open","ping_status":"open","sticky":false,"template":"","format":"standard","meta":{"_links_to":"","_links_to_target":""},"categories":[7],"tags":[],"yoast_head":"<!-- This site is optimized with the Yoast SEO plugin v19.10 - https:\/\/yoast.com\/wordpress\/plugins\/seo\/ -->\n<title>Naturaktionstage 2019<\/title>\n<meta name=\"description\" content=\"Die W\u00fcrfel sind gefallen: Unter den \u00fcber 300 Bewerbungen sind jetzt die 40 Schulen ausgew\u00e4hlt, die einen Naturaktionstag in einem Naturpark erleben d\u00fcrfen.\" \/>\n<meta name=\"robots\" content=\"index, follow, max-snippet:-1, max-image-preview:large, max-video-preview:-1\" \/>\n<link rel=\"canonical\" href=\"https:\/\/www.naturparkmagazin.de\/vdn\/naturaktionstage-2019\/\" \/>\n<meta property=\"og:locale\" content=\"de_DE\" \/>\n<meta property=\"og:type\" content=\"article\" \/>\n<meta property=\"og:title\" content=\"Naturaktionstage 2019\" \/>\n<meta property=\"og:description\" content=\"Die W\u00fcrfel sind gefallen: Unter den \u00fcber 300 Bewerbungen sind jetzt die 40 Schulen ausgew\u00e4hlt, die einen Naturaktionstag in einem Naturpark erleben d\u00fcrfen.\" \/>\n<meta property=\"og:url\" content=\"https:\/\/www.naturparkmagazin.de\/vdn\/naturaktionstage-2019\/\" \/>\n<meta property=\"og:site_name\" content=\"Verband Deutscher Naturparke\" \/>\n<meta property=\"article:published_time\" content=\"2019-05-17T08:13:04+00:00\" \/>\n<meta property=\"article:modified_time\" content=\"2019-10-22T10:32:24+00:00\" \/>\n<meta property=\"og:image\" content=\"https:\/\/www.naturparkmagazin.de\/vdn\/wp-content\/uploads\/sites\/3\/carolinlauerfotografie-49_Beitragsbild.jpg\" \/>\n\t<meta property=\"og:image:width\" content=\"200\" \/>\n\t<meta property=\"og:image:height\" content=\"200\" \/>\n\t<meta property=\"og:image:type\" content=\"image\/jpeg\" \/>\n<meta name=\"author\" content=\"beatrixlosem\" \/>\n<meta name=\"twitter:label1\" content=\"Verfasst von\" \/>\n\t<meta name=\"twitter:data1\" content=\"beatrixlosem\" \/>\n\t<meta name=\"twitter:label2\" content=\"Gesch\u00e4tzte Lesezeit\" \/>\n\t<meta name=\"twitter:data2\" content=\"1\u00a0Minute\" \/>\n<script type=\"application\/ld+json\" class=\"yoast-schema-graph\">{\"@context\":\"https:\/\/schema.org\",\"@graph\":[{\"@type\":\"WebPage\",\"@id\":\"https:\/\/www.naturparkmagazin.de\/vdn\/naturaktionstage-2019\/\",\"url\":\"https:\/\/www.naturparkmagazin.de\/vdn\/naturaktionstage-2019\/\",\"name\":\"Naturaktionstage 2019\",\"isPartOf\":{\"@id\":\"https:\/\/www.naturparkmagazin.de\/vdn\/#website\"},\"datePublished\":\"2019-05-17T08:13:04+00:00\",\"dateModified\":\"2019-10-22T10:32:24+00:00\",\"author\":{\"@id\":\"https:\/\/www.naturparkmagazin.de\/vdn\/#\/schema\/person\/d71357578c318b6db03be60b1f60396b\"},\"description\":\"Die W\u00fcrfel sind gefallen: Unter den \u00fcber 300 Bewerbungen sind jetzt die 40 Schulen ausgew\u00e4hlt, die einen Naturaktionstag in einem Naturpark erleben d\u00fcrfen.\",\"breadcrumb\":{\"@id\":\"https:\/\/www.naturparkmagazin.de\/vdn\/naturaktionstage-2019\/#breadcrumb\"},\"inLanguage\":\"de\",\"potentialAction\":[{\"@type\":\"ReadAction\",\"target\":[\"https:\/\/www.naturparkmagazin.de\/vdn\/naturaktionstage-2019\/\"]}]},{\"@type\":\"BreadcrumbList\",\"@id\":\"https:\/\/www.naturparkmagazin.de\/vdn\/naturaktionstage-2019\/#breadcrumb\",\"itemListElement\":[{\"@type\":\"ListItem\",\"position\":1,\"name\":\"Home\",\"item\":\"https:\/\/www.naturparkmagazin.de\/vdn\/\"},{\"@type\":\"ListItem\",\"position\":2,\"name\":\"Naturaktionstage 2019\"}]},{\"@type\":\"WebSite\",\"@id\":\"https:\/\/www.naturparkmagazin.de\/vdn\/#website\",\"url\":\"https:\/\/www.naturparkmagazin.de\/vdn\/\",\"name\":\"Verband Deutscher Naturparke\",\"description\":\"Eine weitere Naturparkmagazin.de Netzwerk Seite\",\"potentialAction\":[{\"@type\":\"SearchAction\",\"target\":{\"@type\":\"EntryPoint\",\"urlTemplate\":\"https:\/\/www.naturparkmagazin.de\/vdn\/?s={search_term_string}\"},\"query-input\":\"required name=search_term_string\"}],\"inLanguage\":\"de\"},{\"@type\":\"Person\",\"@id\":\"https:\/\/www.naturparkmagazin.de\/vdn\/#\/schema\/person\/d71357578c318b6db03be60b1f60396b\",\"name\":\"beatrixlosem\",\"url\":\"https:\/\/www.naturparkmagazin.de\/vdn\/author\/beatrixlosem\/\"}]}<\/script>\n<!-- \/ Yoast SEO plugin. -->","yoast_head_json":{"title":"Naturaktionstage 2019","description":"Die W\u00fcrfel sind gefallen: Unter den \u00fcber 300 Bewerbungen sind jetzt die 40 Schulen ausgew\u00e4hlt, die einen Naturaktionstag in einem Naturpark erleben d\u00fcrfen.","robots":{"index":"index","follow":"follow","max-snippet":"max-snippet:-1","max-image-preview":"max-image-preview:large","max-video-preview":"max-video-preview:-1"},"canonical":"https:\/\/www.naturparkmagazin.de\/vdn\/naturaktionstage-2019\/","og_locale":"de_DE","og_type":"article","og_title":"Naturaktionstage 2019","og_description":"Die W\u00fcrfel sind gefallen: Unter den \u00fcber 300 Bewerbungen sind jetzt die 40 Schulen ausgew\u00e4hlt, die einen Naturaktionstag in einem Naturpark erleben d\u00fcrfen.","og_url":"https:\/\/www.naturparkmagazin.de\/vdn\/naturaktionstage-2019\/","og_site_name":"Verband Deutscher Naturparke","article_published_time":"2019-05-17T08:13:04+00:00","article_modified_time":"2019-10-22T10:32:24+00:00","og_image":[{"width":200,"height":200,"url":"https:\/\/www.naturparkmagazin.de\/vdn\/wp-content\/uploads\/sites\/3\/carolinlauerfotografie-49_Beitragsbild.jpg","type":"image\/jpeg"}],"author":"beatrixlosem","twitter_misc":{"Verfasst von":"beatrixlosem","Gesch\u00e4tzte Lesezeit":"1\u00a0Minute"},"schema":{"@context":"https:\/\/schema.org","@graph":[{"@type":"WebPage","@id":"https:\/\/www.naturparkmagazin.de\/vdn\/naturaktionstage-2019\/","url":"https:\/\/www.naturparkmagazin.de\/vdn\/naturaktionstage-2019\/","name":"Naturaktionstage 2019","isPartOf":{"@id":"https:\/\/www.naturparkmagazin.de\/vdn\/#website"},"datePublished":"2019-05-17T08:13:04+00:00","dateModified":"2019-10-22T10:32:24+00:00","author":{"@id":"https:\/\/www.naturparkmagazin.de\/vdn\/#\/schema\/person\/d71357578c318b6db03be60b1f60396b"},"description":"Die W\u00fcrfel sind gefallen: Unter den \u00fcber 300 Bewerbungen sind jetzt die 40 Schulen ausgew\u00e4hlt, die einen Naturaktionstag in einem Naturpark erleben d\u00fcrfen.","breadcrumb":{"@id":"https:\/\/www.naturparkmagazin.de\/vdn\/naturaktionstage-2019\/#breadcrumb"},"inLanguage":"de","potentialAction":[{"@type":"ReadAction","target":["https:\/\/www.naturparkmagazin.de\/vdn\/naturaktionstage-2019\/"]}]},{"@type":"BreadcrumbList","@id":"https:\/\/www.naturparkmagazin.de\/vdn\/naturaktionstage-2019\/#breadcrumb","itemListElement":[{"@type":"ListItem","position":1,"name":"Home","item":"https:\/\/www.naturparkmagazin.de\/vdn\/"},{"@type":"ListItem","position":2,"name":"Naturaktionstage 2019"}]},{"@type":"WebSite","@id":"https:\/\/www.naturparkmagazin.de\/vdn\/#website","url":"https:\/\/www.naturparkmagazin.de\/vdn\/","name":"Verband Deutscher Naturparke","description":"Eine weitere Naturparkmagazin.de Netzwerk Seite","potentialAction":[{"@type":"SearchAction","target":{"@type":"EntryPoint","urlTemplate":"https:\/\/www.naturparkmagazin.de\/vdn\/?s={search_term_string}"},"query-input":"required name=search_term_string"}],"inLanguage":"de"},{"@type":"Person","@id":"https:\/\/www.naturparkmagazin.de\/vdn\/#\/schema\/person\/d71357578c318b6db03be60b1f60396b","name":"beatrixlosem","url":"https:\/\/www.naturparkmagazin.de\/vdn\/author\/beatrixlosem\/"}]}},"_links":{"self":[{"href":"https:\/\/www.naturparkmagazin.de\/vdn\/wp-json\/wp\/v2\/posts\/11389"}],"collection":[{"href":"https:\/\/www.naturparkmagazin.de\/vdn\/wp-json\/wp\/v2\/posts"}],"about":[{"href":"https:\/\/www.naturparkmagazin.de\/vdn\/wp-json\/wp\/v2\/types\/post"}],"author":[{"embeddable":true,"href":"https:\/\/www.naturparkmagazin.de\/vdn\/wp-json\/wp\/v2\/users\/51"}],"replies":[{"embeddable":true,"href":"https:\/\/www.naturparkmagazin.de\/vdn\/wp-json\/wp\/v2\/comments?post=11389"}],"version-history":[{"count":3,"href":"https:\/\/www.naturparkmagazin.de\/vdn\/wp-json\/wp\/v2\/posts\/11389\/revisions"}],"predecessor-version":[{"id":11394,"href":"https:\/\/www.naturparkmagazin.de\/vdn\/wp-json\/wp\/v2\/posts\/11389\/revisions\/11394"}],"wp:featuredmedia":[{"embeddable":true,"href":"https:\/\/www.naturparkmagazin.de\/vdn\/wp-json\/wp\/v2\/media\/11390"}],"wp:attachment":[{"href":"https:\/\/www.naturparkmagazin.de\/vdn\/wp-json\/wp\/v2\/media?parent=11389"}],"wp:term":[{"taxonomy":"category","embeddable":true,"href":"https:\/\/www.naturparkmagazin.de\/vdn\/wp-json\/wp\/v2\/categories?post=11389"},{"taxonomy":"post_tag","embeddable":true,"href":"https:\/\/www.naturparkmagazin.de\/vdn\/wp-json\/wp\/v2\/tags?post=11389"}],"curies":[{"name":"wp","href":"https:\/\/api.w.org\/{rel}","templated":true}]}}